{"id":60221,"date":"2024-01-11T20:59:52","date_gmt":"2024-01-11T20:59:52","guid":{"rendered":"https:\/\/www.africa-press.net\/cameroun\/politique\/voici-la-cause-des-tensions-entre-etoo-infantino-et-motsepe"},"modified":"2024-01-11T21:18:36","modified_gmt":"2024-01-11T21:18:36","slug":"voici-la-cause-des-tensions-entre-etoo-infantino-et-motsepe","status":"publish","type":"post","link":"https:\/\/www.africa-press.net\/cameroun\/politique\/voici-la-cause-des-tensions-entre-etoo-infantino-et-motsepe","title":{"rendered":"Voici la Cause des Tensions entre Eto\u2019O, Infantino et Motsepe"},"content":{"rendered":"<p><span style=\"color: #ff6600\"><strong>Africa-Press &#8211; Cameroun. <\/strong><\/span>Dans ses sorties publiques, Samuel Eto\u2019o n\u2019he\u0301site pas a\u0300 tacler les pre\u0301sidents de la Fifa et de la CAF. Les tensions entre l\u2019ancien capitaine des Lions Indomptables du Cameroun et ces hauts dignitaires du football mondial e\u0301taient des secrets de polichinelle. Mais tre\u0300s peu d\u2019informations ont filtre\u0301 sur les raisons de cette animosite\u0301. Selon les re\u0301ve\u0301lations du journaliste Jean Bruno Tagne dans son livre l\u2019Anarque, Infantino et Motsepe avaient choisi Seidou Njoya comme leur candidat lors de l\u2019e\u0301lection a\u0300 la pre\u0301sidence de la Fecafoot en 2021. Ces personnalite\u0301s ont d\u2019ailleurs participe\u0301 a\u0300 une tentative de conciliation initie\u0301e par le pre\u0301sident congolais Fe\u0301lix Tshisekedi.<\/p>\n<p>Selon Jean Bruno Tagne, le dirigeant congolais a mis Samuel Eto\u2019o en cole\u0300re lorsqu\u2019il lui a propose\u0301 d\u2019abandonner la course pour la pre\u0301sidence de la Fecafoot au profit de Njoya. Eto\u2019o aurait mal pris le poste de vice-pre\u0301sident qui lui a e\u0301te\u0301 propose\u0301 et a\u0300 de\u0301cide\u0301 de se battre a\u0300 fond pour son e\u0301lection.<\/p>\n<p>\u00ab Jusqu\u2019a\u0300 14h, Samuel Eto\u2019o est encore a\u0300 Kinshasa en Re\u0301publique de\u0301mocratique du Congo. Il prend part a\u0300 un conciliabule entre lui et Seidou Mbombo Njoya. La rencontre a e\u0301te\u0301 initie\u0301e par le pre\u0301sident congolais lui-me\u0302me, Fe\u0301lix Tshisekedi.<\/p>\n<p>En plus des deux concerne\u0301s, le pre\u0301sident de la FIFA, Gianni Infantino, et celui de la CAF, Patrice Motsepe, ainsi que son secre\u0301taire ge\u0301ne\u0301ral, Veron Mosengo Omba, sont pre\u0301sents. Pendant les e\u0301changes, il est question de convaincre Samuel Eto\u2019o de ne pas s\u2019opposer au pre\u0301sident sortant. On lui propose une porte de sortie, un poste de vice-pre\u0301sident de la Fe\u0301cafoot. Eto\u2019o le prend pour une insulte et y oppose une se\u0300che fin de non-recevoir.<\/p>\n<p>Lorsqu\u2019il quitte Kinshasa ce jour-la\u0300, sa de\u0301termination est encore plus grande de challenger Seidou. Il conside\u0300re cette rencontre de Kinshasa comme un nie\u0300me affront de son ancien prote\u0301ge\u0301 et de ses allie\u0301s de la CAF et de la FIFA. L\u2019adversite\u0301 c\u2019est son carburant. Il est de\u0301sormais dope\u0301&#8230;&#8230; \u00bb<\/p>\n<p><strong>Pour plus d&rsquo;informations et d&rsquo;analyses sur la <a href=\"https:\/\/www.africa-press.net\/cameroun\">Cameroun<\/a>, suivez <a href=\"https:\/\/www.africa-press.net\/\">Africa-Press<\/a><\/strong><\/p>\n","protected":false},"excerpt":{"rendered":"<p>Africa-Press &#8211; Cameroun. Dans ses sorties publiques, Samuel Eto\u2019o n\u2019he\u0301site pas a\u0300 tacler les pre\u0301sidents de la Fifa et de la CAF. Les tensions entre l\u2019ancien capitaine des Lions Indomptables du Cameroun et ces hauts dignitaires du football mondial e\u0301taient des secrets de polichinelle. Mais tre\u0300s peu d\u2019informations ont filtre\u0301 sur les raisons de cette [&hellip;]<\/p>\n","protected":false},"author":82,"featured_media":60219,"comment_status":"open","ping_status":"closed","sticky":false,"template":"","format":"standard","meta":{"footnotes":""},"categories":[2,10],"tags":[36,50,49],"class_list":["post-60221","post","type-post","status-publish","format-standard","has-post-thumbnail","hentry","category-politique","category-toutes-les-actualites","tag-africa-press","tag-africa-press-cameroun","tag-cameroun"],"yoast_head":"<!-- This site is optimized with the Yoast SEO Premium plugin v26.1 (Yoast SEO v27.0) - https:\/\/yoast.com\/product\/yoast-seo-premium-wordpress\/ -->\n<title>Voici la Cause des Tensions entre Eto\u2019O, Infantino et Motsepe - Cameroun<\/title>\n<meta name=\"description\" content=\"Dans ses sorties publiques, Samuel Eto\u2019o n\u2019he\u0301site pas a\u0300 tacler les pre\u0301sidents de la Fifa et de la CAF. Les tensions e ...\" \/>\n<meta name=\"robots\" content=\"index, follow, max-snippet:-1, max-image-preview:large, max-video-preview:-1\" \/>\n<link rel=\"canonical\" href=\"https:\/\/www.africa-press.net\/cameroun\/politique\/voici-la-cause-des-tensions-entre-etoo-infantino-et-motsepe\" \/>\n<meta property=\"og:locale\" content=\"fr_FR\" \/>\n<meta property=\"og:type\" content=\"article\" \/>\n<meta property=\"og:title\" content=\"Voici la Cause des Tensions entre Eto\u2019O, Infantino et Motsepe\" \/>\n<meta property=\"og:description\" content=\"Dans ses sorties publiques, Samuel Eto\u2019o n\u2019he\u0301site pas a\u0300 tacler les pre\u0301sidents de la Fifa et de la CAF. Les tensions e ...\" \/>\n<meta property=\"og:url\" content=\"https:\/\/www.africa-press.net\/cameroun\/politique\/voici-la-cause-des-tensions-entre-etoo-infantino-et-motsepe\" \/>\n<meta property=\"og:site_name\" content=\"Cameroun\" \/>\n<meta property=\"article:published_time\" content=\"2024-01-11T20:59:52+00:00\" \/>\n<meta property=\"article:modified_time\" content=\"2024-01-11T21:18:36+00:00\" \/>\n<meta property=\"og:image\" content=\"https:\/\/static.africa-press.net\/cameroun\/sites\/57\/2024\/01\/sm_1704995105.067992.jpg\" \/>\n\t<meta property=\"og:image:width\" content=\"720\" \/>\n\t<meta property=\"og:image:height\" content=\"469\" \/>\n\t<meta property=\"og:image:type\" content=\"image\/jpeg\" \/>\n<meta name=\"author\" content=\"cfeditorfr\" \/>\n<meta name=\"twitter:card\" content=\"summary_large_image\" \/>\n<meta name=\"twitter:label1\" content=\"\u00c9crit par\" \/>\n\t<meta name=\"twitter:data1\" content=\"cfeditorfr\" \/>\n\t<meta name=\"twitter:label2\" content=\"Dur\u00e9e de lecture estim\u00e9e\" \/>\n\t<meta name=\"twitter:data2\" content=\"2 minutes\" \/>\n<script type=\"application\/ld+json\" class=\"yoast-schema-graph\">{\"@context\":\"https:\/\/schema.org\",\"@graph\":[{\"@type\":\"Article\",\"@id\":\"https:\/\/www.africa-press.net\/cameroun\/politique\/voici-la-cause-des-tensions-entre-etoo-infantino-et-motsepe#article\",\"isPartOf\":{\"@id\":\"https:\/\/www.africa-press.net\/cameroun\/politique\/voici-la-cause-des-tensions-entre-etoo-infantino-et-motsepe\"},\"author\":{\"name\":\"cfeditorfr\",\"@id\":\"https:\/\/www.africa-press.net\/cameroun\/#\/schema\/person\/2b1cf3cd81a31e3cd26889ca66d677f1\"},\"headline\":\"Voici la Cause des Tensions entre Eto\u2019O, Infantino et Motsepe\",\"datePublished\":\"2024-01-11T20:59:52+00:00\",\"dateModified\":\"2024-01-11T21:18:36+00:00\",\"mainEntityOfPage\":{\"@id\":\"https:\/\/www.africa-press.net\/cameroun\/politique\/voici-la-cause-des-tensions-entre-etoo-infantino-et-motsepe\"},\"wordCount\":401,\"commentCount\":0,\"image\":{\"@id\":\"https:\/\/www.africa-press.net\/cameroun\/politique\/voici-la-cause-des-tensions-entre-etoo-infantino-et-motsepe#primaryimage\"},\"thumbnailUrl\":\"https:\/\/static.africa-press.net\/cameroun\/sites\/57\/2024\/01\/sm_1704995105.067992.jpg\",\"keywords\":[\"Africa Press\",\"Africa Press-Cameroun\",\"Cameroun\"],\"articleSection\":[\"Politique\",\"Toutes les actualit\u00e9s\"],\"inLanguage\":\"fr-FR\",\"potentialAction\":[{\"@type\":\"CommentAction\",\"name\":\"Comment\",\"target\":[\"https:\/\/www.africa-press.net\/cameroun\/politique\/voici-la-cause-des-tensions-entre-etoo-infantino-et-motsepe#respond\"]}]},{\"@type\":\"WebPage\",\"@id\":\"https:\/\/www.africa-press.net\/cameroun\/politique\/voici-la-cause-des-tensions-entre-etoo-infantino-et-motsepe\",\"url\":\"https:\/\/www.africa-press.net\/cameroun\/politique\/voici-la-cause-des-tensions-entre-etoo-infantino-et-motsepe\",\"name\":\"Voici la Cause des Tensions entre Eto\u2019O, Infantino et Motsepe - Cameroun\",\"isPartOf\":{\"@id\":\"https:\/\/www.africa-press.net\/cameroun\/#website\"},\"primaryImageOfPage\":{\"@id\":\"https:\/\/www.africa-press.net\/cameroun\/politique\/voici-la-cause-des-tensions-entre-etoo-infantino-et-motsepe#primaryimage\"},\"image\":{\"@id\":\"https:\/\/www.africa-press.net\/cameroun\/politique\/voici-la-cause-des-tensions-entre-etoo-infantino-et-motsepe#primaryimage\"},\"thumbnailUrl\":\"https:\/\/static.africa-press.net\/cameroun\/sites\/57\/2024\/01\/sm_1704995105.067992.jpg\",\"datePublished\":\"2024-01-11T20:59:52+00:00\",\"dateModified\":\"2024-01-11T21:18:36+00:00\",\"author\":{\"@id\":\"https:\/\/www.africa-press.net\/cameroun\/#\/schema\/person\/2b1cf3cd81a31e3cd26889ca66d677f1\"},\"description\":\"Dans ses sorties publiques, Samuel Eto\u2019o n\u2019he\u0301site pas a\u0300 tacler les pre\u0301sidents de la Fifa et de la CAF. Les tensions e ...\",\"breadcrumb\":{\"@id\":\"https:\/\/www.africa-press.net\/cameroun\/politique\/voici-la-cause-des-tensions-entre-etoo-infantino-et-motsepe#breadcrumb\"},\"inLanguage\":\"fr-FR\",\"potentialAction\":[{\"@type\":\"ReadAction\",\"target\":[\"https:\/\/www.africa-press.net\/cameroun\/politique\/voici-la-cause-des-tensions-entre-etoo-infantino-et-motsepe\"]}]},{\"@type\":\"ImageObject\",\"inLanguage\":\"fr-FR\",\"@id\":\"https:\/\/www.africa-press.net\/cameroun\/politique\/voici-la-cause-des-tensions-entre-etoo-infantino-et-motsepe#primaryimage\",\"url\":\"https:\/\/static.africa-press.net\/cameroun\/sites\/57\/2024\/01\/sm_1704995105.067992.jpg\",\"contentUrl\":\"https:\/\/static.africa-press.net\/cameroun\/sites\/57\/2024\/01\/sm_1704995105.067992.jpg\",\"width\":720,\"height\":469,\"caption\":\"Voici la Cause des Tensions entre Eto\u2019O, Infantino et Motsepe\"},{\"@type\":\"BreadcrumbList\",\"@id\":\"https:\/\/www.africa-press.net\/cameroun\/politique\/voici-la-cause-des-tensions-entre-etoo-infantino-et-motsepe#breadcrumb\",\"itemListElement\":[{\"@type\":\"ListItem\",\"position\":1,\"name\":\"Accueil\",\"item\":\"https:\/\/www.africa-press.net\/cameroun\/\"},{\"@type\":\"ListItem\",\"position\":2,\"name\":\"Voici la Cause des Tensions entre Eto\u2019O, Infantino et Motsepe\"}]},{\"@type\":\"WebSite\",\"@id\":\"https:\/\/www.africa-press.net\/cameroun\/#website\",\"url\":\"https:\/\/www.africa-press.net\/cameroun\/\",\"name\":\"Cameroun\",\"description\":\"Just another Africa News Agency Sites site\",\"potentialAction\":[{\"@type\":\"SearchAction\",\"target\":{\"@type\":\"EntryPoint\",\"urlTemplate\":\"https:\/\/www.africa-press.net\/cameroun\/?s={search_term_string}\"},\"query-input\":{\"@type\":\"PropertyValueSpecification\",\"valueRequired\":true,\"valueName\":\"search_term_string\"}}],\"inLanguage\":\"fr-FR\"},{\"@type\":\"Person\",\"@id\":\"https:\/\/www.africa-press.net\/cameroun\/#\/schema\/person\/2b1cf3cd81a31e3cd26889ca66d677f1\",\"name\":\"cfeditorfr\"}]}<\/script>\n<!-- \/ Yoast SEO Premium plugin. -->","yoast_head_json":{"title":"Voici la Cause des Tensions entre Eto\u2019O, Infantino et Motsepe - Cameroun","description":"Dans ses sorties publiques, Samuel Eto\u2019o n\u2019he\u0301site pas a\u0300 tacler les pre\u0301sidents de la Fifa et de la CAF. Les tensions e ...","robots":{"index":"index","follow":"follow","max-snippet":"max-snippet:-1","max-image-preview":"max-image-preview:large","max-video-preview":"max-video-preview:-1"},"canonical":"https:\/\/www.africa-press.net\/cameroun\/politique\/voici-la-cause-des-tensions-entre-etoo-infantino-et-motsepe","og_locale":"fr_FR","og_type":"article","og_title":"Voici la Cause des Tensions entre Eto\u2019O, Infantino et Motsepe","og_description":"Dans ses sorties publiques, Samuel Eto\u2019o n\u2019he\u0301site pas a\u0300 tacler les pre\u0301sidents de la Fifa et de la CAF. Les tensions e ...","og_url":"https:\/\/www.africa-press.net\/cameroun\/politique\/voici-la-cause-des-tensions-entre-etoo-infantino-et-motsepe","og_site_name":"Cameroun","article_published_time":"2024-01-11T20:59:52+00:00","article_modified_time":"2024-01-11T21:18:36+00:00","og_image":[{"width":720,"height":469,"url":"https:\/\/static.africa-press.net\/cameroun\/sites\/57\/2024\/01\/sm_1704995105.067992.jpg","type":"image\/jpeg"}],"author":"cfeditorfr","twitter_card":"summary_large_image","twitter_misc":{"\u00c9crit par":"cfeditorfr","Dur\u00e9e de lecture estim\u00e9e":"2 minutes"},"schema":{"@context":"https:\/\/schema.org","@graph":[{"@type":"Article","@id":"https:\/\/www.africa-press.net\/cameroun\/politique\/voici-la-cause-des-tensions-entre-etoo-infantino-et-motsepe#article","isPartOf":{"@id":"https:\/\/www.africa-press.net\/cameroun\/politique\/voici-la-cause-des-tensions-entre-etoo-infantino-et-motsepe"},"author":{"name":"cfeditorfr","@id":"https:\/\/www.africa-press.net\/cameroun\/#\/schema\/person\/2b1cf3cd81a31e3cd26889ca66d677f1"},"headline":"Voici la Cause des Tensions entre Eto\u2019O, Infantino et Motsepe","datePublished":"2024-01-11T20:59:52+00:00","dateModified":"2024-01-11T21:18:36+00:00","mainEntityOfPage":{"@id":"https:\/\/www.africa-press.net\/cameroun\/politique\/voici-la-cause-des-tensions-entre-etoo-infantino-et-motsepe"},"wordCount":401,"commentCount":0,"image":{"@id":"https:\/\/www.africa-press.net\/cameroun\/politique\/voici-la-cause-des-tensions-entre-etoo-infantino-et-motsepe#primaryimage"},"thumbnailUrl":"https:\/\/static.africa-press.net\/cameroun\/sites\/57\/2024\/01\/sm_1704995105.067992.jpg","keywords":["Africa Press","Africa Press-Cameroun","Cameroun"],"articleSection":["Politique","Toutes les actualit\u00e9s"],"inLanguage":"fr-FR","potentialAction":[{"@type":"CommentAction","name":"Comment","target":["https:\/\/www.africa-press.net\/cameroun\/politique\/voici-la-cause-des-tensions-entre-etoo-infantino-et-motsepe#respond"]}]},{"@type":"WebPage","@id":"https:\/\/www.africa-press.net\/cameroun\/politique\/voici-la-cause-des-tensions-entre-etoo-infantino-et-motsepe","url":"https:\/\/www.africa-press.net\/cameroun\/politique\/voici-la-cause-des-tensions-entre-etoo-infantino-et-motsepe","name":"Voici la Cause des Tensions entre Eto\u2019O, Infantino et Motsepe - Cameroun","isPartOf":{"@id":"https:\/\/www.africa-press.net\/cameroun\/#website"},"primaryImageOfPage":{"@id":"https:\/\/www.africa-press.net\/cameroun\/politique\/voici-la-cause-des-tensions-entre-etoo-infantino-et-motsepe#primaryimage"},"image":{"@id":"https:\/\/www.africa-press.net\/cameroun\/politique\/voici-la-cause-des-tensions-entre-etoo-infantino-et-motsepe#primaryimage"},"thumbnailUrl":"https:\/\/static.africa-press.net\/cameroun\/sites\/57\/2024\/01\/sm_1704995105.067992.jpg","datePublished":"2024-01-11T20:59:52+00:00","dateModified":"2024-01-11T21:18:36+00:00","author":{"@id":"https:\/\/www.africa-press.net\/cameroun\/#\/schema\/person\/2b1cf3cd81a31e3cd26889ca66d677f1"},"description":"Dans ses sorties publiques, Samuel Eto\u2019o n\u2019he\u0301site pas a\u0300 tacler les pre\u0301sidents de la Fifa et de la CAF. Les tensions e ...","breadcrumb":{"@id":"https:\/\/www.africa-press.net\/cameroun\/politique\/voici-la-cause-des-tensions-entre-etoo-infantino-et-motsepe#breadcrumb"},"inLanguage":"fr-FR","potentialAction":[{"@type":"ReadAction","target":["https:\/\/www.africa-press.net\/cameroun\/politique\/voici-la-cause-des-tensions-entre-etoo-infantino-et-motsepe"]}]},{"@type":"ImageObject","inLanguage":"fr-FR","@id":"https:\/\/www.africa-press.net\/cameroun\/politique\/voici-la-cause-des-tensions-entre-etoo-infantino-et-motsepe#primaryimage","url":"https:\/\/static.africa-press.net\/cameroun\/sites\/57\/2024\/01\/sm_1704995105.067992.jpg","contentUrl":"https:\/\/static.africa-press.net\/cameroun\/sites\/57\/2024\/01\/sm_1704995105.067992.jpg","width":720,"height":469,"caption":"Voici la Cause des Tensions entre Eto\u2019O, Infantino et Motsepe"},{"@type":"BreadcrumbList","@id":"https:\/\/www.africa-press.net\/cameroun\/politique\/voici-la-cause-des-tensions-entre-etoo-infantino-et-motsepe#breadcrumb","itemListElement":[{"@type":"ListItem","position":1,"name":"Accueil","item":"https:\/\/www.africa-press.net\/cameroun\/"},{"@type":"ListItem","position":2,"name":"Voici la Cause des Tensions entre Eto\u2019O, Infantino et Motsepe"}]},{"@type":"WebSite","@id":"https:\/\/www.africa-press.net\/cameroun\/#website","url":"https:\/\/www.africa-press.net\/cameroun\/","name":"Cameroun","description":"Just another Africa News Agency Sites site","potentialAction":[{"@type":"SearchAction","target":{"@type":"EntryPoint","urlTemplate":"https:\/\/www.africa-press.net\/cameroun\/?s={search_term_string}"},"query-input":{"@type":"PropertyValueSpecification","valueRequired":true,"valueName":"search_term_string"}}],"inLanguage":"fr-FR"},{"@type":"Person","@id":"https:\/\/www.africa-press.net\/cameroun\/#\/schema\/person\/2b1cf3cd81a31e3cd26889ca66d677f1","name":"cfeditorfr"}]}},"_links":{"self":[{"href":"https:\/\/www.africa-press.net\/cameroun\/wp-json\/wp\/v2\/posts\/60221","targetHints":{"allow":["GET"]}}],"collection":[{"href":"https:\/\/www.africa-press.net\/cameroun\/wp-json\/wp\/v2\/posts"}],"about":[{"href":"https:\/\/www.africa-press.net\/cameroun\/wp-json\/wp\/v2\/types\/post"}],"author":[{"embeddable":true,"href":"https:\/\/www.africa-press.net\/cameroun\/wp-json\/wp\/v2\/users\/82"}],"replies":[{"embeddable":true,"href":"https:\/\/www.africa-press.net\/cameroun\/wp-json\/wp\/v2\/comments?post=60221"}],"version-history":[{"count":0,"href":"https:\/\/www.africa-press.net\/cameroun\/wp-json\/wp\/v2\/posts\/60221\/revisions"}],"wp:featuredmedia":[{"embeddable":true,"href":"https:\/\/www.africa-press.net\/cameroun\/wp-json\/wp\/v2\/media\/60219"}],"wp:attachment":[{"href":"https:\/\/www.africa-press.net\/cameroun\/wp-json\/wp\/v2\/media?parent=60221"}],"wp:term":[{"taxonomy":"category","embeddable":true,"href":"https:\/\/www.africa-press.net\/cameroun\/wp-json\/wp\/v2\/categories?post=60221"},{"taxonomy":"post_tag","embeddable":true,"href":"https:\/\/www.africa-press.net\/cameroun\/wp-json\/wp\/v2\/tags?post=60221"}],"curies":[{"name":"wp","href":"https:\/\/api.w.org\/{rel}","templated":true}]}}