{"id":60235,"date":"2024-01-11T21:00:31","date_gmt":"2024-01-11T21:00:31","guid":{"rendered":"https:\/\/www.africa-press.net\/cameroun\/politique\/can-voici-le-palmares-du-cameroun-depuis-1970"},"modified":"2024-01-11T21:23:29","modified_gmt":"2024-01-11T21:23:29","slug":"can-voici-le-palmares-du-cameroun-depuis-1970","status":"publish","type":"post","link":"https:\/\/www.africa-press.net\/cameroun\/sports\/can-voici-le-palmares-du-cameroun-depuis-1970","title":{"rendered":"CAN: Voici le Palmare\u0300S du Cameroun depuis 1970"},"content":{"rendered":"<p><span style=\"color: #ff6600\"><strong>Africa-Press &#8211; Cameroun. <\/strong><\/span>Le Cameroun participe pour la 20e\u0300me fois a\u0300 la Coupe d\u2019Afrique des Nation CAN TotalEnergie2023. Les Indomptables du Cameroun conduits par le se\u0301lectionneur national Rigobert Song et le pre\u0301sident de la Fecafoot Samuel Eto\u2019o doivent faire mieux qu\u2019en 2021 ou\u0300 ils ont fini troisie\u0300me. Loge\u0301s dans un groupe pluto\u0302t abordable, les Lions sont bien partis pour une compe\u0301tition re\u0301ussie.<\/p>\n<p>Contrairement a\u0300 la Coupe du Monde Qatar 2022, le Cameroun affiche des ambitions modestes. Le pays ne re\u0301clame plus le trophe\u0301e comme ce fut le cas en 2022 ou\u0300 les Lions ont e\u0301te\u0301 incapable de franchir le premier tour de la Coupe du monde. CamerounWeb vous propose le palmare\u0300s du Cameroun a\u0300 la CAN depuis 1970.<\/p>\n<p>Nombre de participations: 20<\/p>\n<p>1970: premier tour<\/p>\n<p>1972: troisie\u0300me<\/p>\n<p>1982: premier tour<\/p>\n<p>1984: champion<\/p>\n<p>1986: finaliste<\/p>\n<p>1988: champion<\/p>\n<p>1990: premier tour<\/p>\n<p>1992: quatrie\u0300me<\/p>\n<p>1996: premier tour<\/p>\n<p>1998: quart de finaliste<\/p>\n<p>2000: champion<\/p>\n<p>2002: champion<\/p>\n<p>2004: quart de finaliste<\/p>\n<p>2006: quart de finaliste<\/p>\n<p>2008: finaliste<\/p>\n<p>2010: quart de finaliste<\/p>\n<p>2015: premier tour<\/p>\n<p>2017: champion<\/p>\n<p>2019: huitie\u0300me de finale<\/p>\n<p>2021: troisie\u0300me<\/p>\n<p><strong>Pour plus d&rsquo;informations et d&rsquo;analyses sur la <a href=\"https:\/\/www.africa-press.net\/cameroun\">Cameroun<\/a>, suivez <a href=\"https:\/\/www.africa-press.net\/\">Africa-Press<\/a><\/strong><\/p>\n","protected":false},"excerpt":{"rendered":"<p>Africa-Press &#8211; Cameroun. Le Cameroun participe pour la 20e\u0300me fois a\u0300 la Coupe d\u2019Afrique des Nation CAN TotalEnergie2023. Les Indomptables du Cameroun conduits par le se\u0301lectionneur national Rigobert Song et le pre\u0301sident de la Fecafoot Samuel Eto\u2019o doivent faire mieux qu\u2019en 2021 ou\u0300 ils ont fini troisie\u0300me. Loge\u0301s dans un groupe pluto\u0302t abordable, les Lions [&hellip;]<\/p>\n","protected":false},"author":82,"featured_media":60233,"comment_status":"open","ping_status":"closed","sticky":false,"template":"","format":"standard","meta":{"footnotes":""},"categories":[6,10],"tags":[36,50,49],"class_list":["post-60235","post","type-post","status-publish","format-standard","has-post-thumbnail","hentry","category-sports","category-toutes-les-actualites","tag-africa-press","tag-africa-press-cameroun","tag-cameroun"],"yoast_head":"<!-- This site is optimized with the Yoast SEO Premium plugin v26.1 (Yoast SEO v27.0) - https:\/\/yoast.com\/product\/yoast-seo-premium-wordpress\/ -->\n<title>CAN: Voici le Palmare\u0300S du Cameroun depuis 1970 - Cameroun<\/title>\n<meta name=\"description\" content=\"Le Cameroun participe pour la 20e\u0300me fois a\u0300 la Coupe d\u2019Afrique des Nation CAN TotalEnergie2023. Les Indomptables du Cam ...\" \/>\n<meta name=\"robots\" content=\"index, follow, max-snippet:-1, max-image-preview:large, max-video-preview:-1\" \/>\n<link rel=\"canonical\" href=\"https:\/\/www.africa-press.net\/cameroun\/sports\/can-voici-le-palmares-du-cameroun-depuis-1970\" \/>\n<meta property=\"og:locale\" content=\"fr_FR\" \/>\n<meta property=\"og:type\" content=\"article\" \/>\n<meta property=\"og:title\" content=\"CAN: Voici le Palmare\u0300S du Cameroun depuis 1970\" \/>\n<meta property=\"og:description\" content=\"Le Cameroun participe pour la 20e\u0300me fois a\u0300 la Coupe d\u2019Afrique des Nation CAN TotalEnergie2023. Les Indomptables du Cam ...\" \/>\n<meta property=\"og:url\" content=\"https:\/\/www.africa-press.net\/cameroun\/sports\/can-voici-le-palmares-du-cameroun-depuis-1970\" \/>\n<meta property=\"og:site_name\" content=\"Cameroun\" \/>\n<meta property=\"article:published_time\" content=\"2024-01-11T21:00:31+00:00\" \/>\n<meta property=\"article:modified_time\" content=\"2024-01-11T21:23:29+00:00\" \/>\n<meta property=\"og:image\" content=\"https:\/\/static.africa-press.net\/cameroun\/sites\/57\/2024\/01\/sm_1704995368.899535.jpg\" \/>\n\t<meta property=\"og:image:width\" content=\"720\" \/>\n\t<meta property=\"og:image:height\" content=\"421\" \/>\n\t<meta property=\"og:image:type\" content=\"image\/jpeg\" \/>\n<meta name=\"author\" content=\"cfeditorfr\" \/>\n<meta name=\"twitter:card\" content=\"summary_large_image\" \/>\n<meta name=\"twitter:label1\" content=\"\u00c9crit par\" \/>\n\t<meta name=\"twitter:data1\" content=\"cfeditorfr\" \/>\n\t<meta name=\"twitter:label2\" content=\"Dur\u00e9e de lecture estim\u00e9e\" \/>\n\t<meta name=\"twitter:data2\" content=\"2 minutes\" \/>\n<script type=\"application\/ld+json\" class=\"yoast-schema-graph\">{\"@context\":\"https:\/\/schema.org\",\"@graph\":[{\"@type\":\"Article\",\"@id\":\"https:\/\/www.africa-press.net\/cameroun\/sports\/can-voici-le-palmares-du-cameroun-depuis-1970#article\",\"isPartOf\":{\"@id\":\"https:\/\/www.africa-press.net\/cameroun\/sports\/can-voici-le-palmares-du-cameroun-depuis-1970\"},\"author\":{\"name\":\"cfeditorfr\",\"@id\":\"https:\/\/www.africa-press.net\/cameroun\/#\/schema\/person\/2b1cf3cd81a31e3cd26889ca66d677f1\"},\"headline\":\"CAN: Voici le Palmare\u0300S du Cameroun depuis 1970\",\"datePublished\":\"2024-01-11T21:00:31+00:00\",\"dateModified\":\"2024-01-11T21:23:29+00:00\",\"mainEntityOfPage\":{\"@id\":\"https:\/\/www.africa-press.net\/cameroun\/sports\/can-voici-le-palmares-du-cameroun-depuis-1970\"},\"wordCount\":191,\"commentCount\":0,\"image\":{\"@id\":\"https:\/\/www.africa-press.net\/cameroun\/sports\/can-voici-le-palmares-du-cameroun-depuis-1970#primaryimage\"},\"thumbnailUrl\":\"https:\/\/static.africa-press.net\/cameroun\/sites\/57\/2024\/01\/sm_1704995368.899535.jpg\",\"keywords\":[\"Africa Press\",\"Africa Press-Cameroun\",\"Cameroun\"],\"articleSection\":[\"Sports\",\"Toutes les actualit\u00e9s\"],\"inLanguage\":\"fr-FR\",\"potentialAction\":[{\"@type\":\"CommentAction\",\"name\":\"Comment\",\"target\":[\"https:\/\/www.africa-press.net\/cameroun\/sports\/can-voici-le-palmares-du-cameroun-depuis-1970#respond\"]}]},{\"@type\":\"WebPage\",\"@id\":\"https:\/\/www.africa-press.net\/cameroun\/sports\/can-voici-le-palmares-du-cameroun-depuis-1970\",\"url\":\"https:\/\/www.africa-press.net\/cameroun\/sports\/can-voici-le-palmares-du-cameroun-depuis-1970\",\"name\":\"CAN: Voici le Palmare\u0300S du Cameroun depuis 1970 - Cameroun\",\"isPartOf\":{\"@id\":\"https:\/\/www.africa-press.net\/cameroun\/#website\"},\"primaryImageOfPage\":{\"@id\":\"https:\/\/www.africa-press.net\/cameroun\/sports\/can-voici-le-palmares-du-cameroun-depuis-1970#primaryimage\"},\"image\":{\"@id\":\"https:\/\/www.africa-press.net\/cameroun\/sports\/can-voici-le-palmares-du-cameroun-depuis-1970#primaryimage\"},\"thumbnailUrl\":\"https:\/\/static.africa-press.net\/cameroun\/sites\/57\/2024\/01\/sm_1704995368.899535.jpg\",\"datePublished\":\"2024-01-11T21:00:31+00:00\",\"dateModified\":\"2024-01-11T21:23:29+00:00\",\"author\":{\"@id\":\"https:\/\/www.africa-press.net\/cameroun\/#\/schema\/person\/2b1cf3cd81a31e3cd26889ca66d677f1\"},\"description\":\"Le Cameroun participe pour la 20e\u0300me fois a\u0300 la Coupe d\u2019Afrique des Nation CAN TotalEnergie2023. Les Indomptables du Cam ...\",\"breadcrumb\":{\"@id\":\"https:\/\/www.africa-press.net\/cameroun\/sports\/can-voici-le-palmares-du-cameroun-depuis-1970#breadcrumb\"},\"inLanguage\":\"fr-FR\",\"potentialAction\":[{\"@type\":\"ReadAction\",\"target\":[\"https:\/\/www.africa-press.net\/cameroun\/sports\/can-voici-le-palmares-du-cameroun-depuis-1970\"]}]},{\"@type\":\"ImageObject\",\"inLanguage\":\"fr-FR\",\"@id\":\"https:\/\/www.africa-press.net\/cameroun\/sports\/can-voici-le-palmares-du-cameroun-depuis-1970#primaryimage\",\"url\":\"https:\/\/static.africa-press.net\/cameroun\/sites\/57\/2024\/01\/sm_1704995368.899535.jpg\",\"contentUrl\":\"https:\/\/static.africa-press.net\/cameroun\/sites\/57\/2024\/01\/sm_1704995368.899535.jpg\",\"width\":720,\"height\":421,\"caption\":\"CAN: Voici le Palmare\u0300S du Cameroun depuis 1970\"},{\"@type\":\"BreadcrumbList\",\"@id\":\"https:\/\/www.africa-press.net\/cameroun\/sports\/can-voici-le-palmares-du-cameroun-depuis-1970#breadcrumb\",\"itemListElement\":[{\"@type\":\"ListItem\",\"position\":1,\"name\":\"Accueil\",\"item\":\"https:\/\/www.africa-press.net\/cameroun\/\"},{\"@type\":\"ListItem\",\"position\":2,\"name\":\"CAN: Voici le Palmare\u0300S du Cameroun depuis 1970\"}]},{\"@type\":\"WebSite\",\"@id\":\"https:\/\/www.africa-press.net\/cameroun\/#website\",\"url\":\"https:\/\/www.africa-press.net\/cameroun\/\",\"name\":\"Cameroun\",\"description\":\"Just another Africa News Agency Sites site\",\"potentialAction\":[{\"@type\":\"SearchAction\",\"target\":{\"@type\":\"EntryPoint\",\"urlTemplate\":\"https:\/\/www.africa-press.net\/cameroun\/?s={search_term_string}\"},\"query-input\":{\"@type\":\"PropertyValueSpecification\",\"valueRequired\":true,\"valueName\":\"search_term_string\"}}],\"inLanguage\":\"fr-FR\"},{\"@type\":\"Person\",\"@id\":\"https:\/\/www.africa-press.net\/cameroun\/#\/schema\/person\/2b1cf3cd81a31e3cd26889ca66d677f1\",\"name\":\"cfeditorfr\"}]}<\/script>\n<!-- \/ Yoast SEO Premium plugin. -->","yoast_head_json":{"title":"CAN: Voici le Palmare\u0300S du Cameroun depuis 1970 - Cameroun","description":"Le Cameroun participe pour la 20e\u0300me fois a\u0300 la Coupe d\u2019Afrique des Nation CAN TotalEnergie2023. Les Indomptables du Cam ...","robots":{"index":"index","follow":"follow","max-snippet":"max-snippet:-1","max-image-preview":"max-image-preview:large","max-video-preview":"max-video-preview:-1"},"canonical":"https:\/\/www.africa-press.net\/cameroun\/sports\/can-voici-le-palmares-du-cameroun-depuis-1970","og_locale":"fr_FR","og_type":"article","og_title":"CAN: Voici le Palmare\u0300S du Cameroun depuis 1970","og_description":"Le Cameroun participe pour la 20e\u0300me fois a\u0300 la Coupe d\u2019Afrique des Nation CAN TotalEnergie2023. Les Indomptables du Cam ...","og_url":"https:\/\/www.africa-press.net\/cameroun\/sports\/can-voici-le-palmares-du-cameroun-depuis-1970","og_site_name":"Cameroun","article_published_time":"2024-01-11T21:00:31+00:00","article_modified_time":"2024-01-11T21:23:29+00:00","og_image":[{"width":720,"height":421,"url":"https:\/\/static.africa-press.net\/cameroun\/sites\/57\/2024\/01\/sm_1704995368.899535.jpg","type":"image\/jpeg"}],"author":"cfeditorfr","twitter_card":"summary_large_image","twitter_misc":{"\u00c9crit par":"cfeditorfr","Dur\u00e9e de lecture estim\u00e9e":"2 minutes"},"schema":{"@context":"https:\/\/schema.org","@graph":[{"@type":"Article","@id":"https:\/\/www.africa-press.net\/cameroun\/sports\/can-voici-le-palmares-du-cameroun-depuis-1970#article","isPartOf":{"@id":"https:\/\/www.africa-press.net\/cameroun\/sports\/can-voici-le-palmares-du-cameroun-depuis-1970"},"author":{"name":"cfeditorfr","@id":"https:\/\/www.africa-press.net\/cameroun\/#\/schema\/person\/2b1cf3cd81a31e3cd26889ca66d677f1"},"headline":"CAN: Voici le Palmare\u0300S du Cameroun depuis 1970","datePublished":"2024-01-11T21:00:31+00:00","dateModified":"2024-01-11T21:23:29+00:00","mainEntityOfPage":{"@id":"https:\/\/www.africa-press.net\/cameroun\/sports\/can-voici-le-palmares-du-cameroun-depuis-1970"},"wordCount":191,"commentCount":0,"image":{"@id":"https:\/\/www.africa-press.net\/cameroun\/sports\/can-voici-le-palmares-du-cameroun-depuis-1970#primaryimage"},"thumbnailUrl":"https:\/\/static.africa-press.net\/cameroun\/sites\/57\/2024\/01\/sm_1704995368.899535.jpg","keywords":["Africa Press","Africa Press-Cameroun","Cameroun"],"articleSection":["Sports","Toutes les actualit\u00e9s"],"inLanguage":"fr-FR","potentialAction":[{"@type":"CommentAction","name":"Comment","target":["https:\/\/www.africa-press.net\/cameroun\/sports\/can-voici-le-palmares-du-cameroun-depuis-1970#respond"]}]},{"@type":"WebPage","@id":"https:\/\/www.africa-press.net\/cameroun\/sports\/can-voici-le-palmares-du-cameroun-depuis-1970","url":"https:\/\/www.africa-press.net\/cameroun\/sports\/can-voici-le-palmares-du-cameroun-depuis-1970","name":"CAN: Voici le Palmare\u0300S du Cameroun depuis 1970 - Cameroun","isPartOf":{"@id":"https:\/\/www.africa-press.net\/cameroun\/#website"},"primaryImageOfPage":{"@id":"https:\/\/www.africa-press.net\/cameroun\/sports\/can-voici-le-palmares-du-cameroun-depuis-1970#primaryimage"},"image":{"@id":"https:\/\/www.africa-press.net\/cameroun\/sports\/can-voici-le-palmares-du-cameroun-depuis-1970#primaryimage"},"thumbnailUrl":"https:\/\/static.africa-press.net\/cameroun\/sites\/57\/2024\/01\/sm_1704995368.899535.jpg","datePublished":"2024-01-11T21:00:31+00:00","dateModified":"2024-01-11T21:23:29+00:00","author":{"@id":"https:\/\/www.africa-press.net\/cameroun\/#\/schema\/person\/2b1cf3cd81a31e3cd26889ca66d677f1"},"description":"Le Cameroun participe pour la 20e\u0300me fois a\u0300 la Coupe d\u2019Afrique des Nation CAN TotalEnergie2023. Les Indomptables du Cam ...","breadcrumb":{"@id":"https:\/\/www.africa-press.net\/cameroun\/sports\/can-voici-le-palmares-du-cameroun-depuis-1970#breadcrumb"},"inLanguage":"fr-FR","potentialAction":[{"@type":"ReadAction","target":["https:\/\/www.africa-press.net\/cameroun\/sports\/can-voici-le-palmares-du-cameroun-depuis-1970"]}]},{"@type":"ImageObject","inLanguage":"fr-FR","@id":"https:\/\/www.africa-press.net\/cameroun\/sports\/can-voici-le-palmares-du-cameroun-depuis-1970#primaryimage","url":"https:\/\/static.africa-press.net\/cameroun\/sites\/57\/2024\/01\/sm_1704995368.899535.jpg","contentUrl":"https:\/\/static.africa-press.net\/cameroun\/sites\/57\/2024\/01\/sm_1704995368.899535.jpg","width":720,"height":421,"caption":"CAN: Voici le Palmare\u0300S du Cameroun depuis 1970"},{"@type":"BreadcrumbList","@id":"https:\/\/www.africa-press.net\/cameroun\/sports\/can-voici-le-palmares-du-cameroun-depuis-1970#breadcrumb","itemListElement":[{"@type":"ListItem","position":1,"name":"Accueil","item":"https:\/\/www.africa-press.net\/cameroun\/"},{"@type":"ListItem","position":2,"name":"CAN: Voici le Palmare\u0300S du Cameroun depuis 1970"}]},{"@type":"WebSite","@id":"https:\/\/www.africa-press.net\/cameroun\/#website","url":"https:\/\/www.africa-press.net\/cameroun\/","name":"Cameroun","description":"Just another Africa News Agency Sites site","potentialAction":[{"@type":"SearchAction","target":{"@type":"EntryPoint","urlTemplate":"https:\/\/www.africa-press.net\/cameroun\/?s={search_term_string}"},"query-input":{"@type":"PropertyValueSpecification","valueRequired":true,"valueName":"search_term_string"}}],"inLanguage":"fr-FR"},{"@type":"Person","@id":"https:\/\/www.africa-press.net\/cameroun\/#\/schema\/person\/2b1cf3cd81a31e3cd26889ca66d677f1","name":"cfeditorfr"}]}},"_links":{"self":[{"href":"https:\/\/www.africa-press.net\/cameroun\/wp-json\/wp\/v2\/posts\/60235","targetHints":{"allow":["GET"]}}],"collection":[{"href":"https:\/\/www.africa-press.net\/cameroun\/wp-json\/wp\/v2\/posts"}],"about":[{"href":"https:\/\/www.africa-press.net\/cameroun\/wp-json\/wp\/v2\/types\/post"}],"author":[{"embeddable":true,"href":"https:\/\/www.africa-press.net\/cameroun\/wp-json\/wp\/v2\/users\/82"}],"replies":[{"embeddable":true,"href":"https:\/\/www.africa-press.net\/cameroun\/wp-json\/wp\/v2\/comments?post=60235"}],"version-history":[{"count":0,"href":"https:\/\/www.africa-press.net\/cameroun\/wp-json\/wp\/v2\/posts\/60235\/revisions"}],"wp:featuredmedia":[{"embeddable":true,"href":"https:\/\/www.africa-press.net\/cameroun\/wp-json\/wp\/v2\/media\/60233"}],"wp:attachment":[{"href":"https:\/\/www.africa-press.net\/cameroun\/wp-json\/wp\/v2\/media?parent=60235"}],"wp:term":[{"taxonomy":"category","embeddable":true,"href":"https:\/\/www.africa-press.net\/cameroun\/wp-json\/wp\/v2\/categories?post=60235"},{"taxonomy":"post_tag","embeddable":true,"href":"https:\/\/www.africa-press.net\/cameroun\/wp-json\/wp\/v2\/tags?post=60235"}],"curies":[{"name":"wp","href":"https:\/\/api.w.org\/{rel}","templated":true}]}}