{"id":60238,"date":"2024-01-11T21:00:39","date_gmt":"2024-01-11T21:00:39","guid":{"rendered":"https:\/\/www.africa-press.net\/cameroun\/politique\/yamoussoukro-samuel-etoo-pose-un-acte-memorable-et-met-toute-la-cote-divoire-daccord"},"modified":"2024-01-11T21:24:20","modified_gmt":"2024-01-11T21:24:20","slug":"yamoussoukro-samuel-etoo-pose-un-acte-memorable-et-met-toute-la-cote-divoire-daccord","status":"publish","type":"post","link":"https:\/\/www.africa-press.net\/cameroun\/politique\/yamoussoukro-samuel-etoo-pose-un-acte-memorable-et-met-toute-la-cote-divoire-daccord","title":{"rendered":"Yamoussoukro: Samuel Eto\u2019O Pose un Acte Me\u0301morable et Met Toute la Co\u0302Te D\u2019Ivoire D\u2019Accord"},"content":{"rendered":"<p><span style=\"color: #ff6600\"><strong>Africa-Press &#8211; Cameroun. <\/strong><\/span>Dans un geste empreint de respect et de reconnaissance envers une figure emble\u0301matique de l&rsquo;histoire africaine, l&rsquo;e\u0301quipe nationale du Cameroun, les Lions Indomptables, a observe\u0301 un moment d&rsquo;inclinaison devant la tombe de Fe\u0301lix Houphouet Boigny a\u0300 Yamoussoukro. Cette de\u0301marche, orchestre\u0301e par la Fe\u0301de\u0301ration Camerounaise de Football (Fecfoot), a e\u0301te\u0301 vivement salue\u0301e par les supporters et la communaute\u0301 sportive.<\/p>\n<p>Le pre\u0301sident de la Fecfoot a exprime\u0301 l&rsquo;importance de ce geste symbolique, soulignant que Fe\u0301lix Houphouet Boigny demeure un monument de l&rsquo;histoire africaine, me\u0301ritant le respect de tous les Africains. Les joueurs, accompagne\u0301s du staff technique, ont ainsi rendu hommage a\u0300 l&rsquo;ancien chef d&rsquo;E\u0301tat ivoirien, marquant ainsi leur engagement envers les valeurs historiques et culturelles du continent.<\/p>\n<p>Cette initiative a rec\u0327u un accueil chaleureux de la part des supporters, qui ont applaudi ce geste de respect envers une personnalite\u0301 qui a joue\u0301 un ro\u0302le crucial dans la construction de l&rsquo;Afrique moderne.<\/p>\n<p>En prolongement de cette se\u0301rie d&rsquo;hommages, certains Camerounais expriment l&rsquo;espoir que lorsqu&rsquo;une se\u0301lection des Lions Indomptables jouera a\u0300 Dakar, un geste similaire sera effectue\u0301 devant la tombe d&rsquo;Ahmadou Ahidjo. Ancien pre\u0301sident du Cameroun, Ahmadou Ahidjo est e\u0301galement conside\u0301re\u0301 comme une grande figure de l&rsquo;histoire africaine. Cette de\u0301marche, soulignent-ils, serait un acte symbolique fort en faveur du respect de l&rsquo;histoire commune de l&rsquo;Afrique.<\/p>\n<p>Au-dela\u0300 des terrains de football, de tels gestes renforcent les liens historiques entre les nations africaines, mettant en lumie\u0300re l&rsquo;importance de pre\u0301server et de ce\u0301le\u0301brer l&rsquo;he\u0301ritage commun du continent.<\/p>\n<p><strong>Pour plus d&rsquo;informations et d&rsquo;analyses sur la <a href=\"https:\/\/www.africa-press.net\/cameroun\">Cameroun<\/a>, suivez <a href=\"https:\/\/www.africa-press.net\/\">Africa-Press<\/a><\/strong><\/p>\n","protected":false},"excerpt":{"rendered":"<p>Africa-Press &#8211; Cameroun. Dans un geste empreint de respect et de reconnaissance envers une figure emble\u0301matique de l&rsquo;histoire africaine, l&rsquo;e\u0301quipe nationale du Cameroun, les Lions Indomptables, a observe\u0301 un moment d&rsquo;inclinaison devant la tombe de Fe\u0301lix Houphouet Boigny a\u0300 Yamoussoukro. Cette de\u0301marche, orchestre\u0301e par la Fe\u0301de\u0301ration Camerounaise de Football (Fecfoot), a e\u0301te\u0301 vivement salue\u0301e par [&hellip;]<\/p>\n","protected":false},"author":82,"featured_media":60236,"comment_status":"open","ping_status":"closed","sticky":false,"template":"","format":"standard","meta":{"footnotes":""},"categories":[2,10],"tags":[36,50,49],"class_list":["post-60238","post","type-post","status-publish","format-standard","has-post-thumbnail","hentry","category-politique","category-toutes-les-actualites","tag-africa-press","tag-africa-press-cameroun","tag-cameroun"],"yoast_head":"<!-- This site is optimized with the Yoast SEO Premium plugin v26.1 (Yoast SEO v27.0) - https:\/\/yoast.com\/product\/yoast-seo-premium-wordpress\/ -->\n<title>Yamoussoukro: Samuel Eto\u2019O Pose un Acte Me\u0301morable et Met Toute la Co\u0302Te D\u2019Ivoire D\u2019Accord - Cameroun<\/title>\n<meta name=\"description\" content=\"Dans un geste empreint de respect et de reconnaissance envers une figure emble\u0301matique de l&#039;histoire africaine, l&#039;e\u0301quip ...\" \/>\n<meta name=\"robots\" content=\"index, follow, max-snippet:-1, max-image-preview:large, max-video-preview:-1\" \/>\n<link rel=\"canonical\" href=\"https:\/\/www.africa-press.net\/cameroun\/politique\/yamoussoukro-samuel-etoo-pose-un-acte-memorable-et-met-toute-la-cote-divoire-daccord\" \/>\n<meta property=\"og:locale\" content=\"fr_FR\" \/>\n<meta property=\"og:type\" content=\"article\" \/>\n<meta property=\"og:title\" content=\"Yamoussoukro: Samuel Eto\u2019O Pose un Acte Me\u0301morable et Met Toute la Co\u0302Te D\u2019Ivoire D\u2019Accord\" \/>\n<meta property=\"og:description\" content=\"Dans un geste empreint de respect et de reconnaissance envers une figure emble\u0301matique de l&#039;histoire africaine, l&#039;e\u0301quip ...\" \/>\n<meta property=\"og:url\" content=\"https:\/\/www.africa-press.net\/cameroun\/politique\/yamoussoukro-samuel-etoo-pose-un-acte-memorable-et-met-toute-la-cote-divoire-daccord\" \/>\n<meta property=\"og:site_name\" content=\"Cameroun\" \/>\n<meta property=\"article:published_time\" content=\"2024-01-11T21:00:39+00:00\" \/>\n<meta property=\"article:modified_time\" content=\"2024-01-11T21:24:20+00:00\" \/>\n<meta property=\"og:image\" content=\"https:\/\/static.africa-press.net\/cameroun\/sites\/57\/2024\/01\/sm_1704995423.984946.jpg\" \/>\n\t<meta property=\"og:image:width\" content=\"720\" \/>\n\t<meta property=\"og:image:height\" content=\"409\" \/>\n\t<meta property=\"og:image:type\" content=\"image\/jpeg\" \/>\n<meta name=\"author\" content=\"cfeditorfr\" \/>\n<meta name=\"twitter:card\" content=\"summary_large_image\" \/>\n<meta name=\"twitter:label1\" content=\"\u00c9crit par\" \/>\n\t<meta name=\"twitter:data1\" content=\"cfeditorfr\" \/>\n\t<meta name=\"twitter:label2\" content=\"Dur\u00e9e de lecture estim\u00e9e\" \/>\n\t<meta name=\"twitter:data2\" content=\"1 minute\" \/>\n<script type=\"application\/ld+json\" class=\"yoast-schema-graph\">{\"@context\":\"https:\/\/schema.org\",\"@graph\":[{\"@type\":\"Article\",\"@id\":\"https:\/\/www.africa-press.net\/cameroun\/politique\/yamoussoukro-samuel-etoo-pose-un-acte-memorable-et-met-toute-la-cote-divoire-daccord#article\",\"isPartOf\":{\"@id\":\"https:\/\/www.africa-press.net\/cameroun\/politique\/yamoussoukro-samuel-etoo-pose-un-acte-memorable-et-met-toute-la-cote-divoire-daccord\"},\"author\":{\"name\":\"cfeditorfr\",\"@id\":\"https:\/\/www.africa-press.net\/cameroun\/#\/schema\/person\/2b1cf3cd81a31e3cd26889ca66d677f1\"},\"headline\":\"Yamoussoukro: Samuel Eto\u2019O Pose un Acte Me\u0301morable et Met Toute la Co\u0302Te D\u2019Ivoire D\u2019Accord\",\"datePublished\":\"2024-01-11T21:00:39+00:00\",\"dateModified\":\"2024-01-11T21:24:20+00:00\",\"mainEntityOfPage\":{\"@id\":\"https:\/\/www.africa-press.net\/cameroun\/politique\/yamoussoukro-samuel-etoo-pose-un-acte-memorable-et-met-toute-la-cote-divoire-daccord\"},\"wordCount\":318,\"commentCount\":0,\"image\":{\"@id\":\"https:\/\/www.africa-press.net\/cameroun\/politique\/yamoussoukro-samuel-etoo-pose-un-acte-memorable-et-met-toute-la-cote-divoire-daccord#primaryimage\"},\"thumbnailUrl\":\"https:\/\/static.africa-press.net\/cameroun\/sites\/57\/2024\/01\/sm_1704995423.984946.jpg\",\"keywords\":[\"Africa Press\",\"Africa Press-Cameroun\",\"Cameroun\"],\"articleSection\":[\"Politique\",\"Toutes les actualit\u00e9s\"],\"inLanguage\":\"fr-FR\",\"potentialAction\":[{\"@type\":\"CommentAction\",\"name\":\"Comment\",\"target\":[\"https:\/\/www.africa-press.net\/cameroun\/politique\/yamoussoukro-samuel-etoo-pose-un-acte-memorable-et-met-toute-la-cote-divoire-daccord#respond\"]}]},{\"@type\":\"WebPage\",\"@id\":\"https:\/\/www.africa-press.net\/cameroun\/politique\/yamoussoukro-samuel-etoo-pose-un-acte-memorable-et-met-toute-la-cote-divoire-daccord\",\"url\":\"https:\/\/www.africa-press.net\/cameroun\/politique\/yamoussoukro-samuel-etoo-pose-un-acte-memorable-et-met-toute-la-cote-divoire-daccord\",\"name\":\"Yamoussoukro: Samuel Eto\u2019O Pose un Acte Me\u0301morable et Met Toute la Co\u0302Te D\u2019Ivoire D\u2019Accord - Cameroun\",\"isPartOf\":{\"@id\":\"https:\/\/www.africa-press.net\/cameroun\/#website\"},\"primaryImageOfPage\":{\"@id\":\"https:\/\/www.africa-press.net\/cameroun\/politique\/yamoussoukro-samuel-etoo-pose-un-acte-memorable-et-met-toute-la-cote-divoire-daccord#primaryimage\"},\"image\":{\"@id\":\"https:\/\/www.africa-press.net\/cameroun\/politique\/yamoussoukro-samuel-etoo-pose-un-acte-memorable-et-met-toute-la-cote-divoire-daccord#primaryimage\"},\"thumbnailUrl\":\"https:\/\/static.africa-press.net\/cameroun\/sites\/57\/2024\/01\/sm_1704995423.984946.jpg\",\"datePublished\":\"2024-01-11T21:00:39+00:00\",\"dateModified\":\"2024-01-11T21:24:20+00:00\",\"author\":{\"@id\":\"https:\/\/www.africa-press.net\/cameroun\/#\/schema\/person\/2b1cf3cd81a31e3cd26889ca66d677f1\"},\"description\":\"Dans un geste empreint de respect et de reconnaissance envers une figure emble\u0301matique de l'histoire africaine, l'e\u0301quip ...\",\"breadcrumb\":{\"@id\":\"https:\/\/www.africa-press.net\/cameroun\/politique\/yamoussoukro-samuel-etoo-pose-un-acte-memorable-et-met-toute-la-cote-divoire-daccord#breadcrumb\"},\"inLanguage\":\"fr-FR\",\"potentialAction\":[{\"@type\":\"ReadAction\",\"target\":[\"https:\/\/www.africa-press.net\/cameroun\/politique\/yamoussoukro-samuel-etoo-pose-un-acte-memorable-et-met-toute-la-cote-divoire-daccord\"]}]},{\"@type\":\"ImageObject\",\"inLanguage\":\"fr-FR\",\"@id\":\"https:\/\/www.africa-press.net\/cameroun\/politique\/yamoussoukro-samuel-etoo-pose-un-acte-memorable-et-met-toute-la-cote-divoire-daccord#primaryimage\",\"url\":\"https:\/\/static.africa-press.net\/cameroun\/sites\/57\/2024\/01\/sm_1704995423.984946.jpg\",\"contentUrl\":\"https:\/\/static.africa-press.net\/cameroun\/sites\/57\/2024\/01\/sm_1704995423.984946.jpg\",\"width\":720,\"height\":409,\"caption\":\"Yamoussoukro: Samuel Eto\u2019O Pose un Acte Me\u0301morable et Met Toute la Co\u0302Te D\u2019Ivoire D\u2019Accord\"},{\"@type\":\"BreadcrumbList\",\"@id\":\"https:\/\/www.africa-press.net\/cameroun\/politique\/yamoussoukro-samuel-etoo-pose-un-acte-memorable-et-met-toute-la-cote-divoire-daccord#breadcrumb\",\"itemListElement\":[{\"@type\":\"ListItem\",\"position\":1,\"name\":\"Accueil\",\"item\":\"https:\/\/www.africa-press.net\/cameroun\/\"},{\"@type\":\"ListItem\",\"position\":2,\"name\":\"Yamoussoukro: Samuel Eto\u2019O Pose un Acte Me\u0301morable et Met Toute la Co\u0302Te D\u2019Ivoire D\u2019Accord\"}]},{\"@type\":\"WebSite\",\"@id\":\"https:\/\/www.africa-press.net\/cameroun\/#website\",\"url\":\"https:\/\/www.africa-press.net\/cameroun\/\",\"name\":\"Cameroun\",\"description\":\"Just another Africa News Agency Sites site\",\"potentialAction\":[{\"@type\":\"SearchAction\",\"target\":{\"@type\":\"EntryPoint\",\"urlTemplate\":\"https:\/\/www.africa-press.net\/cameroun\/?s={search_term_string}\"},\"query-input\":{\"@type\":\"PropertyValueSpecification\",\"valueRequired\":true,\"valueName\":\"search_term_string\"}}],\"inLanguage\":\"fr-FR\"},{\"@type\":\"Person\",\"@id\":\"https:\/\/www.africa-press.net\/cameroun\/#\/schema\/person\/2b1cf3cd81a31e3cd26889ca66d677f1\",\"name\":\"cfeditorfr\"}]}<\/script>\n<!-- \/ Yoast SEO Premium plugin. -->","yoast_head_json":{"title":"Yamoussoukro: Samuel Eto\u2019O Pose un Acte Me\u0301morable et Met Toute la Co\u0302Te D\u2019Ivoire D\u2019Accord - Cameroun","description":"Dans un geste empreint de respect et de reconnaissance envers une figure emble\u0301matique de l'histoire africaine, l'e\u0301quip ...","robots":{"index":"index","follow":"follow","max-snippet":"max-snippet:-1","max-image-preview":"max-image-preview:large","max-video-preview":"max-video-preview:-1"},"canonical":"https:\/\/www.africa-press.net\/cameroun\/politique\/yamoussoukro-samuel-etoo-pose-un-acte-memorable-et-met-toute-la-cote-divoire-daccord","og_locale":"fr_FR","og_type":"article","og_title":"Yamoussoukro: Samuel Eto\u2019O Pose un Acte Me\u0301morable et Met Toute la Co\u0302Te D\u2019Ivoire D\u2019Accord","og_description":"Dans un geste empreint de respect et de reconnaissance envers une figure emble\u0301matique de l'histoire africaine, l'e\u0301quip ...","og_url":"https:\/\/www.africa-press.net\/cameroun\/politique\/yamoussoukro-samuel-etoo-pose-un-acte-memorable-et-met-toute-la-cote-divoire-daccord","og_site_name":"Cameroun","article_published_time":"2024-01-11T21:00:39+00:00","article_modified_time":"2024-01-11T21:24:20+00:00","og_image":[{"width":720,"height":409,"url":"https:\/\/static.africa-press.net\/cameroun\/sites\/57\/2024\/01\/sm_1704995423.984946.jpg","type":"image\/jpeg"}],"author":"cfeditorfr","twitter_card":"summary_large_image","twitter_misc":{"\u00c9crit par":"cfeditorfr","Dur\u00e9e de lecture estim\u00e9e":"1 minute"},"schema":{"@context":"https:\/\/schema.org","@graph":[{"@type":"Article","@id":"https:\/\/www.africa-press.net\/cameroun\/politique\/yamoussoukro-samuel-etoo-pose-un-acte-memorable-et-met-toute-la-cote-divoire-daccord#article","isPartOf":{"@id":"https:\/\/www.africa-press.net\/cameroun\/politique\/yamoussoukro-samuel-etoo-pose-un-acte-memorable-et-met-toute-la-cote-divoire-daccord"},"author":{"name":"cfeditorfr","@id":"https:\/\/www.africa-press.net\/cameroun\/#\/schema\/person\/2b1cf3cd81a31e3cd26889ca66d677f1"},"headline":"Yamoussoukro: Samuel Eto\u2019O Pose un Acte Me\u0301morable et Met Toute la Co\u0302Te D\u2019Ivoire D\u2019Accord","datePublished":"2024-01-11T21:00:39+00:00","dateModified":"2024-01-11T21:24:20+00:00","mainEntityOfPage":{"@id":"https:\/\/www.africa-press.net\/cameroun\/politique\/yamoussoukro-samuel-etoo-pose-un-acte-memorable-et-met-toute-la-cote-divoire-daccord"},"wordCount":318,"commentCount":0,"image":{"@id":"https:\/\/www.africa-press.net\/cameroun\/politique\/yamoussoukro-samuel-etoo-pose-un-acte-memorable-et-met-toute-la-cote-divoire-daccord#primaryimage"},"thumbnailUrl":"https:\/\/static.africa-press.net\/cameroun\/sites\/57\/2024\/01\/sm_1704995423.984946.jpg","keywords":["Africa Press","Africa Press-Cameroun","Cameroun"],"articleSection":["Politique","Toutes les actualit\u00e9s"],"inLanguage":"fr-FR","potentialAction":[{"@type":"CommentAction","name":"Comment","target":["https:\/\/www.africa-press.net\/cameroun\/politique\/yamoussoukro-samuel-etoo-pose-un-acte-memorable-et-met-toute-la-cote-divoire-daccord#respond"]}]},{"@type":"WebPage","@id":"https:\/\/www.africa-press.net\/cameroun\/politique\/yamoussoukro-samuel-etoo-pose-un-acte-memorable-et-met-toute-la-cote-divoire-daccord","url":"https:\/\/www.africa-press.net\/cameroun\/politique\/yamoussoukro-samuel-etoo-pose-un-acte-memorable-et-met-toute-la-cote-divoire-daccord","name":"Yamoussoukro: Samuel Eto\u2019O Pose un Acte Me\u0301morable et Met Toute la Co\u0302Te D\u2019Ivoire D\u2019Accord - Cameroun","isPartOf":{"@id":"https:\/\/www.africa-press.net\/cameroun\/#website"},"primaryImageOfPage":{"@id":"https:\/\/www.africa-press.net\/cameroun\/politique\/yamoussoukro-samuel-etoo-pose-un-acte-memorable-et-met-toute-la-cote-divoire-daccord#primaryimage"},"image":{"@id":"https:\/\/www.africa-press.net\/cameroun\/politique\/yamoussoukro-samuel-etoo-pose-un-acte-memorable-et-met-toute-la-cote-divoire-daccord#primaryimage"},"thumbnailUrl":"https:\/\/static.africa-press.net\/cameroun\/sites\/57\/2024\/01\/sm_1704995423.984946.jpg","datePublished":"2024-01-11T21:00:39+00:00","dateModified":"2024-01-11T21:24:20+00:00","author":{"@id":"https:\/\/www.africa-press.net\/cameroun\/#\/schema\/person\/2b1cf3cd81a31e3cd26889ca66d677f1"},"description":"Dans un geste empreint de respect et de reconnaissance envers une figure emble\u0301matique de l'histoire africaine, l'e\u0301quip ...","breadcrumb":{"@id":"https:\/\/www.africa-press.net\/cameroun\/politique\/yamoussoukro-samuel-etoo-pose-un-acte-memorable-et-met-toute-la-cote-divoire-daccord#breadcrumb"},"inLanguage":"fr-FR","potentialAction":[{"@type":"ReadAction","target":["https:\/\/www.africa-press.net\/cameroun\/politique\/yamoussoukro-samuel-etoo-pose-un-acte-memorable-et-met-toute-la-cote-divoire-daccord"]}]},{"@type":"ImageObject","inLanguage":"fr-FR","@id":"https:\/\/www.africa-press.net\/cameroun\/politique\/yamoussoukro-samuel-etoo-pose-un-acte-memorable-et-met-toute-la-cote-divoire-daccord#primaryimage","url":"https:\/\/static.africa-press.net\/cameroun\/sites\/57\/2024\/01\/sm_1704995423.984946.jpg","contentUrl":"https:\/\/static.africa-press.net\/cameroun\/sites\/57\/2024\/01\/sm_1704995423.984946.jpg","width":720,"height":409,"caption":"Yamoussoukro: Samuel Eto\u2019O Pose un Acte Me\u0301morable et Met Toute la Co\u0302Te D\u2019Ivoire D\u2019Accord"},{"@type":"BreadcrumbList","@id":"https:\/\/www.africa-press.net\/cameroun\/politique\/yamoussoukro-samuel-etoo-pose-un-acte-memorable-et-met-toute-la-cote-divoire-daccord#breadcrumb","itemListElement":[{"@type":"ListItem","position":1,"name":"Accueil","item":"https:\/\/www.africa-press.net\/cameroun\/"},{"@type":"ListItem","position":2,"name":"Yamoussoukro: Samuel Eto\u2019O Pose un Acte Me\u0301morable et Met Toute la Co\u0302Te D\u2019Ivoire D\u2019Accord"}]},{"@type":"WebSite","@id":"https:\/\/www.africa-press.net\/cameroun\/#website","url":"https:\/\/www.africa-press.net\/cameroun\/","name":"Cameroun","description":"Just another Africa News Agency Sites site","potentialAction":[{"@type":"SearchAction","target":{"@type":"EntryPoint","urlTemplate":"https:\/\/www.africa-press.net\/cameroun\/?s={search_term_string}"},"query-input":{"@type":"PropertyValueSpecification","valueRequired":true,"valueName":"search_term_string"}}],"inLanguage":"fr-FR"},{"@type":"Person","@id":"https:\/\/www.africa-press.net\/cameroun\/#\/schema\/person\/2b1cf3cd81a31e3cd26889ca66d677f1","name":"cfeditorfr"}]}},"_links":{"self":[{"href":"https:\/\/www.africa-press.net\/cameroun\/wp-json\/wp\/v2\/posts\/60238","targetHints":{"allow":["GET"]}}],"collection":[{"href":"https:\/\/www.africa-press.net\/cameroun\/wp-json\/wp\/v2\/posts"}],"about":[{"href":"https:\/\/www.africa-press.net\/cameroun\/wp-json\/wp\/v2\/types\/post"}],"author":[{"embeddable":true,"href":"https:\/\/www.africa-press.net\/cameroun\/wp-json\/wp\/v2\/users\/82"}],"replies":[{"embeddable":true,"href":"https:\/\/www.africa-press.net\/cameroun\/wp-json\/wp\/v2\/comments?post=60238"}],"version-history":[{"count":0,"href":"https:\/\/www.africa-press.net\/cameroun\/wp-json\/wp\/v2\/posts\/60238\/revisions"}],"wp:featuredmedia":[{"embeddable":true,"href":"https:\/\/www.africa-press.net\/cameroun\/wp-json\/wp\/v2\/media\/60236"}],"wp:attachment":[{"href":"https:\/\/www.africa-press.net\/cameroun\/wp-json\/wp\/v2\/media?parent=60238"}],"wp:term":[{"taxonomy":"category","embeddable":true,"href":"https:\/\/www.africa-press.net\/cameroun\/wp-json\/wp\/v2\/categories?post=60238"},{"taxonomy":"post_tag","embeddable":true,"href":"https:\/\/www.africa-press.net\/cameroun\/wp-json\/wp\/v2\/tags?post=60238"}],"curies":[{"name":"wp","href":"https:\/\/api.w.org\/{rel}","templated":true}]}}