{"id":60252,"date":"2024-01-11T21:02:13","date_gmt":"2024-01-11T21:02:13","guid":{"rendered":"https:\/\/www.africa-press.net\/cameroun\/politique\/douala-la-guerre-est-declaree"},"modified":"2024-01-11T21:29:07","modified_gmt":"2024-01-11T21:29:07","slug":"douala-la-guerre-est-declaree","status":"publish","type":"post","link":"https:\/\/www.africa-press.net\/cameroun\/politique\/douala-la-guerre-est-declaree","title":{"rendered":"Douala: la Guerre Est De\u0301clare\u0301e"},"content":{"rendered":"<p><span style=\"color: #ff6600\"><strong>Africa-Press &#8211; Cameroun. <\/strong><\/span>Pre\u0300s de 300 femmes leaders se sont engage\u0301es dans une lutte acharne\u0301e contre l&rsquo;insalubrite\u0301 a\u0300 Douala, sous la coordination de la mairie de la ville. Cette initiative, lance\u0301e le lundi 8 janvier 2023, vise a\u0300 soutenir le programme \u00ab\u00a0Douala Clean City\u00a0\u00bb, une campagne majeure contre l&rsquo;insalubrite\u0301 initie\u0301e en octobre dernier par le maire Roger Mbassa Ndine.<\/p>\n<p>Dote\u0301 d&rsquo;un budget conse\u0301quent d&rsquo;un milliard de FCFA et approuve\u0301 par l&rsquo;exe\u0301cutif communal de Douala, le programme a de\u0301bute\u0301 par une campagne de sensibilisation intensive, soutenue par les autorite\u0301s administratives de la capitale e\u0301conomique, notamment le gouverneur du Littoral, Samuel Ivaha Diboua.<\/p>\n<p>La sensibilisation se poursuit a\u0300 tous les niveaux de l&rsquo;administration municipale. Chaque adjoint au maire a la responsabilite\u0301 de sensibiliser les habitants de son arrondissement. Des affiches mettant en garde contre les mauvaises pratiques en matie\u0300re de gestion des de\u0301chets ont e\u0301te\u0301 largement diffuse\u0301es dans toute la ville. La collecte des ordures est identifie\u0301e comme le point central du programme \u00ab\u00a0Douala Clean City\u00a0\u00bb.<\/p>\n<p>Les autorite\u0301s municipales estiment que l&rsquo;adoption de bonnes pratiques par les habitants contribuera significativement a\u0300 rendre la ville plus propre. A\u0300 cet effet, des sacs poubelle sont distribue\u0301s pour faciliter la collecte des de\u0301chets. En ce qui concerne les contrevenants, des amendes sont pre\u0301vues pour dissuader toute violation des re\u0300gles e\u0301dicte\u0301es dans le cadre de cette campagne.<\/p>\n<p>Cette mobilisation massive des femmes leaders te\u0301moigne de la de\u0301termination de la ville de Douala a\u0300 lutter activement contre l&rsquo;insalubrite\u0301 et a\u0300 restaurer son image en tant que ville propre et accueillante. La participation de la communaute\u0301 est essentielle pour garantir le succe\u0300s de cette initiative d&rsquo;envergure.<\/p>\n<p><strong>Pour plus d&rsquo;informations et d&rsquo;analyses sur la <a href=\"https:\/\/www.africa-press.net\/cameroun\">Cameroun<\/a>, suivez <a href=\"https:\/\/www.africa-press.net\/\">Africa-Press<\/a><\/strong><\/p>\n","protected":false},"excerpt":{"rendered":"<p>Africa-Press &#8211; Cameroun. Pre\u0300s de 300 femmes leaders se sont engage\u0301es dans une lutte acharne\u0301e contre l&rsquo;insalubrite\u0301 a\u0300 Douala, sous la coordination de la mairie de la ville. Cette initiative, lance\u0301e le lundi 8 janvier 2023, vise a\u0300 soutenir le programme \u00ab\u00a0Douala Clean City\u00a0\u00bb, une campagne majeure contre l&rsquo;insalubrite\u0301 initie\u0301e en octobre dernier par le [&hellip;]<\/p>\n","protected":false},"author":82,"featured_media":60251,"comment_status":"open","ping_status":"closed","sticky":false,"template":"","format":"standard","meta":{"footnotes":""},"categories":[2,10],"tags":[36,50,49],"class_list":["post-60252","post","type-post","status-publish","format-standard","has-post-thumbnail","hentry","category-politique","category-toutes-les-actualites","tag-africa-press","tag-africa-press-cameroun","tag-cameroun"],"yoast_head":"<!-- This site is optimized with the Yoast SEO Premium plugin v26.1 (Yoast SEO v27.0) - https:\/\/yoast.com\/product\/yoast-seo-premium-wordpress\/ -->\n<title>Douala: la Guerre Est De\u0301clare\u0301e - Cameroun<\/title>\n<meta name=\"description\" content=\"Pre\u0300s de 300 femmes leaders se sont engage\u0301es dans une lutte acharne\u0301e contre l&#039;insalubrite\u0301 a\u0300 Douala, sous la coordina ...\" \/>\n<meta name=\"robots\" content=\"index, follow, max-snippet:-1, max-image-preview:large, max-video-preview:-1\" \/>\n<link rel=\"canonical\" href=\"https:\/\/www.africa-press.net\/cameroun\/politique\/douala-la-guerre-est-declaree\" \/>\n<meta property=\"og:locale\" content=\"fr_FR\" \/>\n<meta property=\"og:type\" content=\"article\" \/>\n<meta property=\"og:title\" content=\"Douala: la Guerre Est De\u0301clare\u0301e\" \/>\n<meta property=\"og:description\" content=\"Pre\u0300s de 300 femmes leaders se sont engage\u0301es dans une lutte acharne\u0301e contre l&#039;insalubrite\u0301 a\u0300 Douala, sous la coordina ...\" \/>\n<meta property=\"og:url\" content=\"https:\/\/www.africa-press.net\/cameroun\/politique\/douala-la-guerre-est-declaree\" \/>\n<meta property=\"og:site_name\" content=\"Cameroun\" \/>\n<meta property=\"article:published_time\" content=\"2024-01-11T21:02:13+00:00\" \/>\n<meta property=\"article:modified_time\" content=\"2024-01-11T21:29:07+00:00\" \/>\n<meta property=\"og:image\" content=\"https:\/\/static.africa-press.net\/cameroun\/sites\/57\/2024\/01\/sm_1704995657.549915.jpg\" \/>\n\t<meta property=\"og:image:width\" content=\"720\" \/>\n\t<meta property=\"og:image:height\" content=\"279\" \/>\n\t<meta property=\"og:image:type\" content=\"image\/jpeg\" \/>\n<meta name=\"author\" content=\"cfeditorfr\" \/>\n<meta name=\"twitter:card\" content=\"summary_large_image\" \/>\n<meta name=\"twitter:label1\" content=\"\u00c9crit par\" \/>\n\t<meta name=\"twitter:data1\" content=\"cfeditorfr\" \/>\n\t<meta name=\"twitter:label2\" content=\"Dur\u00e9e de lecture estim\u00e9e\" \/>\n\t<meta name=\"twitter:data2\" content=\"2 minutes\" \/>\n<script type=\"application\/ld+json\" class=\"yoast-schema-graph\">{\"@context\":\"https:\/\/schema.org\",\"@graph\":[{\"@type\":\"Article\",\"@id\":\"https:\/\/www.africa-press.net\/cameroun\/politique\/douala-la-guerre-est-declaree#article\",\"isPartOf\":{\"@id\":\"https:\/\/www.africa-press.net\/cameroun\/politique\/douala-la-guerre-est-declaree\"},\"author\":{\"name\":\"cfeditorfr\",\"@id\":\"https:\/\/www.africa-press.net\/cameroun\/#\/schema\/person\/2b1cf3cd81a31e3cd26889ca66d677f1\"},\"headline\":\"Douala: la Guerre Est De\u0301clare\u0301e\",\"datePublished\":\"2024-01-11T21:02:13+00:00\",\"dateModified\":\"2024-01-11T21:29:07+00:00\",\"mainEntityOfPage\":{\"@id\":\"https:\/\/www.africa-press.net\/cameroun\/politique\/douala-la-guerre-est-declaree\"},\"wordCount\":318,\"commentCount\":0,\"image\":{\"@id\":\"https:\/\/www.africa-press.net\/cameroun\/politique\/douala-la-guerre-est-declaree#primaryimage\"},\"thumbnailUrl\":\"https:\/\/static.africa-press.net\/cameroun\/sites\/57\/2024\/01\/sm_1704995657.549915.jpg\",\"keywords\":[\"Africa Press\",\"Africa Press-Cameroun\",\"Cameroun\"],\"articleSection\":[\"Politique\",\"Toutes les actualit\u00e9s\"],\"inLanguage\":\"fr-FR\",\"potentialAction\":[{\"@type\":\"CommentAction\",\"name\":\"Comment\",\"target\":[\"https:\/\/www.africa-press.net\/cameroun\/politique\/douala-la-guerre-est-declaree#respond\"]}]},{\"@type\":\"WebPage\",\"@id\":\"https:\/\/www.africa-press.net\/cameroun\/politique\/douala-la-guerre-est-declaree\",\"url\":\"https:\/\/www.africa-press.net\/cameroun\/politique\/douala-la-guerre-est-declaree\",\"name\":\"Douala: la Guerre Est De\u0301clare\u0301e - Cameroun\",\"isPartOf\":{\"@id\":\"https:\/\/www.africa-press.net\/cameroun\/#website\"},\"primaryImageOfPage\":{\"@id\":\"https:\/\/www.africa-press.net\/cameroun\/politique\/douala-la-guerre-est-declaree#primaryimage\"},\"image\":{\"@id\":\"https:\/\/www.africa-press.net\/cameroun\/politique\/douala-la-guerre-est-declaree#primaryimage\"},\"thumbnailUrl\":\"https:\/\/static.africa-press.net\/cameroun\/sites\/57\/2024\/01\/sm_1704995657.549915.jpg\",\"datePublished\":\"2024-01-11T21:02:13+00:00\",\"dateModified\":\"2024-01-11T21:29:07+00:00\",\"author\":{\"@id\":\"https:\/\/www.africa-press.net\/cameroun\/#\/schema\/person\/2b1cf3cd81a31e3cd26889ca66d677f1\"},\"description\":\"Pre\u0300s de 300 femmes leaders se sont engage\u0301es dans une lutte acharne\u0301e contre l'insalubrite\u0301 a\u0300 Douala, sous la coordina ...\",\"breadcrumb\":{\"@id\":\"https:\/\/www.africa-press.net\/cameroun\/politique\/douala-la-guerre-est-declaree#breadcrumb\"},\"inLanguage\":\"fr-FR\",\"potentialAction\":[{\"@type\":\"ReadAction\",\"target\":[\"https:\/\/www.africa-press.net\/cameroun\/politique\/douala-la-guerre-est-declaree\"]}]},{\"@type\":\"ImageObject\",\"inLanguage\":\"fr-FR\",\"@id\":\"https:\/\/www.africa-press.net\/cameroun\/politique\/douala-la-guerre-est-declaree#primaryimage\",\"url\":\"https:\/\/static.africa-press.net\/cameroun\/sites\/57\/2024\/01\/sm_1704995657.549915.jpg\",\"contentUrl\":\"https:\/\/static.africa-press.net\/cameroun\/sites\/57\/2024\/01\/sm_1704995657.549915.jpg\",\"width\":720,\"height\":279,\"caption\":\"Douala: la Guerre Est De\u0301clare\u0301e\"},{\"@type\":\"BreadcrumbList\",\"@id\":\"https:\/\/www.africa-press.net\/cameroun\/politique\/douala-la-guerre-est-declaree#breadcrumb\",\"itemListElement\":[{\"@type\":\"ListItem\",\"position\":1,\"name\":\"Accueil\",\"item\":\"https:\/\/www.africa-press.net\/cameroun\/\"},{\"@type\":\"ListItem\",\"position\":2,\"name\":\"Douala: la Guerre Est De\u0301clare\u0301e\"}]},{\"@type\":\"WebSite\",\"@id\":\"https:\/\/www.africa-press.net\/cameroun\/#website\",\"url\":\"https:\/\/www.africa-press.net\/cameroun\/\",\"name\":\"Cameroun\",\"description\":\"Just another Africa News Agency Sites site\",\"potentialAction\":[{\"@type\":\"SearchAction\",\"target\":{\"@type\":\"EntryPoint\",\"urlTemplate\":\"https:\/\/www.africa-press.net\/cameroun\/?s={search_term_string}\"},\"query-input\":{\"@type\":\"PropertyValueSpecification\",\"valueRequired\":true,\"valueName\":\"search_term_string\"}}],\"inLanguage\":\"fr-FR\"},{\"@type\":\"Person\",\"@id\":\"https:\/\/www.africa-press.net\/cameroun\/#\/schema\/person\/2b1cf3cd81a31e3cd26889ca66d677f1\",\"name\":\"cfeditorfr\"}]}<\/script>\n<!-- \/ Yoast SEO Premium plugin. -->","yoast_head_json":{"title":"Douala: la Guerre Est De\u0301clare\u0301e - Cameroun","description":"Pre\u0300s de 300 femmes leaders se sont engage\u0301es dans une lutte acharne\u0301e contre l'insalubrite\u0301 a\u0300 Douala, sous la coordina ...","robots":{"index":"index","follow":"follow","max-snippet":"max-snippet:-1","max-image-preview":"max-image-preview:large","max-video-preview":"max-video-preview:-1"},"canonical":"https:\/\/www.africa-press.net\/cameroun\/politique\/douala-la-guerre-est-declaree","og_locale":"fr_FR","og_type":"article","og_title":"Douala: la Guerre Est De\u0301clare\u0301e","og_description":"Pre\u0300s de 300 femmes leaders se sont engage\u0301es dans une lutte acharne\u0301e contre l'insalubrite\u0301 a\u0300 Douala, sous la coordina ...","og_url":"https:\/\/www.africa-press.net\/cameroun\/politique\/douala-la-guerre-est-declaree","og_site_name":"Cameroun","article_published_time":"2024-01-11T21:02:13+00:00","article_modified_time":"2024-01-11T21:29:07+00:00","og_image":[{"width":720,"height":279,"url":"https:\/\/static.africa-press.net\/cameroun\/sites\/57\/2024\/01\/sm_1704995657.549915.jpg","type":"image\/jpeg"}],"author":"cfeditorfr","twitter_card":"summary_large_image","twitter_misc":{"\u00c9crit par":"cfeditorfr","Dur\u00e9e de lecture estim\u00e9e":"2 minutes"},"schema":{"@context":"https:\/\/schema.org","@graph":[{"@type":"Article","@id":"https:\/\/www.africa-press.net\/cameroun\/politique\/douala-la-guerre-est-declaree#article","isPartOf":{"@id":"https:\/\/www.africa-press.net\/cameroun\/politique\/douala-la-guerre-est-declaree"},"author":{"name":"cfeditorfr","@id":"https:\/\/www.africa-press.net\/cameroun\/#\/schema\/person\/2b1cf3cd81a31e3cd26889ca66d677f1"},"headline":"Douala: la Guerre Est De\u0301clare\u0301e","datePublished":"2024-01-11T21:02:13+00:00","dateModified":"2024-01-11T21:29:07+00:00","mainEntityOfPage":{"@id":"https:\/\/www.africa-press.net\/cameroun\/politique\/douala-la-guerre-est-declaree"},"wordCount":318,"commentCount":0,"image":{"@id":"https:\/\/www.africa-press.net\/cameroun\/politique\/douala-la-guerre-est-declaree#primaryimage"},"thumbnailUrl":"https:\/\/static.africa-press.net\/cameroun\/sites\/57\/2024\/01\/sm_1704995657.549915.jpg","keywords":["Africa Press","Africa Press-Cameroun","Cameroun"],"articleSection":["Politique","Toutes les actualit\u00e9s"],"inLanguage":"fr-FR","potentialAction":[{"@type":"CommentAction","name":"Comment","target":["https:\/\/www.africa-press.net\/cameroun\/politique\/douala-la-guerre-est-declaree#respond"]}]},{"@type":"WebPage","@id":"https:\/\/www.africa-press.net\/cameroun\/politique\/douala-la-guerre-est-declaree","url":"https:\/\/www.africa-press.net\/cameroun\/politique\/douala-la-guerre-est-declaree","name":"Douala: la Guerre Est De\u0301clare\u0301e - Cameroun","isPartOf":{"@id":"https:\/\/www.africa-press.net\/cameroun\/#website"},"primaryImageOfPage":{"@id":"https:\/\/www.africa-press.net\/cameroun\/politique\/douala-la-guerre-est-declaree#primaryimage"},"image":{"@id":"https:\/\/www.africa-press.net\/cameroun\/politique\/douala-la-guerre-est-declaree#primaryimage"},"thumbnailUrl":"https:\/\/static.africa-press.net\/cameroun\/sites\/57\/2024\/01\/sm_1704995657.549915.jpg","datePublished":"2024-01-11T21:02:13+00:00","dateModified":"2024-01-11T21:29:07+00:00","author":{"@id":"https:\/\/www.africa-press.net\/cameroun\/#\/schema\/person\/2b1cf3cd81a31e3cd26889ca66d677f1"},"description":"Pre\u0300s de 300 femmes leaders se sont engage\u0301es dans une lutte acharne\u0301e contre l'insalubrite\u0301 a\u0300 Douala, sous la coordina ...","breadcrumb":{"@id":"https:\/\/www.africa-press.net\/cameroun\/politique\/douala-la-guerre-est-declaree#breadcrumb"},"inLanguage":"fr-FR","potentialAction":[{"@type":"ReadAction","target":["https:\/\/www.africa-press.net\/cameroun\/politique\/douala-la-guerre-est-declaree"]}]},{"@type":"ImageObject","inLanguage":"fr-FR","@id":"https:\/\/www.africa-press.net\/cameroun\/politique\/douala-la-guerre-est-declaree#primaryimage","url":"https:\/\/static.africa-press.net\/cameroun\/sites\/57\/2024\/01\/sm_1704995657.549915.jpg","contentUrl":"https:\/\/static.africa-press.net\/cameroun\/sites\/57\/2024\/01\/sm_1704995657.549915.jpg","width":720,"height":279,"caption":"Douala: la Guerre Est De\u0301clare\u0301e"},{"@type":"BreadcrumbList","@id":"https:\/\/www.africa-press.net\/cameroun\/politique\/douala-la-guerre-est-declaree#breadcrumb","itemListElement":[{"@type":"ListItem","position":1,"name":"Accueil","item":"https:\/\/www.africa-press.net\/cameroun\/"},{"@type":"ListItem","position":2,"name":"Douala: la Guerre Est De\u0301clare\u0301e"}]},{"@type":"WebSite","@id":"https:\/\/www.africa-press.net\/cameroun\/#website","url":"https:\/\/www.africa-press.net\/cameroun\/","name":"Cameroun","description":"Just another Africa News Agency Sites site","potentialAction":[{"@type":"SearchAction","target":{"@type":"EntryPoint","urlTemplate":"https:\/\/www.africa-press.net\/cameroun\/?s={search_term_string}"},"query-input":{"@type":"PropertyValueSpecification","valueRequired":true,"valueName":"search_term_string"}}],"inLanguage":"fr-FR"},{"@type":"Person","@id":"https:\/\/www.africa-press.net\/cameroun\/#\/schema\/person\/2b1cf3cd81a31e3cd26889ca66d677f1","name":"cfeditorfr"}]}},"_links":{"self":[{"href":"https:\/\/www.africa-press.net\/cameroun\/wp-json\/wp\/v2\/posts\/60252","targetHints":{"allow":["GET"]}}],"collection":[{"href":"https:\/\/www.africa-press.net\/cameroun\/wp-json\/wp\/v2\/posts"}],"about":[{"href":"https:\/\/www.africa-press.net\/cameroun\/wp-json\/wp\/v2\/types\/post"}],"author":[{"embeddable":true,"href":"https:\/\/www.africa-press.net\/cameroun\/wp-json\/wp\/v2\/users\/82"}],"replies":[{"embeddable":true,"href":"https:\/\/www.africa-press.net\/cameroun\/wp-json\/wp\/v2\/comments?post=60252"}],"version-history":[{"count":0,"href":"https:\/\/www.africa-press.net\/cameroun\/wp-json\/wp\/v2\/posts\/60252\/revisions"}],"wp:featuredmedia":[{"embeddable":true,"href":"https:\/\/www.africa-press.net\/cameroun\/wp-json\/wp\/v2\/media\/60251"}],"wp:attachment":[{"href":"https:\/\/www.africa-press.net\/cameroun\/wp-json\/wp\/v2\/media?parent=60252"}],"wp:term":[{"taxonomy":"category","embeddable":true,"href":"https:\/\/www.africa-press.net\/cameroun\/wp-json\/wp\/v2\/categories?post=60252"},{"taxonomy":"post_tag","embeddable":true,"href":"https:\/\/www.africa-press.net\/cameroun\/wp-json\/wp\/v2\/tags?post=60252"}],"curies":[{"name":"wp","href":"https:\/\/api.w.org\/{rel}","templated":true}]}}