{"id":60255,"date":"2024-01-11T21:02:34","date_gmt":"2024-01-11T21:02:34","guid":{"rendered":"https:\/\/www.africa-press.net\/cameroun\/politique\/les-terroristes-prennent-en-otage-plusieurs-hauts-fonctionnaires"},"modified":"2024-01-11T21:29:55","modified_gmt":"2024-01-11T21:29:55","slug":"les-terroristes-prennent-en-otage-plusieurs-hauts-fonctionnaires","status":"publish","type":"post","link":"https:\/\/www.africa-press.net\/cameroun\/toutes-les-actualites\/les-terroristes-prennent-en-otage-plusieurs-hauts-fonctionnaires","title":{"rendered":"Les Terroristes Prennent en Otage plusieurs Hauts Fonctionnaires"},"content":{"rendered":"<p><span style=\"color: #ff6600\"><strong>Africa-Press &#8211; Cameroun. <\/strong><\/span>Dans un acte choquant et inquie\u0301tant, trois travailleurs humanitaires de l&rsquo;ONG Premie\u0300re Urgence, Djenabou Gambo, Tedonfoue Cabrel, et Ahmat Ali, ont e\u0301te\u0301 enleve\u0301s par le groupe terroriste Boko Haram dans la localite\u0301 de Kossa. Ces de\u0301voue\u0301s humanitaires e\u0301taient en mission pour surveiller la situation des enfants souffrant de malnutrition dans la re\u0301gion, mettant en lumie\u0300re les risques que courent ceux qui se consacrent a\u0300 soulager la de\u0301tresse des populations vulne\u0301rables.<\/p>\n<p>L&rsquo;enle\u0300vement a eu lieu a\u0300 proximite\u0301 de la base militaire du BIR, soulignant la te\u0301nacite\u0301 de la menace terroriste dans la re\u0301gion, malgre\u0301 les efforts des forces de se\u0301curite\u0301. La localite\u0301 de Kossa est depuis longtemps conside\u0301re\u0301e comme une zone a\u0300 haut risque, enregistrant plus d&rsquo;une centaine de pertes humaines et de nombreux enle\u0300vements depuis le de\u0301but de la guerre contre Boko Haram.<\/p>\n<p>La situation se\u0301curitaire dans la re\u0301gion soule\u0300ve des pre\u0301occupations majeures, et cet enle\u0300vement re\u0301cent met en e\u0301vidence la ne\u0301cessite\u0301 d&rsquo;une action coordonne\u0301e pour faire face a\u0300 la menace persistante du groupe terroriste. Les travailleurs humanitaires risquent leur vie pour apporter une aide cruciale aux communaute\u0301s touche\u0301es, et de tels actes de violence entravent conside\u0301rablement les efforts visant a\u0300 soulager la souffrance des populations locales.<\/p>\n<p>A\u0300 ce jour, aucune revendication officielle n&rsquo;a e\u0301te\u0301 e\u0301mise par le groupe Boko Haram, laissant les familles des travailleurs humanitaires kidnappe\u0301s dans l&rsquo;incertitude et suscitant des inquie\u0301tudes quant au sort de ces personnes de\u0301voue\u0301es. Les autorite\u0301s locales et internationales doivent intensifier leurs efforts pour assurer la libe\u0301ration su\u0302re et rapide de ces humanitaires et pour renforcer la se\u0301curite\u0301 dans la re\u0301gion afin de prote\u0301ger ceux qui continuent de servir les communaute\u0301s vulne\u0301rables malgre\u0301 les dangers persistants.<\/p>\n<p><strong>Pour plus d&rsquo;informations et d&rsquo;analyses sur la <a href=\"https:\/\/www.africa-press.net\/cameroun\">Cameroun<\/a>, suivez <a href=\"https:\/\/www.africa-press.net\/\">Africa-Press<\/a><\/strong><\/p>\n","protected":false},"excerpt":{"rendered":"<p>Africa-Press &#8211; Cameroun. Dans un acte choquant et inquie\u0301tant, trois travailleurs humanitaires de l&rsquo;ONG Premie\u0300re Urgence, Djenabou Gambo, Tedonfoue Cabrel, et Ahmat Ali, ont e\u0301te\u0301 enleve\u0301s par le groupe terroriste Boko Haram dans la localite\u0301 de Kossa. Ces de\u0301voue\u0301s humanitaires e\u0301taient en mission pour surveiller la situation des enfants souffrant de malnutrition dans la re\u0301gion, [&hellip;]<\/p>\n","protected":false},"author":82,"featured_media":60254,"comment_status":"open","ping_status":"closed","sticky":false,"template":"","format":"standard","meta":{"footnotes":""},"categories":[21,10],"tags":[36,50,49],"class_list":["post-60255","post","type-post","status-publish","format-standard","has-post-thumbnail","hentry","category-communaute","category-toutes-les-actualites","tag-africa-press","tag-africa-press-cameroun","tag-cameroun"],"yoast_head":"<!-- This site is optimized with the Yoast SEO Premium plugin v26.1 (Yoast SEO v27.0) - https:\/\/yoast.com\/product\/yoast-seo-premium-wordpress\/ -->\n<title>Les Terroristes Prennent en Otage plusieurs Hauts Fonctionnaires - Cameroun<\/title>\n<meta name=\"description\" content=\"Dans un acte choquant et inquie\u0301tant, trois travailleurs humanitaires de l&#039;ONG Premie\u0300re Urgence, Djenabou Gambo, Tedonf ...\" \/>\n<meta name=\"robots\" content=\"index, follow, max-snippet:-1, max-image-preview:large, max-video-preview:-1\" \/>\n<link rel=\"canonical\" href=\"https:\/\/www.africa-press.net\/cameroun\/toutes-les-actualites\/les-terroristes-prennent-en-otage-plusieurs-hauts-fonctionnaires\" \/>\n<meta property=\"og:locale\" content=\"fr_FR\" \/>\n<meta property=\"og:type\" content=\"article\" \/>\n<meta property=\"og:title\" content=\"Les Terroristes Prennent en Otage plusieurs Hauts Fonctionnaires\" \/>\n<meta property=\"og:description\" content=\"Dans un acte choquant et inquie\u0301tant, trois travailleurs humanitaires de l&#039;ONG Premie\u0300re Urgence, Djenabou Gambo, Tedonf ...\" \/>\n<meta property=\"og:url\" content=\"https:\/\/www.africa-press.net\/cameroun\/toutes-les-actualites\/les-terroristes-prennent-en-otage-plusieurs-hauts-fonctionnaires\" \/>\n<meta property=\"og:site_name\" content=\"Cameroun\" \/>\n<meta property=\"article:published_time\" content=\"2024-01-11T21:02:34+00:00\" \/>\n<meta property=\"article:modified_time\" content=\"2024-01-11T21:29:55+00:00\" \/>\n<meta property=\"og:image\" content=\"https:\/\/static.africa-press.net\/cameroun\/sites\/57\/2024\/01\/sm_1704995716.329463.jpg\" \/>\n\t<meta property=\"og:image:width\" content=\"720\" \/>\n\t<meta property=\"og:image:height\" content=\"493\" \/>\n\t<meta property=\"og:image:type\" content=\"image\/jpeg\" \/>\n<meta name=\"author\" content=\"cfeditorfr\" \/>\n<meta name=\"twitter:card\" content=\"summary_large_image\" \/>\n<meta name=\"twitter:label1\" content=\"\u00c9crit par\" \/>\n\t<meta name=\"twitter:data1\" content=\"cfeditorfr\" \/>\n\t<meta name=\"twitter:label2\" content=\"Dur\u00e9e de lecture estim\u00e9e\" \/>\n\t<meta name=\"twitter:data2\" content=\"2 minutes\" \/>\n<script type=\"application\/ld+json\" class=\"yoast-schema-graph\">{\"@context\":\"https:\/\/schema.org\",\"@graph\":[{\"@type\":\"Article\",\"@id\":\"https:\/\/www.africa-press.net\/cameroun\/toutes-les-actualites\/les-terroristes-prennent-en-otage-plusieurs-hauts-fonctionnaires#article\",\"isPartOf\":{\"@id\":\"https:\/\/www.africa-press.net\/cameroun\/toutes-les-actualites\/les-terroristes-prennent-en-otage-plusieurs-hauts-fonctionnaires\"},\"author\":{\"name\":\"cfeditorfr\",\"@id\":\"https:\/\/www.africa-press.net\/cameroun\/#\/schema\/person\/2b1cf3cd81a31e3cd26889ca66d677f1\"},\"headline\":\"Les Terroristes Prennent en Otage plusieurs Hauts Fonctionnaires\",\"datePublished\":\"2024-01-11T21:02:34+00:00\",\"dateModified\":\"2024-01-11T21:29:55+00:00\",\"mainEntityOfPage\":{\"@id\":\"https:\/\/www.africa-press.net\/cameroun\/toutes-les-actualites\/les-terroristes-prennent-en-otage-plusieurs-hauts-fonctionnaires\"},\"wordCount\":347,\"commentCount\":0,\"image\":{\"@id\":\"https:\/\/www.africa-press.net\/cameroun\/toutes-les-actualites\/les-terroristes-prennent-en-otage-plusieurs-hauts-fonctionnaires#primaryimage\"},\"thumbnailUrl\":\"https:\/\/static.africa-press.net\/cameroun\/sites\/57\/2024\/01\/sm_1704995716.329463.jpg\",\"keywords\":[\"Africa Press\",\"Africa Press-Cameroun\",\"Cameroun\"],\"articleSection\":[\"Communaut\u00e9\",\"Toutes les actualit\u00e9s\"],\"inLanguage\":\"fr-FR\",\"potentialAction\":[{\"@type\":\"CommentAction\",\"name\":\"Comment\",\"target\":[\"https:\/\/www.africa-press.net\/cameroun\/toutes-les-actualites\/les-terroristes-prennent-en-otage-plusieurs-hauts-fonctionnaires#respond\"]}]},{\"@type\":\"WebPage\",\"@id\":\"https:\/\/www.africa-press.net\/cameroun\/toutes-les-actualites\/les-terroristes-prennent-en-otage-plusieurs-hauts-fonctionnaires\",\"url\":\"https:\/\/www.africa-press.net\/cameroun\/toutes-les-actualites\/les-terroristes-prennent-en-otage-plusieurs-hauts-fonctionnaires\",\"name\":\"Les Terroristes Prennent en Otage plusieurs Hauts Fonctionnaires - Cameroun\",\"isPartOf\":{\"@id\":\"https:\/\/www.africa-press.net\/cameroun\/#website\"},\"primaryImageOfPage\":{\"@id\":\"https:\/\/www.africa-press.net\/cameroun\/toutes-les-actualites\/les-terroristes-prennent-en-otage-plusieurs-hauts-fonctionnaires#primaryimage\"},\"image\":{\"@id\":\"https:\/\/www.africa-press.net\/cameroun\/toutes-les-actualites\/les-terroristes-prennent-en-otage-plusieurs-hauts-fonctionnaires#primaryimage\"},\"thumbnailUrl\":\"https:\/\/static.africa-press.net\/cameroun\/sites\/57\/2024\/01\/sm_1704995716.329463.jpg\",\"datePublished\":\"2024-01-11T21:02:34+00:00\",\"dateModified\":\"2024-01-11T21:29:55+00:00\",\"author\":{\"@id\":\"https:\/\/www.africa-press.net\/cameroun\/#\/schema\/person\/2b1cf3cd81a31e3cd26889ca66d677f1\"},\"description\":\"Dans un acte choquant et inquie\u0301tant, trois travailleurs humanitaires de l'ONG Premie\u0300re Urgence, Djenabou Gambo, Tedonf ...\",\"breadcrumb\":{\"@id\":\"https:\/\/www.africa-press.net\/cameroun\/toutes-les-actualites\/les-terroristes-prennent-en-otage-plusieurs-hauts-fonctionnaires#breadcrumb\"},\"inLanguage\":\"fr-FR\",\"potentialAction\":[{\"@type\":\"ReadAction\",\"target\":[\"https:\/\/www.africa-press.net\/cameroun\/toutes-les-actualites\/les-terroristes-prennent-en-otage-plusieurs-hauts-fonctionnaires\"]}]},{\"@type\":\"ImageObject\",\"inLanguage\":\"fr-FR\",\"@id\":\"https:\/\/www.africa-press.net\/cameroun\/toutes-les-actualites\/les-terroristes-prennent-en-otage-plusieurs-hauts-fonctionnaires#primaryimage\",\"url\":\"https:\/\/static.africa-press.net\/cameroun\/sites\/57\/2024\/01\/sm_1704995716.329463.jpg\",\"contentUrl\":\"https:\/\/static.africa-press.net\/cameroun\/sites\/57\/2024\/01\/sm_1704995716.329463.jpg\",\"width\":720,\"height\":493,\"caption\":\"Les Terroristes Prennent en Otage plusieurs Hauts Fonctionnaires\"},{\"@type\":\"BreadcrumbList\",\"@id\":\"https:\/\/www.africa-press.net\/cameroun\/toutes-les-actualites\/les-terroristes-prennent-en-otage-plusieurs-hauts-fonctionnaires#breadcrumb\",\"itemListElement\":[{\"@type\":\"ListItem\",\"position\":1,\"name\":\"Accueil\",\"item\":\"https:\/\/www.africa-press.net\/cameroun\/\"},{\"@type\":\"ListItem\",\"position\":2,\"name\":\"Les Terroristes Prennent en Otage plusieurs Hauts Fonctionnaires\"}]},{\"@type\":\"WebSite\",\"@id\":\"https:\/\/www.africa-press.net\/cameroun\/#website\",\"url\":\"https:\/\/www.africa-press.net\/cameroun\/\",\"name\":\"Cameroun\",\"description\":\"Just another Africa News Agency Sites site\",\"potentialAction\":[{\"@type\":\"SearchAction\",\"target\":{\"@type\":\"EntryPoint\",\"urlTemplate\":\"https:\/\/www.africa-press.net\/cameroun\/?s={search_term_string}\"},\"query-input\":{\"@type\":\"PropertyValueSpecification\",\"valueRequired\":true,\"valueName\":\"search_term_string\"}}],\"inLanguage\":\"fr-FR\"},{\"@type\":\"Person\",\"@id\":\"https:\/\/www.africa-press.net\/cameroun\/#\/schema\/person\/2b1cf3cd81a31e3cd26889ca66d677f1\",\"name\":\"cfeditorfr\"}]}<\/script>\n<!-- \/ Yoast SEO Premium plugin. -->","yoast_head_json":{"title":"Les Terroristes Prennent en Otage plusieurs Hauts Fonctionnaires - Cameroun","description":"Dans un acte choquant et inquie\u0301tant, trois travailleurs humanitaires de l'ONG Premie\u0300re Urgence, Djenabou Gambo, Tedonf ...","robots":{"index":"index","follow":"follow","max-snippet":"max-snippet:-1","max-image-preview":"max-image-preview:large","max-video-preview":"max-video-preview:-1"},"canonical":"https:\/\/www.africa-press.net\/cameroun\/toutes-les-actualites\/les-terroristes-prennent-en-otage-plusieurs-hauts-fonctionnaires","og_locale":"fr_FR","og_type":"article","og_title":"Les Terroristes Prennent en Otage plusieurs Hauts Fonctionnaires","og_description":"Dans un acte choquant et inquie\u0301tant, trois travailleurs humanitaires de l'ONG Premie\u0300re Urgence, Djenabou Gambo, Tedonf ...","og_url":"https:\/\/www.africa-press.net\/cameroun\/toutes-les-actualites\/les-terroristes-prennent-en-otage-plusieurs-hauts-fonctionnaires","og_site_name":"Cameroun","article_published_time":"2024-01-11T21:02:34+00:00","article_modified_time":"2024-01-11T21:29:55+00:00","og_image":[{"width":720,"height":493,"url":"https:\/\/static.africa-press.net\/cameroun\/sites\/57\/2024\/01\/sm_1704995716.329463.jpg","type":"image\/jpeg"}],"author":"cfeditorfr","twitter_card":"summary_large_image","twitter_misc":{"\u00c9crit par":"cfeditorfr","Dur\u00e9e de lecture estim\u00e9e":"2 minutes"},"schema":{"@context":"https:\/\/schema.org","@graph":[{"@type":"Article","@id":"https:\/\/www.africa-press.net\/cameroun\/toutes-les-actualites\/les-terroristes-prennent-en-otage-plusieurs-hauts-fonctionnaires#article","isPartOf":{"@id":"https:\/\/www.africa-press.net\/cameroun\/toutes-les-actualites\/les-terroristes-prennent-en-otage-plusieurs-hauts-fonctionnaires"},"author":{"name":"cfeditorfr","@id":"https:\/\/www.africa-press.net\/cameroun\/#\/schema\/person\/2b1cf3cd81a31e3cd26889ca66d677f1"},"headline":"Les Terroristes Prennent en Otage plusieurs Hauts Fonctionnaires","datePublished":"2024-01-11T21:02:34+00:00","dateModified":"2024-01-11T21:29:55+00:00","mainEntityOfPage":{"@id":"https:\/\/www.africa-press.net\/cameroun\/toutes-les-actualites\/les-terroristes-prennent-en-otage-plusieurs-hauts-fonctionnaires"},"wordCount":347,"commentCount":0,"image":{"@id":"https:\/\/www.africa-press.net\/cameroun\/toutes-les-actualites\/les-terroristes-prennent-en-otage-plusieurs-hauts-fonctionnaires#primaryimage"},"thumbnailUrl":"https:\/\/static.africa-press.net\/cameroun\/sites\/57\/2024\/01\/sm_1704995716.329463.jpg","keywords":["Africa Press","Africa Press-Cameroun","Cameroun"],"articleSection":["Communaut\u00e9","Toutes les actualit\u00e9s"],"inLanguage":"fr-FR","potentialAction":[{"@type":"CommentAction","name":"Comment","target":["https:\/\/www.africa-press.net\/cameroun\/toutes-les-actualites\/les-terroristes-prennent-en-otage-plusieurs-hauts-fonctionnaires#respond"]}]},{"@type":"WebPage","@id":"https:\/\/www.africa-press.net\/cameroun\/toutes-les-actualites\/les-terroristes-prennent-en-otage-plusieurs-hauts-fonctionnaires","url":"https:\/\/www.africa-press.net\/cameroun\/toutes-les-actualites\/les-terroristes-prennent-en-otage-plusieurs-hauts-fonctionnaires","name":"Les Terroristes Prennent en Otage plusieurs Hauts Fonctionnaires - Cameroun","isPartOf":{"@id":"https:\/\/www.africa-press.net\/cameroun\/#website"},"primaryImageOfPage":{"@id":"https:\/\/www.africa-press.net\/cameroun\/toutes-les-actualites\/les-terroristes-prennent-en-otage-plusieurs-hauts-fonctionnaires#primaryimage"},"image":{"@id":"https:\/\/www.africa-press.net\/cameroun\/toutes-les-actualites\/les-terroristes-prennent-en-otage-plusieurs-hauts-fonctionnaires#primaryimage"},"thumbnailUrl":"https:\/\/static.africa-press.net\/cameroun\/sites\/57\/2024\/01\/sm_1704995716.329463.jpg","datePublished":"2024-01-11T21:02:34+00:00","dateModified":"2024-01-11T21:29:55+00:00","author":{"@id":"https:\/\/www.africa-press.net\/cameroun\/#\/schema\/person\/2b1cf3cd81a31e3cd26889ca66d677f1"},"description":"Dans un acte choquant et inquie\u0301tant, trois travailleurs humanitaires de l'ONG Premie\u0300re Urgence, Djenabou Gambo, Tedonf ...","breadcrumb":{"@id":"https:\/\/www.africa-press.net\/cameroun\/toutes-les-actualites\/les-terroristes-prennent-en-otage-plusieurs-hauts-fonctionnaires#breadcrumb"},"inLanguage":"fr-FR","potentialAction":[{"@type":"ReadAction","target":["https:\/\/www.africa-press.net\/cameroun\/toutes-les-actualites\/les-terroristes-prennent-en-otage-plusieurs-hauts-fonctionnaires"]}]},{"@type":"ImageObject","inLanguage":"fr-FR","@id":"https:\/\/www.africa-press.net\/cameroun\/toutes-les-actualites\/les-terroristes-prennent-en-otage-plusieurs-hauts-fonctionnaires#primaryimage","url":"https:\/\/static.africa-press.net\/cameroun\/sites\/57\/2024\/01\/sm_1704995716.329463.jpg","contentUrl":"https:\/\/static.africa-press.net\/cameroun\/sites\/57\/2024\/01\/sm_1704995716.329463.jpg","width":720,"height":493,"caption":"Les Terroristes Prennent en Otage plusieurs Hauts Fonctionnaires"},{"@type":"BreadcrumbList","@id":"https:\/\/www.africa-press.net\/cameroun\/toutes-les-actualites\/les-terroristes-prennent-en-otage-plusieurs-hauts-fonctionnaires#breadcrumb","itemListElement":[{"@type":"ListItem","position":1,"name":"Accueil","item":"https:\/\/www.africa-press.net\/cameroun\/"},{"@type":"ListItem","position":2,"name":"Les Terroristes Prennent en Otage plusieurs Hauts Fonctionnaires"}]},{"@type":"WebSite","@id":"https:\/\/www.africa-press.net\/cameroun\/#website","url":"https:\/\/www.africa-press.net\/cameroun\/","name":"Cameroun","description":"Just another Africa News Agency Sites site","potentialAction":[{"@type":"SearchAction","target":{"@type":"EntryPoint","urlTemplate":"https:\/\/www.africa-press.net\/cameroun\/?s={search_term_string}"},"query-input":{"@type":"PropertyValueSpecification","valueRequired":true,"valueName":"search_term_string"}}],"inLanguage":"fr-FR"},{"@type":"Person","@id":"https:\/\/www.africa-press.net\/cameroun\/#\/schema\/person\/2b1cf3cd81a31e3cd26889ca66d677f1","name":"cfeditorfr"}]}},"_links":{"self":[{"href":"https:\/\/www.africa-press.net\/cameroun\/wp-json\/wp\/v2\/posts\/60255","targetHints":{"allow":["GET"]}}],"collection":[{"href":"https:\/\/www.africa-press.net\/cameroun\/wp-json\/wp\/v2\/posts"}],"about":[{"href":"https:\/\/www.africa-press.net\/cameroun\/wp-json\/wp\/v2\/types\/post"}],"author":[{"embeddable":true,"href":"https:\/\/www.africa-press.net\/cameroun\/wp-json\/wp\/v2\/users\/82"}],"replies":[{"embeddable":true,"href":"https:\/\/www.africa-press.net\/cameroun\/wp-json\/wp\/v2\/comments?post=60255"}],"version-history":[{"count":0,"href":"https:\/\/www.africa-press.net\/cameroun\/wp-json\/wp\/v2\/posts\/60255\/revisions"}],"wp:featuredmedia":[{"embeddable":true,"href":"https:\/\/www.africa-press.net\/cameroun\/wp-json\/wp\/v2\/media\/60254"}],"wp:attachment":[{"href":"https:\/\/www.africa-press.net\/cameroun\/wp-json\/wp\/v2\/media?parent=60255"}],"wp:term":[{"taxonomy":"category","embeddable":true,"href":"https:\/\/www.africa-press.net\/cameroun\/wp-json\/wp\/v2\/categories?post=60255"},{"taxonomy":"post_tag","embeddable":true,"href":"https:\/\/www.africa-press.net\/cameroun\/wp-json\/wp\/v2\/tags?post=60255"}],"curies":[{"name":"wp","href":"https:\/\/api.w.org\/{rel}","templated":true}]}}