{"id":60258,"date":"2024-01-11T21:02:58","date_gmt":"2024-01-11T21:02:58","guid":{"rendered":"https:\/\/www.africa-press.net\/cameroun\/politique\/le-cameroun-et-le-senegal-peuvent-ils-etre-elimines-en-poule"},"modified":"2024-01-11T21:31:02","modified_gmt":"2024-01-11T21:31:02","slug":"le-cameroun-et-le-senegal-peuvent-ils-etre-elimines-en-poule","status":"publish","type":"post","link":"https:\/\/www.africa-press.net\/cameroun\/sports\/le-cameroun-et-le-senegal-peuvent-ils-etre-elimines-en-poule","title":{"rendered":"Le Cameroun et le Se\u0301ne\u0301gal Peuvent-Ils E\u0302Tre E\u0301limine\u0301s en Poule ?"},"content":{"rendered":"<p><span style=\"color: #ff6600\"><strong>Africa-Press &#8211; Cameroun. <\/strong><\/span><b>Qui va remporter la CAN 2023 ? La compe\u0301tition la plus inde\u0301cise du football moderne a repris ses droits. D\u2019un co\u0302te\u0301, le Cameroun, quintuple champion d\u2019Afrique, va tenter de ramener un septie\u0300me trophe\u0301e a\u0300 la maison et de se rapprocher de l\u2019Egypte, sept fois vainqueur.<\/b><\/p>\n<p>De l\u2019autre, le Se\u0301ne\u0301gal, actuel tenant du titre, se voit bien re\u0301aliser un double\u0301 que d\u2019autres nations ont re\u0301alise\u0301 avant elle. Pour y parvenir, ces deux poids lourds du football vont devoir sortir du me\u0302me groupe C. La Guine\u0301e et la Gambie pourraient-elles ga\u0302cher la fe\u0302te ?<\/p>\n<p><b>H2 Quel risque pour une e\u0301limination en poule ? <\/b><\/p>\n<p>Les phases de groupe d\u2019une grande compe\u0301tition sont des rencontres particulie\u0300rement inde\u0301cises. La coupe du monde 2022 sera toujours la\u0300 pour nous le rappeler. Qui aurait parie\u0301 sur l\u2019Arabie Saoudite contre l\u2019Argentine ? Qui aurait parie\u0301 sur la Core\u0301e du Sud contre le Portugal, sur le Japon contre l\u2019Espagne ou encore sur la Tunisie contre le France ?<\/p>\n<p>Dans ce groupe C de la Coupe d\u2019Afrique des Nations 2023, c\u2019est la me\u0302me chose. Qui parierait la Gambie ou la Guine\u0301e contre le Cameroun et le Se\u0301ne\u0301gal ? En tout cas, dans les paris sportifs au Se\u0301ne\u0301gal, pas grand monde ne donne nos deux cadors du continent perdants.<\/p>\n<p>Pourtant, le risque d\u2019un faux pas est grand. Peut-e\u0302tre plus encore pour le Cameroun que pour le Se\u0301ne\u0301gal, mais nous y reviendront. Si les Lions indomptables ont remporte\u0301 leur dernie\u0300re confrontation face a\u0300 la Gambie, au mois de janvier 2022, ce petit pays est parvenu a\u0300 sortir un beau match nul contre l\u2019Arabie Saoudite d\u2019Herve\u0301 Renard. Celle-la\u0300 me\u0302me qui, 6 mois plus tard, renversera l\u2019Argentine.<\/p>\n<p>C\u2019est exactement pareil pour la Guine\u0301e, dont la dernie\u0300re de\u0301faite remonte au mois de juin 2023 et une courte de\u0301faite contre l\u2019Egypte 2-1.<\/p>\n<p><b>H2 Le Cameroun a-t-il les moyens de ses ambitions ? <\/b><\/p>\n<p>Ce qui est inde\u0301niable, c\u2019est que le Cameroun aborde la compe\u0301tition su\u0302re de lui-me\u0302me. Peut-e\u0302tre me\u0302me un peu trop. A l\u2019image de son gardien de but titulaire, Andre\u0301 Onana, qui pre\u0301fe\u0300re manquer le rendez-vous contre la Guine\u0301e pour jouer un match de championnat avec Manchester United. Pourtant, son e\u0301quipe est un timide 8e\u0300me de Premier League, a\u0300 plus de 14 unite\u0301s du champion d\u2019automne.<\/p>\n<p>Et le moins que l\u2019on puisse dire, c\u2019est qu\u2019il n\u2019est vraiment pas presse\u0301 de rejoindre la Co\u0302te d\u2019Ivoire. C\u2019est en effet la deuxie\u0300me fois que le portier repousse la date de son voyage. La premie\u0300re fois, c\u2019e\u0301tait pour participer a\u0300 un match de coupe contre Wigan, un club de troisie\u0300me division. Indispensable ?<\/p>\n<p>Le message envoye\u0301 par Andre\u0301 Onana laisse songeur. Soit Le Cameroun pense pouvoir rouler sur la compe\u0301tition reine du continent, soit il conside\u0300re que le Cameroun n\u2019ira franchement pas loin. Pas su\u0302r que Karl Toko-Ekambi, Enzo Tchato et Zambo Anguissa pensent comme lui.<\/p>\n<p><b>H2 Le Se\u0301ne\u0301gal va-t-il doubler la mise ? <\/b><\/p>\n<p>Les hommes d\u2019Aliou Cisse\u0301, eux, sont pre\u0302ts, mais pas non plus au complet. Ce dont il re\u0302ve plus que tout, c\u2019est de briser la male\u0301diction de la CAN depuis le triple\u0301 de l\u2019Egypte en 2010. Depuis, plus aucune nation n\u2019a garde\u0301 sa couronne.<\/p>\n<p>Si Edouard Mendy, gardien de gala du co\u0302te\u0301 de l\u2019AC Milan, est de\u0301ja\u0300 pre\u0301sent a\u0300 Yamoussoukro, la se\u0301lection se\u0301ne\u0301galaise est passe\u0301e par une se\u0301rie noire. 6 joueurs se sont blesse\u0301s juste avant la compe\u0301tition, dont Idrissa Gueye, Nampalys Mendy ou encore Se\u0301ny Dieng.<\/p>\n<p>Une he\u0301catombe qui pourrait bien de\u0301stabiliser cette e\u0301quipe. Surtout que le groupe C peut se re\u0301ve\u0301ler e\u0302tre un pie\u0300ge. Ce n\u2019est pas Souleymane Diwara, l\u2019ancien international Se\u0301ne\u0301galais qui dira le contraire. Lui qui, dans une re\u0301cente interview, a re\u0301ve\u0301le\u0301 voir la Guine\u0301e comme un outsider se\u0301rieux.<\/p>\n<p><strong>Pour plus d&rsquo;informations et d&rsquo;analyses sur la <a href=\"https:\/\/www.africa-press.net\/cameroun\">Cameroun<\/a>, suivez <a href=\"https:\/\/www.africa-press.net\/\">Africa-Press<\/a><\/strong><\/p>\n","protected":false},"excerpt":{"rendered":"<p>Africa-Press &#8211; Cameroun. Qui va remporter la CAN 2023 ? La compe\u0301tition la plus inde\u0301cise du football moderne a repris ses droits. D\u2019un co\u0302te\u0301, le Cameroun, quintuple champion d\u2019Afrique, va tenter de ramener un septie\u0300me trophe\u0301e a\u0300 la maison et de se rapprocher de l\u2019Egypte, sept fois vainqueur. De l\u2019autre, le Se\u0301ne\u0301gal, actuel tenant du [&hellip;]<\/p>\n","protected":false},"author":82,"featured_media":60256,"comment_status":"open","ping_status":"closed","sticky":false,"template":"","format":"standard","meta":{"footnotes":""},"categories":[6,10],"tags":[36,50,49],"class_list":["post-60258","post","type-post","status-publish","format-standard","has-post-thumbnail","hentry","category-sports","category-toutes-les-actualites","tag-africa-press","tag-africa-press-cameroun","tag-cameroun"],"yoast_head":"<!-- This site is optimized with the Yoast SEO Premium plugin v26.1 (Yoast SEO v27.0) - https:\/\/yoast.com\/product\/yoast-seo-premium-wordpress\/ -->\n<title>Le Cameroun et le Se\u0301ne\u0301gal Peuvent-Ils E\u0302Tre E\u0301limine\u0301s en Poule ? - Cameroun<\/title>\n<meta name=\"description\" content=\"Qui va remporter la CAN 2023 ? La compe\u0301tition la plus inde\u0301cise du football moderne a repris ses droits. D\u2019un co\u0302te\u0301 ...\" \/>\n<meta name=\"robots\" content=\"index, follow, max-snippet:-1, max-image-preview:large, max-video-preview:-1\" \/>\n<link rel=\"canonical\" href=\"https:\/\/www.africa-press.net\/cameroun\/sports\/le-cameroun-et-le-senegal-peuvent-ils-etre-elimines-en-poule\" \/>\n<meta property=\"og:locale\" content=\"fr_FR\" \/>\n<meta property=\"og:type\" content=\"article\" \/>\n<meta property=\"og:title\" content=\"Le Cameroun et le Se\u0301ne\u0301gal Peuvent-Ils E\u0302Tre E\u0301limine\u0301s en Poule ?\" \/>\n<meta property=\"og:description\" content=\"Qui va remporter la CAN 2023 ? La compe\u0301tition la plus inde\u0301cise du football moderne a repris ses droits. D\u2019un co\u0302te\u0301 ...\" \/>\n<meta property=\"og:url\" content=\"https:\/\/www.africa-press.net\/cameroun\/sports\/le-cameroun-et-le-senegal-peuvent-ils-etre-elimines-en-poule\" \/>\n<meta property=\"og:site_name\" content=\"Cameroun\" \/>\n<meta property=\"article:published_time\" content=\"2024-01-11T21:02:58+00:00\" \/>\n<meta property=\"article:modified_time\" content=\"2024-01-11T21:31:02+00:00\" \/>\n<meta property=\"og:image\" content=\"https:\/\/static.africa-press.net\/cameroun\/sites\/57\/2024\/01\/sm_1704995767.219433.jpg\" \/>\n\t<meta property=\"og:image:width\" content=\"780\" \/>\n\t<meta property=\"og:image:height\" content=\"440\" \/>\n\t<meta property=\"og:image:type\" content=\"image\/jpeg\" \/>\n<meta name=\"author\" content=\"cfeditorfr\" \/>\n<meta name=\"twitter:card\" content=\"summary_large_image\" \/>\n<meta name=\"twitter:label1\" content=\"\u00c9crit par\" \/>\n\t<meta name=\"twitter:data1\" content=\"cfeditorfr\" \/>\n\t<meta name=\"twitter:label2\" content=\"Dur\u00e9e de lecture estim\u00e9e\" \/>\n\t<meta name=\"twitter:data2\" content=\"4 minutes\" \/>\n<script type=\"application\/ld+json\" class=\"yoast-schema-graph\">{\"@context\":\"https:\/\/schema.org\",\"@graph\":[{\"@type\":\"Article\",\"@id\":\"https:\/\/www.africa-press.net\/cameroun\/sports\/le-cameroun-et-le-senegal-peuvent-ils-etre-elimines-en-poule#article\",\"isPartOf\":{\"@id\":\"https:\/\/www.africa-press.net\/cameroun\/sports\/le-cameroun-et-le-senegal-peuvent-ils-etre-elimines-en-poule\"},\"author\":{\"name\":\"cfeditorfr\",\"@id\":\"https:\/\/www.africa-press.net\/cameroun\/#\/schema\/person\/2b1cf3cd81a31e3cd26889ca66d677f1\"},\"headline\":\"Le Cameroun et le Se\u0301ne\u0301gal Peuvent-Ils E\u0302Tre E\u0301limine\u0301s en Poule ?\",\"datePublished\":\"2024-01-11T21:02:58+00:00\",\"dateModified\":\"2024-01-11T21:31:02+00:00\",\"mainEntityOfPage\":{\"@id\":\"https:\/\/www.africa-press.net\/cameroun\/sports\/le-cameroun-et-le-senegal-peuvent-ils-etre-elimines-en-poule\"},\"wordCount\":736,\"commentCount\":0,\"image\":{\"@id\":\"https:\/\/www.africa-press.net\/cameroun\/sports\/le-cameroun-et-le-senegal-peuvent-ils-etre-elimines-en-poule#primaryimage\"},\"thumbnailUrl\":\"https:\/\/static.africa-press.net\/cameroun\/sites\/57\/2024\/01\/sm_1704995767.219433.jpg\",\"keywords\":[\"Africa Press\",\"Africa Press-Cameroun\",\"Cameroun\"],\"articleSection\":[\"Sports\",\"Toutes les actualit\u00e9s\"],\"inLanguage\":\"fr-FR\",\"potentialAction\":[{\"@type\":\"CommentAction\",\"name\":\"Comment\",\"target\":[\"https:\/\/www.africa-press.net\/cameroun\/sports\/le-cameroun-et-le-senegal-peuvent-ils-etre-elimines-en-poule#respond\"]}]},{\"@type\":\"WebPage\",\"@id\":\"https:\/\/www.africa-press.net\/cameroun\/sports\/le-cameroun-et-le-senegal-peuvent-ils-etre-elimines-en-poule\",\"url\":\"https:\/\/www.africa-press.net\/cameroun\/sports\/le-cameroun-et-le-senegal-peuvent-ils-etre-elimines-en-poule\",\"name\":\"Le Cameroun et le Se\u0301ne\u0301gal Peuvent-Ils E\u0302Tre E\u0301limine\u0301s en Poule ? - Cameroun\",\"isPartOf\":{\"@id\":\"https:\/\/www.africa-press.net\/cameroun\/#website\"},\"primaryImageOfPage\":{\"@id\":\"https:\/\/www.africa-press.net\/cameroun\/sports\/le-cameroun-et-le-senegal-peuvent-ils-etre-elimines-en-poule#primaryimage\"},\"image\":{\"@id\":\"https:\/\/www.africa-press.net\/cameroun\/sports\/le-cameroun-et-le-senegal-peuvent-ils-etre-elimines-en-poule#primaryimage\"},\"thumbnailUrl\":\"https:\/\/static.africa-press.net\/cameroun\/sites\/57\/2024\/01\/sm_1704995767.219433.jpg\",\"datePublished\":\"2024-01-11T21:02:58+00:00\",\"dateModified\":\"2024-01-11T21:31:02+00:00\",\"author\":{\"@id\":\"https:\/\/www.africa-press.net\/cameroun\/#\/schema\/person\/2b1cf3cd81a31e3cd26889ca66d677f1\"},\"description\":\"Qui va remporter la CAN 2023 ? La compe\u0301tition la plus inde\u0301cise du football moderne a repris ses droits. D\u2019un co\u0302te\u0301 ...\",\"breadcrumb\":{\"@id\":\"https:\/\/www.africa-press.net\/cameroun\/sports\/le-cameroun-et-le-senegal-peuvent-ils-etre-elimines-en-poule#breadcrumb\"},\"inLanguage\":\"fr-FR\",\"potentialAction\":[{\"@type\":\"ReadAction\",\"target\":[\"https:\/\/www.africa-press.net\/cameroun\/sports\/le-cameroun-et-le-senegal-peuvent-ils-etre-elimines-en-poule\"]}]},{\"@type\":\"ImageObject\",\"inLanguage\":\"fr-FR\",\"@id\":\"https:\/\/www.africa-press.net\/cameroun\/sports\/le-cameroun-et-le-senegal-peuvent-ils-etre-elimines-en-poule#primaryimage\",\"url\":\"https:\/\/static.africa-press.net\/cameroun\/sites\/57\/2024\/01\/sm_1704995767.219433.jpg\",\"contentUrl\":\"https:\/\/static.africa-press.net\/cameroun\/sites\/57\/2024\/01\/sm_1704995767.219433.jpg\",\"width\":780,\"height\":440,\"caption\":\"Le Cameroun et le Se\u0301ne\u0301gal Peuvent-Ils E\u0302Tre E\u0301limine\u0301s en Poule ?\"},{\"@type\":\"BreadcrumbList\",\"@id\":\"https:\/\/www.africa-press.net\/cameroun\/sports\/le-cameroun-et-le-senegal-peuvent-ils-etre-elimines-en-poule#breadcrumb\",\"itemListElement\":[{\"@type\":\"ListItem\",\"position\":1,\"name\":\"Accueil\",\"item\":\"https:\/\/www.africa-press.net\/cameroun\/\"},{\"@type\":\"ListItem\",\"position\":2,\"name\":\"Le Cameroun et le Se\u0301ne\u0301gal Peuvent-Ils E\u0302Tre E\u0301limine\u0301s en Poule ?\"}]},{\"@type\":\"WebSite\",\"@id\":\"https:\/\/www.africa-press.net\/cameroun\/#website\",\"url\":\"https:\/\/www.africa-press.net\/cameroun\/\",\"name\":\"Cameroun\",\"description\":\"Just another Africa News Agency Sites site\",\"potentialAction\":[{\"@type\":\"SearchAction\",\"target\":{\"@type\":\"EntryPoint\",\"urlTemplate\":\"https:\/\/www.africa-press.net\/cameroun\/?s={search_term_string}\"},\"query-input\":{\"@type\":\"PropertyValueSpecification\",\"valueRequired\":true,\"valueName\":\"search_term_string\"}}],\"inLanguage\":\"fr-FR\"},{\"@type\":\"Person\",\"@id\":\"https:\/\/www.africa-press.net\/cameroun\/#\/schema\/person\/2b1cf3cd81a31e3cd26889ca66d677f1\",\"name\":\"cfeditorfr\"}]}<\/script>\n<!-- \/ Yoast SEO Premium plugin. -->","yoast_head_json":{"title":"Le Cameroun et le Se\u0301ne\u0301gal Peuvent-Ils E\u0302Tre E\u0301limine\u0301s en Poule ? - Cameroun","description":"Qui va remporter la CAN 2023 ? La compe\u0301tition la plus inde\u0301cise du football moderne a repris ses droits. D\u2019un co\u0302te\u0301 ...","robots":{"index":"index","follow":"follow","max-snippet":"max-snippet:-1","max-image-preview":"max-image-preview:large","max-video-preview":"max-video-preview:-1"},"canonical":"https:\/\/www.africa-press.net\/cameroun\/sports\/le-cameroun-et-le-senegal-peuvent-ils-etre-elimines-en-poule","og_locale":"fr_FR","og_type":"article","og_title":"Le Cameroun et le Se\u0301ne\u0301gal Peuvent-Ils E\u0302Tre E\u0301limine\u0301s en Poule ?","og_description":"Qui va remporter la CAN 2023 ? La compe\u0301tition la plus inde\u0301cise du football moderne a repris ses droits. D\u2019un co\u0302te\u0301 ...","og_url":"https:\/\/www.africa-press.net\/cameroun\/sports\/le-cameroun-et-le-senegal-peuvent-ils-etre-elimines-en-poule","og_site_name":"Cameroun","article_published_time":"2024-01-11T21:02:58+00:00","article_modified_time":"2024-01-11T21:31:02+00:00","og_image":[{"width":780,"height":440,"url":"https:\/\/static.africa-press.net\/cameroun\/sites\/57\/2024\/01\/sm_1704995767.219433.jpg","type":"image\/jpeg"}],"author":"cfeditorfr","twitter_card":"summary_large_image","twitter_misc":{"\u00c9crit par":"cfeditorfr","Dur\u00e9e de lecture estim\u00e9e":"4 minutes"},"schema":{"@context":"https:\/\/schema.org","@graph":[{"@type":"Article","@id":"https:\/\/www.africa-press.net\/cameroun\/sports\/le-cameroun-et-le-senegal-peuvent-ils-etre-elimines-en-poule#article","isPartOf":{"@id":"https:\/\/www.africa-press.net\/cameroun\/sports\/le-cameroun-et-le-senegal-peuvent-ils-etre-elimines-en-poule"},"author":{"name":"cfeditorfr","@id":"https:\/\/www.africa-press.net\/cameroun\/#\/schema\/person\/2b1cf3cd81a31e3cd26889ca66d677f1"},"headline":"Le Cameroun et le Se\u0301ne\u0301gal Peuvent-Ils E\u0302Tre E\u0301limine\u0301s en Poule ?","datePublished":"2024-01-11T21:02:58+00:00","dateModified":"2024-01-11T21:31:02+00:00","mainEntityOfPage":{"@id":"https:\/\/www.africa-press.net\/cameroun\/sports\/le-cameroun-et-le-senegal-peuvent-ils-etre-elimines-en-poule"},"wordCount":736,"commentCount":0,"image":{"@id":"https:\/\/www.africa-press.net\/cameroun\/sports\/le-cameroun-et-le-senegal-peuvent-ils-etre-elimines-en-poule#primaryimage"},"thumbnailUrl":"https:\/\/static.africa-press.net\/cameroun\/sites\/57\/2024\/01\/sm_1704995767.219433.jpg","keywords":["Africa Press","Africa Press-Cameroun","Cameroun"],"articleSection":["Sports","Toutes les actualit\u00e9s"],"inLanguage":"fr-FR","potentialAction":[{"@type":"CommentAction","name":"Comment","target":["https:\/\/www.africa-press.net\/cameroun\/sports\/le-cameroun-et-le-senegal-peuvent-ils-etre-elimines-en-poule#respond"]}]},{"@type":"WebPage","@id":"https:\/\/www.africa-press.net\/cameroun\/sports\/le-cameroun-et-le-senegal-peuvent-ils-etre-elimines-en-poule","url":"https:\/\/www.africa-press.net\/cameroun\/sports\/le-cameroun-et-le-senegal-peuvent-ils-etre-elimines-en-poule","name":"Le Cameroun et le Se\u0301ne\u0301gal Peuvent-Ils E\u0302Tre E\u0301limine\u0301s en Poule ? - Cameroun","isPartOf":{"@id":"https:\/\/www.africa-press.net\/cameroun\/#website"},"primaryImageOfPage":{"@id":"https:\/\/www.africa-press.net\/cameroun\/sports\/le-cameroun-et-le-senegal-peuvent-ils-etre-elimines-en-poule#primaryimage"},"image":{"@id":"https:\/\/www.africa-press.net\/cameroun\/sports\/le-cameroun-et-le-senegal-peuvent-ils-etre-elimines-en-poule#primaryimage"},"thumbnailUrl":"https:\/\/static.africa-press.net\/cameroun\/sites\/57\/2024\/01\/sm_1704995767.219433.jpg","datePublished":"2024-01-11T21:02:58+00:00","dateModified":"2024-01-11T21:31:02+00:00","author":{"@id":"https:\/\/www.africa-press.net\/cameroun\/#\/schema\/person\/2b1cf3cd81a31e3cd26889ca66d677f1"},"description":"Qui va remporter la CAN 2023 ? La compe\u0301tition la plus inde\u0301cise du football moderne a repris ses droits. D\u2019un co\u0302te\u0301 ...","breadcrumb":{"@id":"https:\/\/www.africa-press.net\/cameroun\/sports\/le-cameroun-et-le-senegal-peuvent-ils-etre-elimines-en-poule#breadcrumb"},"inLanguage":"fr-FR","potentialAction":[{"@type":"ReadAction","target":["https:\/\/www.africa-press.net\/cameroun\/sports\/le-cameroun-et-le-senegal-peuvent-ils-etre-elimines-en-poule"]}]},{"@type":"ImageObject","inLanguage":"fr-FR","@id":"https:\/\/www.africa-press.net\/cameroun\/sports\/le-cameroun-et-le-senegal-peuvent-ils-etre-elimines-en-poule#primaryimage","url":"https:\/\/static.africa-press.net\/cameroun\/sites\/57\/2024\/01\/sm_1704995767.219433.jpg","contentUrl":"https:\/\/static.africa-press.net\/cameroun\/sites\/57\/2024\/01\/sm_1704995767.219433.jpg","width":780,"height":440,"caption":"Le Cameroun et le Se\u0301ne\u0301gal Peuvent-Ils E\u0302Tre E\u0301limine\u0301s en Poule ?"},{"@type":"BreadcrumbList","@id":"https:\/\/www.africa-press.net\/cameroun\/sports\/le-cameroun-et-le-senegal-peuvent-ils-etre-elimines-en-poule#breadcrumb","itemListElement":[{"@type":"ListItem","position":1,"name":"Accueil","item":"https:\/\/www.africa-press.net\/cameroun\/"},{"@type":"ListItem","position":2,"name":"Le Cameroun et le Se\u0301ne\u0301gal Peuvent-Ils E\u0302Tre E\u0301limine\u0301s en Poule ?"}]},{"@type":"WebSite","@id":"https:\/\/www.africa-press.net\/cameroun\/#website","url":"https:\/\/www.africa-press.net\/cameroun\/","name":"Cameroun","description":"Just another Africa News Agency Sites site","potentialAction":[{"@type":"SearchAction","target":{"@type":"EntryPoint","urlTemplate":"https:\/\/www.africa-press.net\/cameroun\/?s={search_term_string}"},"query-input":{"@type":"PropertyValueSpecification","valueRequired":true,"valueName":"search_term_string"}}],"inLanguage":"fr-FR"},{"@type":"Person","@id":"https:\/\/www.africa-press.net\/cameroun\/#\/schema\/person\/2b1cf3cd81a31e3cd26889ca66d677f1","name":"cfeditorfr"}]}},"_links":{"self":[{"href":"https:\/\/www.africa-press.net\/cameroun\/wp-json\/wp\/v2\/posts\/60258","targetHints":{"allow":["GET"]}}],"collection":[{"href":"https:\/\/www.africa-press.net\/cameroun\/wp-json\/wp\/v2\/posts"}],"about":[{"href":"https:\/\/www.africa-press.net\/cameroun\/wp-json\/wp\/v2\/types\/post"}],"author":[{"embeddable":true,"href":"https:\/\/www.africa-press.net\/cameroun\/wp-json\/wp\/v2\/users\/82"}],"replies":[{"embeddable":true,"href":"https:\/\/www.africa-press.net\/cameroun\/wp-json\/wp\/v2\/comments?post=60258"}],"version-history":[{"count":0,"href":"https:\/\/www.africa-press.net\/cameroun\/wp-json\/wp\/v2\/posts\/60258\/revisions"}],"wp:featuredmedia":[{"embeddable":true,"href":"https:\/\/www.africa-press.net\/cameroun\/wp-json\/wp\/v2\/media\/60256"}],"wp:attachment":[{"href":"https:\/\/www.africa-press.net\/cameroun\/wp-json\/wp\/v2\/media?parent=60258"}],"wp:term":[{"taxonomy":"category","embeddable":true,"href":"https:\/\/www.africa-press.net\/cameroun\/wp-json\/wp\/v2\/categories?post=60258"},{"taxonomy":"post_tag","embeddable":true,"href":"https:\/\/www.africa-press.net\/cameroun\/wp-json\/wp\/v2\/tags?post=60258"}],"curies":[{"name":"wp","href":"https:\/\/api.w.org\/{rel}","templated":true}]}}