{"id":60267,"date":"2024-01-11T21:03:33","date_gmt":"2024-01-11T21:03:33","guid":{"rendered":"https:\/\/www.africa-press.net\/cameroun\/politique\/ape-avec-lunion-europeenne-et-le-royaume-uni-le-cameroun-fait-le-point"},"modified":"2024-01-11T21:33:32","modified_gmt":"2024-01-11T21:33:32","slug":"ape-avec-lunion-europeenne-et-le-royaume-uni-le-cameroun-fait-le-point","status":"publish","type":"post","link":"https:\/\/www.africa-press.net\/cameroun\/economie\/ape-avec-lunion-europeenne-et-le-royaume-uni-le-cameroun-fait-le-point","title":{"rendered":"APE avec L\u2019Union Europe\u0301enne et le Royaume-Uni: le Cameroun Fait le Point"},"content":{"rendered":"<p><span style=\"color: #ff6600\"><strong>Africa-Press &#8211; Cameroun. <\/strong><\/span><b>Les responsables des administrations publiques, du secteur prive\u0301 et de la socie\u0301te\u0301 civile en charge de la mise en \u0153uvre de ces accords de partenariat e\u0301conomique, e\u0301taient re\u0301unis ce mercredi 03 janvier 2024 a\u0300 Yaounde\u0301 autour du Secre\u0301taire Ge\u0301ne\u0301ral du MINEPAT, Jean TCHOFFO.<\/b><\/p>\n<p>En ouvrant les travaux au nom du Ministre de l\u2019Economie, le Secre\u0301taire Ge\u0301ne\u0301ral du MINEPAT a re\u0301ve\u0301le\u0301 que le bilan douanier du de\u0301mante\u0300lement tarifaire induit par la mise en \u0153uvre par le Cameroun des deux accords de partenariat e\u0301conomique au 31 de\u0301cembre 2023, tel que pre\u0301sente\u0301 par la Direction Ge\u0301ne\u0301rale des Douanes, e\u0301value la moins-value fiscale ainsi qu\u2019il suit: 70,5 milliards de FCFA pour les produits d\u2019origine europe\u0301enne et 687,4 millions de FCFA pour les biens en provenance du Royaume Uni.<\/p>\n<p>S\u2019agissant du bilan douanier du de\u0301mante\u0300lement lie\u0301 a\u0300 l\u2019APE avec l\u2019UE, Raphae\u0308l HAMADJAM, Chef de la Cellule de traitement des statistiques et des donne\u0301es du Commerce exte\u0301rieur a\u0300 la Direction Ge\u0301ne\u0301rale des Douanes, note une tendance haussie\u0300re de la moins-value fiscale de l\u2019Etat depuis le de\u0301mante\u0300lement. Celle-ci est passe\u0301e de 0,7 milliard de FCFA en 2016 a\u0300 17,8 milliards de FCFA en 2023.<\/p>\n<p>\u00ab Cette progression significative de la moins-value devra s\u2019accentuer davantage avec la suppression totale en aou\u0302t 2023 des droits sur les produits du deuxie\u0300me groupe, marquant ainsi le lancement de la huitie\u0300me phase de de\u0301mante\u0300lement des barrie\u0300res tarifaires ; tant dis que les produits du troisie\u0300me groupe passeront a\u0300 un de\u0301mante\u0300lement de 40% en aou\u0302t 2024 \u00bb, a-t-il de\u0301clare\u0301. Ces moins-values fiscales de l\u2019Etat constituent des gains pour les me\u0301nages et surtout les entreprises, principalement les moyennes entreprises qui repre\u0301sentent 56,1% des 1 021 entreprises be\u0301ne\u0301ficiaires de la pre\u0301fe\u0301rence APE au 31 de\u0301cembre 2023. Cela de\u0301montre l\u2019inte\u0301re\u0302t croissant de cette cate\u0301gorie d\u2019entreprises a\u0300 l\u2019Accord. Bien plus, Raphae\u0308l HAMADJAM constate que la moins-value fiscale actuelle est largement en dec\u0327a\u0300 de celle annonce\u0301e avant le de\u0301mante\u0300lement tarifaire.<\/p>\n<p>Selon le Minepat, plusieurs points e\u0301taient inscrits a\u0300 l\u2019ordre du jour de la 26e\u0300me session du Comite\u0301 charge\u0301 du Suivi de la Mise en \u0152uvre de l\u2019Accord de Partenariat E\u0301conomique Bilate\u0301ral Cameroun-Union Europe\u0301enne (CSMO-APEB\/CAM-UE). Il s\u2019est agi entre autres, d\u2019examiner la matrice de suivi des recommandations issues de la 7e\u0300 re\u0301union statutaire du Comite\u0301 APE Cameroun-UE tenue les 05 et 06 juillet 2023 a\u0300 Yaounde\u0301 ; de dresser le bilan douanier du de\u0301mante\u0300lement tarifaire induit par cet Accord au 31 de\u0301cembre 2023 et d\u2019examiner les nouveaux indicateurs a\u0300 prendre en compte lors de l\u2019e\u0301laboration du troisie\u0300me rapport conjoint de monitoring de la mise en \u0153uvre de l\u2019APE pour la pe\u0301riode 2022-2023. Cette session a e\u0301galement permis de dresser un e\u0301tat des lieux des travaux du Groupe Interministe\u0301riel charge\u0301 de l\u2019actualisation de l\u2019e\u0301tude d\u2019impact fiscal net de l\u2019Accord au sens de l\u2019article 10 dudit Accord ; de faire le point sur la mise en place du Groupe de Travail sur l\u2019agriculture et le de\u0301veloppement rural et d\u2019e\u0301valuer l\u2019e\u0301tat de mise en \u0153uvre de la ZLECAF au Cameroun.<\/p>\n<p>Il s\u2019est aussi agi de re\u0301fle\u0301chir sur le financement et l\u2019organisation de deux se\u0301minaires de formation et de sensibilisation sur les re\u0300gles d\u2019origine et de faire le point sur les mesures sanitaires et phytosanitaires du Royaume Uni. Un e\u0301tat des lieux de la mise en \u0153uvre du Programme UKTP-Cameroun, mis en place par le Royaume Uni pour aider le Cameroun a\u0300 optimiser l\u2019utilisation de la pre\u0301fe\u0301rence APE, a e\u0301galement e\u0301te\u0301 dresse\u0301.<\/p>\n<p><strong>Pour plus d&rsquo;informations et d&rsquo;analyses sur la <a href=\"https:\/\/www.africa-press.net\/cameroun\">Cameroun<\/a>, suivez <a href=\"https:\/\/www.africa-press.net\/\">Africa-Press<\/a><\/strong><\/p>\n","protected":false},"excerpt":{"rendered":"<p>Africa-Press &#8211; Cameroun. Les responsables des administrations publiques, du secteur prive\u0301 et de la socie\u0301te\u0301 civile en charge de la mise en \u0153uvre de ces accords de partenariat e\u0301conomique, e\u0301taient re\u0301unis ce mercredi 03 janvier 2024 a\u0300 Yaounde\u0301 autour du Secre\u0301taire Ge\u0301ne\u0301ral du MINEPAT, Jean TCHOFFO. En ouvrant les travaux au nom du Ministre de [&hellip;]<\/p>\n","protected":false},"author":82,"featured_media":60265,"comment_status":"open","ping_status":"closed","sticky":false,"template":"","format":"standard","meta":{"footnotes":""},"categories":[3,10],"tags":[36,50,49],"class_list":["post-60267","post","type-post","status-publish","format-standard","has-post-thumbnail","hentry","category-economie","category-toutes-les-actualites","tag-africa-press","tag-africa-press-cameroun","tag-cameroun"],"yoast_head":"<!-- This site is optimized with the Yoast SEO Premium plugin v26.1 (Yoast SEO v27.0) - https:\/\/yoast.com\/product\/yoast-seo-premium-wordpress\/ -->\n<title>APE avec L\u2019Union Europe\u0301enne et le Royaume-Uni: le Cameroun Fait le Point - Cameroun<\/title>\n<meta name=\"description\" content=\"Les responsables des administrations publiques, du secteur prive\u0301 et de la socie\u0301te\u0301 civile en charge de la mise en \u0153 ...\" \/>\n<meta name=\"robots\" content=\"index, follow, max-snippet:-1, max-image-preview:large, max-video-preview:-1\" \/>\n<link rel=\"canonical\" href=\"https:\/\/www.africa-press.net\/cameroun\/economie\/ape-avec-lunion-europeenne-et-le-royaume-uni-le-cameroun-fait-le-point\" \/>\n<meta property=\"og:locale\" content=\"fr_FR\" \/>\n<meta property=\"og:type\" content=\"article\" \/>\n<meta property=\"og:title\" content=\"APE avec L\u2019Union Europe\u0301enne et le Royaume-Uni: le Cameroun Fait le Point\" \/>\n<meta property=\"og:description\" content=\"Les responsables des administrations publiques, du secteur prive\u0301 et de la socie\u0301te\u0301 civile en charge de la mise en \u0153 ...\" \/>\n<meta property=\"og:url\" content=\"https:\/\/www.africa-press.net\/cameroun\/economie\/ape-avec-lunion-europeenne-et-le-royaume-uni-le-cameroun-fait-le-point\" \/>\n<meta property=\"og:site_name\" content=\"Cameroun\" \/>\n<meta property=\"article:published_time\" content=\"2024-01-11T21:03:33+00:00\" \/>\n<meta property=\"article:modified_time\" content=\"2024-01-11T21:33:32+00:00\" \/>\n<meta property=\"og:image\" content=\"https:\/\/static.africa-press.net\/cameroun\/sites\/57\/2024\/01\/sm_1704995914.699639.jpg\" \/>\n\t<meta property=\"og:image:width\" content=\"780\" \/>\n\t<meta property=\"og:image:height\" content=\"440\" \/>\n\t<meta property=\"og:image:type\" content=\"image\/jpeg\" \/>\n<meta name=\"author\" content=\"cfeditorfr\" \/>\n<meta name=\"twitter:card\" content=\"summary_large_image\" \/>\n<meta name=\"twitter:label1\" content=\"\u00c9crit par\" \/>\n\t<meta name=\"twitter:data1\" content=\"cfeditorfr\" \/>\n\t<meta name=\"twitter:label2\" content=\"Dur\u00e9e de lecture estim\u00e9e\" \/>\n\t<meta name=\"twitter:data2\" content=\"4 minutes\" \/>\n<script type=\"application\/ld+json\" class=\"yoast-schema-graph\">{\"@context\":\"https:\/\/schema.org\",\"@graph\":[{\"@type\":\"Article\",\"@id\":\"https:\/\/www.africa-press.net\/cameroun\/economie\/ape-avec-lunion-europeenne-et-le-royaume-uni-le-cameroun-fait-le-point#article\",\"isPartOf\":{\"@id\":\"https:\/\/www.africa-press.net\/cameroun\/economie\/ape-avec-lunion-europeenne-et-le-royaume-uni-le-cameroun-fait-le-point\"},\"author\":{\"name\":\"cfeditorfr\",\"@id\":\"https:\/\/www.africa-press.net\/cameroun\/#\/schema\/person\/2b1cf3cd81a31e3cd26889ca66d677f1\"},\"headline\":\"APE avec L\u2019Union Europe\u0301enne et le Royaume-Uni: le Cameroun Fait le Point\",\"datePublished\":\"2024-01-11T21:03:33+00:00\",\"dateModified\":\"2024-01-11T21:33:32+00:00\",\"mainEntityOfPage\":{\"@id\":\"https:\/\/www.africa-press.net\/cameroun\/economie\/ape-avec-lunion-europeenne-et-le-royaume-uni-le-cameroun-fait-le-point\"},\"wordCount\":678,\"commentCount\":0,\"image\":{\"@id\":\"https:\/\/www.africa-press.net\/cameroun\/economie\/ape-avec-lunion-europeenne-et-le-royaume-uni-le-cameroun-fait-le-point#primaryimage\"},\"thumbnailUrl\":\"https:\/\/static.africa-press.net\/cameroun\/sites\/57\/2024\/01\/sm_1704995914.699639.jpg\",\"keywords\":[\"Africa Press\",\"Africa Press-Cameroun\",\"Cameroun\"],\"articleSection\":[\"\u00c9conomie\",\"Toutes les actualit\u00e9s\"],\"inLanguage\":\"fr-FR\",\"potentialAction\":[{\"@type\":\"CommentAction\",\"name\":\"Comment\",\"target\":[\"https:\/\/www.africa-press.net\/cameroun\/economie\/ape-avec-lunion-europeenne-et-le-royaume-uni-le-cameroun-fait-le-point#respond\"]}]},{\"@type\":\"WebPage\",\"@id\":\"https:\/\/www.africa-press.net\/cameroun\/economie\/ape-avec-lunion-europeenne-et-le-royaume-uni-le-cameroun-fait-le-point\",\"url\":\"https:\/\/www.africa-press.net\/cameroun\/economie\/ape-avec-lunion-europeenne-et-le-royaume-uni-le-cameroun-fait-le-point\",\"name\":\"APE avec L\u2019Union Europe\u0301enne et le Royaume-Uni: le Cameroun Fait le Point - Cameroun\",\"isPartOf\":{\"@id\":\"https:\/\/www.africa-press.net\/cameroun\/#website\"},\"primaryImageOfPage\":{\"@id\":\"https:\/\/www.africa-press.net\/cameroun\/economie\/ape-avec-lunion-europeenne-et-le-royaume-uni-le-cameroun-fait-le-point#primaryimage\"},\"image\":{\"@id\":\"https:\/\/www.africa-press.net\/cameroun\/economie\/ape-avec-lunion-europeenne-et-le-royaume-uni-le-cameroun-fait-le-point#primaryimage\"},\"thumbnailUrl\":\"https:\/\/static.africa-press.net\/cameroun\/sites\/57\/2024\/01\/sm_1704995914.699639.jpg\",\"datePublished\":\"2024-01-11T21:03:33+00:00\",\"dateModified\":\"2024-01-11T21:33:32+00:00\",\"author\":{\"@id\":\"https:\/\/www.africa-press.net\/cameroun\/#\/schema\/person\/2b1cf3cd81a31e3cd26889ca66d677f1\"},\"description\":\"Les responsables des administrations publiques, du secteur prive\u0301 et de la socie\u0301te\u0301 civile en charge de la mise en \u0153 ...\",\"breadcrumb\":{\"@id\":\"https:\/\/www.africa-press.net\/cameroun\/economie\/ape-avec-lunion-europeenne-et-le-royaume-uni-le-cameroun-fait-le-point#breadcrumb\"},\"inLanguage\":\"fr-FR\",\"potentialAction\":[{\"@type\":\"ReadAction\",\"target\":[\"https:\/\/www.africa-press.net\/cameroun\/economie\/ape-avec-lunion-europeenne-et-le-royaume-uni-le-cameroun-fait-le-point\"]}]},{\"@type\":\"ImageObject\",\"inLanguage\":\"fr-FR\",\"@id\":\"https:\/\/www.africa-press.net\/cameroun\/economie\/ape-avec-lunion-europeenne-et-le-royaume-uni-le-cameroun-fait-le-point#primaryimage\",\"url\":\"https:\/\/static.africa-press.net\/cameroun\/sites\/57\/2024\/01\/sm_1704995914.699639.jpg\",\"contentUrl\":\"https:\/\/static.africa-press.net\/cameroun\/sites\/57\/2024\/01\/sm_1704995914.699639.jpg\",\"width\":780,\"height\":440,\"caption\":\"APE avec L\u2019Union Europe\u0301enne et le Royaume-Uni: le Cameroun Fait le Point\"},{\"@type\":\"BreadcrumbList\",\"@id\":\"https:\/\/www.africa-press.net\/cameroun\/economie\/ape-avec-lunion-europeenne-et-le-royaume-uni-le-cameroun-fait-le-point#breadcrumb\",\"itemListElement\":[{\"@type\":\"ListItem\",\"position\":1,\"name\":\"Accueil\",\"item\":\"https:\/\/www.africa-press.net\/cameroun\/\"},{\"@type\":\"ListItem\",\"position\":2,\"name\":\"APE avec L\u2019Union Europe\u0301enne et le Royaume-Uni: le Cameroun Fait le Point\"}]},{\"@type\":\"WebSite\",\"@id\":\"https:\/\/www.africa-press.net\/cameroun\/#website\",\"url\":\"https:\/\/www.africa-press.net\/cameroun\/\",\"name\":\"Cameroun\",\"description\":\"Just another Africa News Agency Sites site\",\"potentialAction\":[{\"@type\":\"SearchAction\",\"target\":{\"@type\":\"EntryPoint\",\"urlTemplate\":\"https:\/\/www.africa-press.net\/cameroun\/?s={search_term_string}\"},\"query-input\":{\"@type\":\"PropertyValueSpecification\",\"valueRequired\":true,\"valueName\":\"search_term_string\"}}],\"inLanguage\":\"fr-FR\"},{\"@type\":\"Person\",\"@id\":\"https:\/\/www.africa-press.net\/cameroun\/#\/schema\/person\/2b1cf3cd81a31e3cd26889ca66d677f1\",\"name\":\"cfeditorfr\"}]}<\/script>\n<!-- \/ Yoast SEO Premium plugin. -->","yoast_head_json":{"title":"APE avec L\u2019Union Europe\u0301enne et le Royaume-Uni: le Cameroun Fait le Point - Cameroun","description":"Les responsables des administrations publiques, du secteur prive\u0301 et de la socie\u0301te\u0301 civile en charge de la mise en \u0153 ...","robots":{"index":"index","follow":"follow","max-snippet":"max-snippet:-1","max-image-preview":"max-image-preview:large","max-video-preview":"max-video-preview:-1"},"canonical":"https:\/\/www.africa-press.net\/cameroun\/economie\/ape-avec-lunion-europeenne-et-le-royaume-uni-le-cameroun-fait-le-point","og_locale":"fr_FR","og_type":"article","og_title":"APE avec L\u2019Union Europe\u0301enne et le Royaume-Uni: le Cameroun Fait le Point","og_description":"Les responsables des administrations publiques, du secteur prive\u0301 et de la socie\u0301te\u0301 civile en charge de la mise en \u0153 ...","og_url":"https:\/\/www.africa-press.net\/cameroun\/economie\/ape-avec-lunion-europeenne-et-le-royaume-uni-le-cameroun-fait-le-point","og_site_name":"Cameroun","article_published_time":"2024-01-11T21:03:33+00:00","article_modified_time":"2024-01-11T21:33:32+00:00","og_image":[{"width":780,"height":440,"url":"https:\/\/static.africa-press.net\/cameroun\/sites\/57\/2024\/01\/sm_1704995914.699639.jpg","type":"image\/jpeg"}],"author":"cfeditorfr","twitter_card":"summary_large_image","twitter_misc":{"\u00c9crit par":"cfeditorfr","Dur\u00e9e de lecture estim\u00e9e":"4 minutes"},"schema":{"@context":"https:\/\/schema.org","@graph":[{"@type":"Article","@id":"https:\/\/www.africa-press.net\/cameroun\/economie\/ape-avec-lunion-europeenne-et-le-royaume-uni-le-cameroun-fait-le-point#article","isPartOf":{"@id":"https:\/\/www.africa-press.net\/cameroun\/economie\/ape-avec-lunion-europeenne-et-le-royaume-uni-le-cameroun-fait-le-point"},"author":{"name":"cfeditorfr","@id":"https:\/\/www.africa-press.net\/cameroun\/#\/schema\/person\/2b1cf3cd81a31e3cd26889ca66d677f1"},"headline":"APE avec L\u2019Union Europe\u0301enne et le Royaume-Uni: le Cameroun Fait le Point","datePublished":"2024-01-11T21:03:33+00:00","dateModified":"2024-01-11T21:33:32+00:00","mainEntityOfPage":{"@id":"https:\/\/www.africa-press.net\/cameroun\/economie\/ape-avec-lunion-europeenne-et-le-royaume-uni-le-cameroun-fait-le-point"},"wordCount":678,"commentCount":0,"image":{"@id":"https:\/\/www.africa-press.net\/cameroun\/economie\/ape-avec-lunion-europeenne-et-le-royaume-uni-le-cameroun-fait-le-point#primaryimage"},"thumbnailUrl":"https:\/\/static.africa-press.net\/cameroun\/sites\/57\/2024\/01\/sm_1704995914.699639.jpg","keywords":["Africa Press","Africa Press-Cameroun","Cameroun"],"articleSection":["\u00c9conomie","Toutes les actualit\u00e9s"],"inLanguage":"fr-FR","potentialAction":[{"@type":"CommentAction","name":"Comment","target":["https:\/\/www.africa-press.net\/cameroun\/economie\/ape-avec-lunion-europeenne-et-le-royaume-uni-le-cameroun-fait-le-point#respond"]}]},{"@type":"WebPage","@id":"https:\/\/www.africa-press.net\/cameroun\/economie\/ape-avec-lunion-europeenne-et-le-royaume-uni-le-cameroun-fait-le-point","url":"https:\/\/www.africa-press.net\/cameroun\/economie\/ape-avec-lunion-europeenne-et-le-royaume-uni-le-cameroun-fait-le-point","name":"APE avec L\u2019Union Europe\u0301enne et le Royaume-Uni: le Cameroun Fait le Point - Cameroun","isPartOf":{"@id":"https:\/\/www.africa-press.net\/cameroun\/#website"},"primaryImageOfPage":{"@id":"https:\/\/www.africa-press.net\/cameroun\/economie\/ape-avec-lunion-europeenne-et-le-royaume-uni-le-cameroun-fait-le-point#primaryimage"},"image":{"@id":"https:\/\/www.africa-press.net\/cameroun\/economie\/ape-avec-lunion-europeenne-et-le-royaume-uni-le-cameroun-fait-le-point#primaryimage"},"thumbnailUrl":"https:\/\/static.africa-press.net\/cameroun\/sites\/57\/2024\/01\/sm_1704995914.699639.jpg","datePublished":"2024-01-11T21:03:33+00:00","dateModified":"2024-01-11T21:33:32+00:00","author":{"@id":"https:\/\/www.africa-press.net\/cameroun\/#\/schema\/person\/2b1cf3cd81a31e3cd26889ca66d677f1"},"description":"Les responsables des administrations publiques, du secteur prive\u0301 et de la socie\u0301te\u0301 civile en charge de la mise en \u0153 ...","breadcrumb":{"@id":"https:\/\/www.africa-press.net\/cameroun\/economie\/ape-avec-lunion-europeenne-et-le-royaume-uni-le-cameroun-fait-le-point#breadcrumb"},"inLanguage":"fr-FR","potentialAction":[{"@type":"ReadAction","target":["https:\/\/www.africa-press.net\/cameroun\/economie\/ape-avec-lunion-europeenne-et-le-royaume-uni-le-cameroun-fait-le-point"]}]},{"@type":"ImageObject","inLanguage":"fr-FR","@id":"https:\/\/www.africa-press.net\/cameroun\/economie\/ape-avec-lunion-europeenne-et-le-royaume-uni-le-cameroun-fait-le-point#primaryimage","url":"https:\/\/static.africa-press.net\/cameroun\/sites\/57\/2024\/01\/sm_1704995914.699639.jpg","contentUrl":"https:\/\/static.africa-press.net\/cameroun\/sites\/57\/2024\/01\/sm_1704995914.699639.jpg","width":780,"height":440,"caption":"APE avec L\u2019Union Europe\u0301enne et le Royaume-Uni: le Cameroun Fait le Point"},{"@type":"BreadcrumbList","@id":"https:\/\/www.africa-press.net\/cameroun\/economie\/ape-avec-lunion-europeenne-et-le-royaume-uni-le-cameroun-fait-le-point#breadcrumb","itemListElement":[{"@type":"ListItem","position":1,"name":"Accueil","item":"https:\/\/www.africa-press.net\/cameroun\/"},{"@type":"ListItem","position":2,"name":"APE avec L\u2019Union Europe\u0301enne et le Royaume-Uni: le Cameroun Fait le Point"}]},{"@type":"WebSite","@id":"https:\/\/www.africa-press.net\/cameroun\/#website","url":"https:\/\/www.africa-press.net\/cameroun\/","name":"Cameroun","description":"Just another Africa News Agency Sites site","potentialAction":[{"@type":"SearchAction","target":{"@type":"EntryPoint","urlTemplate":"https:\/\/www.africa-press.net\/cameroun\/?s={search_term_string}"},"query-input":{"@type":"PropertyValueSpecification","valueRequired":true,"valueName":"search_term_string"}}],"inLanguage":"fr-FR"},{"@type":"Person","@id":"https:\/\/www.africa-press.net\/cameroun\/#\/schema\/person\/2b1cf3cd81a31e3cd26889ca66d677f1","name":"cfeditorfr"}]}},"_links":{"self":[{"href":"https:\/\/www.africa-press.net\/cameroun\/wp-json\/wp\/v2\/posts\/60267","targetHints":{"allow":["GET"]}}],"collection":[{"href":"https:\/\/www.africa-press.net\/cameroun\/wp-json\/wp\/v2\/posts"}],"about":[{"href":"https:\/\/www.africa-press.net\/cameroun\/wp-json\/wp\/v2\/types\/post"}],"author":[{"embeddable":true,"href":"https:\/\/www.africa-press.net\/cameroun\/wp-json\/wp\/v2\/users\/82"}],"replies":[{"embeddable":true,"href":"https:\/\/www.africa-press.net\/cameroun\/wp-json\/wp\/v2\/comments?post=60267"}],"version-history":[{"count":0,"href":"https:\/\/www.africa-press.net\/cameroun\/wp-json\/wp\/v2\/posts\/60267\/revisions"}],"wp:featuredmedia":[{"embeddable":true,"href":"https:\/\/www.africa-press.net\/cameroun\/wp-json\/wp\/v2\/media\/60265"}],"wp:attachment":[{"href":"https:\/\/www.africa-press.net\/cameroun\/wp-json\/wp\/v2\/media?parent=60267"}],"wp:term":[{"taxonomy":"category","embeddable":true,"href":"https:\/\/www.africa-press.net\/cameroun\/wp-json\/wp\/v2\/categories?post=60267"},{"taxonomy":"post_tag","embeddable":true,"href":"https:\/\/www.africa-press.net\/cameroun\/wp-json\/wp\/v2\/tags?post=60267"}],"curies":[{"name":"wp","href":"https:\/\/api.w.org\/{rel}","templated":true}]}}