{"id":60344,"date":"2024-01-12T19:59:58","date_gmt":"2024-01-12T19:59:58","guid":{"rendered":"https:\/\/www.africa-press.net\/cameroun\/politique\/des-journalistes-se-forment-sur-la-resilience-sociale-environnementale-au-cameroun"},"modified":"2024-01-12T20:33:35","modified_gmt":"2024-01-12T20:33:35","slug":"des-journalistes-se-forment-sur-la-resilience-sociale-environnementale-au-cameroun","status":"publish","type":"post","link":"https:\/\/www.africa-press.net\/cameroun\/toutes-les-actualites\/des-journalistes-se-forment-sur-la-resilience-sociale-environnementale-au-cameroun","title":{"rendered":"Des Journalistes se Forment sur la Re\u0301silience Sociale Environnementale au Cameroun"},"content":{"rendered":"<p><span style=\"color: #ff6600\"><strong>Africa-Press &#8211; Cameroun. <\/strong><\/span><b>Des journalistes de diffe\u0301rents supports me\u0301diatiques seront forme\u0301s afin de travailler a\u0300 fournir la bonne information sur la transition e\u0301cologique au Cameroun et sur le respect de l\u2019environnement.<\/b><\/p>\n<p>Quelques semaines apre\u0300s les travaux de la Cop 28 sur les changements climatiques, des acteurs camerounais se lancent dans la course a\u0300 la transition e\u0301cologique. Le 12 janvier 2024, l\u2019organisation, \u2018\u2019Actions for Development and Empowerment\u2019\u2019 (ADE), a organise\u0301 une confe\u0301rence de presse a\u0300 Yaounde\u0301 pour pre\u0301senter le projet \u00bb <b>Media for Climate Change<\/b> \u00ab. Il s\u2019agit d\u2019une initiative visant a\u0300 renforcer les capacite\u0301s des journalistes, blogueurs et influenceurs sur le traitement des sujets environnementaux lie\u0301s au changement climatique et sur la sante\u0301 des populations.<\/p>\n<p>Il s\u2019agit e\u0301galement de sensibiliser les acteurs de me\u0301dias sur les enjeux lie\u0301s a\u0300 la transition e\u0301cologique ; contribuer aux changements de mentalite\u0301, a\u0300 la sensibilisation pour des productions de qualite\u0301.<\/p>\n<p>A l\u2019issue de la communication, un appel est lance\u0301 afin de retenir 5 journalistes, a\u0300 former sur la <b>re\u0301silience sociale et environnementale<\/b>. A l\u2019issue de la formation qui commence le 02 fe\u0301vrier prochain, les acteurs retenus devront produire des articles pertinents sur la transition e\u0301cologique.<\/p>\n<p>La directrice d\u2019ADE, Ndi Nancy Saibo, explique que, ce projet va s\u2019appesantir sur la formation des journalistes, blogueurs, des influenceurs et me\u0302me des animateurs radiophoniques. Elle assure que les hommes de me\u0301dias retenus dans ce cadre, vont travailler avec des experts sur les questions de changement climatique afin de produire des articles qui vont servir de plaidoyer.<\/p>\n<p>Pour ce qui est des crite\u0300res, il faut \u00ab juste e\u0302tre un journaliste passionne\u0301. Nous sommes encore a\u0300 la phase pilote et voulons travailler avec des personnes qui partagent cette passion \u00bb, de\u0301clare Ndi Nancy Saibo.<\/p>\n<p>Manon Bervas de fonds de solidarite\u0301 pour les projets innovants (FSPI) ajoute que: \u00ab ce projet fera l\u2019e\u0301tat des lieux de la transition e\u0301cologique au Cameroun, de former les acteurs et actrices de la socie\u0301te\u0301 civile. Et enfin de modifier les pratiques pour s\u2019adapter au changement climatique et avoir des nouvelles pratiques plus e\u0301cologiques respectueuses de l\u2019environnement.\u00bb<\/p>\n<p><strong>Pour plus d&rsquo;informations et d&rsquo;analyses sur la <a href=\"https:\/\/www.africa-press.net\/cameroun\">Cameroun<\/a>, suivez <a href=\"https:\/\/www.africa-press.net\/\">Africa-Press<\/a><\/strong><\/p>\n","protected":false},"excerpt":{"rendered":"<p>Africa-Press &#8211; Cameroun. Des journalistes de diffe\u0301rents supports me\u0301diatiques seront forme\u0301s afin de travailler a\u0300 fournir la bonne information sur la transition e\u0301cologique au Cameroun et sur le respect de l\u2019environnement. Quelques semaines apre\u0300s les travaux de la Cop 28 sur les changements climatiques, des acteurs camerounais se lancent dans la course a\u0300 la transition [&hellip;]<\/p>\n","protected":false},"author":82,"featured_media":60343,"comment_status":"open","ping_status":"closed","sticky":false,"template":"","format":"standard","meta":{"footnotes":""},"categories":[21,10],"tags":[36,50,49],"class_list":["post-60344","post","type-post","status-publish","format-standard","has-post-thumbnail","hentry","category-communaute","category-toutes-les-actualites","tag-africa-press","tag-africa-press-cameroun","tag-cameroun"],"yoast_head":"<!-- This site is optimized with the Yoast SEO Premium plugin v26.1 (Yoast SEO v27.0) - https:\/\/yoast.com\/product\/yoast-seo-premium-wordpress\/ -->\n<title>Des Journalistes se Forment sur la Re\u0301silience Sociale Environnementale au Cameroun - Cameroun<\/title>\n<meta name=\"description\" content=\"Des journalistes de diffe\u0301rents supports me\u0301diatiques seront forme\u0301s afin de travailler a\u0300 fournir la bonne informati ...\" \/>\n<meta name=\"robots\" content=\"index, follow, max-snippet:-1, max-image-preview:large, max-video-preview:-1\" \/>\n<link rel=\"canonical\" href=\"https:\/\/www.africa-press.net\/cameroun\/toutes-les-actualites\/des-journalistes-se-forment-sur-la-resilience-sociale-environnementale-au-cameroun\" \/>\n<meta property=\"og:locale\" content=\"fr_FR\" \/>\n<meta property=\"og:type\" content=\"article\" \/>\n<meta property=\"og:title\" content=\"Des Journalistes se Forment sur la Re\u0301silience Sociale Environnementale au Cameroun\" \/>\n<meta property=\"og:description\" content=\"Des journalistes de diffe\u0301rents supports me\u0301diatiques seront forme\u0301s afin de travailler a\u0300 fournir la bonne informati ...\" \/>\n<meta property=\"og:url\" content=\"https:\/\/www.africa-press.net\/cameroun\/toutes-les-actualites\/des-journalistes-se-forment-sur-la-resilience-sociale-environnementale-au-cameroun\" \/>\n<meta property=\"og:site_name\" content=\"Cameroun\" \/>\n<meta property=\"article:published_time\" content=\"2024-01-12T19:59:58+00:00\" \/>\n<meta property=\"article:modified_time\" content=\"2024-01-12T20:33:35+00:00\" \/>\n<meta property=\"og:image\" content=\"https:\/\/static.africa-press.net\/cameroun\/sites\/57\/2024\/01\/sm_1705078650.799989.jpg\" \/>\n\t<meta property=\"og:image:width\" content=\"780\" \/>\n\t<meta property=\"og:image:height\" content=\"440\" \/>\n\t<meta property=\"og:image:type\" content=\"image\/jpeg\" \/>\n<meta name=\"author\" content=\"cfeditorfr\" \/>\n<meta name=\"twitter:card\" content=\"summary_large_image\" \/>\n<meta name=\"twitter:label1\" content=\"\u00c9crit par\" \/>\n\t<meta name=\"twitter:data1\" content=\"cfeditorfr\" \/>\n\t<meta name=\"twitter:label2\" content=\"Dur\u00e9e de lecture estim\u00e9e\" \/>\n\t<meta name=\"twitter:data2\" content=\"2 minutes\" \/>\n<script type=\"application\/ld+json\" class=\"yoast-schema-graph\">{\"@context\":\"https:\/\/schema.org\",\"@graph\":[{\"@type\":\"Article\",\"@id\":\"https:\/\/www.africa-press.net\/cameroun\/toutes-les-actualites\/des-journalistes-se-forment-sur-la-resilience-sociale-environnementale-au-cameroun#article\",\"isPartOf\":{\"@id\":\"https:\/\/www.africa-press.net\/cameroun\/toutes-les-actualites\/des-journalistes-se-forment-sur-la-resilience-sociale-environnementale-au-cameroun\"},\"author\":{\"name\":\"cfeditorfr\",\"@id\":\"https:\/\/www.africa-press.net\/cameroun\/#\/schema\/person\/2b1cf3cd81a31e3cd26889ca66d677f1\"},\"headline\":\"Des Journalistes se Forment sur la Re\u0301silience Sociale Environnementale au Cameroun\",\"datePublished\":\"2024-01-12T19:59:58+00:00\",\"dateModified\":\"2024-01-12T20:33:35+00:00\",\"mainEntityOfPage\":{\"@id\":\"https:\/\/www.africa-press.net\/cameroun\/toutes-les-actualites\/des-journalistes-se-forment-sur-la-resilience-sociale-environnementale-au-cameroun\"},\"wordCount\":392,\"commentCount\":0,\"image\":{\"@id\":\"https:\/\/www.africa-press.net\/cameroun\/toutes-les-actualites\/des-journalistes-se-forment-sur-la-resilience-sociale-environnementale-au-cameroun#primaryimage\"},\"thumbnailUrl\":\"https:\/\/static.africa-press.net\/cameroun\/sites\/57\/2024\/01\/sm_1705078650.799989.jpg\",\"keywords\":[\"Africa Press\",\"Africa Press-Cameroun\",\"Cameroun\"],\"articleSection\":[\"Communaut\u00e9\",\"Toutes les actualit\u00e9s\"],\"inLanguage\":\"fr-FR\",\"potentialAction\":[{\"@type\":\"CommentAction\",\"name\":\"Comment\",\"target\":[\"https:\/\/www.africa-press.net\/cameroun\/toutes-les-actualites\/des-journalistes-se-forment-sur-la-resilience-sociale-environnementale-au-cameroun#respond\"]}]},{\"@type\":\"WebPage\",\"@id\":\"https:\/\/www.africa-press.net\/cameroun\/toutes-les-actualites\/des-journalistes-se-forment-sur-la-resilience-sociale-environnementale-au-cameroun\",\"url\":\"https:\/\/www.africa-press.net\/cameroun\/toutes-les-actualites\/des-journalistes-se-forment-sur-la-resilience-sociale-environnementale-au-cameroun\",\"name\":\"Des Journalistes se Forment sur la Re\u0301silience Sociale Environnementale au Cameroun - Cameroun\",\"isPartOf\":{\"@id\":\"https:\/\/www.africa-press.net\/cameroun\/#website\"},\"primaryImageOfPage\":{\"@id\":\"https:\/\/www.africa-press.net\/cameroun\/toutes-les-actualites\/des-journalistes-se-forment-sur-la-resilience-sociale-environnementale-au-cameroun#primaryimage\"},\"image\":{\"@id\":\"https:\/\/www.africa-press.net\/cameroun\/toutes-les-actualites\/des-journalistes-se-forment-sur-la-resilience-sociale-environnementale-au-cameroun#primaryimage\"},\"thumbnailUrl\":\"https:\/\/static.africa-press.net\/cameroun\/sites\/57\/2024\/01\/sm_1705078650.799989.jpg\",\"datePublished\":\"2024-01-12T19:59:58+00:00\",\"dateModified\":\"2024-01-12T20:33:35+00:00\",\"author\":{\"@id\":\"https:\/\/www.africa-press.net\/cameroun\/#\/schema\/person\/2b1cf3cd81a31e3cd26889ca66d677f1\"},\"description\":\"Des journalistes de diffe\u0301rents supports me\u0301diatiques seront forme\u0301s afin de travailler a\u0300 fournir la bonne informati ...\",\"breadcrumb\":{\"@id\":\"https:\/\/www.africa-press.net\/cameroun\/toutes-les-actualites\/des-journalistes-se-forment-sur-la-resilience-sociale-environnementale-au-cameroun#breadcrumb\"},\"inLanguage\":\"fr-FR\",\"potentialAction\":[{\"@type\":\"ReadAction\",\"target\":[\"https:\/\/www.africa-press.net\/cameroun\/toutes-les-actualites\/des-journalistes-se-forment-sur-la-resilience-sociale-environnementale-au-cameroun\"]}]},{\"@type\":\"ImageObject\",\"inLanguage\":\"fr-FR\",\"@id\":\"https:\/\/www.africa-press.net\/cameroun\/toutes-les-actualites\/des-journalistes-se-forment-sur-la-resilience-sociale-environnementale-au-cameroun#primaryimage\",\"url\":\"https:\/\/static.africa-press.net\/cameroun\/sites\/57\/2024\/01\/sm_1705078650.799989.jpg\",\"contentUrl\":\"https:\/\/static.africa-press.net\/cameroun\/sites\/57\/2024\/01\/sm_1705078650.799989.jpg\",\"width\":780,\"height\":440,\"caption\":\"Des Journalistes se Forment sur la Re\u0301silience Sociale Environnementale au Cameroun\"},{\"@type\":\"BreadcrumbList\",\"@id\":\"https:\/\/www.africa-press.net\/cameroun\/toutes-les-actualites\/des-journalistes-se-forment-sur-la-resilience-sociale-environnementale-au-cameroun#breadcrumb\",\"itemListElement\":[{\"@type\":\"ListItem\",\"position\":1,\"name\":\"Accueil\",\"item\":\"https:\/\/www.africa-press.net\/cameroun\/\"},{\"@type\":\"ListItem\",\"position\":2,\"name\":\"Des Journalistes se Forment sur la Re\u0301silience Sociale Environnementale au Cameroun\"}]},{\"@type\":\"WebSite\",\"@id\":\"https:\/\/www.africa-press.net\/cameroun\/#website\",\"url\":\"https:\/\/www.africa-press.net\/cameroun\/\",\"name\":\"Cameroun\",\"description\":\"Just another Africa News Agency Sites site\",\"potentialAction\":[{\"@type\":\"SearchAction\",\"target\":{\"@type\":\"EntryPoint\",\"urlTemplate\":\"https:\/\/www.africa-press.net\/cameroun\/?s={search_term_string}\"},\"query-input\":{\"@type\":\"PropertyValueSpecification\",\"valueRequired\":true,\"valueName\":\"search_term_string\"}}],\"inLanguage\":\"fr-FR\"},{\"@type\":\"Person\",\"@id\":\"https:\/\/www.africa-press.net\/cameroun\/#\/schema\/person\/2b1cf3cd81a31e3cd26889ca66d677f1\",\"name\":\"cfeditorfr\"}]}<\/script>\n<!-- \/ Yoast SEO Premium plugin. -->","yoast_head_json":{"title":"Des Journalistes se Forment sur la Re\u0301silience Sociale Environnementale au Cameroun - Cameroun","description":"Des journalistes de diffe\u0301rents supports me\u0301diatiques seront forme\u0301s afin de travailler a\u0300 fournir la bonne informati ...","robots":{"index":"index","follow":"follow","max-snippet":"max-snippet:-1","max-image-preview":"max-image-preview:large","max-video-preview":"max-video-preview:-1"},"canonical":"https:\/\/www.africa-press.net\/cameroun\/toutes-les-actualites\/des-journalistes-se-forment-sur-la-resilience-sociale-environnementale-au-cameroun","og_locale":"fr_FR","og_type":"article","og_title":"Des Journalistes se Forment sur la Re\u0301silience Sociale Environnementale au Cameroun","og_description":"Des journalistes de diffe\u0301rents supports me\u0301diatiques seront forme\u0301s afin de travailler a\u0300 fournir la bonne informati ...","og_url":"https:\/\/www.africa-press.net\/cameroun\/toutes-les-actualites\/des-journalistes-se-forment-sur-la-resilience-sociale-environnementale-au-cameroun","og_site_name":"Cameroun","article_published_time":"2024-01-12T19:59:58+00:00","article_modified_time":"2024-01-12T20:33:35+00:00","og_image":[{"width":780,"height":440,"url":"https:\/\/static.africa-press.net\/cameroun\/sites\/57\/2024\/01\/sm_1705078650.799989.jpg","type":"image\/jpeg"}],"author":"cfeditorfr","twitter_card":"summary_large_image","twitter_misc":{"\u00c9crit par":"cfeditorfr","Dur\u00e9e de lecture estim\u00e9e":"2 minutes"},"schema":{"@context":"https:\/\/schema.org","@graph":[{"@type":"Article","@id":"https:\/\/www.africa-press.net\/cameroun\/toutes-les-actualites\/des-journalistes-se-forment-sur-la-resilience-sociale-environnementale-au-cameroun#article","isPartOf":{"@id":"https:\/\/www.africa-press.net\/cameroun\/toutes-les-actualites\/des-journalistes-se-forment-sur-la-resilience-sociale-environnementale-au-cameroun"},"author":{"name":"cfeditorfr","@id":"https:\/\/www.africa-press.net\/cameroun\/#\/schema\/person\/2b1cf3cd81a31e3cd26889ca66d677f1"},"headline":"Des Journalistes se Forment sur la Re\u0301silience Sociale Environnementale au Cameroun","datePublished":"2024-01-12T19:59:58+00:00","dateModified":"2024-01-12T20:33:35+00:00","mainEntityOfPage":{"@id":"https:\/\/www.africa-press.net\/cameroun\/toutes-les-actualites\/des-journalistes-se-forment-sur-la-resilience-sociale-environnementale-au-cameroun"},"wordCount":392,"commentCount":0,"image":{"@id":"https:\/\/www.africa-press.net\/cameroun\/toutes-les-actualites\/des-journalistes-se-forment-sur-la-resilience-sociale-environnementale-au-cameroun#primaryimage"},"thumbnailUrl":"https:\/\/static.africa-press.net\/cameroun\/sites\/57\/2024\/01\/sm_1705078650.799989.jpg","keywords":["Africa Press","Africa Press-Cameroun","Cameroun"],"articleSection":["Communaut\u00e9","Toutes les actualit\u00e9s"],"inLanguage":"fr-FR","potentialAction":[{"@type":"CommentAction","name":"Comment","target":["https:\/\/www.africa-press.net\/cameroun\/toutes-les-actualites\/des-journalistes-se-forment-sur-la-resilience-sociale-environnementale-au-cameroun#respond"]}]},{"@type":"WebPage","@id":"https:\/\/www.africa-press.net\/cameroun\/toutes-les-actualites\/des-journalistes-se-forment-sur-la-resilience-sociale-environnementale-au-cameroun","url":"https:\/\/www.africa-press.net\/cameroun\/toutes-les-actualites\/des-journalistes-se-forment-sur-la-resilience-sociale-environnementale-au-cameroun","name":"Des Journalistes se Forment sur la Re\u0301silience Sociale Environnementale au Cameroun - Cameroun","isPartOf":{"@id":"https:\/\/www.africa-press.net\/cameroun\/#website"},"primaryImageOfPage":{"@id":"https:\/\/www.africa-press.net\/cameroun\/toutes-les-actualites\/des-journalistes-se-forment-sur-la-resilience-sociale-environnementale-au-cameroun#primaryimage"},"image":{"@id":"https:\/\/www.africa-press.net\/cameroun\/toutes-les-actualites\/des-journalistes-se-forment-sur-la-resilience-sociale-environnementale-au-cameroun#primaryimage"},"thumbnailUrl":"https:\/\/static.africa-press.net\/cameroun\/sites\/57\/2024\/01\/sm_1705078650.799989.jpg","datePublished":"2024-01-12T19:59:58+00:00","dateModified":"2024-01-12T20:33:35+00:00","author":{"@id":"https:\/\/www.africa-press.net\/cameroun\/#\/schema\/person\/2b1cf3cd81a31e3cd26889ca66d677f1"},"description":"Des journalistes de diffe\u0301rents supports me\u0301diatiques seront forme\u0301s afin de travailler a\u0300 fournir la bonne informati ...","breadcrumb":{"@id":"https:\/\/www.africa-press.net\/cameroun\/toutes-les-actualites\/des-journalistes-se-forment-sur-la-resilience-sociale-environnementale-au-cameroun#breadcrumb"},"inLanguage":"fr-FR","potentialAction":[{"@type":"ReadAction","target":["https:\/\/www.africa-press.net\/cameroun\/toutes-les-actualites\/des-journalistes-se-forment-sur-la-resilience-sociale-environnementale-au-cameroun"]}]},{"@type":"ImageObject","inLanguage":"fr-FR","@id":"https:\/\/www.africa-press.net\/cameroun\/toutes-les-actualites\/des-journalistes-se-forment-sur-la-resilience-sociale-environnementale-au-cameroun#primaryimage","url":"https:\/\/static.africa-press.net\/cameroun\/sites\/57\/2024\/01\/sm_1705078650.799989.jpg","contentUrl":"https:\/\/static.africa-press.net\/cameroun\/sites\/57\/2024\/01\/sm_1705078650.799989.jpg","width":780,"height":440,"caption":"Des Journalistes se Forment sur la Re\u0301silience Sociale Environnementale au Cameroun"},{"@type":"BreadcrumbList","@id":"https:\/\/www.africa-press.net\/cameroun\/toutes-les-actualites\/des-journalistes-se-forment-sur-la-resilience-sociale-environnementale-au-cameroun#breadcrumb","itemListElement":[{"@type":"ListItem","position":1,"name":"Accueil","item":"https:\/\/www.africa-press.net\/cameroun\/"},{"@type":"ListItem","position":2,"name":"Des Journalistes se Forment sur la Re\u0301silience Sociale Environnementale au Cameroun"}]},{"@type":"WebSite","@id":"https:\/\/www.africa-press.net\/cameroun\/#website","url":"https:\/\/www.africa-press.net\/cameroun\/","name":"Cameroun","description":"Just another Africa News Agency Sites site","potentialAction":[{"@type":"SearchAction","target":{"@type":"EntryPoint","urlTemplate":"https:\/\/www.africa-press.net\/cameroun\/?s={search_term_string}"},"query-input":{"@type":"PropertyValueSpecification","valueRequired":true,"valueName":"search_term_string"}}],"inLanguage":"fr-FR"},{"@type":"Person","@id":"https:\/\/www.africa-press.net\/cameroun\/#\/schema\/person\/2b1cf3cd81a31e3cd26889ca66d677f1","name":"cfeditorfr"}]}},"_links":{"self":[{"href":"https:\/\/www.africa-press.net\/cameroun\/wp-json\/wp\/v2\/posts\/60344","targetHints":{"allow":["GET"]}}],"collection":[{"href":"https:\/\/www.africa-press.net\/cameroun\/wp-json\/wp\/v2\/posts"}],"about":[{"href":"https:\/\/www.africa-press.net\/cameroun\/wp-json\/wp\/v2\/types\/post"}],"author":[{"embeddable":true,"href":"https:\/\/www.africa-press.net\/cameroun\/wp-json\/wp\/v2\/users\/82"}],"replies":[{"embeddable":true,"href":"https:\/\/www.africa-press.net\/cameroun\/wp-json\/wp\/v2\/comments?post=60344"}],"version-history":[{"count":0,"href":"https:\/\/www.africa-press.net\/cameroun\/wp-json\/wp\/v2\/posts\/60344\/revisions"}],"wp:featuredmedia":[{"embeddable":true,"href":"https:\/\/www.africa-press.net\/cameroun\/wp-json\/wp\/v2\/media\/60343"}],"wp:attachment":[{"href":"https:\/\/www.africa-press.net\/cameroun\/wp-json\/wp\/v2\/media?parent=60344"}],"wp:term":[{"taxonomy":"category","embeddable":true,"href":"https:\/\/www.africa-press.net\/cameroun\/wp-json\/wp\/v2\/categories?post=60344"},{"taxonomy":"post_tag","embeddable":true,"href":"https:\/\/www.africa-press.net\/cameroun\/wp-json\/wp\/v2\/tags?post=60344"}],"curies":[{"name":"wp","href":"https:\/\/api.w.org\/{rel}","templated":true}]}}