{"id":60715,"date":"2024-01-24T19:43:51","date_gmt":"2024-01-24T19:43:51","guid":{"rendered":"https:\/\/www.africa-press.net\/cameroun\/politique\/le-parlement-camerounais-convoque-en-session-ordinaire-le-05-mars-2024"},"modified":"2024-01-24T20:02:25","modified_gmt":"2024-01-24T20:02:25","slug":"le-parlement-camerounais-convoque-en-session-ordinaire-le-05-mars-2024","status":"publish","type":"post","link":"https:\/\/www.africa-press.net\/cameroun\/politique\/le-parlement-camerounais-convoque-en-session-ordinaire-le-05-mars-2024","title":{"rendered":"Le Parlement Camerounais Convoqu\u00e9 en Session Ordinaire le 05 Mars 2024"},"content":{"rendered":"<p><span style=\"color: #ff6600\"><strong>Africa-Press &#8211; Cameroun. <\/strong><\/span><b>Les pre\u0301sidents des deux Chambres de l\u2019institution parlementaire arre\u0302tent cette date pour la rentre\u0301e des 280 membres.<\/b><\/p>\n<p>Le 05 mars prochain, les 180 de\u0301pute\u0301s et les 100 se\u0301nateurs se retrouveront dans les he\u0301micycles respectifs de l\u2019Assemble\u0301e nationale et du Se\u0301nat. Le pre\u0301sident de la Chambre basse, Cavaye Yeguie Djibril a fixe\u0301 la ple\u0301nie\u0300re d\u2019ouverture des travaux a\u0300 11heures. le pre\u0301sident de la Chambre Haute, Marcel Niat Njifenji a quant a\u0300 lui pre\u0301vu cette se\u0301ance de\u0300s 16heures le me\u0302me jour. Au Se\u0301nat comme a\u0300 l\u2019Assemble\u0301e nationale, l\u2019enjeu primordial de cette session ordinaire qui est la premie\u0300re de l\u2019anne\u0301e le\u0301gislative 2024, est le renouvellement des bureaux.<\/p>\n<p>A cet effet, le bureau de\u0301finitif de chaque Chambre sera renouvele\u0301 sous la conduite du bureau d\u2019a\u0302ge, le mandat d\u2019un an ayant expire\u0301. Il y aura e\u0301lection a\u0300 la te\u0302te du Se\u0301nat et a\u0300 la te\u0302te de l\u2019Assemble\u0301e nationale. Les deux e\u0301tant compose\u0301s en majorite\u0301 des membres issus du Rassemblement de\u0301mocratique du peuple camerounais (Rdpc), les me\u0302mes personnalite\u0301s reprendront leurs postes. Marcel Niat Njifenji au Se\u0301nat et Cavaye Yeguie Djibril a\u0300 l\u2019Assemble\u0301e. Les ope\u0301rations de renouvellement concerneront aussi les premiers vice-pre\u0301sidents, les vice-pre\u0301sidents, les secre\u0301taires et les questeurs. Les repre\u0301sentants de la Nations et ceux des collectivite\u0301s locales proce\u0300deront aussi a\u0300 l\u2019e\u0301lection des bureaux des commissions ge\u0301ne\u0301rales.<\/p>\n<p>Apre\u0300s cette ope\u0301ration, les nouveaux bureaux de l\u2019Assemble\u0301e et du Se\u0301nat pourront recevoir et examiner les projets de lois, ainsi que e\u0301valuer l\u2019action des membres du gouvernement par le biais des questions orales. La ple\u0301nie\u0300re d\u2019ouverture donne souvent l\u2019occasion d\u2019e\u0301couter le discours des doyens d\u2019a\u0302ge a\u0300 propos des e\u0301ve\u0301nements ayant marque\u0301 la vie de Nation au cours de l\u2019anne\u0301e le\u0301gislative ante\u0301rieure.<\/p>\n<p><strong>Pour plus d&rsquo;informations et d&rsquo;analyses sur la <a href=\"https:\/\/www.africa-press.net\/cameroun\">Cameroun<\/a>, suivez <a href=\"https:\/\/www.africa-press.net\/\">Africa-Press<\/a><\/strong><\/p>\n","protected":false},"excerpt":{"rendered":"<p>Africa-Press &#8211; Cameroun. Les pre\u0301sidents des deux Chambres de l\u2019institution parlementaire arre\u0302tent cette date pour la rentre\u0301e des 280 membres. Le 05 mars prochain, les 180 de\u0301pute\u0301s et les 100 se\u0301nateurs se retrouveront dans les he\u0301micycles respectifs de l\u2019Assemble\u0301e nationale et du Se\u0301nat. Le pre\u0301sident de la Chambre basse, Cavaye Yeguie Djibril a fixe\u0301 la [&hellip;]<\/p>\n","protected":false},"author":82,"featured_media":60714,"comment_status":"open","ping_status":"closed","sticky":false,"template":"","format":"standard","meta":{"footnotes":""},"categories":[2,10],"tags":[36,50,49],"class_list":["post-60715","post","type-post","status-publish","format-standard","has-post-thumbnail","hentry","category-politique","category-toutes-les-actualites","tag-africa-press","tag-africa-press-cameroun","tag-cameroun"],"yoast_head":"<!-- This site is optimized with the Yoast SEO Premium plugin v26.1 (Yoast SEO v27.0) - https:\/\/yoast.com\/product\/yoast-seo-premium-wordpress\/ -->\n<title>Le Parlement Camerounais Convoqu\u00e9 en Session Ordinaire le 05 Mars 2024 - Cameroun<\/title>\n<meta name=\"description\" content=\"Les pre\u0301sidents des deux Chambres de l\u2019institution parlementaire arre\u0302tent cette date pour la rentre\u0301e des 280 membre ...\" \/>\n<meta name=\"robots\" content=\"index, follow, max-snippet:-1, max-image-preview:large, max-video-preview:-1\" \/>\n<link rel=\"canonical\" href=\"https:\/\/www.africa-press.net\/cameroun\/politique\/le-parlement-camerounais-convoque-en-session-ordinaire-le-05-mars-2024\" \/>\n<meta property=\"og:locale\" content=\"fr_FR\" \/>\n<meta property=\"og:type\" content=\"article\" \/>\n<meta property=\"og:title\" content=\"Le Parlement Camerounais Convoqu\u00e9 en Session Ordinaire le 05 Mars 2024\" \/>\n<meta property=\"og:description\" content=\"Les pre\u0301sidents des deux Chambres de l\u2019institution parlementaire arre\u0302tent cette date pour la rentre\u0301e des 280 membre ...\" \/>\n<meta property=\"og:url\" content=\"https:\/\/www.africa-press.net\/cameroun\/politique\/le-parlement-camerounais-convoque-en-session-ordinaire-le-05-mars-2024\" \/>\n<meta property=\"og:site_name\" content=\"Cameroun\" \/>\n<meta property=\"article:published_time\" content=\"2024-01-24T19:43:51+00:00\" \/>\n<meta property=\"article:modified_time\" content=\"2024-01-24T20:02:25+00:00\" \/>\n<meta property=\"og:image\" content=\"https:\/\/static.africa-press.net\/cameroun\/sites\/57\/2024\/01\/sm_1706113742.120499.jpg\" \/>\n\t<meta property=\"og:image:width\" content=\"780\" \/>\n\t<meta property=\"og:image:height\" content=\"440\" \/>\n\t<meta property=\"og:image:type\" content=\"image\/jpeg\" \/>\n<meta name=\"author\" content=\"cfeditorfr\" \/>\n<meta name=\"twitter:card\" content=\"summary_large_image\" \/>\n<meta name=\"twitter:label1\" content=\"\u00c9crit par\" \/>\n\t<meta name=\"twitter:data1\" content=\"cfeditorfr\" \/>\n\t<meta name=\"twitter:label2\" content=\"Dur\u00e9e de lecture estim\u00e9e\" \/>\n\t<meta name=\"twitter:data2\" content=\"2 minutes\" \/>\n<script type=\"application\/ld+json\" class=\"yoast-schema-graph\">{\"@context\":\"https:\/\/schema.org\",\"@graph\":[{\"@type\":\"Article\",\"@id\":\"https:\/\/www.africa-press.net\/cameroun\/politique\/le-parlement-camerounais-convoque-en-session-ordinaire-le-05-mars-2024#article\",\"isPartOf\":{\"@id\":\"https:\/\/www.africa-press.net\/cameroun\/politique\/le-parlement-camerounais-convoque-en-session-ordinaire-le-05-mars-2024\"},\"author\":{\"name\":\"cfeditorfr\",\"@id\":\"https:\/\/www.africa-press.net\/cameroun\/#\/schema\/person\/2b1cf3cd81a31e3cd26889ca66d677f1\"},\"headline\":\"Le Parlement Camerounais Convoqu\u00e9 en Session Ordinaire le 05 Mars 2024\",\"datePublished\":\"2024-01-24T19:43:51+00:00\",\"dateModified\":\"2024-01-24T20:02:25+00:00\",\"mainEntityOfPage\":{\"@id\":\"https:\/\/www.africa-press.net\/cameroun\/politique\/le-parlement-camerounais-convoque-en-session-ordinaire-le-05-mars-2024\"},\"wordCount\":369,\"commentCount\":0,\"image\":{\"@id\":\"https:\/\/www.africa-press.net\/cameroun\/politique\/le-parlement-camerounais-convoque-en-session-ordinaire-le-05-mars-2024#primaryimage\"},\"thumbnailUrl\":\"https:\/\/static.africa-press.net\/cameroun\/sites\/57\/2024\/01\/sm_1706113742.120499.jpg\",\"keywords\":[\"Africa Press\",\"Africa Press-Cameroun\",\"Cameroun\"],\"articleSection\":[\"Politique\",\"Toutes les actualit\u00e9s\"],\"inLanguage\":\"fr-FR\",\"potentialAction\":[{\"@type\":\"CommentAction\",\"name\":\"Comment\",\"target\":[\"https:\/\/www.africa-press.net\/cameroun\/politique\/le-parlement-camerounais-convoque-en-session-ordinaire-le-05-mars-2024#respond\"]}]},{\"@type\":\"WebPage\",\"@id\":\"https:\/\/www.africa-press.net\/cameroun\/politique\/le-parlement-camerounais-convoque-en-session-ordinaire-le-05-mars-2024\",\"url\":\"https:\/\/www.africa-press.net\/cameroun\/politique\/le-parlement-camerounais-convoque-en-session-ordinaire-le-05-mars-2024\",\"name\":\"Le Parlement Camerounais Convoqu\u00e9 en Session Ordinaire le 05 Mars 2024 - Cameroun\",\"isPartOf\":{\"@id\":\"https:\/\/www.africa-press.net\/cameroun\/#website\"},\"primaryImageOfPage\":{\"@id\":\"https:\/\/www.africa-press.net\/cameroun\/politique\/le-parlement-camerounais-convoque-en-session-ordinaire-le-05-mars-2024#primaryimage\"},\"image\":{\"@id\":\"https:\/\/www.africa-press.net\/cameroun\/politique\/le-parlement-camerounais-convoque-en-session-ordinaire-le-05-mars-2024#primaryimage\"},\"thumbnailUrl\":\"https:\/\/static.africa-press.net\/cameroun\/sites\/57\/2024\/01\/sm_1706113742.120499.jpg\",\"datePublished\":\"2024-01-24T19:43:51+00:00\",\"dateModified\":\"2024-01-24T20:02:25+00:00\",\"author\":{\"@id\":\"https:\/\/www.africa-press.net\/cameroun\/#\/schema\/person\/2b1cf3cd81a31e3cd26889ca66d677f1\"},\"description\":\"Les pre\u0301sidents des deux Chambres de l\u2019institution parlementaire arre\u0302tent cette date pour la rentre\u0301e des 280 membre ...\",\"breadcrumb\":{\"@id\":\"https:\/\/www.africa-press.net\/cameroun\/politique\/le-parlement-camerounais-convoque-en-session-ordinaire-le-05-mars-2024#breadcrumb\"},\"inLanguage\":\"fr-FR\",\"potentialAction\":[{\"@type\":\"ReadAction\",\"target\":[\"https:\/\/www.africa-press.net\/cameroun\/politique\/le-parlement-camerounais-convoque-en-session-ordinaire-le-05-mars-2024\"]}]},{\"@type\":\"ImageObject\",\"inLanguage\":\"fr-FR\",\"@id\":\"https:\/\/www.africa-press.net\/cameroun\/politique\/le-parlement-camerounais-convoque-en-session-ordinaire-le-05-mars-2024#primaryimage\",\"url\":\"https:\/\/static.africa-press.net\/cameroun\/sites\/57\/2024\/01\/sm_1706113742.120499.jpg\",\"contentUrl\":\"https:\/\/static.africa-press.net\/cameroun\/sites\/57\/2024\/01\/sm_1706113742.120499.jpg\",\"width\":780,\"height\":440,\"caption\":\"Le Parlement Camerounais Convoqu\u00e9 en Session Ordinaire le 05 Mars 2024\"},{\"@type\":\"BreadcrumbList\",\"@id\":\"https:\/\/www.africa-press.net\/cameroun\/politique\/le-parlement-camerounais-convoque-en-session-ordinaire-le-05-mars-2024#breadcrumb\",\"itemListElement\":[{\"@type\":\"ListItem\",\"position\":1,\"name\":\"Accueil\",\"item\":\"https:\/\/www.africa-press.net\/cameroun\/\"},{\"@type\":\"ListItem\",\"position\":2,\"name\":\"Le Parlement Camerounais Convoqu\u00e9 en Session Ordinaire le 05 Mars 2024\"}]},{\"@type\":\"WebSite\",\"@id\":\"https:\/\/www.africa-press.net\/cameroun\/#website\",\"url\":\"https:\/\/www.africa-press.net\/cameroun\/\",\"name\":\"Cameroun\",\"description\":\"Just another Africa News Agency Sites site\",\"potentialAction\":[{\"@type\":\"SearchAction\",\"target\":{\"@type\":\"EntryPoint\",\"urlTemplate\":\"https:\/\/www.africa-press.net\/cameroun\/?s={search_term_string}\"},\"query-input\":{\"@type\":\"PropertyValueSpecification\",\"valueRequired\":true,\"valueName\":\"search_term_string\"}}],\"inLanguage\":\"fr-FR\"},{\"@type\":\"Person\",\"@id\":\"https:\/\/www.africa-press.net\/cameroun\/#\/schema\/person\/2b1cf3cd81a31e3cd26889ca66d677f1\",\"name\":\"cfeditorfr\"}]}<\/script>\n<!-- \/ Yoast SEO Premium plugin. -->","yoast_head_json":{"title":"Le Parlement Camerounais Convoqu\u00e9 en Session Ordinaire le 05 Mars 2024 - Cameroun","description":"Les pre\u0301sidents des deux Chambres de l\u2019institution parlementaire arre\u0302tent cette date pour la rentre\u0301e des 280 membre ...","robots":{"index":"index","follow":"follow","max-snippet":"max-snippet:-1","max-image-preview":"max-image-preview:large","max-video-preview":"max-video-preview:-1"},"canonical":"https:\/\/www.africa-press.net\/cameroun\/politique\/le-parlement-camerounais-convoque-en-session-ordinaire-le-05-mars-2024","og_locale":"fr_FR","og_type":"article","og_title":"Le Parlement Camerounais Convoqu\u00e9 en Session Ordinaire le 05 Mars 2024","og_description":"Les pre\u0301sidents des deux Chambres de l\u2019institution parlementaire arre\u0302tent cette date pour la rentre\u0301e des 280 membre ...","og_url":"https:\/\/www.africa-press.net\/cameroun\/politique\/le-parlement-camerounais-convoque-en-session-ordinaire-le-05-mars-2024","og_site_name":"Cameroun","article_published_time":"2024-01-24T19:43:51+00:00","article_modified_time":"2024-01-24T20:02:25+00:00","og_image":[{"width":780,"height":440,"url":"https:\/\/static.africa-press.net\/cameroun\/sites\/57\/2024\/01\/sm_1706113742.120499.jpg","type":"image\/jpeg"}],"author":"cfeditorfr","twitter_card":"summary_large_image","twitter_misc":{"\u00c9crit par":"cfeditorfr","Dur\u00e9e de lecture estim\u00e9e":"2 minutes"},"schema":{"@context":"https:\/\/schema.org","@graph":[{"@type":"Article","@id":"https:\/\/www.africa-press.net\/cameroun\/politique\/le-parlement-camerounais-convoque-en-session-ordinaire-le-05-mars-2024#article","isPartOf":{"@id":"https:\/\/www.africa-press.net\/cameroun\/politique\/le-parlement-camerounais-convoque-en-session-ordinaire-le-05-mars-2024"},"author":{"name":"cfeditorfr","@id":"https:\/\/www.africa-press.net\/cameroun\/#\/schema\/person\/2b1cf3cd81a31e3cd26889ca66d677f1"},"headline":"Le Parlement Camerounais Convoqu\u00e9 en Session Ordinaire le 05 Mars 2024","datePublished":"2024-01-24T19:43:51+00:00","dateModified":"2024-01-24T20:02:25+00:00","mainEntityOfPage":{"@id":"https:\/\/www.africa-press.net\/cameroun\/politique\/le-parlement-camerounais-convoque-en-session-ordinaire-le-05-mars-2024"},"wordCount":369,"commentCount":0,"image":{"@id":"https:\/\/www.africa-press.net\/cameroun\/politique\/le-parlement-camerounais-convoque-en-session-ordinaire-le-05-mars-2024#primaryimage"},"thumbnailUrl":"https:\/\/static.africa-press.net\/cameroun\/sites\/57\/2024\/01\/sm_1706113742.120499.jpg","keywords":["Africa Press","Africa Press-Cameroun","Cameroun"],"articleSection":["Politique","Toutes les actualit\u00e9s"],"inLanguage":"fr-FR","potentialAction":[{"@type":"CommentAction","name":"Comment","target":["https:\/\/www.africa-press.net\/cameroun\/politique\/le-parlement-camerounais-convoque-en-session-ordinaire-le-05-mars-2024#respond"]}]},{"@type":"WebPage","@id":"https:\/\/www.africa-press.net\/cameroun\/politique\/le-parlement-camerounais-convoque-en-session-ordinaire-le-05-mars-2024","url":"https:\/\/www.africa-press.net\/cameroun\/politique\/le-parlement-camerounais-convoque-en-session-ordinaire-le-05-mars-2024","name":"Le Parlement Camerounais Convoqu\u00e9 en Session Ordinaire le 05 Mars 2024 - Cameroun","isPartOf":{"@id":"https:\/\/www.africa-press.net\/cameroun\/#website"},"primaryImageOfPage":{"@id":"https:\/\/www.africa-press.net\/cameroun\/politique\/le-parlement-camerounais-convoque-en-session-ordinaire-le-05-mars-2024#primaryimage"},"image":{"@id":"https:\/\/www.africa-press.net\/cameroun\/politique\/le-parlement-camerounais-convoque-en-session-ordinaire-le-05-mars-2024#primaryimage"},"thumbnailUrl":"https:\/\/static.africa-press.net\/cameroun\/sites\/57\/2024\/01\/sm_1706113742.120499.jpg","datePublished":"2024-01-24T19:43:51+00:00","dateModified":"2024-01-24T20:02:25+00:00","author":{"@id":"https:\/\/www.africa-press.net\/cameroun\/#\/schema\/person\/2b1cf3cd81a31e3cd26889ca66d677f1"},"description":"Les pre\u0301sidents des deux Chambres de l\u2019institution parlementaire arre\u0302tent cette date pour la rentre\u0301e des 280 membre ...","breadcrumb":{"@id":"https:\/\/www.africa-press.net\/cameroun\/politique\/le-parlement-camerounais-convoque-en-session-ordinaire-le-05-mars-2024#breadcrumb"},"inLanguage":"fr-FR","potentialAction":[{"@type":"ReadAction","target":["https:\/\/www.africa-press.net\/cameroun\/politique\/le-parlement-camerounais-convoque-en-session-ordinaire-le-05-mars-2024"]}]},{"@type":"ImageObject","inLanguage":"fr-FR","@id":"https:\/\/www.africa-press.net\/cameroun\/politique\/le-parlement-camerounais-convoque-en-session-ordinaire-le-05-mars-2024#primaryimage","url":"https:\/\/static.africa-press.net\/cameroun\/sites\/57\/2024\/01\/sm_1706113742.120499.jpg","contentUrl":"https:\/\/static.africa-press.net\/cameroun\/sites\/57\/2024\/01\/sm_1706113742.120499.jpg","width":780,"height":440,"caption":"Le Parlement Camerounais Convoqu\u00e9 en Session Ordinaire le 05 Mars 2024"},{"@type":"BreadcrumbList","@id":"https:\/\/www.africa-press.net\/cameroun\/politique\/le-parlement-camerounais-convoque-en-session-ordinaire-le-05-mars-2024#breadcrumb","itemListElement":[{"@type":"ListItem","position":1,"name":"Accueil","item":"https:\/\/www.africa-press.net\/cameroun\/"},{"@type":"ListItem","position":2,"name":"Le Parlement Camerounais Convoqu\u00e9 en Session Ordinaire le 05 Mars 2024"}]},{"@type":"WebSite","@id":"https:\/\/www.africa-press.net\/cameroun\/#website","url":"https:\/\/www.africa-press.net\/cameroun\/","name":"Cameroun","description":"Just another Africa News Agency Sites site","potentialAction":[{"@type":"SearchAction","target":{"@type":"EntryPoint","urlTemplate":"https:\/\/www.africa-press.net\/cameroun\/?s={search_term_string}"},"query-input":{"@type":"PropertyValueSpecification","valueRequired":true,"valueName":"search_term_string"}}],"inLanguage":"fr-FR"},{"@type":"Person","@id":"https:\/\/www.africa-press.net\/cameroun\/#\/schema\/person\/2b1cf3cd81a31e3cd26889ca66d677f1","name":"cfeditorfr"}]}},"_links":{"self":[{"href":"https:\/\/www.africa-press.net\/cameroun\/wp-json\/wp\/v2\/posts\/60715","targetHints":{"allow":["GET"]}}],"collection":[{"href":"https:\/\/www.africa-press.net\/cameroun\/wp-json\/wp\/v2\/posts"}],"about":[{"href":"https:\/\/www.africa-press.net\/cameroun\/wp-json\/wp\/v2\/types\/post"}],"author":[{"embeddable":true,"href":"https:\/\/www.africa-press.net\/cameroun\/wp-json\/wp\/v2\/users\/82"}],"replies":[{"embeddable":true,"href":"https:\/\/www.africa-press.net\/cameroun\/wp-json\/wp\/v2\/comments?post=60715"}],"version-history":[{"count":0,"href":"https:\/\/www.africa-press.net\/cameroun\/wp-json\/wp\/v2\/posts\/60715\/revisions"}],"wp:featuredmedia":[{"embeddable":true,"href":"https:\/\/www.africa-press.net\/cameroun\/wp-json\/wp\/v2\/media\/60714"}],"wp:attachment":[{"href":"https:\/\/www.africa-press.net\/cameroun\/wp-json\/wp\/v2\/media?parent=60715"}],"wp:term":[{"taxonomy":"category","embeddable":true,"href":"https:\/\/www.africa-press.net\/cameroun\/wp-json\/wp\/v2\/categories?post=60715"},{"taxonomy":"post_tag","embeddable":true,"href":"https:\/\/www.africa-press.net\/cameroun\/wp-json\/wp\/v2\/tags?post=60715"}],"curies":[{"name":"wp","href":"https:\/\/api.w.org\/{rel}","templated":true}]}}