{"id":60735,"date":"2024-01-25T22:26:27","date_gmt":"2024-01-25T22:26:27","guid":{"rendered":"https:\/\/www.africa-press.net\/cameroun\/politique\/promote-2024-la-suisse-accompagne-les-pme-camerounaises"},"modified":"2024-01-25T22:53:54","modified_gmt":"2024-01-25T22:53:54","slug":"promote-2024-la-suisse-accompagne-les-pme-camerounaises","status":"publish","type":"post","link":"https:\/\/www.africa-press.net\/cameroun\/toutes-les-actualites\/promote-2024-la-suisse-accompagne-les-pme-camerounaises","title":{"rendered":"Promote 2024 : la Suisse Accompagne les PME Camerounaises"},"content":{"rendered":"<p><span style=\"color: #ff6600\"><strong>Africa-Press &#8211; Cameroun. <\/strong><\/span><b>L\u2019information ressort d\u2019une audience accorde\u0301e par le Ministre des Petites et Moyennes Entreprises, de l\u2019Economie Sociale et de l\u2019Artisanat, Achille BASSILEKIN III a\u0300 S.E. Martin STRUB Ambassadeur de Suisse au Cameroun.<\/b><\/p>\n<p>Achille BASSILEKIN III et S.E. Martin STRUB Ambassadeur ont tenu une rencontre le 18 janvier 2024. L\u2019audience s\u2019est inscrite dans le cadre du renforcement de la collaboration entre les deux institutions. Il a e\u0301te\u0301 question de revisiter la coope\u0301ration entre le Cameroun et la Suisse dans les secteurs des PMEESA. Cette visite a eu pour objectif de soutenir certaines initiatives innovantes des jeunes entrepreneurs locaux et faciliter leur participation au Salon International de l\u2019Entreprise, de la PME et du Partenariat de Yaounde\u0301 PROMOTE 2024.<\/p>\n<p>\u00abAvec le Ministre, nous avons e\u0301change\u0301 sur la situation ge\u0301ne\u0301rale des PME notamment leur potentiel comparativement a\u0300 celles de mon pays. Ensuite, nous avons parle\u0301 de la participation des PME a\u0300 la prochaine foire PROMOTE. La\u0300, nous avons discute\u0301 des formes de coope\u0301ration\/collaboration entre les deux pays pour permettre la participation des pme qui sont d\u2019un inte\u0301re\u0302t non seulement pour le Cameroun mais e\u0301galement pour la Suisse. Nous avons e\u0301voque\u0301 trois domaines a\u0300 savoir l\u2019Agroalimentaire, la Transformation du bois et le coton\/textile ou nous apporterons notre soutien \u00bb a indique\u0301 S.E. Martin STRUB.<\/p>\n<p><b>Un forum au coeur de promote<\/b><\/p>\n<p>Pour sa 9e e\u0301dition pre\u0301vue du 17 au 25 fe\u0301vrier 2024 a\u0300 Yaounde\u0301, le Salon international de l\u2019entreprise, de la PME et du partenariat de Yaounde\u0301 (Promote) a inscrit dans son programme ge\u0301ne\u0301ral la tenue d\u2019un forum baptise\u0301 \u00ab Grand forum e\u0301conomique de Promote 2024 \u00bb (Forep). Il s\u2019agit de l\u2019une des principales innovations de l\u2019e\u0301dition de 2024, indique William Talehc, le directeur de Promote. Ce forum se tiendra sur deux jours (21-22 fe\u0301vrier) et sera colle\u0301 au the\u0300me de l\u2019e\u0301ve\u0301nement: \u00ab Secteur prive\u0301, e\u0301volution et transformation structurelle des e\u0301conomies africaines \u00bb.<\/p>\n<p>Ainsi, l\u2019objectif du grand forum e\u0301conomique de Yaounde\u0301 est clair: dresser un panorama des faits marquants de l\u2019investissement prive\u0301 avant et apre\u0300s la pande\u0301mie de Covid-19, analyser les dispositifs et politiques publiques mises en place pour soutenir le secteur prive\u0301 a\u0300 re\u0301sister et amortir les effets des crises mondiales re\u0301centes, d\u2019examiner les tendances re\u0301centes concernant la re\u0301organisation de la production au niveau mondial en vue de proposer des mode\u0300les d\u2019investissement propres a\u0300 favoriser la transformation structurelle au Cameroun et en Afrique, entre autres.<\/p>\n<p><strong>Pour plus d&rsquo;informations et d&rsquo;analyses sur la <a href=\"https:\/\/www.africa-press.net\/cameroun\">Cameroun<\/a>, suivez <a href=\"https:\/\/www.africa-press.net\/\">Africa-Press<\/a><\/strong><\/p>\n","protected":false},"excerpt":{"rendered":"<p>Africa-Press &#8211; Cameroun. L\u2019information ressort d\u2019une audience accorde\u0301e par le Ministre des Petites et Moyennes Entreprises, de l\u2019Economie Sociale et de l\u2019Artisanat, Achille BASSILEKIN III a\u0300 S.E. Martin STRUB Ambassadeur de Suisse au Cameroun. Achille BASSILEKIN III et S.E. Martin STRUB Ambassadeur ont tenu une rencontre le 18 janvier 2024. L\u2019audience s\u2019est inscrite dans le [&hellip;]<\/p>\n","protected":false},"author":82,"featured_media":60733,"comment_status":"open","ping_status":"closed","sticky":false,"template":"","format":"standard","meta":{"footnotes":""},"categories":[21,10],"tags":[36,50,49],"class_list":["post-60735","post","type-post","status-publish","format-standard","has-post-thumbnail","hentry","category-communaute","category-toutes-les-actualites","tag-africa-press","tag-africa-press-cameroun","tag-cameroun"],"yoast_head":"<!-- This site is optimized with the Yoast SEO Premium plugin v26.1 (Yoast SEO v27.0) - https:\/\/yoast.com\/product\/yoast-seo-premium-wordpress\/ -->\n<title>Promote 2024 : la Suisse Accompagne les PME Camerounaises - Cameroun<\/title>\n<meta name=\"description\" content=\"L\u2019information ressort d\u2019une audience accorde\u0301e par le Ministre des Petites et Moyennes Entreprises, de l\u2019Economie Soc ...\" \/>\n<meta name=\"robots\" content=\"index, follow, max-snippet:-1, max-image-preview:large, max-video-preview:-1\" \/>\n<link rel=\"canonical\" href=\"https:\/\/www.africa-press.net\/cameroun\/toutes-les-actualites\/promote-2024-la-suisse-accompagne-les-pme-camerounaises\" \/>\n<meta property=\"og:locale\" content=\"fr_FR\" \/>\n<meta property=\"og:type\" content=\"article\" \/>\n<meta property=\"og:title\" content=\"Promote 2024 : la Suisse Accompagne les PME Camerounaises\" \/>\n<meta property=\"og:description\" content=\"L\u2019information ressort d\u2019une audience accorde\u0301e par le Ministre des Petites et Moyennes Entreprises, de l\u2019Economie Soc ...\" \/>\n<meta property=\"og:url\" content=\"https:\/\/www.africa-press.net\/cameroun\/toutes-les-actualites\/promote-2024-la-suisse-accompagne-les-pme-camerounaises\" \/>\n<meta property=\"og:site_name\" content=\"Cameroun\" \/>\n<meta property=\"article:published_time\" content=\"2024-01-25T22:26:27+00:00\" \/>\n<meta property=\"article:modified_time\" content=\"2024-01-25T22:53:54+00:00\" \/>\n<meta property=\"og:image\" content=\"https:\/\/static.africa-press.net\/cameroun\/sites\/57\/2024\/01\/sm_1706210432.710508.jpg\" \/>\n\t<meta property=\"og:image:width\" content=\"780\" \/>\n\t<meta property=\"og:image:height\" content=\"440\" \/>\n\t<meta property=\"og:image:type\" content=\"image\/jpeg\" \/>\n<meta name=\"author\" content=\"cfeditorfr\" \/>\n<meta name=\"twitter:card\" content=\"summary_large_image\" \/>\n<meta name=\"twitter:label1\" content=\"\u00c9crit par\" \/>\n\t<meta name=\"twitter:data1\" content=\"cfeditorfr\" \/>\n\t<meta name=\"twitter:label2\" content=\"Dur\u00e9e de lecture estim\u00e9e\" \/>\n\t<meta name=\"twitter:data2\" content=\"3 minutes\" \/>\n<script type=\"application\/ld+json\" class=\"yoast-schema-graph\">{\"@context\":\"https:\/\/schema.org\",\"@graph\":[{\"@type\":\"Article\",\"@id\":\"https:\/\/www.africa-press.net\/cameroun\/toutes-les-actualites\/promote-2024-la-suisse-accompagne-les-pme-camerounaises#article\",\"isPartOf\":{\"@id\":\"https:\/\/www.africa-press.net\/cameroun\/toutes-les-actualites\/promote-2024-la-suisse-accompagne-les-pme-camerounaises\"},\"author\":{\"name\":\"cfeditorfr\",\"@id\":\"https:\/\/www.africa-press.net\/cameroun\/#\/schema\/person\/2b1cf3cd81a31e3cd26889ca66d677f1\"},\"headline\":\"Promote 2024 : la Suisse Accompagne les PME Camerounaises\",\"datePublished\":\"2024-01-25T22:26:27+00:00\",\"dateModified\":\"2024-01-25T22:53:54+00:00\",\"mainEntityOfPage\":{\"@id\":\"https:\/\/www.africa-press.net\/cameroun\/toutes-les-actualites\/promote-2024-la-suisse-accompagne-les-pme-camerounaises\"},\"wordCount\":454,\"commentCount\":0,\"image\":{\"@id\":\"https:\/\/www.africa-press.net\/cameroun\/toutes-les-actualites\/promote-2024-la-suisse-accompagne-les-pme-camerounaises#primaryimage\"},\"thumbnailUrl\":\"https:\/\/static.africa-press.net\/cameroun\/sites\/57\/2024\/01\/sm_1706210432.710508.jpg\",\"keywords\":[\"Africa Press\",\"Africa Press-Cameroun\",\"Cameroun\"],\"articleSection\":[\"Communaut\u00e9\",\"Toutes les actualit\u00e9s\"],\"inLanguage\":\"fr-FR\",\"potentialAction\":[{\"@type\":\"CommentAction\",\"name\":\"Comment\",\"target\":[\"https:\/\/www.africa-press.net\/cameroun\/toutes-les-actualites\/promote-2024-la-suisse-accompagne-les-pme-camerounaises#respond\"]}]},{\"@type\":\"WebPage\",\"@id\":\"https:\/\/www.africa-press.net\/cameroun\/toutes-les-actualites\/promote-2024-la-suisse-accompagne-les-pme-camerounaises\",\"url\":\"https:\/\/www.africa-press.net\/cameroun\/toutes-les-actualites\/promote-2024-la-suisse-accompagne-les-pme-camerounaises\",\"name\":\"Promote 2024 : la Suisse Accompagne les PME Camerounaises - Cameroun\",\"isPartOf\":{\"@id\":\"https:\/\/www.africa-press.net\/cameroun\/#website\"},\"primaryImageOfPage\":{\"@id\":\"https:\/\/www.africa-press.net\/cameroun\/toutes-les-actualites\/promote-2024-la-suisse-accompagne-les-pme-camerounaises#primaryimage\"},\"image\":{\"@id\":\"https:\/\/www.africa-press.net\/cameroun\/toutes-les-actualites\/promote-2024-la-suisse-accompagne-les-pme-camerounaises#primaryimage\"},\"thumbnailUrl\":\"https:\/\/static.africa-press.net\/cameroun\/sites\/57\/2024\/01\/sm_1706210432.710508.jpg\",\"datePublished\":\"2024-01-25T22:26:27+00:00\",\"dateModified\":\"2024-01-25T22:53:54+00:00\",\"author\":{\"@id\":\"https:\/\/www.africa-press.net\/cameroun\/#\/schema\/person\/2b1cf3cd81a31e3cd26889ca66d677f1\"},\"description\":\"L\u2019information ressort d\u2019une audience accorde\u0301e par le Ministre des Petites et Moyennes Entreprises, de l\u2019Economie Soc ...\",\"breadcrumb\":{\"@id\":\"https:\/\/www.africa-press.net\/cameroun\/toutes-les-actualites\/promote-2024-la-suisse-accompagne-les-pme-camerounaises#breadcrumb\"},\"inLanguage\":\"fr-FR\",\"potentialAction\":[{\"@type\":\"ReadAction\",\"target\":[\"https:\/\/www.africa-press.net\/cameroun\/toutes-les-actualites\/promote-2024-la-suisse-accompagne-les-pme-camerounaises\"]}]},{\"@type\":\"ImageObject\",\"inLanguage\":\"fr-FR\",\"@id\":\"https:\/\/www.africa-press.net\/cameroun\/toutes-les-actualites\/promote-2024-la-suisse-accompagne-les-pme-camerounaises#primaryimage\",\"url\":\"https:\/\/static.africa-press.net\/cameroun\/sites\/57\/2024\/01\/sm_1706210432.710508.jpg\",\"contentUrl\":\"https:\/\/static.africa-press.net\/cameroun\/sites\/57\/2024\/01\/sm_1706210432.710508.jpg\",\"width\":780,\"height\":440,\"caption\":\"Promote 2024 : la Suisse Accompagne les PME Camerounaises\"},{\"@type\":\"BreadcrumbList\",\"@id\":\"https:\/\/www.africa-press.net\/cameroun\/toutes-les-actualites\/promote-2024-la-suisse-accompagne-les-pme-camerounaises#breadcrumb\",\"itemListElement\":[{\"@type\":\"ListItem\",\"position\":1,\"name\":\"Accueil\",\"item\":\"https:\/\/www.africa-press.net\/cameroun\/\"},{\"@type\":\"ListItem\",\"position\":2,\"name\":\"Promote 2024 : la Suisse Accompagne les PME Camerounaises\"}]},{\"@type\":\"WebSite\",\"@id\":\"https:\/\/www.africa-press.net\/cameroun\/#website\",\"url\":\"https:\/\/www.africa-press.net\/cameroun\/\",\"name\":\"Cameroun\",\"description\":\"Just another Africa News Agency Sites site\",\"potentialAction\":[{\"@type\":\"SearchAction\",\"target\":{\"@type\":\"EntryPoint\",\"urlTemplate\":\"https:\/\/www.africa-press.net\/cameroun\/?s={search_term_string}\"},\"query-input\":{\"@type\":\"PropertyValueSpecification\",\"valueRequired\":true,\"valueName\":\"search_term_string\"}}],\"inLanguage\":\"fr-FR\"},{\"@type\":\"Person\",\"@id\":\"https:\/\/www.africa-press.net\/cameroun\/#\/schema\/person\/2b1cf3cd81a31e3cd26889ca66d677f1\",\"name\":\"cfeditorfr\"}]}<\/script>\n<!-- \/ Yoast SEO Premium plugin. -->","yoast_head_json":{"title":"Promote 2024 : la Suisse Accompagne les PME Camerounaises - Cameroun","description":"L\u2019information ressort d\u2019une audience accorde\u0301e par le Ministre des Petites et Moyennes Entreprises, de l\u2019Economie Soc ...","robots":{"index":"index","follow":"follow","max-snippet":"max-snippet:-1","max-image-preview":"max-image-preview:large","max-video-preview":"max-video-preview:-1"},"canonical":"https:\/\/www.africa-press.net\/cameroun\/toutes-les-actualites\/promote-2024-la-suisse-accompagne-les-pme-camerounaises","og_locale":"fr_FR","og_type":"article","og_title":"Promote 2024 : la Suisse Accompagne les PME Camerounaises","og_description":"L\u2019information ressort d\u2019une audience accorde\u0301e par le Ministre des Petites et Moyennes Entreprises, de l\u2019Economie Soc ...","og_url":"https:\/\/www.africa-press.net\/cameroun\/toutes-les-actualites\/promote-2024-la-suisse-accompagne-les-pme-camerounaises","og_site_name":"Cameroun","article_published_time":"2024-01-25T22:26:27+00:00","article_modified_time":"2024-01-25T22:53:54+00:00","og_image":[{"width":780,"height":440,"url":"https:\/\/static.africa-press.net\/cameroun\/sites\/57\/2024\/01\/sm_1706210432.710508.jpg","type":"image\/jpeg"}],"author":"cfeditorfr","twitter_card":"summary_large_image","twitter_misc":{"\u00c9crit par":"cfeditorfr","Dur\u00e9e de lecture estim\u00e9e":"3 minutes"},"schema":{"@context":"https:\/\/schema.org","@graph":[{"@type":"Article","@id":"https:\/\/www.africa-press.net\/cameroun\/toutes-les-actualites\/promote-2024-la-suisse-accompagne-les-pme-camerounaises#article","isPartOf":{"@id":"https:\/\/www.africa-press.net\/cameroun\/toutes-les-actualites\/promote-2024-la-suisse-accompagne-les-pme-camerounaises"},"author":{"name":"cfeditorfr","@id":"https:\/\/www.africa-press.net\/cameroun\/#\/schema\/person\/2b1cf3cd81a31e3cd26889ca66d677f1"},"headline":"Promote 2024 : la Suisse Accompagne les PME Camerounaises","datePublished":"2024-01-25T22:26:27+00:00","dateModified":"2024-01-25T22:53:54+00:00","mainEntityOfPage":{"@id":"https:\/\/www.africa-press.net\/cameroun\/toutes-les-actualites\/promote-2024-la-suisse-accompagne-les-pme-camerounaises"},"wordCount":454,"commentCount":0,"image":{"@id":"https:\/\/www.africa-press.net\/cameroun\/toutes-les-actualites\/promote-2024-la-suisse-accompagne-les-pme-camerounaises#primaryimage"},"thumbnailUrl":"https:\/\/static.africa-press.net\/cameroun\/sites\/57\/2024\/01\/sm_1706210432.710508.jpg","keywords":["Africa Press","Africa Press-Cameroun","Cameroun"],"articleSection":["Communaut\u00e9","Toutes les actualit\u00e9s"],"inLanguage":"fr-FR","potentialAction":[{"@type":"CommentAction","name":"Comment","target":["https:\/\/www.africa-press.net\/cameroun\/toutes-les-actualites\/promote-2024-la-suisse-accompagne-les-pme-camerounaises#respond"]}]},{"@type":"WebPage","@id":"https:\/\/www.africa-press.net\/cameroun\/toutes-les-actualites\/promote-2024-la-suisse-accompagne-les-pme-camerounaises","url":"https:\/\/www.africa-press.net\/cameroun\/toutes-les-actualites\/promote-2024-la-suisse-accompagne-les-pme-camerounaises","name":"Promote 2024 : la Suisse Accompagne les PME Camerounaises - Cameroun","isPartOf":{"@id":"https:\/\/www.africa-press.net\/cameroun\/#website"},"primaryImageOfPage":{"@id":"https:\/\/www.africa-press.net\/cameroun\/toutes-les-actualites\/promote-2024-la-suisse-accompagne-les-pme-camerounaises#primaryimage"},"image":{"@id":"https:\/\/www.africa-press.net\/cameroun\/toutes-les-actualites\/promote-2024-la-suisse-accompagne-les-pme-camerounaises#primaryimage"},"thumbnailUrl":"https:\/\/static.africa-press.net\/cameroun\/sites\/57\/2024\/01\/sm_1706210432.710508.jpg","datePublished":"2024-01-25T22:26:27+00:00","dateModified":"2024-01-25T22:53:54+00:00","author":{"@id":"https:\/\/www.africa-press.net\/cameroun\/#\/schema\/person\/2b1cf3cd81a31e3cd26889ca66d677f1"},"description":"L\u2019information ressort d\u2019une audience accorde\u0301e par le Ministre des Petites et Moyennes Entreprises, de l\u2019Economie Soc ...","breadcrumb":{"@id":"https:\/\/www.africa-press.net\/cameroun\/toutes-les-actualites\/promote-2024-la-suisse-accompagne-les-pme-camerounaises#breadcrumb"},"inLanguage":"fr-FR","potentialAction":[{"@type":"ReadAction","target":["https:\/\/www.africa-press.net\/cameroun\/toutes-les-actualites\/promote-2024-la-suisse-accompagne-les-pme-camerounaises"]}]},{"@type":"ImageObject","inLanguage":"fr-FR","@id":"https:\/\/www.africa-press.net\/cameroun\/toutes-les-actualites\/promote-2024-la-suisse-accompagne-les-pme-camerounaises#primaryimage","url":"https:\/\/static.africa-press.net\/cameroun\/sites\/57\/2024\/01\/sm_1706210432.710508.jpg","contentUrl":"https:\/\/static.africa-press.net\/cameroun\/sites\/57\/2024\/01\/sm_1706210432.710508.jpg","width":780,"height":440,"caption":"Promote 2024 : la Suisse Accompagne les PME Camerounaises"},{"@type":"BreadcrumbList","@id":"https:\/\/www.africa-press.net\/cameroun\/toutes-les-actualites\/promote-2024-la-suisse-accompagne-les-pme-camerounaises#breadcrumb","itemListElement":[{"@type":"ListItem","position":1,"name":"Accueil","item":"https:\/\/www.africa-press.net\/cameroun\/"},{"@type":"ListItem","position":2,"name":"Promote 2024 : la Suisse Accompagne les PME Camerounaises"}]},{"@type":"WebSite","@id":"https:\/\/www.africa-press.net\/cameroun\/#website","url":"https:\/\/www.africa-press.net\/cameroun\/","name":"Cameroun","description":"Just another Africa News Agency Sites site","potentialAction":[{"@type":"SearchAction","target":{"@type":"EntryPoint","urlTemplate":"https:\/\/www.africa-press.net\/cameroun\/?s={search_term_string}"},"query-input":{"@type":"PropertyValueSpecification","valueRequired":true,"valueName":"search_term_string"}}],"inLanguage":"fr-FR"},{"@type":"Person","@id":"https:\/\/www.africa-press.net\/cameroun\/#\/schema\/person\/2b1cf3cd81a31e3cd26889ca66d677f1","name":"cfeditorfr"}]}},"_links":{"self":[{"href":"https:\/\/www.africa-press.net\/cameroun\/wp-json\/wp\/v2\/posts\/60735","targetHints":{"allow":["GET"]}}],"collection":[{"href":"https:\/\/www.africa-press.net\/cameroun\/wp-json\/wp\/v2\/posts"}],"about":[{"href":"https:\/\/www.africa-press.net\/cameroun\/wp-json\/wp\/v2\/types\/post"}],"author":[{"embeddable":true,"href":"https:\/\/www.africa-press.net\/cameroun\/wp-json\/wp\/v2\/users\/82"}],"replies":[{"embeddable":true,"href":"https:\/\/www.africa-press.net\/cameroun\/wp-json\/wp\/v2\/comments?post=60735"}],"version-history":[{"count":0,"href":"https:\/\/www.africa-press.net\/cameroun\/wp-json\/wp\/v2\/posts\/60735\/revisions"}],"wp:featuredmedia":[{"embeddable":true,"href":"https:\/\/www.africa-press.net\/cameroun\/wp-json\/wp\/v2\/media\/60733"}],"wp:attachment":[{"href":"https:\/\/www.africa-press.net\/cameroun\/wp-json\/wp\/v2\/media?parent=60735"}],"wp:term":[{"taxonomy":"category","embeddable":true,"href":"https:\/\/www.africa-press.net\/cameroun\/wp-json\/wp\/v2\/categories?post=60735"},{"taxonomy":"post_tag","embeddable":true,"href":"https:\/\/www.africa-press.net\/cameroun\/wp-json\/wp\/v2\/tags?post=60735"}],"curies":[{"name":"wp","href":"https:\/\/api.w.org\/{rel}","templated":true}]}}