{"id":60743,"date":"2024-01-25T22:37:46","date_gmt":"2024-01-25T22:37:46","guid":{"rendered":"https:\/\/www.africa-press.net\/cameroun\/politique\/drapeau-du-cameroun-la-presse-condamne-lerreur-de-tv5monde"},"modified":"2024-01-25T22:57:12","modified_gmt":"2024-01-25T22:57:12","slug":"drapeau-du-cameroun-la-presse-condamne-lerreur-de-tv5monde","status":"publish","type":"post","link":"https:\/\/www.africa-press.net\/cameroun\/politique\/drapeau-du-cameroun-la-presse-condamne-lerreur-de-tv5monde","title":{"rendered":"Drapeau du Cameroun : la Presse Condamne \u00ab L\u2019Erreur \u00bb de Tv5Monde"},"content":{"rendered":"<p><span style=\"color: #ff6600\"><strong>Africa-Press &#8211; Cameroun. <\/strong><\/span><b>Les journaux parus ce 25 janvier 2024 au Cameroun abordent le sujet dans des angles diffe\u0301rents tout en insistant sur le respect de la souverainete\u0301 du pays.<\/b><\/p>\n<p>Plusieurs titres en kiosque ce jeudi matin reviennent sur l\u2019utilisation d\u2019un emble\u0300me autre que le drapeau du Cameroun dans un tableau pre\u0301sente\u0301 par TV5Monde le 23 janvier dernier. \u00ab Scandaleux \u00bb, titre en grande une le quotidien bilingue <b>Cameroon Tribune<\/b>. Le journal a\u0300 capitaux publics attribue ce qualificatif a\u0300 la me\u0301prise sur le drapeau du Cameroun. La gazette revient sur la position du gouvernement contenue dans le communique\u0301 du ministre de la Communication, Porte-parole du gouvernement, Rene\u0301 Emmanuel Sadi.<\/p>\n<p><b>La Re\u0301publique presse<\/b> dans son e\u0301dition spe\u0301ciale lance en titre principal \u00ab Denise Epote \u00ab ne connait plus \u00bb le drapeau du Cameroun \u00bb. Le journal soutient que la chai\u0302ne de te\u0301le\u0301vision que dirige l\u2019ancienne socie\u0301taire de la CRTV, a pre\u0301sente\u0301 le Cameroun sous la bannie\u0300re de la Re\u0301publique chime\u0301rique, fantasmagorique de l\u2019Ambazonie. Il re\u0301percute la question des acteurs de la socie\u0301te\u0301 civile camerounaise, celle de savoir si Denise Epote soutient le terrorisme dans les re\u0301gions du Nord-Ouest et du Sud-Ouest.<\/p>\n<p>L\u2019usage du drapeau des se\u0301paratistes pour repre\u0301senter le Cameroun est une attaque impardonnable contre la souverainete\u0301, s\u2019exclame le quotidien de langue anglaise <b>Municipal Updates<\/b>.<\/p>\n<p>Yaounde\u0301-Paris, les relations en danger, s\u2019exclame <b>The Guardian Post<\/b>. Le quotidien paraissant en langue anglaise rapporte que le gouvernement demande le respect de la souverainete\u0301 du Cameroun a\u0300 l\u2019organe de presse franc\u0327ais <b>TV5Monde<\/b> qui a utilise\u0301 le drapeau se\u0301paratiste pour repre\u0301senter le <b>Cameroun<\/b>. Ce que le quotidien <b>Emergence<\/b> appelle \u00ab la provocation de TV5Monde \u00bb.<\/p>\n<p>Pour <b>La Me\u0301te\u0301o<\/b>, ce que TV5Monde reconnait comme erreur est une \u00ab mauvaise intension sur le drapeau \u00bb que le Cameroun condamne et de\u0301nonce. Le trihebdomadaire s\u2019inspire de la note de l\u2019ambassade du Cameroun en France adresse\u0301e au ministre franc\u0327ais de l\u2019Europe et des Affaires e\u0301trange\u0300res. Traitant du sujet relatif au drapeau national, <b>Mutations<\/b> dans son 5 994e\u0300 nume\u0301ro, parle de \u00ab la gaffe de TV5Monde \u00bb.<\/p>\n<p><strong>Pour plus d&rsquo;informations et d&rsquo;analyses sur la <a href=\"https:\/\/www.africa-press.net\/cameroun\">Cameroun<\/a>, suivez <a href=\"https:\/\/www.africa-press.net\/\">Africa-Press<\/a><\/strong><\/p>\n","protected":false},"excerpt":{"rendered":"<p>Africa-Press &#8211; Cameroun. Les journaux parus ce 25 janvier 2024 au Cameroun abordent le sujet dans des angles diffe\u0301rents tout en insistant sur le respect de la souverainete\u0301 du pays. Plusieurs titres en kiosque ce jeudi matin reviennent sur l\u2019utilisation d\u2019un emble\u0300me autre que le drapeau du Cameroun dans un tableau pre\u0301sente\u0301 par TV5Monde le [&hellip;]<\/p>\n","protected":false},"author":82,"featured_media":60742,"comment_status":"open","ping_status":"closed","sticky":false,"template":"","format":"standard","meta":{"footnotes":""},"categories":[2,10],"tags":[36,50,49],"class_list":["post-60743","post","type-post","status-publish","format-standard","has-post-thumbnail","hentry","category-politique","category-toutes-les-actualites","tag-africa-press","tag-africa-press-cameroun","tag-cameroun"],"yoast_head":"<!-- This site is optimized with the Yoast SEO Premium plugin v26.1 (Yoast SEO v27.0) - https:\/\/yoast.com\/product\/yoast-seo-premium-wordpress\/ -->\n<title>Drapeau du Cameroun : la Presse Condamne \u00ab L\u2019Erreur \u00bb de Tv5Monde - Cameroun<\/title>\n<meta name=\"description\" content=\"Les journaux parus ce 25 janvier 2024 au Cameroun abordent le sujet dans des angles diffe\u0301rents tout en insistant sur ...\" \/>\n<meta name=\"robots\" content=\"index, follow, max-snippet:-1, max-image-preview:large, max-video-preview:-1\" \/>\n<link rel=\"canonical\" href=\"https:\/\/www.africa-press.net\/cameroun\/politique\/drapeau-du-cameroun-la-presse-condamne-lerreur-de-tv5monde\" \/>\n<meta property=\"og:locale\" content=\"fr_FR\" \/>\n<meta property=\"og:type\" content=\"article\" \/>\n<meta property=\"og:title\" content=\"Drapeau du Cameroun : la Presse Condamne \u00ab L\u2019Erreur \u00bb de Tv5Monde\" \/>\n<meta property=\"og:description\" content=\"Les journaux parus ce 25 janvier 2024 au Cameroun abordent le sujet dans des angles diffe\u0301rents tout en insistant sur ...\" \/>\n<meta property=\"og:url\" content=\"https:\/\/www.africa-press.net\/cameroun\/politique\/drapeau-du-cameroun-la-presse-condamne-lerreur-de-tv5monde\" \/>\n<meta property=\"og:site_name\" content=\"Cameroun\" \/>\n<meta property=\"article:published_time\" content=\"2024-01-25T22:37:46+00:00\" \/>\n<meta property=\"article:modified_time\" content=\"2024-01-25T22:57:12+00:00\" \/>\n<meta property=\"og:image\" content=\"https:\/\/static.africa-press.net\/cameroun\/sites\/57\/2024\/01\/sm_1706210584.038559.jpg\" \/>\n\t<meta property=\"og:image:width\" content=\"780\" \/>\n\t<meta property=\"og:image:height\" content=\"440\" \/>\n\t<meta property=\"og:image:type\" content=\"image\/jpeg\" \/>\n<meta name=\"author\" content=\"cfeditorfr\" \/>\n<meta name=\"twitter:card\" content=\"summary_large_image\" \/>\n<meta name=\"twitter:label1\" content=\"\u00c9crit par\" \/>\n\t<meta name=\"twitter:data1\" content=\"cfeditorfr\" \/>\n\t<meta name=\"twitter:label2\" content=\"Dur\u00e9e de lecture estim\u00e9e\" \/>\n\t<meta name=\"twitter:data2\" content=\"2 minutes\" \/>\n<script type=\"application\/ld+json\" class=\"yoast-schema-graph\">{\"@context\":\"https:\/\/schema.org\",\"@graph\":[{\"@type\":\"Article\",\"@id\":\"https:\/\/www.africa-press.net\/cameroun\/politique\/drapeau-du-cameroun-la-presse-condamne-lerreur-de-tv5monde#article\",\"isPartOf\":{\"@id\":\"https:\/\/www.africa-press.net\/cameroun\/politique\/drapeau-du-cameroun-la-presse-condamne-lerreur-de-tv5monde\"},\"author\":{\"name\":\"cfeditorfr\",\"@id\":\"https:\/\/www.africa-press.net\/cameroun\/#\/schema\/person\/2b1cf3cd81a31e3cd26889ca66d677f1\"},\"headline\":\"Drapeau du Cameroun : la Presse Condamne \u00ab L\u2019Erreur \u00bb de Tv5Monde\",\"datePublished\":\"2024-01-25T22:37:46+00:00\",\"dateModified\":\"2024-01-25T22:57:12+00:00\",\"mainEntityOfPage\":{\"@id\":\"https:\/\/www.africa-press.net\/cameroun\/politique\/drapeau-du-cameroun-la-presse-condamne-lerreur-de-tv5monde\"},\"wordCount\":391,\"commentCount\":0,\"image\":{\"@id\":\"https:\/\/www.africa-press.net\/cameroun\/politique\/drapeau-du-cameroun-la-presse-condamne-lerreur-de-tv5monde#primaryimage\"},\"thumbnailUrl\":\"https:\/\/static.africa-press.net\/cameroun\/sites\/57\/2024\/01\/sm_1706210584.038559.jpg\",\"keywords\":[\"Africa Press\",\"Africa Press-Cameroun\",\"Cameroun\"],\"articleSection\":[\"Politique\",\"Toutes les actualit\u00e9s\"],\"inLanguage\":\"fr-FR\",\"potentialAction\":[{\"@type\":\"CommentAction\",\"name\":\"Comment\",\"target\":[\"https:\/\/www.africa-press.net\/cameroun\/politique\/drapeau-du-cameroun-la-presse-condamne-lerreur-de-tv5monde#respond\"]}]},{\"@type\":\"WebPage\",\"@id\":\"https:\/\/www.africa-press.net\/cameroun\/politique\/drapeau-du-cameroun-la-presse-condamne-lerreur-de-tv5monde\",\"url\":\"https:\/\/www.africa-press.net\/cameroun\/politique\/drapeau-du-cameroun-la-presse-condamne-lerreur-de-tv5monde\",\"name\":\"Drapeau du Cameroun : la Presse Condamne \u00ab L\u2019Erreur \u00bb de Tv5Monde - Cameroun\",\"isPartOf\":{\"@id\":\"https:\/\/www.africa-press.net\/cameroun\/#website\"},\"primaryImageOfPage\":{\"@id\":\"https:\/\/www.africa-press.net\/cameroun\/politique\/drapeau-du-cameroun-la-presse-condamne-lerreur-de-tv5monde#primaryimage\"},\"image\":{\"@id\":\"https:\/\/www.africa-press.net\/cameroun\/politique\/drapeau-du-cameroun-la-presse-condamne-lerreur-de-tv5monde#primaryimage\"},\"thumbnailUrl\":\"https:\/\/static.africa-press.net\/cameroun\/sites\/57\/2024\/01\/sm_1706210584.038559.jpg\",\"datePublished\":\"2024-01-25T22:37:46+00:00\",\"dateModified\":\"2024-01-25T22:57:12+00:00\",\"author\":{\"@id\":\"https:\/\/www.africa-press.net\/cameroun\/#\/schema\/person\/2b1cf3cd81a31e3cd26889ca66d677f1\"},\"description\":\"Les journaux parus ce 25 janvier 2024 au Cameroun abordent le sujet dans des angles diffe\u0301rents tout en insistant sur ...\",\"breadcrumb\":{\"@id\":\"https:\/\/www.africa-press.net\/cameroun\/politique\/drapeau-du-cameroun-la-presse-condamne-lerreur-de-tv5monde#breadcrumb\"},\"inLanguage\":\"fr-FR\",\"potentialAction\":[{\"@type\":\"ReadAction\",\"target\":[\"https:\/\/www.africa-press.net\/cameroun\/politique\/drapeau-du-cameroun-la-presse-condamne-lerreur-de-tv5monde\"]}]},{\"@type\":\"ImageObject\",\"inLanguage\":\"fr-FR\",\"@id\":\"https:\/\/www.africa-press.net\/cameroun\/politique\/drapeau-du-cameroun-la-presse-condamne-lerreur-de-tv5monde#primaryimage\",\"url\":\"https:\/\/static.africa-press.net\/cameroun\/sites\/57\/2024\/01\/sm_1706210584.038559.jpg\",\"contentUrl\":\"https:\/\/static.africa-press.net\/cameroun\/sites\/57\/2024\/01\/sm_1706210584.038559.jpg\",\"width\":780,\"height\":440,\"caption\":\"Drapeau du Cameroun : la Presse Condamne \u00ab L\u2019Erreur \u00bb de Tv5Monde\"},{\"@type\":\"BreadcrumbList\",\"@id\":\"https:\/\/www.africa-press.net\/cameroun\/politique\/drapeau-du-cameroun-la-presse-condamne-lerreur-de-tv5monde#breadcrumb\",\"itemListElement\":[{\"@type\":\"ListItem\",\"position\":1,\"name\":\"Accueil\",\"item\":\"https:\/\/www.africa-press.net\/cameroun\/\"},{\"@type\":\"ListItem\",\"position\":2,\"name\":\"Drapeau du Cameroun : la Presse Condamne \u00ab L\u2019Erreur \u00bb de Tv5Monde\"}]},{\"@type\":\"WebSite\",\"@id\":\"https:\/\/www.africa-press.net\/cameroun\/#website\",\"url\":\"https:\/\/www.africa-press.net\/cameroun\/\",\"name\":\"Cameroun\",\"description\":\"Just another Africa News Agency Sites site\",\"potentialAction\":[{\"@type\":\"SearchAction\",\"target\":{\"@type\":\"EntryPoint\",\"urlTemplate\":\"https:\/\/www.africa-press.net\/cameroun\/?s={search_term_string}\"},\"query-input\":{\"@type\":\"PropertyValueSpecification\",\"valueRequired\":true,\"valueName\":\"search_term_string\"}}],\"inLanguage\":\"fr-FR\"},{\"@type\":\"Person\",\"@id\":\"https:\/\/www.africa-press.net\/cameroun\/#\/schema\/person\/2b1cf3cd81a31e3cd26889ca66d677f1\",\"name\":\"cfeditorfr\"}]}<\/script>\n<!-- \/ Yoast SEO Premium plugin. -->","yoast_head_json":{"title":"Drapeau du Cameroun : la Presse Condamne \u00ab L\u2019Erreur \u00bb de Tv5Monde - Cameroun","description":"Les journaux parus ce 25 janvier 2024 au Cameroun abordent le sujet dans des angles diffe\u0301rents tout en insistant sur ...","robots":{"index":"index","follow":"follow","max-snippet":"max-snippet:-1","max-image-preview":"max-image-preview:large","max-video-preview":"max-video-preview:-1"},"canonical":"https:\/\/www.africa-press.net\/cameroun\/politique\/drapeau-du-cameroun-la-presse-condamne-lerreur-de-tv5monde","og_locale":"fr_FR","og_type":"article","og_title":"Drapeau du Cameroun : la Presse Condamne \u00ab L\u2019Erreur \u00bb de Tv5Monde","og_description":"Les journaux parus ce 25 janvier 2024 au Cameroun abordent le sujet dans des angles diffe\u0301rents tout en insistant sur ...","og_url":"https:\/\/www.africa-press.net\/cameroun\/politique\/drapeau-du-cameroun-la-presse-condamne-lerreur-de-tv5monde","og_site_name":"Cameroun","article_published_time":"2024-01-25T22:37:46+00:00","article_modified_time":"2024-01-25T22:57:12+00:00","og_image":[{"width":780,"height":440,"url":"https:\/\/static.africa-press.net\/cameroun\/sites\/57\/2024\/01\/sm_1706210584.038559.jpg","type":"image\/jpeg"}],"author":"cfeditorfr","twitter_card":"summary_large_image","twitter_misc":{"\u00c9crit par":"cfeditorfr","Dur\u00e9e de lecture estim\u00e9e":"2 minutes"},"schema":{"@context":"https:\/\/schema.org","@graph":[{"@type":"Article","@id":"https:\/\/www.africa-press.net\/cameroun\/politique\/drapeau-du-cameroun-la-presse-condamne-lerreur-de-tv5monde#article","isPartOf":{"@id":"https:\/\/www.africa-press.net\/cameroun\/politique\/drapeau-du-cameroun-la-presse-condamne-lerreur-de-tv5monde"},"author":{"name":"cfeditorfr","@id":"https:\/\/www.africa-press.net\/cameroun\/#\/schema\/person\/2b1cf3cd81a31e3cd26889ca66d677f1"},"headline":"Drapeau du Cameroun : la Presse Condamne \u00ab L\u2019Erreur \u00bb de Tv5Monde","datePublished":"2024-01-25T22:37:46+00:00","dateModified":"2024-01-25T22:57:12+00:00","mainEntityOfPage":{"@id":"https:\/\/www.africa-press.net\/cameroun\/politique\/drapeau-du-cameroun-la-presse-condamne-lerreur-de-tv5monde"},"wordCount":391,"commentCount":0,"image":{"@id":"https:\/\/www.africa-press.net\/cameroun\/politique\/drapeau-du-cameroun-la-presse-condamne-lerreur-de-tv5monde#primaryimage"},"thumbnailUrl":"https:\/\/static.africa-press.net\/cameroun\/sites\/57\/2024\/01\/sm_1706210584.038559.jpg","keywords":["Africa Press","Africa Press-Cameroun","Cameroun"],"articleSection":["Politique","Toutes les actualit\u00e9s"],"inLanguage":"fr-FR","potentialAction":[{"@type":"CommentAction","name":"Comment","target":["https:\/\/www.africa-press.net\/cameroun\/politique\/drapeau-du-cameroun-la-presse-condamne-lerreur-de-tv5monde#respond"]}]},{"@type":"WebPage","@id":"https:\/\/www.africa-press.net\/cameroun\/politique\/drapeau-du-cameroun-la-presse-condamne-lerreur-de-tv5monde","url":"https:\/\/www.africa-press.net\/cameroun\/politique\/drapeau-du-cameroun-la-presse-condamne-lerreur-de-tv5monde","name":"Drapeau du Cameroun : la Presse Condamne \u00ab L\u2019Erreur \u00bb de Tv5Monde - Cameroun","isPartOf":{"@id":"https:\/\/www.africa-press.net\/cameroun\/#website"},"primaryImageOfPage":{"@id":"https:\/\/www.africa-press.net\/cameroun\/politique\/drapeau-du-cameroun-la-presse-condamne-lerreur-de-tv5monde#primaryimage"},"image":{"@id":"https:\/\/www.africa-press.net\/cameroun\/politique\/drapeau-du-cameroun-la-presse-condamne-lerreur-de-tv5monde#primaryimage"},"thumbnailUrl":"https:\/\/static.africa-press.net\/cameroun\/sites\/57\/2024\/01\/sm_1706210584.038559.jpg","datePublished":"2024-01-25T22:37:46+00:00","dateModified":"2024-01-25T22:57:12+00:00","author":{"@id":"https:\/\/www.africa-press.net\/cameroun\/#\/schema\/person\/2b1cf3cd81a31e3cd26889ca66d677f1"},"description":"Les journaux parus ce 25 janvier 2024 au Cameroun abordent le sujet dans des angles diffe\u0301rents tout en insistant sur ...","breadcrumb":{"@id":"https:\/\/www.africa-press.net\/cameroun\/politique\/drapeau-du-cameroun-la-presse-condamne-lerreur-de-tv5monde#breadcrumb"},"inLanguage":"fr-FR","potentialAction":[{"@type":"ReadAction","target":["https:\/\/www.africa-press.net\/cameroun\/politique\/drapeau-du-cameroun-la-presse-condamne-lerreur-de-tv5monde"]}]},{"@type":"ImageObject","inLanguage":"fr-FR","@id":"https:\/\/www.africa-press.net\/cameroun\/politique\/drapeau-du-cameroun-la-presse-condamne-lerreur-de-tv5monde#primaryimage","url":"https:\/\/static.africa-press.net\/cameroun\/sites\/57\/2024\/01\/sm_1706210584.038559.jpg","contentUrl":"https:\/\/static.africa-press.net\/cameroun\/sites\/57\/2024\/01\/sm_1706210584.038559.jpg","width":780,"height":440,"caption":"Drapeau du Cameroun : la Presse Condamne \u00ab L\u2019Erreur \u00bb de Tv5Monde"},{"@type":"BreadcrumbList","@id":"https:\/\/www.africa-press.net\/cameroun\/politique\/drapeau-du-cameroun-la-presse-condamne-lerreur-de-tv5monde#breadcrumb","itemListElement":[{"@type":"ListItem","position":1,"name":"Accueil","item":"https:\/\/www.africa-press.net\/cameroun\/"},{"@type":"ListItem","position":2,"name":"Drapeau du Cameroun : la Presse Condamne \u00ab L\u2019Erreur \u00bb de Tv5Monde"}]},{"@type":"WebSite","@id":"https:\/\/www.africa-press.net\/cameroun\/#website","url":"https:\/\/www.africa-press.net\/cameroun\/","name":"Cameroun","description":"Just another Africa News Agency Sites site","potentialAction":[{"@type":"SearchAction","target":{"@type":"EntryPoint","urlTemplate":"https:\/\/www.africa-press.net\/cameroun\/?s={search_term_string}"},"query-input":{"@type":"PropertyValueSpecification","valueRequired":true,"valueName":"search_term_string"}}],"inLanguage":"fr-FR"},{"@type":"Person","@id":"https:\/\/www.africa-press.net\/cameroun\/#\/schema\/person\/2b1cf3cd81a31e3cd26889ca66d677f1","name":"cfeditorfr"}]}},"_links":{"self":[{"href":"https:\/\/www.africa-press.net\/cameroun\/wp-json\/wp\/v2\/posts\/60743","targetHints":{"allow":["GET"]}}],"collection":[{"href":"https:\/\/www.africa-press.net\/cameroun\/wp-json\/wp\/v2\/posts"}],"about":[{"href":"https:\/\/www.africa-press.net\/cameroun\/wp-json\/wp\/v2\/types\/post"}],"author":[{"embeddable":true,"href":"https:\/\/www.africa-press.net\/cameroun\/wp-json\/wp\/v2\/users\/82"}],"replies":[{"embeddable":true,"href":"https:\/\/www.africa-press.net\/cameroun\/wp-json\/wp\/v2\/comments?post=60743"}],"version-history":[{"count":0,"href":"https:\/\/www.africa-press.net\/cameroun\/wp-json\/wp\/v2\/posts\/60743\/revisions"}],"wp:featuredmedia":[{"embeddable":true,"href":"https:\/\/www.africa-press.net\/cameroun\/wp-json\/wp\/v2\/media\/60742"}],"wp:attachment":[{"href":"https:\/\/www.africa-press.net\/cameroun\/wp-json\/wp\/v2\/media?parent=60743"}],"wp:term":[{"taxonomy":"category","embeddable":true,"href":"https:\/\/www.africa-press.net\/cameroun\/wp-json\/wp\/v2\/categories?post=60743"},{"taxonomy":"post_tag","embeddable":true,"href":"https:\/\/www.africa-press.net\/cameroun\/wp-json\/wp\/v2\/tags?post=60743"}],"curies":[{"name":"wp","href":"https:\/\/api.w.org\/{rel}","templated":true}]}}