{"id":60746,"date":"2024-01-25T22:37:55","date_gmt":"2024-01-25T22:37:55","guid":{"rendered":"https:\/\/www.africa-press.net\/cameroun\/politique\/le-cameroun-condamne-la-meprise-de-tv5monde"},"modified":"2024-01-25T22:58:24","modified_gmt":"2024-01-25T22:58:24","slug":"le-cameroun-condamne-la-meprise-de-tv5monde","status":"publish","type":"post","link":"https:\/\/www.africa-press.net\/cameroun\/politique\/le-cameroun-condamne-la-meprise-de-tv5monde","title":{"rendered":"Le Cameroun Condamne la \u00ab M\u00e9prise de Tv5Monde \u00bb"},"content":{"rendered":"<p><span style=\"color: #ff6600\"><strong>Africa-Press &#8211; Cameroun. <\/strong><\/span><b>Les institutions gouvernementales, diplomatiques et de re\u0301gulation re\u0301agissent a\u0300 la diffusion par la chai\u0302ne TV5Monde d\u2019un symbole non reconnu a\u0300 la place du drapeau officiel.<\/b><\/p>\n<p>Indignation, protestation, demande d\u2019explication, de correction ou encore injonction de retirer cette partie du journal, sont entre autres expressions qui vont a\u0300 l\u2019encontre de TV5Monde. Les institutions de la Re\u0301publiques du Cameroun expriment leur indignation contre une \u00ab me\u0301prise \u00bb de la chai\u0302ne de te\u0301le\u0301vision franc\u0327aise. Le support me\u0301diatique a au cours de l\u2019e\u0301mission \u00ab 64\u2019 le monde en franc\u0327ais \u00bb du 23 janvier dernier, a diffuse\u0301 un emble\u0300me identifiant \u00ab un groupe terroriste se\u0301cessioniste qui se\u0301vit dans la partie occidentale du pays \u00bb, explique l\u2019ambassade du Cameroun en France.<\/p>\n<p>Les ondes d\u2019indignation parviennent a\u0300 Paris. Le gouvernement camerounais \u00ab condamne et de\u0301nonce cette grave me\u0301prise de TV5Monde fort regrettable et hautement pre\u0301judiciable a\u0300 l\u2019image du pays \u00bb. Dans le souci de pre\u0301server les relations entre la France et le Cameroun, le gouvernement du Cameroun demande \u00ab une correction imme\u0301diate de ce fa\u0302cheux manquement dans les me\u0302mes forme (&#8230;) le retrait de cette partie du journal dans les sites de la chai\u0302ne de te\u0301le\u0301vision TV5Monde et du cyberespace en ge\u0301ne\u0301ral \u00bb, e\u0301crit l\u2019ambassade du Cameroun au ministe\u0300re de l\u2019Europe et des Affaires e\u0301trange\u0300res de la France.<\/p>\n<p>Sur place a\u0300 Yaounde\u0301, le gouvernement exprime son indignation et proteste vivement contre cette grave me\u0301prise inacceptable et intole\u0301rable commise par un me\u0301dia de l\u2019envergure de TV5Monde \u00bb. Dans une communication en date du 24 janvier, le gouvernement de la Re\u0301publique du Cameroun \u00ab exige une rectification sans de\u0301lai de ce fa\u0302cheux impair qui porte pre\u0301judice a\u0300 l\u2019honneur et a\u0300 la souverainete\u0301 de la Re\u0301publique du Cameroun, en me\u0302me temps qu\u2019il se\u0300me la confusion dans l\u2019esprit de l\u2019opinion nationale et internationale \u00bb, marte\u0300le le ministre de la Communication Rene\u0301 Emmanuel Sadi.<\/p>\n<p>Dans le me\u0302me sens, le Conseil national de la Communication demande \u00ab aux responsables de la chai\u0302ne de te\u0301le\u0301vision mise en cause de lui adresser sans de\u0301lai les explications approprie\u0301es au sujet de cet impair \u00bb. Ainsi peut-on lire dans un communique\u0301 de l\u2019instance de re\u0301gulation pre\u0301side\u0301e par Joseph Chebongkeng Kalabu.<\/p>\n<p>Face a\u0300 ce vent d\u2019indignation, TV5Monde \u00ab pre\u0301sente ses plus since\u0300res excuses (&#8230;) pour les erreurs commises dans un tableau de pre\u0301sentation des matchs en cours de la CAN \u00bb. Reconnaissant que le drapeau pre\u0301sente\u0301 n\u2019e\u0301tait pas celui du Cameroun, TV5Monde dit mesurer la gravite\u0301 de son erreur. La chai\u0302ne attribue l\u2019origine de cette \u00ab erreur \u00bb a\u0300 \u00ab un manque de vigilance dans la chai\u0302ne de production \u00bb. Dans un communique\u0301 en date du 24 janvier, la te\u0301le\u0301vision s\u2019engage a\u0300 veiller a\u0300 l\u2019utilisation \u00ab du seul et unique drapeau consacre\u0301 \u00bb par la Constitution, vert-rouge-jaune.<\/p>\n<p><strong>Pour plus d&rsquo;informations et d&rsquo;analyses sur la <a href=\"https:\/\/www.africa-press.net\/cameroun\">Cameroun<\/a>, suivez <a href=\"https:\/\/www.africa-press.net\/\">Africa-Press<\/a><\/strong><\/p>\n","protected":false},"excerpt":{"rendered":"<p>Africa-Press &#8211; Cameroun. Les institutions gouvernementales, diplomatiques et de re\u0301gulation re\u0301agissent a\u0300 la diffusion par la chai\u0302ne TV5Monde d\u2019un symbole non reconnu a\u0300 la place du drapeau officiel. Indignation, protestation, demande d\u2019explication, de correction ou encore injonction de retirer cette partie du journal, sont entre autres expressions qui vont a\u0300 l\u2019encontre de TV5Monde. Les institutions [&hellip;]<\/p>\n","protected":false},"author":82,"featured_media":60745,"comment_status":"open","ping_status":"closed","sticky":false,"template":"","format":"standard","meta":{"footnotes":""},"categories":[2,10],"tags":[36,50,49],"class_list":["post-60746","post","type-post","status-publish","format-standard","has-post-thumbnail","hentry","category-politique","category-toutes-les-actualites","tag-africa-press","tag-africa-press-cameroun","tag-cameroun"],"yoast_head":"<!-- This site is optimized with the Yoast SEO Premium plugin v26.1 (Yoast SEO v27.0) - https:\/\/yoast.com\/product\/yoast-seo-premium-wordpress\/ -->\n<title>Le Cameroun Condamne la \u00ab M\u00e9prise de Tv5Monde \u00bb - Cameroun<\/title>\n<meta name=\"description\" content=\"Les institutions gouvernementales, diplomatiques et de re\u0301gulation re\u0301agissent a\u0300 la diffusion par la chai\u0302ne TV5Mond ...\" \/>\n<meta name=\"robots\" content=\"index, follow, max-snippet:-1, max-image-preview:large, max-video-preview:-1\" \/>\n<link rel=\"canonical\" href=\"https:\/\/www.africa-press.net\/cameroun\/politique\/le-cameroun-condamne-la-meprise-de-tv5monde\" \/>\n<meta property=\"og:locale\" content=\"fr_FR\" \/>\n<meta property=\"og:type\" content=\"article\" \/>\n<meta property=\"og:title\" content=\"Le Cameroun Condamne la \u00ab M\u00e9prise de Tv5Monde \u00bb\" \/>\n<meta property=\"og:description\" content=\"Les institutions gouvernementales, diplomatiques et de re\u0301gulation re\u0301agissent a\u0300 la diffusion par la chai\u0302ne TV5Mond ...\" \/>\n<meta property=\"og:url\" content=\"https:\/\/www.africa-press.net\/cameroun\/politique\/le-cameroun-condamne-la-meprise-de-tv5monde\" \/>\n<meta property=\"og:site_name\" content=\"Cameroun\" \/>\n<meta property=\"article:published_time\" content=\"2024-01-25T22:37:55+00:00\" \/>\n<meta property=\"article:modified_time\" content=\"2024-01-25T22:58:24+00:00\" \/>\n<meta property=\"og:image\" content=\"https:\/\/static.africa-press.net\/cameroun\/sites\/57\/2024\/01\/sm_1706210643.943063.jpg\" \/>\n\t<meta property=\"og:image:width\" content=\"780\" \/>\n\t<meta property=\"og:image:height\" content=\"440\" \/>\n\t<meta property=\"og:image:type\" content=\"image\/jpeg\" \/>\n<meta name=\"author\" content=\"cfeditorfr\" \/>\n<meta name=\"twitter:card\" content=\"summary_large_image\" \/>\n<meta name=\"twitter:label1\" content=\"\u00c9crit par\" \/>\n\t<meta name=\"twitter:data1\" content=\"cfeditorfr\" \/>\n\t<meta name=\"twitter:label2\" content=\"Dur\u00e9e de lecture estim\u00e9e\" \/>\n\t<meta name=\"twitter:data2\" content=\"3 minutes\" \/>\n<script type=\"application\/ld+json\" class=\"yoast-schema-graph\">{\"@context\":\"https:\/\/schema.org\",\"@graph\":[{\"@type\":\"Article\",\"@id\":\"https:\/\/www.africa-press.net\/cameroun\/politique\/le-cameroun-condamne-la-meprise-de-tv5monde#article\",\"isPartOf\":{\"@id\":\"https:\/\/www.africa-press.net\/cameroun\/politique\/le-cameroun-condamne-la-meprise-de-tv5monde\"},\"author\":{\"name\":\"cfeditorfr\",\"@id\":\"https:\/\/www.africa-press.net\/cameroun\/#\/schema\/person\/2b1cf3cd81a31e3cd26889ca66d677f1\"},\"headline\":\"Le Cameroun Condamne la \u00ab M\u00e9prise de Tv5Monde \u00bb\",\"datePublished\":\"2024-01-25T22:37:55+00:00\",\"dateModified\":\"2024-01-25T22:58:24+00:00\",\"mainEntityOfPage\":{\"@id\":\"https:\/\/www.africa-press.net\/cameroun\/politique\/le-cameroun-condamne-la-meprise-de-tv5monde\"},\"wordCount\":531,\"commentCount\":0,\"image\":{\"@id\":\"https:\/\/www.africa-press.net\/cameroun\/politique\/le-cameroun-condamne-la-meprise-de-tv5monde#primaryimage\"},\"thumbnailUrl\":\"https:\/\/static.africa-press.net\/cameroun\/sites\/57\/2024\/01\/sm_1706210643.943063.jpg\",\"keywords\":[\"Africa Press\",\"Africa Press-Cameroun\",\"Cameroun\"],\"articleSection\":[\"Politique\",\"Toutes les actualit\u00e9s\"],\"inLanguage\":\"fr-FR\",\"potentialAction\":[{\"@type\":\"CommentAction\",\"name\":\"Comment\",\"target\":[\"https:\/\/www.africa-press.net\/cameroun\/politique\/le-cameroun-condamne-la-meprise-de-tv5monde#respond\"]}]},{\"@type\":\"WebPage\",\"@id\":\"https:\/\/www.africa-press.net\/cameroun\/politique\/le-cameroun-condamne-la-meprise-de-tv5monde\",\"url\":\"https:\/\/www.africa-press.net\/cameroun\/politique\/le-cameroun-condamne-la-meprise-de-tv5monde\",\"name\":\"Le Cameroun Condamne la \u00ab M\u00e9prise de Tv5Monde \u00bb - Cameroun\",\"isPartOf\":{\"@id\":\"https:\/\/www.africa-press.net\/cameroun\/#website\"},\"primaryImageOfPage\":{\"@id\":\"https:\/\/www.africa-press.net\/cameroun\/politique\/le-cameroun-condamne-la-meprise-de-tv5monde#primaryimage\"},\"image\":{\"@id\":\"https:\/\/www.africa-press.net\/cameroun\/politique\/le-cameroun-condamne-la-meprise-de-tv5monde#primaryimage\"},\"thumbnailUrl\":\"https:\/\/static.africa-press.net\/cameroun\/sites\/57\/2024\/01\/sm_1706210643.943063.jpg\",\"datePublished\":\"2024-01-25T22:37:55+00:00\",\"dateModified\":\"2024-01-25T22:58:24+00:00\",\"author\":{\"@id\":\"https:\/\/www.africa-press.net\/cameroun\/#\/schema\/person\/2b1cf3cd81a31e3cd26889ca66d677f1\"},\"description\":\"Les institutions gouvernementales, diplomatiques et de re\u0301gulation re\u0301agissent a\u0300 la diffusion par la chai\u0302ne TV5Mond ...\",\"breadcrumb\":{\"@id\":\"https:\/\/www.africa-press.net\/cameroun\/politique\/le-cameroun-condamne-la-meprise-de-tv5monde#breadcrumb\"},\"inLanguage\":\"fr-FR\",\"potentialAction\":[{\"@type\":\"ReadAction\",\"target\":[\"https:\/\/www.africa-press.net\/cameroun\/politique\/le-cameroun-condamne-la-meprise-de-tv5monde\"]}]},{\"@type\":\"ImageObject\",\"inLanguage\":\"fr-FR\",\"@id\":\"https:\/\/www.africa-press.net\/cameroun\/politique\/le-cameroun-condamne-la-meprise-de-tv5monde#primaryimage\",\"url\":\"https:\/\/static.africa-press.net\/cameroun\/sites\/57\/2024\/01\/sm_1706210643.943063.jpg\",\"contentUrl\":\"https:\/\/static.africa-press.net\/cameroun\/sites\/57\/2024\/01\/sm_1706210643.943063.jpg\",\"width\":780,\"height\":440,\"caption\":\"Le Cameroun Condamne la \u00ab M\u00e9prise de Tv5Monde \u00bb\"},{\"@type\":\"BreadcrumbList\",\"@id\":\"https:\/\/www.africa-press.net\/cameroun\/politique\/le-cameroun-condamne-la-meprise-de-tv5monde#breadcrumb\",\"itemListElement\":[{\"@type\":\"ListItem\",\"position\":1,\"name\":\"Accueil\",\"item\":\"https:\/\/www.africa-press.net\/cameroun\/\"},{\"@type\":\"ListItem\",\"position\":2,\"name\":\"Le Cameroun Condamne la \u00ab M\u00e9prise de Tv5Monde \u00bb\"}]},{\"@type\":\"WebSite\",\"@id\":\"https:\/\/www.africa-press.net\/cameroun\/#website\",\"url\":\"https:\/\/www.africa-press.net\/cameroun\/\",\"name\":\"Cameroun\",\"description\":\"Just another Africa News Agency Sites site\",\"potentialAction\":[{\"@type\":\"SearchAction\",\"target\":{\"@type\":\"EntryPoint\",\"urlTemplate\":\"https:\/\/www.africa-press.net\/cameroun\/?s={search_term_string}\"},\"query-input\":{\"@type\":\"PropertyValueSpecification\",\"valueRequired\":true,\"valueName\":\"search_term_string\"}}],\"inLanguage\":\"fr-FR\"},{\"@type\":\"Person\",\"@id\":\"https:\/\/www.africa-press.net\/cameroun\/#\/schema\/person\/2b1cf3cd81a31e3cd26889ca66d677f1\",\"name\":\"cfeditorfr\"}]}<\/script>\n<!-- \/ Yoast SEO Premium plugin. -->","yoast_head_json":{"title":"Le Cameroun Condamne la \u00ab M\u00e9prise de Tv5Monde \u00bb - Cameroun","description":"Les institutions gouvernementales, diplomatiques et de re\u0301gulation re\u0301agissent a\u0300 la diffusion par la chai\u0302ne TV5Mond ...","robots":{"index":"index","follow":"follow","max-snippet":"max-snippet:-1","max-image-preview":"max-image-preview:large","max-video-preview":"max-video-preview:-1"},"canonical":"https:\/\/www.africa-press.net\/cameroun\/politique\/le-cameroun-condamne-la-meprise-de-tv5monde","og_locale":"fr_FR","og_type":"article","og_title":"Le Cameroun Condamne la \u00ab M\u00e9prise de Tv5Monde \u00bb","og_description":"Les institutions gouvernementales, diplomatiques et de re\u0301gulation re\u0301agissent a\u0300 la diffusion par la chai\u0302ne TV5Mond ...","og_url":"https:\/\/www.africa-press.net\/cameroun\/politique\/le-cameroun-condamne-la-meprise-de-tv5monde","og_site_name":"Cameroun","article_published_time":"2024-01-25T22:37:55+00:00","article_modified_time":"2024-01-25T22:58:24+00:00","og_image":[{"width":780,"height":440,"url":"https:\/\/static.africa-press.net\/cameroun\/sites\/57\/2024\/01\/sm_1706210643.943063.jpg","type":"image\/jpeg"}],"author":"cfeditorfr","twitter_card":"summary_large_image","twitter_misc":{"\u00c9crit par":"cfeditorfr","Dur\u00e9e de lecture estim\u00e9e":"3 minutes"},"schema":{"@context":"https:\/\/schema.org","@graph":[{"@type":"Article","@id":"https:\/\/www.africa-press.net\/cameroun\/politique\/le-cameroun-condamne-la-meprise-de-tv5monde#article","isPartOf":{"@id":"https:\/\/www.africa-press.net\/cameroun\/politique\/le-cameroun-condamne-la-meprise-de-tv5monde"},"author":{"name":"cfeditorfr","@id":"https:\/\/www.africa-press.net\/cameroun\/#\/schema\/person\/2b1cf3cd81a31e3cd26889ca66d677f1"},"headline":"Le Cameroun Condamne la \u00ab M\u00e9prise de Tv5Monde \u00bb","datePublished":"2024-01-25T22:37:55+00:00","dateModified":"2024-01-25T22:58:24+00:00","mainEntityOfPage":{"@id":"https:\/\/www.africa-press.net\/cameroun\/politique\/le-cameroun-condamne-la-meprise-de-tv5monde"},"wordCount":531,"commentCount":0,"image":{"@id":"https:\/\/www.africa-press.net\/cameroun\/politique\/le-cameroun-condamne-la-meprise-de-tv5monde#primaryimage"},"thumbnailUrl":"https:\/\/static.africa-press.net\/cameroun\/sites\/57\/2024\/01\/sm_1706210643.943063.jpg","keywords":["Africa Press","Africa Press-Cameroun","Cameroun"],"articleSection":["Politique","Toutes les actualit\u00e9s"],"inLanguage":"fr-FR","potentialAction":[{"@type":"CommentAction","name":"Comment","target":["https:\/\/www.africa-press.net\/cameroun\/politique\/le-cameroun-condamne-la-meprise-de-tv5monde#respond"]}]},{"@type":"WebPage","@id":"https:\/\/www.africa-press.net\/cameroun\/politique\/le-cameroun-condamne-la-meprise-de-tv5monde","url":"https:\/\/www.africa-press.net\/cameroun\/politique\/le-cameroun-condamne-la-meprise-de-tv5monde","name":"Le Cameroun Condamne la \u00ab M\u00e9prise de Tv5Monde \u00bb - Cameroun","isPartOf":{"@id":"https:\/\/www.africa-press.net\/cameroun\/#website"},"primaryImageOfPage":{"@id":"https:\/\/www.africa-press.net\/cameroun\/politique\/le-cameroun-condamne-la-meprise-de-tv5monde#primaryimage"},"image":{"@id":"https:\/\/www.africa-press.net\/cameroun\/politique\/le-cameroun-condamne-la-meprise-de-tv5monde#primaryimage"},"thumbnailUrl":"https:\/\/static.africa-press.net\/cameroun\/sites\/57\/2024\/01\/sm_1706210643.943063.jpg","datePublished":"2024-01-25T22:37:55+00:00","dateModified":"2024-01-25T22:58:24+00:00","author":{"@id":"https:\/\/www.africa-press.net\/cameroun\/#\/schema\/person\/2b1cf3cd81a31e3cd26889ca66d677f1"},"description":"Les institutions gouvernementales, diplomatiques et de re\u0301gulation re\u0301agissent a\u0300 la diffusion par la chai\u0302ne TV5Mond ...","breadcrumb":{"@id":"https:\/\/www.africa-press.net\/cameroun\/politique\/le-cameroun-condamne-la-meprise-de-tv5monde#breadcrumb"},"inLanguage":"fr-FR","potentialAction":[{"@type":"ReadAction","target":["https:\/\/www.africa-press.net\/cameroun\/politique\/le-cameroun-condamne-la-meprise-de-tv5monde"]}]},{"@type":"ImageObject","inLanguage":"fr-FR","@id":"https:\/\/www.africa-press.net\/cameroun\/politique\/le-cameroun-condamne-la-meprise-de-tv5monde#primaryimage","url":"https:\/\/static.africa-press.net\/cameroun\/sites\/57\/2024\/01\/sm_1706210643.943063.jpg","contentUrl":"https:\/\/static.africa-press.net\/cameroun\/sites\/57\/2024\/01\/sm_1706210643.943063.jpg","width":780,"height":440,"caption":"Le Cameroun Condamne la \u00ab M\u00e9prise de Tv5Monde \u00bb"},{"@type":"BreadcrumbList","@id":"https:\/\/www.africa-press.net\/cameroun\/politique\/le-cameroun-condamne-la-meprise-de-tv5monde#breadcrumb","itemListElement":[{"@type":"ListItem","position":1,"name":"Accueil","item":"https:\/\/www.africa-press.net\/cameroun\/"},{"@type":"ListItem","position":2,"name":"Le Cameroun Condamne la \u00ab M\u00e9prise de Tv5Monde \u00bb"}]},{"@type":"WebSite","@id":"https:\/\/www.africa-press.net\/cameroun\/#website","url":"https:\/\/www.africa-press.net\/cameroun\/","name":"Cameroun","description":"Just another Africa News Agency Sites site","potentialAction":[{"@type":"SearchAction","target":{"@type":"EntryPoint","urlTemplate":"https:\/\/www.africa-press.net\/cameroun\/?s={search_term_string}"},"query-input":{"@type":"PropertyValueSpecification","valueRequired":true,"valueName":"search_term_string"}}],"inLanguage":"fr-FR"},{"@type":"Person","@id":"https:\/\/www.africa-press.net\/cameroun\/#\/schema\/person\/2b1cf3cd81a31e3cd26889ca66d677f1","name":"cfeditorfr"}]}},"_links":{"self":[{"href":"https:\/\/www.africa-press.net\/cameroun\/wp-json\/wp\/v2\/posts\/60746","targetHints":{"allow":["GET"]}}],"collection":[{"href":"https:\/\/www.africa-press.net\/cameroun\/wp-json\/wp\/v2\/posts"}],"about":[{"href":"https:\/\/www.africa-press.net\/cameroun\/wp-json\/wp\/v2\/types\/post"}],"author":[{"embeddable":true,"href":"https:\/\/www.africa-press.net\/cameroun\/wp-json\/wp\/v2\/users\/82"}],"replies":[{"embeddable":true,"href":"https:\/\/www.africa-press.net\/cameroun\/wp-json\/wp\/v2\/comments?post=60746"}],"version-history":[{"count":0,"href":"https:\/\/www.africa-press.net\/cameroun\/wp-json\/wp\/v2\/posts\/60746\/revisions"}],"wp:featuredmedia":[{"embeddable":true,"href":"https:\/\/www.africa-press.net\/cameroun\/wp-json\/wp\/v2\/media\/60745"}],"wp:attachment":[{"href":"https:\/\/www.africa-press.net\/cameroun\/wp-json\/wp\/v2\/media?parent=60746"}],"wp:term":[{"taxonomy":"category","embeddable":true,"href":"https:\/\/www.africa-press.net\/cameroun\/wp-json\/wp\/v2\/categories?post=60746"},{"taxonomy":"post_tag","embeddable":true,"href":"https:\/\/www.africa-press.net\/cameroun\/wp-json\/wp\/v2\/tags?post=60746"}],"curies":[{"name":"wp","href":"https:\/\/api.w.org\/{rel}","templated":true}]}}