{"id":60752,"date":"2024-01-25T22:38:13","date_gmt":"2024-01-25T22:38:13","guid":{"rendered":"https:\/\/www.africa-press.net\/cameroun\/politique\/caf-pour-le-football-et-cadre-pour-la-democratie-et-les-elections-en-afrique"},"modified":"2024-01-25T23:00:48","modified_gmt":"2024-01-25T23:00:48","slug":"caf-pour-le-football-et-cadre-pour-la-democratie-et-les-elections-en-afrique","status":"publish","type":"post","link":"https:\/\/www.africa-press.net\/cameroun\/politique\/caf-pour-le-football-et-cadre-pour-la-democratie-et-les-elections-en-afrique","title":{"rendered":"CAF pour le Football et Cadre pour la D\u00e9mocratie et les \u00c9lections en Afrique"},"content":{"rendered":"<p><span style=\"color: #ff6600\"><strong>Africa-Press &#8211; Cameroun. <\/strong><\/span>Et si, comme a\u0300 la can, l\u2019univers et l\u2019arbitrage politiques et e\u0301lectoraux en Afrique devenaient inte\u0300gres et presque&#8230;. incontestables ?<\/p>\n<p>La <b>CAN<\/b>, rituel footballistique et compe\u0301tition sportive voire ge\u0301opolitique entre Etats africains est devenue, tous les deux ans, un moment important de la vie du continent noir. Son organisation donne lieu a\u0300 la mobilisation d\u2019importants investissements humains, financiers et mate\u0301riels attestant bien que cet affrontement des nations autour du ballon rond n\u2019est plus seulement un jeu. C\u2019est, en effet, un e\u0301ve\u0300nement suivi a\u0300 l\u2019e\u0301chelle mondiale, qui charrie de\u0301sormais des enjeux multiples et conside\u0301rables.<\/p>\n<p>A travers la <b>CAN<\/b>, l\u2019Afrique prouve au monde qu\u2019elle est capable d\u2019offrir un autre visage. Elle semble parfaitement en mesure d\u2019organiser des compe\u0301titions inte\u0300gres et aux re\u0301sultats presque incontestables. Avec des arbitres extre\u0302mement professionnels, la <b>VAR<\/b> (vide\u0301o assistance referee, en franc\u0327ais l\u2019assistance vide\u0301o a\u0300 l\u2019arbitrage) ainsi que tous les outils technologiques, organisationnels et humains de\u0301die\u0301s, les CAN se de\u0301roulent de\u0301sormais dans un univers ou\u0300 les victoires et autres de\u0301cisions arbitrales ne sont, sauf a\u0300 de rarissimes exceptions, quasiment plus jamais conteste\u0301es. De manie\u0300re tout a\u0300 fait singulie\u0300re, la technologie bien mai\u0302trise\u0301e de la <b>VAR<\/b> est devenue implacablement et incontestablement un instrument de consolidation de cette justice arbitrale.<\/p>\n<p>La confrontation des E\u0301tats et leurs e\u0301quipes sur le terrain ne souffre, par ailleurs, d\u2019aucun privile\u0300ge ni avantage exorbitant me\u0302me pour les pays organisateurs, souvent mis en grande difficulte\u0301.<\/p>\n<p>Il s\u2019agit toujours d\u2019affrontements e\u0301quitables, e\u0301quilibre\u0301s et transparents ou\u0300 onze acteurs sont en face de onze autres, avec toutes les chances pour chacune des formations en pre\u0301sence, de l\u2019emporter. Voila\u0300 pourquoi la CAN nous fait vivre des surprises de victoires ou de de\u0301faites les plus inattendues. Des nations conside\u0301re\u0301es comme mineures, parviennent a\u0300 tenir la drage\u0301e haute, voire a\u0300 subjuguer d\u2019autres conside\u0301re\u0301es comme majeures, gra\u0302ce a\u0300 des prestations incontestablement meilleures et infiniment plus lumineuses sur le terrain. Le fair play en vigueur de\u0301sormais incline les e\u0301quipes perdantes a\u0300 reconnai\u0302tre humblement leur de\u0301faite, et les gagnantes a\u0300 avoir le triomphe modeste en allant parfois consoler leurs adversaires, prouvant ainsi que tout n\u2019est finalement que vanite\u0301.<\/p>\n<p>Eu e\u0301gard a\u0300 ces constats d\u2019exemplarite\u0301, le football africain lors des CAN, a\u0300 mon avis, devrait parler aux populations et surtout aux politiques africains dont je suis.<\/p>\n<p>A travers le monde entier, presque toutes nos compe\u0301titions politiques et e\u0301lectorales sont devenues la rise\u0301e des nations qui ont du mal a\u0300 comprendre ce qui ne tourne pas rond chez ces Africains.<\/p>\n<p>Quasiment aucune victoire e\u0301lectorale n\u2019est obtenue de fac\u0327on inte\u0300gre et reconnue ni par les adversaires politiques ni par les observateurs divers. La re\u0300gle ici est celle prescrivant \u00bb qu\u2019un chef d\u2019Etat sortant, tre\u0300s souvent encore candidat lui-me\u0302me ou soutenant un de ses poulains, ne peut perdre une e\u0301lection \u00bb. Cet univers toujours en situation de pseudo ou de trompe l\u2019\u0153il de\u0301mocratiques est, logiquement, ponctue\u0301 par des coups d\u2019Etat a\u0300 re\u0301pe\u0301tition, des<\/p>\n<p>conflits politiques re\u0301currents, des reculades de\u0301mocratiques lie\u0301s a\u0300 des alternances pluto\u0302t souvent ste\u0301riles et peu structurantes.<\/p>\n<p>Dans la compe\u0301tition politique et e\u0301lectorale africaine, s\u2019il fallait prendre une image du football, le parti au pouvoir s\u2019octroie presque partout le privile\u0300ge exorbitant et frauduleux de disposer des re\u0300gles du jeu, des arbitres principal et secondaires, de la VAR, des officiels du match, voire de l\u2019essentiel du public, sur les gradins de me\u0302me que dans les chaumie\u0300res. Il y aurait sans doute lieu, en raison de sa redoutable efficacite\u0301 en matie\u0300re de foot, de re\u0302ver, entre autres outils de justice politique, d\u2019une ve\u0301ritable VAR des e\u0301lections en Afrique.<\/p>\n<p>Les dispositifs africains de parti-Etat de facto e\u0301cumant toujours l\u2019espace politique africain en contexte suppose\u0301 de de\u0301mocratie libe\u0301rale et e\u0301galitaire, demeurent des me\u0301canismes ille\u0301gaux, frauduleux et anticonstitutionnels consacrant l\u2019escroquerie et la tricherie la plus scandaleuse dans nos compe\u0301titions e\u0301lectorales en Afrique. Quand on y ajoute toute la batterie de techniques diverses de fraude, de corruption et d\u2019achat des consciences dans des univers de mise\u0300re morale et mate\u0301rielle, on atteint le paroxysme de la forfaiture et de l\u2019imposture. Telle est la raison pour laquelle nous sommes si moque\u0301s sur l\u2019e\u0301chiquier plane\u0301taire, tant il est vrai que nos compe\u0301titions e\u0301lectorales, vicie\u0301es et biaise\u0301es, affectant ne\u0301gativement et du reste l\u2019ensemble de la gouvernance socioe\u0301conomique, se situent totalement aux antipodes de ce que nous vivons avec bonheur pendant les CAN depuis quelques anne\u0301es.<\/p>\n<p>Il est temps et urgent pour ce continent qui semble accorder davantage d\u2019importance au football, dont la fonction divertissante et e\u0301vasive a ne\u0301anmoins toute son utilite\u0301, pluto\u0302t qu\u2019aux questions plus fondamentales et essentielles d\u2019organisation efficiente et performante de son e\u0301cosyste\u0300me politique et e\u0301lectoral, d\u2019effectuer une courageuse et robuste introspection.<\/p>\n<p>Et si la CAN venait a\u0300 inspirer le monde politique africain ? Et si ce beau football pratique\u0301 si magistralement par la jeunesse africaine sous la houlette des E\u0301tats mais aussi de la CAF, servait enfin d\u2019exemple transformateur a\u0300 l\u2019e\u0301cosyste\u0300me politique africain ?<\/p>\n<p>Et si, avanc\u0327ons cette hypothe\u0300se, peut-e\u0302tre saugrenue ou hardie, mais en me\u0302me temps ne\u0301cessaire eu e\u0301gard au contexte, l\u2019Union Africaine travaillait a\u0300 la mise en \u0153uvre d\u2019une sorte d\u2019e\u0301quivalent de la CAF consacre\u0301e aux questions politiques et e\u0301lectorales au sein du continent ?<\/p>\n<p>Cette CADE, Confe\u0301de\u0301ration africaine pour la de\u0301mocratie et les e\u0301lections, sorte d\u2019organisme panafricain loge\u0301 au sein de l\u2019UA, charge\u0301 d\u2019arbitrer et de superviser la vie politique en me\u0302me temps que la compe\u0301tition e\u0301lectorale en Afrique, serait sans doute de tre\u0300s bonne inspiration. Car, sachons- le clairement, aucun progre\u0300s, aucun de\u0301veloppement dignes de ce nom ne pourront jamais e\u0302tre accomplis dans des environnements d\u2019injustices, de fraudes et de malversations politiques et e\u0301lectorales.<\/p>\n<p>Et qu\u2019on ne nous pre\u0301sente pas l\u2019argument aussi spe\u0301cieux qu\u2019inconsistant de la pre\u0301tendue souverainete\u0301 des E\u0301tats ni celui des risques d\u2019inge\u0301rence exte\u0301rieure pour justifier la loi du plus fort, et souvent du plus grand fraudeur, pre\u0301valant dans nos E\u0301tats et y gouvernant les dynamiques politiques et e\u0301lectorales depuis quasiment les inde\u0301pendances.<\/p>\n<p>Oui la puissance, la vertu et la vitalite\u0301 du football a\u0300 travers la CAN, peut aujourd\u2019hui et doit servir de belle source d\u2019inspiration au monde politique africain. Assure\u0301ment, comme effets induits et re\u0301sultats positifs attendus, la cre\u0301ation de cette vertueuse et transformatrice CADE, favoriserait la production d\u2019une croissance et d\u2019un de\u0301veloppement socioe\u0301conomiques extre\u0302mement rapides de notre Afrique entie\u0300re. Que cette CAN ivoirienne de 2024 soit, pour nous Africains, une opportunite\u0301 de re\u0301flexion profonde sur l\u2019exigeante et essentielle proble\u0301matique mise en exergue dans la pre\u0301sente tribune.<\/p>\n<p>Dieu be\u0301nisse l\u2019Afrique.<\/p>\n<p><b>Pr Olivier BILE<\/b><\/p>\n<p><strong>Pour plus d&rsquo;informations et d&rsquo;analyses sur la <a href=\"https:\/\/www.africa-press.net\/cameroun\">Cameroun<\/a>, suivez <a href=\"https:\/\/www.africa-press.net\/\">Africa-Press<\/a><\/strong><\/p>\n","protected":false},"excerpt":{"rendered":"<p>Africa-Press &#8211; Cameroun. Et si, comme a\u0300 la can, l\u2019univers et l\u2019arbitrage politiques et e\u0301lectoraux en Afrique devenaient inte\u0300gres et presque&#8230;. incontestables ? La CAN, rituel footballistique et compe\u0301tition sportive voire ge\u0301opolitique entre Etats africains est devenue, tous les deux ans, un moment important de la vie du continent noir. Son organisation donne lieu a\u0300 [&hellip;]<\/p>\n","protected":false},"author":82,"featured_media":60751,"comment_status":"open","ping_status":"closed","sticky":false,"template":"","format":"standard","meta":{"footnotes":""},"categories":[2,10],"tags":[36,50,49],"class_list":["post-60752","post","type-post","status-publish","format-standard","has-post-thumbnail","hentry","category-politique","category-toutes-les-actualites","tag-africa-press","tag-africa-press-cameroun","tag-cameroun"],"yoast_head":"<!-- This site is optimized with the Yoast SEO Premium plugin v26.1 (Yoast SEO v27.0) - https:\/\/yoast.com\/product\/yoast-seo-premium-wordpress\/ -->\n<title>CAF pour le Football et Cadre pour la D\u00e9mocratie et les \u00c9lections en Afrique - Cameroun<\/title>\n<meta name=\"description\" content=\"Et si, comme a\u0300 la can, l\u2019univers et l\u2019arbitrage politiques et e\u0301lectoraux en Afrique devenaient inte\u0300gres et presque... ...\" \/>\n<meta name=\"robots\" content=\"index, follow, max-snippet:-1, max-image-preview:large, max-video-preview:-1\" \/>\n<link rel=\"canonical\" href=\"https:\/\/www.africa-press.net\/cameroun\/politique\/caf-pour-le-football-et-cadre-pour-la-democratie-et-les-elections-en-afrique\" \/>\n<meta property=\"og:locale\" content=\"fr_FR\" \/>\n<meta property=\"og:type\" content=\"article\" \/>\n<meta property=\"og:title\" content=\"CAF pour le Football et Cadre pour la D\u00e9mocratie et les \u00c9lections en Afrique\" \/>\n<meta property=\"og:description\" content=\"Et si, comme a\u0300 la can, l\u2019univers et l\u2019arbitrage politiques et e\u0301lectoraux en Afrique devenaient inte\u0300gres et presque... ...\" \/>\n<meta property=\"og:url\" content=\"https:\/\/www.africa-press.net\/cameroun\/politique\/caf-pour-le-football-et-cadre-pour-la-democratie-et-les-elections-en-afrique\" \/>\n<meta property=\"og:site_name\" content=\"Cameroun\" \/>\n<meta property=\"article:published_time\" content=\"2024-01-25T22:38:13+00:00\" \/>\n<meta property=\"article:modified_time\" content=\"2024-01-25T23:00:48+00:00\" \/>\n<meta property=\"og:image\" content=\"https:\/\/static.africa-press.net\/cameroun\/sites\/57\/2024\/01\/sm_1706210768.911826.jpg\" \/>\n\t<meta property=\"og:image:width\" content=\"780\" \/>\n\t<meta property=\"og:image:height\" content=\"440\" \/>\n\t<meta property=\"og:image:type\" content=\"image\/jpeg\" \/>\n<meta name=\"author\" content=\"cfeditorfr\" \/>\n<meta name=\"twitter:card\" content=\"summary_large_image\" \/>\n<meta name=\"twitter:label1\" content=\"\u00c9crit par\" \/>\n\t<meta name=\"twitter:data1\" content=\"cfeditorfr\" \/>\n\t<meta name=\"twitter:label2\" content=\"Dur\u00e9e de lecture estim\u00e9e\" \/>\n\t<meta name=\"twitter:data2\" content=\"6 minutes\" \/>\n<script type=\"application\/ld+json\" class=\"yoast-schema-graph\">{\"@context\":\"https:\/\/schema.org\",\"@graph\":[{\"@type\":\"Article\",\"@id\":\"https:\/\/www.africa-press.net\/cameroun\/politique\/caf-pour-le-football-et-cadre-pour-la-democratie-et-les-elections-en-afrique#article\",\"isPartOf\":{\"@id\":\"https:\/\/www.africa-press.net\/cameroun\/politique\/caf-pour-le-football-et-cadre-pour-la-democratie-et-les-elections-en-afrique\"},\"author\":{\"name\":\"cfeditorfr\",\"@id\":\"https:\/\/www.africa-press.net\/cameroun\/#\/schema\/person\/2b1cf3cd81a31e3cd26889ca66d677f1\"},\"headline\":\"CAF pour le Football et Cadre pour la D\u00e9mocratie et les \u00c9lections en Afrique\",\"datePublished\":\"2024-01-25T22:38:13+00:00\",\"dateModified\":\"2024-01-25T23:00:48+00:00\",\"mainEntityOfPage\":{\"@id\":\"https:\/\/www.africa-press.net\/cameroun\/politique\/caf-pour-le-football-et-cadre-pour-la-democratie-et-les-elections-en-afrique\"},\"wordCount\":1282,\"commentCount\":0,\"image\":{\"@id\":\"https:\/\/www.africa-press.net\/cameroun\/politique\/caf-pour-le-football-et-cadre-pour-la-democratie-et-les-elections-en-afrique#primaryimage\"},\"thumbnailUrl\":\"https:\/\/static.africa-press.net\/cameroun\/sites\/57\/2024\/01\/sm_1706210768.911826.jpg\",\"keywords\":[\"Africa Press\",\"Africa Press-Cameroun\",\"Cameroun\"],\"articleSection\":[\"Politique\",\"Toutes les actualit\u00e9s\"],\"inLanguage\":\"fr-FR\",\"potentialAction\":[{\"@type\":\"CommentAction\",\"name\":\"Comment\",\"target\":[\"https:\/\/www.africa-press.net\/cameroun\/politique\/caf-pour-le-football-et-cadre-pour-la-democratie-et-les-elections-en-afrique#respond\"]}]},{\"@type\":\"WebPage\",\"@id\":\"https:\/\/www.africa-press.net\/cameroun\/politique\/caf-pour-le-football-et-cadre-pour-la-democratie-et-les-elections-en-afrique\",\"url\":\"https:\/\/www.africa-press.net\/cameroun\/politique\/caf-pour-le-football-et-cadre-pour-la-democratie-et-les-elections-en-afrique\",\"name\":\"CAF pour le Football et Cadre pour la D\u00e9mocratie et les \u00c9lections en Afrique - Cameroun\",\"isPartOf\":{\"@id\":\"https:\/\/www.africa-press.net\/cameroun\/#website\"},\"primaryImageOfPage\":{\"@id\":\"https:\/\/www.africa-press.net\/cameroun\/politique\/caf-pour-le-football-et-cadre-pour-la-democratie-et-les-elections-en-afrique#primaryimage\"},\"image\":{\"@id\":\"https:\/\/www.africa-press.net\/cameroun\/politique\/caf-pour-le-football-et-cadre-pour-la-democratie-et-les-elections-en-afrique#primaryimage\"},\"thumbnailUrl\":\"https:\/\/static.africa-press.net\/cameroun\/sites\/57\/2024\/01\/sm_1706210768.911826.jpg\",\"datePublished\":\"2024-01-25T22:38:13+00:00\",\"dateModified\":\"2024-01-25T23:00:48+00:00\",\"author\":{\"@id\":\"https:\/\/www.africa-press.net\/cameroun\/#\/schema\/person\/2b1cf3cd81a31e3cd26889ca66d677f1\"},\"description\":\"Et si, comme a\u0300 la can, l\u2019univers et l\u2019arbitrage politiques et e\u0301lectoraux en Afrique devenaient inte\u0300gres et presque... ...\",\"breadcrumb\":{\"@id\":\"https:\/\/www.africa-press.net\/cameroun\/politique\/caf-pour-le-football-et-cadre-pour-la-democratie-et-les-elections-en-afrique#breadcrumb\"},\"inLanguage\":\"fr-FR\",\"potentialAction\":[{\"@type\":\"ReadAction\",\"target\":[\"https:\/\/www.africa-press.net\/cameroun\/politique\/caf-pour-le-football-et-cadre-pour-la-democratie-et-les-elections-en-afrique\"]}]},{\"@type\":\"ImageObject\",\"inLanguage\":\"fr-FR\",\"@id\":\"https:\/\/www.africa-press.net\/cameroun\/politique\/caf-pour-le-football-et-cadre-pour-la-democratie-et-les-elections-en-afrique#primaryimage\",\"url\":\"https:\/\/static.africa-press.net\/cameroun\/sites\/57\/2024\/01\/sm_1706210768.911826.jpg\",\"contentUrl\":\"https:\/\/static.africa-press.net\/cameroun\/sites\/57\/2024\/01\/sm_1706210768.911826.jpg\",\"width\":780,\"height\":440,\"caption\":\"CAF pour le Football et Cadre pour la D\u00e9mocratie et les \u00c9lections en Afrique\"},{\"@type\":\"BreadcrumbList\",\"@id\":\"https:\/\/www.africa-press.net\/cameroun\/politique\/caf-pour-le-football-et-cadre-pour-la-democratie-et-les-elections-en-afrique#breadcrumb\",\"itemListElement\":[{\"@type\":\"ListItem\",\"position\":1,\"name\":\"Accueil\",\"item\":\"https:\/\/www.africa-press.net\/cameroun\/\"},{\"@type\":\"ListItem\",\"position\":2,\"name\":\"CAF pour le Football et Cadre pour la D\u00e9mocratie et les \u00c9lections en Afrique\"}]},{\"@type\":\"WebSite\",\"@id\":\"https:\/\/www.africa-press.net\/cameroun\/#website\",\"url\":\"https:\/\/www.africa-press.net\/cameroun\/\",\"name\":\"Cameroun\",\"description\":\"Just another Africa News Agency Sites site\",\"potentialAction\":[{\"@type\":\"SearchAction\",\"target\":{\"@type\":\"EntryPoint\",\"urlTemplate\":\"https:\/\/www.africa-press.net\/cameroun\/?s={search_term_string}\"},\"query-input\":{\"@type\":\"PropertyValueSpecification\",\"valueRequired\":true,\"valueName\":\"search_term_string\"}}],\"inLanguage\":\"fr-FR\"},{\"@type\":\"Person\",\"@id\":\"https:\/\/www.africa-press.net\/cameroun\/#\/schema\/person\/2b1cf3cd81a31e3cd26889ca66d677f1\",\"name\":\"cfeditorfr\"}]}<\/script>\n<!-- \/ Yoast SEO Premium plugin. -->","yoast_head_json":{"title":"CAF pour le Football et Cadre pour la D\u00e9mocratie et les \u00c9lections en Afrique - Cameroun","description":"Et si, comme a\u0300 la can, l\u2019univers et l\u2019arbitrage politiques et e\u0301lectoraux en Afrique devenaient inte\u0300gres et presque... ...","robots":{"index":"index","follow":"follow","max-snippet":"max-snippet:-1","max-image-preview":"max-image-preview:large","max-video-preview":"max-video-preview:-1"},"canonical":"https:\/\/www.africa-press.net\/cameroun\/politique\/caf-pour-le-football-et-cadre-pour-la-democratie-et-les-elections-en-afrique","og_locale":"fr_FR","og_type":"article","og_title":"CAF pour le Football et Cadre pour la D\u00e9mocratie et les \u00c9lections en Afrique","og_description":"Et si, comme a\u0300 la can, l\u2019univers et l\u2019arbitrage politiques et e\u0301lectoraux en Afrique devenaient inte\u0300gres et presque... ...","og_url":"https:\/\/www.africa-press.net\/cameroun\/politique\/caf-pour-le-football-et-cadre-pour-la-democratie-et-les-elections-en-afrique","og_site_name":"Cameroun","article_published_time":"2024-01-25T22:38:13+00:00","article_modified_time":"2024-01-25T23:00:48+00:00","og_image":[{"width":780,"height":440,"url":"https:\/\/static.africa-press.net\/cameroun\/sites\/57\/2024\/01\/sm_1706210768.911826.jpg","type":"image\/jpeg"}],"author":"cfeditorfr","twitter_card":"summary_large_image","twitter_misc":{"\u00c9crit par":"cfeditorfr","Dur\u00e9e de lecture estim\u00e9e":"6 minutes"},"schema":{"@context":"https:\/\/schema.org","@graph":[{"@type":"Article","@id":"https:\/\/www.africa-press.net\/cameroun\/politique\/caf-pour-le-football-et-cadre-pour-la-democratie-et-les-elections-en-afrique#article","isPartOf":{"@id":"https:\/\/www.africa-press.net\/cameroun\/politique\/caf-pour-le-football-et-cadre-pour-la-democratie-et-les-elections-en-afrique"},"author":{"name":"cfeditorfr","@id":"https:\/\/www.africa-press.net\/cameroun\/#\/schema\/person\/2b1cf3cd81a31e3cd26889ca66d677f1"},"headline":"CAF pour le Football et Cadre pour la D\u00e9mocratie et les \u00c9lections en Afrique","datePublished":"2024-01-25T22:38:13+00:00","dateModified":"2024-01-25T23:00:48+00:00","mainEntityOfPage":{"@id":"https:\/\/www.africa-press.net\/cameroun\/politique\/caf-pour-le-football-et-cadre-pour-la-democratie-et-les-elections-en-afrique"},"wordCount":1282,"commentCount":0,"image":{"@id":"https:\/\/www.africa-press.net\/cameroun\/politique\/caf-pour-le-football-et-cadre-pour-la-democratie-et-les-elections-en-afrique#primaryimage"},"thumbnailUrl":"https:\/\/static.africa-press.net\/cameroun\/sites\/57\/2024\/01\/sm_1706210768.911826.jpg","keywords":["Africa Press","Africa Press-Cameroun","Cameroun"],"articleSection":["Politique","Toutes les actualit\u00e9s"],"inLanguage":"fr-FR","potentialAction":[{"@type":"CommentAction","name":"Comment","target":["https:\/\/www.africa-press.net\/cameroun\/politique\/caf-pour-le-football-et-cadre-pour-la-democratie-et-les-elections-en-afrique#respond"]}]},{"@type":"WebPage","@id":"https:\/\/www.africa-press.net\/cameroun\/politique\/caf-pour-le-football-et-cadre-pour-la-democratie-et-les-elections-en-afrique","url":"https:\/\/www.africa-press.net\/cameroun\/politique\/caf-pour-le-football-et-cadre-pour-la-democratie-et-les-elections-en-afrique","name":"CAF pour le Football et Cadre pour la D\u00e9mocratie et les \u00c9lections en Afrique - Cameroun","isPartOf":{"@id":"https:\/\/www.africa-press.net\/cameroun\/#website"},"primaryImageOfPage":{"@id":"https:\/\/www.africa-press.net\/cameroun\/politique\/caf-pour-le-football-et-cadre-pour-la-democratie-et-les-elections-en-afrique#primaryimage"},"image":{"@id":"https:\/\/www.africa-press.net\/cameroun\/politique\/caf-pour-le-football-et-cadre-pour-la-democratie-et-les-elections-en-afrique#primaryimage"},"thumbnailUrl":"https:\/\/static.africa-press.net\/cameroun\/sites\/57\/2024\/01\/sm_1706210768.911826.jpg","datePublished":"2024-01-25T22:38:13+00:00","dateModified":"2024-01-25T23:00:48+00:00","author":{"@id":"https:\/\/www.africa-press.net\/cameroun\/#\/schema\/person\/2b1cf3cd81a31e3cd26889ca66d677f1"},"description":"Et si, comme a\u0300 la can, l\u2019univers et l\u2019arbitrage politiques et e\u0301lectoraux en Afrique devenaient inte\u0300gres et presque... ...","breadcrumb":{"@id":"https:\/\/www.africa-press.net\/cameroun\/politique\/caf-pour-le-football-et-cadre-pour-la-democratie-et-les-elections-en-afrique#breadcrumb"},"inLanguage":"fr-FR","potentialAction":[{"@type":"ReadAction","target":["https:\/\/www.africa-press.net\/cameroun\/politique\/caf-pour-le-football-et-cadre-pour-la-democratie-et-les-elections-en-afrique"]}]},{"@type":"ImageObject","inLanguage":"fr-FR","@id":"https:\/\/www.africa-press.net\/cameroun\/politique\/caf-pour-le-football-et-cadre-pour-la-democratie-et-les-elections-en-afrique#primaryimage","url":"https:\/\/static.africa-press.net\/cameroun\/sites\/57\/2024\/01\/sm_1706210768.911826.jpg","contentUrl":"https:\/\/static.africa-press.net\/cameroun\/sites\/57\/2024\/01\/sm_1706210768.911826.jpg","width":780,"height":440,"caption":"CAF pour le Football et Cadre pour la D\u00e9mocratie et les \u00c9lections en Afrique"},{"@type":"BreadcrumbList","@id":"https:\/\/www.africa-press.net\/cameroun\/politique\/caf-pour-le-football-et-cadre-pour-la-democratie-et-les-elections-en-afrique#breadcrumb","itemListElement":[{"@type":"ListItem","position":1,"name":"Accueil","item":"https:\/\/www.africa-press.net\/cameroun\/"},{"@type":"ListItem","position":2,"name":"CAF pour le Football et Cadre pour la D\u00e9mocratie et les \u00c9lections en Afrique"}]},{"@type":"WebSite","@id":"https:\/\/www.africa-press.net\/cameroun\/#website","url":"https:\/\/www.africa-press.net\/cameroun\/","name":"Cameroun","description":"Just another Africa News Agency Sites site","potentialAction":[{"@type":"SearchAction","target":{"@type":"EntryPoint","urlTemplate":"https:\/\/www.africa-press.net\/cameroun\/?s={search_term_string}"},"query-input":{"@type":"PropertyValueSpecification","valueRequired":true,"valueName":"search_term_string"}}],"inLanguage":"fr-FR"},{"@type":"Person","@id":"https:\/\/www.africa-press.net\/cameroun\/#\/schema\/person\/2b1cf3cd81a31e3cd26889ca66d677f1","name":"cfeditorfr"}]}},"_links":{"self":[{"href":"https:\/\/www.africa-press.net\/cameroun\/wp-json\/wp\/v2\/posts\/60752","targetHints":{"allow":["GET"]}}],"collection":[{"href":"https:\/\/www.africa-press.net\/cameroun\/wp-json\/wp\/v2\/posts"}],"about":[{"href":"https:\/\/www.africa-press.net\/cameroun\/wp-json\/wp\/v2\/types\/post"}],"author":[{"embeddable":true,"href":"https:\/\/www.africa-press.net\/cameroun\/wp-json\/wp\/v2\/users\/82"}],"replies":[{"embeddable":true,"href":"https:\/\/www.africa-press.net\/cameroun\/wp-json\/wp\/v2\/comments?post=60752"}],"version-history":[{"count":0,"href":"https:\/\/www.africa-press.net\/cameroun\/wp-json\/wp\/v2\/posts\/60752\/revisions"}],"wp:featuredmedia":[{"embeddable":true,"href":"https:\/\/www.africa-press.net\/cameroun\/wp-json\/wp\/v2\/media\/60751"}],"wp:attachment":[{"href":"https:\/\/www.africa-press.net\/cameroun\/wp-json\/wp\/v2\/media?parent=60752"}],"wp:term":[{"taxonomy":"category","embeddable":true,"href":"https:\/\/www.africa-press.net\/cameroun\/wp-json\/wp\/v2\/categories?post=60752"},{"taxonomy":"post_tag","embeddable":true,"href":"https:\/\/www.africa-press.net\/cameroun\/wp-json\/wp\/v2\/tags?post=60752"}],"curies":[{"name":"wp","href":"https:\/\/api.w.org\/{rel}","templated":true}]}}