{"id":60789,"date":"2024-01-26T12:07:06","date_gmt":"2024-01-26T12:07:06","guid":{"rendered":"https:\/\/www.africa-press.net\/cameroun\/politique\/camtel-soutenu-par-les-consommations-de-letat-le-fixe-reste-roi-face-a-une-offre-de-mobile-qui-tarde-a-decoller"},"modified":"2024-01-26T12:49:01","modified_gmt":"2024-01-26T12:49:01","slug":"camtel-soutenu-par-les-consommations-de-letat-le-fixe-reste-roi-face-a-une-offre-de-mobile-qui-tarde-a-decoller","status":"publish","type":"post","link":"https:\/\/www.africa-press.net\/cameroun\/economie\/camtel-soutenu-par-les-consommations-de-letat-le-fixe-reste-roi-face-a-une-offre-de-mobile-qui-tarde-a-decoller","title":{"rendered":"Camtel : soutenu par les consommations de l\u2019\u00c9tat, le fixe reste roi face \u00e0 une offre de mobile qui tarde \u00e0 d\u00e9coller"},"content":{"rendered":"<p><span style=\"color: #ff6600\"><strong>Africa-Press &#8211; Cameroun. <\/strong><\/span>Investir au Cameroun) &#8211; En 2022, le chiffre d\u2019affaires de la Cameroon Telecommunications (Camtel), l\u2019ope\u0301rateur historique des te\u0301le\u0301coms au Cameroun, a connu une progression de 17,8% en glissement annuel. Selon la Commission technique de re\u0301habilitation des entreprises du secteur public et parapublic (CTR), qui re\u0301ve\u0300le ce chiffre dans son rapport 2022 sur la situation des entreprises et e\u0301tablissements publics, la progression de cet indicateur est principalement le fait de la bonne tenue des activite\u0301s au sein de la Business Unit fixe de Camtel.<\/p>\n<p>A\u0300 en croire les donne\u0301es de la CTR, cette unite\u0301 de\u0301die\u0301e aux activite\u0301s de la te\u0301le\u0301phonie filaire, dont le chiffre d\u2019affaires a progresse\u0301 de 41,4% en 2022, pe\u0300se, a\u0300 elle seule, 78,5% dans le chiffre d\u2019affaires de Camtel. Cette bonne tenue des activite\u0301s sur le segment de la te\u0301le\u0301phonie fixe, dans un environnement global pluto\u0302t marque\u0301 par l\u2019explosion du mobile, re\u0301sulte, selon la CTR, \u00ab de la hausse de la consommation des administrations publiques, qui participent a\u0300 plus de 50% au chiffre d\u2019affaires \u00bb de l\u2019ope\u0301rateur.<\/p>\n<p>A contrario, au sein de la me\u0302me entreprise, fait remarquer l\u2019organe spe\u0301cialise\u0301 du ministe\u0300re des Finances dans son rapport 2022, \u00ab les Business Unit mobile et transport peinent a\u0300 de\u0301coller \u00bb. En effet, au cours de la pe\u0301riode sous revue, re\u0301ve\u0300le le rapport susmentionne\u0301, l\u2019unite\u0301 de\u0301die\u0301e a\u0300 l\u2019exploitation de la licence de mobile attribue\u0301e a\u0300 Camtel depuis le de\u0301but de l\u2019anne\u0301e 2020 affiche une contribution de 5,4% au chiffre d\u2019affaires de l\u2019entreprise, en baisse d\u2019un peu plus de 18%. Dans le me\u0302me temps, l\u2019unite\u0301 commise a\u0300 la gestion de la licence de transport des communications e\u0301lectroniques, elle, a contribue\u0301 a\u0300 hauteur d\u2019un peu plus de 18% au chiffre d\u2019affaires de Camtel en 2022, re\u0301ve\u0301lant une baisse de 36,3% en glissement annuel.<\/p>\n<p>Face a\u0300 ces performances, la CTR conclut que \u00ab l\u2019autonomisation des Business Units tarde a\u0300 donner les re\u0301sultats significatifs, en de\u0301pit de l\u2019e\u0301norme potentiel du vaste champ d\u2019activite\u0301s pris on concession \u00bb par l\u2019ope\u0301rateur historique des te\u0301le\u0301coms au Cameroun. Et la structure spe\u0301cialise\u0301e du ministe\u0300re des Finances de poursuivre: \u00ab de me\u0302me, le manque de ressources financie\u0300res pour investir dans le de\u0301ploiement et l\u2019extension des segments fixe, mobile et transport, indispensable a\u0300 la fourniture des services de communications e\u0301lectroniques de qualite\u0301, n\u2019a pas permis le de\u0301veloppement des activite\u0301s. Enfin, l\u2019organisation obe\u0300se et le style bureaucratique du management ont e\u0301te\u0301 contreproductifs \u00bb.<\/p>\n<p>Au demeurant, malgre\u0301 ces vents contraires, qui soufflent sur le chemin de la compe\u0301titivite\u0301 de Camtel, cette socie\u0301te\u0301 d\u2019E\u0301tat a termine\u0301 l\u2019exercice 2022 avec un re\u0301sultat net be\u0301ne\u0301ficiaire de 9,1 milliards de FCFA. Ce qui re\u0301ve\u0300le une augmentation de 26,4% par rapport au be\u0301ne\u0301fice de 7,2 milliards de FCFA re\u0301alise\u0301 en 2021, apre\u0300s 7,3 milliards de FCFA en 2020. Des re\u0301sultats positifs qui n\u2019e\u0301clipsent cependant pas le lourd endettement de l\u2019entreprise. Estime\u0301 a\u0300 648 milliards de FCFA au 31 de\u0301cembre 2022, pre\u0301vient la CTR, \u00ab ce niveau d\u2019endettement pre\u0301sente un risque budge\u0301taire pour l\u2019E\u0301tat \u00bb, unique actionnaire de l\u2019entreprise.<\/p>\n<p><b>Brice R. Mbodiam<\/b><\/p>\n<p><strong>Pour plus d&rsquo;informations et d&rsquo;analyses sur la <a href=\"https:\/\/www.africa-press.net\/cameroun\">Cameroun<\/a>, suivez <a href=\"https:\/\/www.africa-press.net\/\">Africa-Press<\/a><\/strong><\/p>\n","protected":false},"excerpt":{"rendered":"<p>Africa-Press &#8211; Cameroun. Investir au Cameroun) &#8211; En 2022, le chiffre d\u2019affaires de la Cameroon Telecommunications (Camtel), l\u2019ope\u0301rateur historique des te\u0301le\u0301coms au Cameroun, a connu une progression de 17,8% en glissement annuel. Selon la Commission technique de re\u0301habilitation des entreprises du secteur public et parapublic (CTR), qui re\u0301ve\u0300le ce chiffre dans son rapport 2022 sur [&hellip;]<\/p>\n","protected":false},"author":82,"featured_media":60788,"comment_status":"open","ping_status":"closed","sticky":false,"template":"","format":"standard","meta":{"footnotes":""},"categories":[3,10],"tags":[36,50,49],"class_list":["post-60789","post","type-post","status-publish","format-standard","has-post-thumbnail","hentry","category-economie","category-toutes-les-actualites","tag-africa-press","tag-africa-press-cameroun","tag-cameroun"],"yoast_head":"<!-- This site is optimized with the Yoast SEO Premium plugin v26.1 (Yoast SEO v27.0) - https:\/\/yoast.com\/product\/yoast-seo-premium-wordpress\/ -->\n<title>Camtel : soutenu par les consommations de l\u2019\u00c9tat, le fixe reste roi face \u00e0 une offre de mobile qui tarde \u00e0 d\u00e9coller - Cameroun<\/title>\n<meta name=\"description\" content=\"Investir au Cameroun) - En 2022, le chiffre d\u2019affaires de la Cameroon Telecommunications (Camtel), l\u2019ope\u0301rateur historiq ...\" \/>\n<meta name=\"robots\" content=\"index, follow, max-snippet:-1, max-image-preview:large, max-video-preview:-1\" \/>\n<link rel=\"canonical\" href=\"https:\/\/www.africa-press.net\/cameroun\/economie\/camtel-soutenu-par-les-consommations-de-letat-le-fixe-reste-roi-face-a-une-offre-de-mobile-qui-tarde-a-decoller\" \/>\n<meta property=\"og:locale\" content=\"fr_FR\" \/>\n<meta property=\"og:type\" content=\"article\" \/>\n<meta property=\"og:title\" content=\"Camtel : soutenu par les consommations de l\u2019\u00c9tat, le fixe reste roi face \u00e0 une offre de mobile qui tarde \u00e0 d\u00e9coller\" \/>\n<meta property=\"og:description\" content=\"Investir au Cameroun) - En 2022, le chiffre d\u2019affaires de la Cameroon Telecommunications (Camtel), l\u2019ope\u0301rateur historiq ...\" \/>\n<meta property=\"og:url\" content=\"https:\/\/www.africa-press.net\/cameroun\/economie\/camtel-soutenu-par-les-consommations-de-letat-le-fixe-reste-roi-face-a-une-offre-de-mobile-qui-tarde-a-decoller\" \/>\n<meta property=\"og:site_name\" content=\"Cameroun\" \/>\n<meta property=\"article:published_time\" content=\"2024-01-26T12:07:06+00:00\" \/>\n<meta property=\"article:modified_time\" content=\"2024-01-26T12:49:01+00:00\" \/>\n<meta property=\"og:image\" content=\"https:\/\/static.africa-press.net\/cameroun\/sites\/57\/2024\/01\/sm_1706260037.133756.jpg\" \/>\n\t<meta property=\"og:image:width\" content=\"1280\" \/>\n\t<meta property=\"og:image:height\" content=\"720\" \/>\n\t<meta property=\"og:image:type\" content=\"image\/jpeg\" \/>\n<meta name=\"author\" content=\"cfeditorfr\" \/>\n<meta name=\"twitter:card\" content=\"summary_large_image\" \/>\n<meta name=\"twitter:label1\" content=\"\u00c9crit par\" \/>\n\t<meta name=\"twitter:data1\" content=\"cfeditorfr\" \/>\n\t<meta name=\"twitter:label2\" content=\"Dur\u00e9e de lecture estim\u00e9e\" \/>\n\t<meta name=\"twitter:data2\" content=\"3 minutes\" \/>\n<script type=\"application\/ld+json\" class=\"yoast-schema-graph\">{\"@context\":\"https:\/\/schema.org\",\"@graph\":[{\"@type\":\"Article\",\"@id\":\"https:\/\/www.africa-press.net\/cameroun\/economie\/camtel-soutenu-par-les-consommations-de-letat-le-fixe-reste-roi-face-a-une-offre-de-mobile-qui-tarde-a-decoller#article\",\"isPartOf\":{\"@id\":\"https:\/\/www.africa-press.net\/cameroun\/economie\/camtel-soutenu-par-les-consommations-de-letat-le-fixe-reste-roi-face-a-une-offre-de-mobile-qui-tarde-a-decoller\"},\"author\":{\"name\":\"cfeditorfr\",\"@id\":\"https:\/\/www.africa-press.net\/cameroun\/#\/schema\/person\/2b1cf3cd81a31e3cd26889ca66d677f1\"},\"headline\":\"Camtel : soutenu par les consommations de l\u2019\u00c9tat, le fixe reste roi face \u00e0 une offre de mobile qui tarde \u00e0 d\u00e9coller\",\"datePublished\":\"2024-01-26T12:07:06+00:00\",\"dateModified\":\"2024-01-26T12:49:01+00:00\",\"mainEntityOfPage\":{\"@id\":\"https:\/\/www.africa-press.net\/cameroun\/economie\/camtel-soutenu-par-les-consommations-de-letat-le-fixe-reste-roi-face-a-une-offre-de-mobile-qui-tarde-a-decoller\"},\"wordCount\":600,\"commentCount\":0,\"image\":{\"@id\":\"https:\/\/www.africa-press.net\/cameroun\/economie\/camtel-soutenu-par-les-consommations-de-letat-le-fixe-reste-roi-face-a-une-offre-de-mobile-qui-tarde-a-decoller#primaryimage\"},\"thumbnailUrl\":\"https:\/\/static.africa-press.net\/cameroun\/sites\/57\/2024\/01\/sm_1706260037.133756.jpg\",\"keywords\":[\"Africa Press\",\"Africa Press-Cameroun\",\"Cameroun\"],\"articleSection\":[\"\u00c9conomie\",\"Toutes les actualit\u00e9s\"],\"inLanguage\":\"fr-FR\",\"potentialAction\":[{\"@type\":\"CommentAction\",\"name\":\"Comment\",\"target\":[\"https:\/\/www.africa-press.net\/cameroun\/economie\/camtel-soutenu-par-les-consommations-de-letat-le-fixe-reste-roi-face-a-une-offre-de-mobile-qui-tarde-a-decoller#respond\"]}]},{\"@type\":\"WebPage\",\"@id\":\"https:\/\/www.africa-press.net\/cameroun\/economie\/camtel-soutenu-par-les-consommations-de-letat-le-fixe-reste-roi-face-a-une-offre-de-mobile-qui-tarde-a-decoller\",\"url\":\"https:\/\/www.africa-press.net\/cameroun\/economie\/camtel-soutenu-par-les-consommations-de-letat-le-fixe-reste-roi-face-a-une-offre-de-mobile-qui-tarde-a-decoller\",\"name\":\"Camtel : soutenu par les consommations de l\u2019\u00c9tat, le fixe reste roi face \u00e0 une offre de mobile qui tarde \u00e0 d\u00e9coller - Cameroun\",\"isPartOf\":{\"@id\":\"https:\/\/www.africa-press.net\/cameroun\/#website\"},\"primaryImageOfPage\":{\"@id\":\"https:\/\/www.africa-press.net\/cameroun\/economie\/camtel-soutenu-par-les-consommations-de-letat-le-fixe-reste-roi-face-a-une-offre-de-mobile-qui-tarde-a-decoller#primaryimage\"},\"image\":{\"@id\":\"https:\/\/www.africa-press.net\/cameroun\/economie\/camtel-soutenu-par-les-consommations-de-letat-le-fixe-reste-roi-face-a-une-offre-de-mobile-qui-tarde-a-decoller#primaryimage\"},\"thumbnailUrl\":\"https:\/\/static.africa-press.net\/cameroun\/sites\/57\/2024\/01\/sm_1706260037.133756.jpg\",\"datePublished\":\"2024-01-26T12:07:06+00:00\",\"dateModified\":\"2024-01-26T12:49:01+00:00\",\"author\":{\"@id\":\"https:\/\/www.africa-press.net\/cameroun\/#\/schema\/person\/2b1cf3cd81a31e3cd26889ca66d677f1\"},\"description\":\"Investir au Cameroun) - En 2022, le chiffre d\u2019affaires de la Cameroon Telecommunications (Camtel), l\u2019ope\u0301rateur historiq ...\",\"breadcrumb\":{\"@id\":\"https:\/\/www.africa-press.net\/cameroun\/economie\/camtel-soutenu-par-les-consommations-de-letat-le-fixe-reste-roi-face-a-une-offre-de-mobile-qui-tarde-a-decoller#breadcrumb\"},\"inLanguage\":\"fr-FR\",\"potentialAction\":[{\"@type\":\"ReadAction\",\"target\":[\"https:\/\/www.africa-press.net\/cameroun\/economie\/camtel-soutenu-par-les-consommations-de-letat-le-fixe-reste-roi-face-a-une-offre-de-mobile-qui-tarde-a-decoller\"]}]},{\"@type\":\"ImageObject\",\"inLanguage\":\"fr-FR\",\"@id\":\"https:\/\/www.africa-press.net\/cameroun\/economie\/camtel-soutenu-par-les-consommations-de-letat-le-fixe-reste-roi-face-a-une-offre-de-mobile-qui-tarde-a-decoller#primaryimage\",\"url\":\"https:\/\/static.africa-press.net\/cameroun\/sites\/57\/2024\/01\/sm_1706260037.133756.jpg\",\"contentUrl\":\"https:\/\/static.africa-press.net\/cameroun\/sites\/57\/2024\/01\/sm_1706260037.133756.jpg\",\"width\":1280,\"height\":720,\"caption\":\"Camtel : soutenu par les consommations de l\u2019\u00c9tat, le fixe reste roi face \u00e0 une offre de mobile qui tarde \u00e0 d\u00e9coller\"},{\"@type\":\"BreadcrumbList\",\"@id\":\"https:\/\/www.africa-press.net\/cameroun\/economie\/camtel-soutenu-par-les-consommations-de-letat-le-fixe-reste-roi-face-a-une-offre-de-mobile-qui-tarde-a-decoller#breadcrumb\",\"itemListElement\":[{\"@type\":\"ListItem\",\"position\":1,\"name\":\"Accueil\",\"item\":\"https:\/\/www.africa-press.net\/cameroun\/\"},{\"@type\":\"ListItem\",\"position\":2,\"name\":\"Camtel : soutenu par les consommations de l\u2019\u00c9tat, le fixe reste roi face \u00e0 une offre de mobile qui tarde \u00e0 d\u00e9coller\"}]},{\"@type\":\"WebSite\",\"@id\":\"https:\/\/www.africa-press.net\/cameroun\/#website\",\"url\":\"https:\/\/www.africa-press.net\/cameroun\/\",\"name\":\"Cameroun\",\"description\":\"Just another Africa News Agency Sites site\",\"potentialAction\":[{\"@type\":\"SearchAction\",\"target\":{\"@type\":\"EntryPoint\",\"urlTemplate\":\"https:\/\/www.africa-press.net\/cameroun\/?s={search_term_string}\"},\"query-input\":{\"@type\":\"PropertyValueSpecification\",\"valueRequired\":true,\"valueName\":\"search_term_string\"}}],\"inLanguage\":\"fr-FR\"},{\"@type\":\"Person\",\"@id\":\"https:\/\/www.africa-press.net\/cameroun\/#\/schema\/person\/2b1cf3cd81a31e3cd26889ca66d677f1\",\"name\":\"cfeditorfr\"}]}<\/script>\n<!-- \/ Yoast SEO Premium plugin. -->","yoast_head_json":{"title":"Camtel : soutenu par les consommations de l\u2019\u00c9tat, le fixe reste roi face \u00e0 une offre de mobile qui tarde \u00e0 d\u00e9coller - Cameroun","description":"Investir au Cameroun) - En 2022, le chiffre d\u2019affaires de la Cameroon Telecommunications (Camtel), l\u2019ope\u0301rateur historiq ...","robots":{"index":"index","follow":"follow","max-snippet":"max-snippet:-1","max-image-preview":"max-image-preview:large","max-video-preview":"max-video-preview:-1"},"canonical":"https:\/\/www.africa-press.net\/cameroun\/economie\/camtel-soutenu-par-les-consommations-de-letat-le-fixe-reste-roi-face-a-une-offre-de-mobile-qui-tarde-a-decoller","og_locale":"fr_FR","og_type":"article","og_title":"Camtel : soutenu par les consommations de l\u2019\u00c9tat, le fixe reste roi face \u00e0 une offre de mobile qui tarde \u00e0 d\u00e9coller","og_description":"Investir au Cameroun) - En 2022, le chiffre d\u2019affaires de la Cameroon Telecommunications (Camtel), l\u2019ope\u0301rateur historiq ...","og_url":"https:\/\/www.africa-press.net\/cameroun\/economie\/camtel-soutenu-par-les-consommations-de-letat-le-fixe-reste-roi-face-a-une-offre-de-mobile-qui-tarde-a-decoller","og_site_name":"Cameroun","article_published_time":"2024-01-26T12:07:06+00:00","article_modified_time":"2024-01-26T12:49:01+00:00","og_image":[{"width":1280,"height":720,"url":"https:\/\/static.africa-press.net\/cameroun\/sites\/57\/2024\/01\/sm_1706260037.133756.jpg","type":"image\/jpeg"}],"author":"cfeditorfr","twitter_card":"summary_large_image","twitter_misc":{"\u00c9crit par":"cfeditorfr","Dur\u00e9e de lecture estim\u00e9e":"3 minutes"},"schema":{"@context":"https:\/\/schema.org","@graph":[{"@type":"Article","@id":"https:\/\/www.africa-press.net\/cameroun\/economie\/camtel-soutenu-par-les-consommations-de-letat-le-fixe-reste-roi-face-a-une-offre-de-mobile-qui-tarde-a-decoller#article","isPartOf":{"@id":"https:\/\/www.africa-press.net\/cameroun\/economie\/camtel-soutenu-par-les-consommations-de-letat-le-fixe-reste-roi-face-a-une-offre-de-mobile-qui-tarde-a-decoller"},"author":{"name":"cfeditorfr","@id":"https:\/\/www.africa-press.net\/cameroun\/#\/schema\/person\/2b1cf3cd81a31e3cd26889ca66d677f1"},"headline":"Camtel : soutenu par les consommations de l\u2019\u00c9tat, le fixe reste roi face \u00e0 une offre de mobile qui tarde \u00e0 d\u00e9coller","datePublished":"2024-01-26T12:07:06+00:00","dateModified":"2024-01-26T12:49:01+00:00","mainEntityOfPage":{"@id":"https:\/\/www.africa-press.net\/cameroun\/economie\/camtel-soutenu-par-les-consommations-de-letat-le-fixe-reste-roi-face-a-une-offre-de-mobile-qui-tarde-a-decoller"},"wordCount":600,"commentCount":0,"image":{"@id":"https:\/\/www.africa-press.net\/cameroun\/economie\/camtel-soutenu-par-les-consommations-de-letat-le-fixe-reste-roi-face-a-une-offre-de-mobile-qui-tarde-a-decoller#primaryimage"},"thumbnailUrl":"https:\/\/static.africa-press.net\/cameroun\/sites\/57\/2024\/01\/sm_1706260037.133756.jpg","keywords":["Africa Press","Africa Press-Cameroun","Cameroun"],"articleSection":["\u00c9conomie","Toutes les actualit\u00e9s"],"inLanguage":"fr-FR","potentialAction":[{"@type":"CommentAction","name":"Comment","target":["https:\/\/www.africa-press.net\/cameroun\/economie\/camtel-soutenu-par-les-consommations-de-letat-le-fixe-reste-roi-face-a-une-offre-de-mobile-qui-tarde-a-decoller#respond"]}]},{"@type":"WebPage","@id":"https:\/\/www.africa-press.net\/cameroun\/economie\/camtel-soutenu-par-les-consommations-de-letat-le-fixe-reste-roi-face-a-une-offre-de-mobile-qui-tarde-a-decoller","url":"https:\/\/www.africa-press.net\/cameroun\/economie\/camtel-soutenu-par-les-consommations-de-letat-le-fixe-reste-roi-face-a-une-offre-de-mobile-qui-tarde-a-decoller","name":"Camtel : soutenu par les consommations de l\u2019\u00c9tat, le fixe reste roi face \u00e0 une offre de mobile qui tarde \u00e0 d\u00e9coller - Cameroun","isPartOf":{"@id":"https:\/\/www.africa-press.net\/cameroun\/#website"},"primaryImageOfPage":{"@id":"https:\/\/www.africa-press.net\/cameroun\/economie\/camtel-soutenu-par-les-consommations-de-letat-le-fixe-reste-roi-face-a-une-offre-de-mobile-qui-tarde-a-decoller#primaryimage"},"image":{"@id":"https:\/\/www.africa-press.net\/cameroun\/economie\/camtel-soutenu-par-les-consommations-de-letat-le-fixe-reste-roi-face-a-une-offre-de-mobile-qui-tarde-a-decoller#primaryimage"},"thumbnailUrl":"https:\/\/static.africa-press.net\/cameroun\/sites\/57\/2024\/01\/sm_1706260037.133756.jpg","datePublished":"2024-01-26T12:07:06+00:00","dateModified":"2024-01-26T12:49:01+00:00","author":{"@id":"https:\/\/www.africa-press.net\/cameroun\/#\/schema\/person\/2b1cf3cd81a31e3cd26889ca66d677f1"},"description":"Investir au Cameroun) - En 2022, le chiffre d\u2019affaires de la Cameroon Telecommunications (Camtel), l\u2019ope\u0301rateur historiq ...","breadcrumb":{"@id":"https:\/\/www.africa-press.net\/cameroun\/economie\/camtel-soutenu-par-les-consommations-de-letat-le-fixe-reste-roi-face-a-une-offre-de-mobile-qui-tarde-a-decoller#breadcrumb"},"inLanguage":"fr-FR","potentialAction":[{"@type":"ReadAction","target":["https:\/\/www.africa-press.net\/cameroun\/economie\/camtel-soutenu-par-les-consommations-de-letat-le-fixe-reste-roi-face-a-une-offre-de-mobile-qui-tarde-a-decoller"]}]},{"@type":"ImageObject","inLanguage":"fr-FR","@id":"https:\/\/www.africa-press.net\/cameroun\/economie\/camtel-soutenu-par-les-consommations-de-letat-le-fixe-reste-roi-face-a-une-offre-de-mobile-qui-tarde-a-decoller#primaryimage","url":"https:\/\/static.africa-press.net\/cameroun\/sites\/57\/2024\/01\/sm_1706260037.133756.jpg","contentUrl":"https:\/\/static.africa-press.net\/cameroun\/sites\/57\/2024\/01\/sm_1706260037.133756.jpg","width":1280,"height":720,"caption":"Camtel : soutenu par les consommations de l\u2019\u00c9tat, le fixe reste roi face \u00e0 une offre de mobile qui tarde \u00e0 d\u00e9coller"},{"@type":"BreadcrumbList","@id":"https:\/\/www.africa-press.net\/cameroun\/economie\/camtel-soutenu-par-les-consommations-de-letat-le-fixe-reste-roi-face-a-une-offre-de-mobile-qui-tarde-a-decoller#breadcrumb","itemListElement":[{"@type":"ListItem","position":1,"name":"Accueil","item":"https:\/\/www.africa-press.net\/cameroun\/"},{"@type":"ListItem","position":2,"name":"Camtel : soutenu par les consommations de l\u2019\u00c9tat, le fixe reste roi face \u00e0 une offre de mobile qui tarde \u00e0 d\u00e9coller"}]},{"@type":"WebSite","@id":"https:\/\/www.africa-press.net\/cameroun\/#website","url":"https:\/\/www.africa-press.net\/cameroun\/","name":"Cameroun","description":"Just another Africa News Agency Sites site","potentialAction":[{"@type":"SearchAction","target":{"@type":"EntryPoint","urlTemplate":"https:\/\/www.africa-press.net\/cameroun\/?s={search_term_string}"},"query-input":{"@type":"PropertyValueSpecification","valueRequired":true,"valueName":"search_term_string"}}],"inLanguage":"fr-FR"},{"@type":"Person","@id":"https:\/\/www.africa-press.net\/cameroun\/#\/schema\/person\/2b1cf3cd81a31e3cd26889ca66d677f1","name":"cfeditorfr"}]}},"_links":{"self":[{"href":"https:\/\/www.africa-press.net\/cameroun\/wp-json\/wp\/v2\/posts\/60789","targetHints":{"allow":["GET"]}}],"collection":[{"href":"https:\/\/www.africa-press.net\/cameroun\/wp-json\/wp\/v2\/posts"}],"about":[{"href":"https:\/\/www.africa-press.net\/cameroun\/wp-json\/wp\/v2\/types\/post"}],"author":[{"embeddable":true,"href":"https:\/\/www.africa-press.net\/cameroun\/wp-json\/wp\/v2\/users\/82"}],"replies":[{"embeddable":true,"href":"https:\/\/www.africa-press.net\/cameroun\/wp-json\/wp\/v2\/comments?post=60789"}],"version-history":[{"count":0,"href":"https:\/\/www.africa-press.net\/cameroun\/wp-json\/wp\/v2\/posts\/60789\/revisions"}],"wp:featuredmedia":[{"embeddable":true,"href":"https:\/\/www.africa-press.net\/cameroun\/wp-json\/wp\/v2\/media\/60788"}],"wp:attachment":[{"href":"https:\/\/www.africa-press.net\/cameroun\/wp-json\/wp\/v2\/media?parent=60789"}],"wp:term":[{"taxonomy":"category","embeddable":true,"href":"https:\/\/www.africa-press.net\/cameroun\/wp-json\/wp\/v2\/categories?post=60789"},{"taxonomy":"post_tag","embeddable":true,"href":"https:\/\/www.africa-press.net\/cameroun\/wp-json\/wp\/v2\/tags?post=60789"}],"curies":[{"name":"wp","href":"https:\/\/api.w.org\/{rel}","templated":true}]}}