{"id":60795,"date":"2024-01-26T12:07:45","date_gmt":"2024-01-26T12:07:45","guid":{"rendered":"https:\/\/www.africa-press.net\/cameroun\/politique\/yaounde-lancement-du-projet-move-en-vue-de-preparer-le-demarrage-de-la-construction-dun-systeme-de-brt"},"modified":"2024-01-26T12:50:33","modified_gmt":"2024-01-26T12:50:33","slug":"yaounde-lancement-du-projet-move-en-vue-de-preparer-le-demarrage-de-la-construction-dun-systeme-de-brt","status":"publish","type":"post","link":"https:\/\/www.africa-press.net\/cameroun\/economie\/yaounde-lancement-du-projet-move-en-vue-de-preparer-le-demarrage-de-la-construction-dun-systeme-de-brt","title":{"rendered":"Yaound\u00e9 : Lancement du Projet Move en Vue de Pr\u00e9parer le D\u00e9marrage de la Construction D\u2019Un Syst\u00e8me de BRT"},"content":{"rendered":"<p><span style=\"color: #ff6600\"><strong>Africa-Press &#8211; Cameroun. <\/strong><\/span>Investir au Cameroun) &#8211; La ministre de l\u2019Habitat et du De\u0301veloppement urbain (Mihdu), Ce\u0301lestine Ketcha Courte\u0300s, a proce\u0301de\u0301, le 24 janvier a\u0300 Yaounde\u0301, au lancement du projet Mobilite\u0301 verte de la ville de Yaounde\u0301 (MoVe Yaounde\u0301), finance\u0301 a\u0300 hauteur de 6,8 millions d\u2019euros (pre\u0300s de 4,5 milliards de FCFA) par l\u2019Union europe\u0301enne (UE), la France a\u0300 travers l\u2019Agence franc\u0327aise de de\u0301veloppement (AFD) et le ministe\u0300re fe\u0301de\u0301ral allemand de la Coope\u0301ration e\u0301conomique et du De\u0301veloppement (BMZ). Le lancement de ce projet est pre\u0301sente\u0301 comme une \u00ab e\u0301tape essentielle \u00bb vers la construction d\u2019un syste\u0300me de \u00ab Bus Rapid Transit \u00bb (BRT), annonce\u0301 depuis 2019 par le Minhdu.<\/p>\n<p>Le projet MoVe Yaounde\u0301 pre\u0301voit notamment la poursuite des e\u0301tudes techniques du BRT. Dans ce cadre, apprend-on, une e\u0301tude de conception \u00ab de\u0301taille\u0301e \u00bb du premier corridor de transport rapide par bus sera e\u0301labore\u0301e. Ce premier corridor, qui doit relier le stade d\u2019Olembe (Yaounde\u0301 I) a\u0300 Ahala (Yaounde\u0301 III), constituera l\u2019arte\u0300re principale d\u2019un re\u0301seau de transport public inte\u0301gre\u0301 a\u0300 la capitale. \u00ab Baptise\u0301 \u201cTrans-Yaounde\u0301\u201d, ce corridor sera e\u0301quipe\u0301 de bus de grande capacite\u0301 qui circuleront sans encombrement sur des voies re\u0301serve\u0301es, be\u0301ne\u0301ficieront de la priorite\u0301 aux carrefours et seront desservis par des stations bien e\u0301quipe\u0301es \u00bb, peut-on lire dans le dossier de presse remis aux journalistes lors du lancement dudit projet.<\/p>\n<p>Des ope\u0301rations de de\u0301guerpissement et de de\u0301sencombrement seront donc mene\u0301es afin de libe\u0301rer l\u2019emprise du BRT avant le de\u0301but des travaux. Le Minhdu pre\u0301cise en effet que l\u2019une des deux composantes de ce projet \u00ab porte sur l\u2019organisation du transport urbain dans la ville de Yaounde\u0301, avec en perspective le de\u0301gagement des voies pour le transport par le BRT \u00bb. Les habitants de Yaounde\u0301 devraient emprunter les premiers bus BRT dans quatre ans, selon les pre\u0301visions. \u00ab L\u2019accompagnement de MoVe Yaounde\u0301 permettra, sous re\u0301serve de l\u2019obtention des cre\u0301dits de financement, un de\u0301but des travaux du BRT en 2026 pour une mise en service pre\u0301vue en 2028 \u00bb, indique la de\u0301le\u0301gation de l\u2019UE au Cameroun sur son site Internet.<\/p>\n<p>Face a\u0300 l\u2019offre de transport limite\u0301e a\u0300 Yaounde\u0301, le de\u0301veloppement du transport de masse est l\u2019option priorise\u0301e par le gouvernement camerounais. Selon les experts, la ville continuera de s\u2019e\u0301tendre pour atteindre un rayon d\u2019environ 11 km en 2025 puis 13 km en 2035, entrai\u0302nant ainsi une augmentation des cou\u0302ts de transport pour la population. Le BRT constitue un projet d\u2019envergure au Cameroun pour ame\u0301liorer la mobilite\u0301 urbaine a\u0300 Yaounde\u0301, une ville aux prises avec des embouteillages devenus presque permanents notamment sous l\u2019effet d\u2019une urbanisation galopante. Les pre\u0301visions indiquent que ce re\u0301seau de transport va drainer jusqu\u2019a\u0300 100 000 passagers au quotidien, et qu\u2019il devrait re\u0301duire a\u0300 65 minutes le trajet entre Olembe et Ahala, contre 80 minutes actuellement. A\u0300 noter que \u00ab Trans-Yaounde\u0301 \u00bb s\u2019inspire d\u2019autres villes africaines, notamment Dakar qui a inaugure\u0301, le 14 janvier dernier, un re\u0301seau de bus 100% e\u0301lectriques cense\u0301 de\u0301congestionner la capitale se\u0301ne\u0301galaise.<\/p>\n<p><b>Patricia Ngo Ngouem<\/b><\/p>\n<p><strong>Pour plus d&rsquo;informations et d&rsquo;analyses sur la <a href=\"https:\/\/www.africa-press.net\/cameroun\">Cameroun<\/a>, suivez <a href=\"https:\/\/www.africa-press.net\/\">Africa-Press<\/a><\/strong><\/p>\n","protected":false},"excerpt":{"rendered":"<p>Africa-Press &#8211; Cameroun. Investir au Cameroun) &#8211; La ministre de l\u2019Habitat et du De\u0301veloppement urbain (Mihdu), Ce\u0301lestine Ketcha Courte\u0300s, a proce\u0301de\u0301, le 24 janvier a\u0300 Yaounde\u0301, au lancement du projet Mobilite\u0301 verte de la ville de Yaounde\u0301 (MoVe Yaounde\u0301), finance\u0301 a\u0300 hauteur de 6,8 millions d\u2019euros (pre\u0300s de 4,5 milliards de FCFA) par l\u2019Union europe\u0301enne [&hellip;]<\/p>\n","protected":false},"author":82,"featured_media":60794,"comment_status":"open","ping_status":"closed","sticky":false,"template":"","format":"standard","meta":{"footnotes":""},"categories":[3,10],"tags":[36,50,49],"class_list":["post-60795","post","type-post","status-publish","format-standard","has-post-thumbnail","hentry","category-economie","category-toutes-les-actualites","tag-africa-press","tag-africa-press-cameroun","tag-cameroun"],"yoast_head":"<!-- This site is optimized with the Yoast SEO Premium plugin v26.1 (Yoast SEO v27.0) - https:\/\/yoast.com\/product\/yoast-seo-premium-wordpress\/ -->\n<title>Yaound\u00e9 : Lancement du Projet Move en Vue de Pr\u00e9parer le D\u00e9marrage de la Construction D\u2019Un Syst\u00e8me de BRT - Cameroun<\/title>\n<meta name=\"description\" content=\"Investir au Cameroun) - La ministre de l\u2019Habitat et du De\u0301veloppement urbain (Mihdu), Ce\u0301lestine Ketcha Courte\u0300s, a proc ...\" \/>\n<meta name=\"robots\" content=\"index, follow, max-snippet:-1, max-image-preview:large, max-video-preview:-1\" \/>\n<link rel=\"canonical\" href=\"https:\/\/www.africa-press.net\/cameroun\/economie\/yaounde-lancement-du-projet-move-en-vue-de-preparer-le-demarrage-de-la-construction-dun-systeme-de-brt\" \/>\n<meta property=\"og:locale\" content=\"fr_FR\" \/>\n<meta property=\"og:type\" content=\"article\" \/>\n<meta property=\"og:title\" content=\"Yaound\u00e9 : Lancement du Projet Move en Vue de Pr\u00e9parer le D\u00e9marrage de la Construction D\u2019Un Syst\u00e8me de BRT\" \/>\n<meta property=\"og:description\" content=\"Investir au Cameroun) - La ministre de l\u2019Habitat et du De\u0301veloppement urbain (Mihdu), Ce\u0301lestine Ketcha Courte\u0300s, a proc ...\" \/>\n<meta property=\"og:url\" content=\"https:\/\/www.africa-press.net\/cameroun\/economie\/yaounde-lancement-du-projet-move-en-vue-de-preparer-le-demarrage-de-la-construction-dun-systeme-de-brt\" \/>\n<meta property=\"og:site_name\" content=\"Cameroun\" \/>\n<meta property=\"article:published_time\" content=\"2024-01-26T12:07:45+00:00\" \/>\n<meta property=\"article:modified_time\" content=\"2024-01-26T12:50:33+00:00\" \/>\n<meta property=\"og:image\" content=\"https:\/\/static.africa-press.net\/cameroun\/sites\/57\/2024\/01\/sm_1706260092.643319.jpg\" \/>\n\t<meta property=\"og:image:width\" content=\"720\" \/>\n\t<meta property=\"og:image:height\" content=\"479\" \/>\n\t<meta property=\"og:image:type\" content=\"image\/jpeg\" \/>\n<meta name=\"author\" content=\"cfeditorfr\" \/>\n<meta name=\"twitter:card\" content=\"summary_large_image\" \/>\n<meta name=\"twitter:label1\" content=\"\u00c9crit par\" \/>\n\t<meta name=\"twitter:data1\" content=\"cfeditorfr\" \/>\n\t<meta name=\"twitter:label2\" content=\"Dur\u00e9e de lecture estim\u00e9e\" \/>\n\t<meta name=\"twitter:data2\" content=\"3 minutes\" \/>\n<script type=\"application\/ld+json\" class=\"yoast-schema-graph\">{\"@context\":\"https:\/\/schema.org\",\"@graph\":[{\"@type\":\"Article\",\"@id\":\"https:\/\/www.africa-press.net\/cameroun\/economie\/yaounde-lancement-du-projet-move-en-vue-de-preparer-le-demarrage-de-la-construction-dun-systeme-de-brt#article\",\"isPartOf\":{\"@id\":\"https:\/\/www.africa-press.net\/cameroun\/economie\/yaounde-lancement-du-projet-move-en-vue-de-preparer-le-demarrage-de-la-construction-dun-systeme-de-brt\"},\"author\":{\"name\":\"cfeditorfr\",\"@id\":\"https:\/\/www.africa-press.net\/cameroun\/#\/schema\/person\/2b1cf3cd81a31e3cd26889ca66d677f1\"},\"headline\":\"Yaound\u00e9 : Lancement du Projet Move en Vue de Pr\u00e9parer le D\u00e9marrage de la Construction D\u2019Un Syst\u00e8me de BRT\",\"datePublished\":\"2024-01-26T12:07:45+00:00\",\"dateModified\":\"2024-01-26T12:50:33+00:00\",\"mainEntityOfPage\":{\"@id\":\"https:\/\/www.africa-press.net\/cameroun\/economie\/yaounde-lancement-du-projet-move-en-vue-de-preparer-le-demarrage-de-la-construction-dun-systeme-de-brt\"},\"wordCount\":582,\"commentCount\":0,\"image\":{\"@id\":\"https:\/\/www.africa-press.net\/cameroun\/economie\/yaounde-lancement-du-projet-move-en-vue-de-preparer-le-demarrage-de-la-construction-dun-systeme-de-brt#primaryimage\"},\"thumbnailUrl\":\"https:\/\/static.africa-press.net\/cameroun\/sites\/57\/2024\/01\/sm_1706260092.643319.jpg\",\"keywords\":[\"Africa Press\",\"Africa Press-Cameroun\",\"Cameroun\"],\"articleSection\":[\"\u00c9conomie\",\"Toutes les actualit\u00e9s\"],\"inLanguage\":\"fr-FR\",\"potentialAction\":[{\"@type\":\"CommentAction\",\"name\":\"Comment\",\"target\":[\"https:\/\/www.africa-press.net\/cameroun\/economie\/yaounde-lancement-du-projet-move-en-vue-de-preparer-le-demarrage-de-la-construction-dun-systeme-de-brt#respond\"]}]},{\"@type\":\"WebPage\",\"@id\":\"https:\/\/www.africa-press.net\/cameroun\/economie\/yaounde-lancement-du-projet-move-en-vue-de-preparer-le-demarrage-de-la-construction-dun-systeme-de-brt\",\"url\":\"https:\/\/www.africa-press.net\/cameroun\/economie\/yaounde-lancement-du-projet-move-en-vue-de-preparer-le-demarrage-de-la-construction-dun-systeme-de-brt\",\"name\":\"Yaound\u00e9 : Lancement du Projet Move en Vue de Pr\u00e9parer le D\u00e9marrage de la Construction D\u2019Un Syst\u00e8me de BRT - Cameroun\",\"isPartOf\":{\"@id\":\"https:\/\/www.africa-press.net\/cameroun\/#website\"},\"primaryImageOfPage\":{\"@id\":\"https:\/\/www.africa-press.net\/cameroun\/economie\/yaounde-lancement-du-projet-move-en-vue-de-preparer-le-demarrage-de-la-construction-dun-systeme-de-brt#primaryimage\"},\"image\":{\"@id\":\"https:\/\/www.africa-press.net\/cameroun\/economie\/yaounde-lancement-du-projet-move-en-vue-de-preparer-le-demarrage-de-la-construction-dun-systeme-de-brt#primaryimage\"},\"thumbnailUrl\":\"https:\/\/static.africa-press.net\/cameroun\/sites\/57\/2024\/01\/sm_1706260092.643319.jpg\",\"datePublished\":\"2024-01-26T12:07:45+00:00\",\"dateModified\":\"2024-01-26T12:50:33+00:00\",\"author\":{\"@id\":\"https:\/\/www.africa-press.net\/cameroun\/#\/schema\/person\/2b1cf3cd81a31e3cd26889ca66d677f1\"},\"description\":\"Investir au Cameroun) - La ministre de l\u2019Habitat et du De\u0301veloppement urbain (Mihdu), Ce\u0301lestine Ketcha Courte\u0300s, a proc ...\",\"breadcrumb\":{\"@id\":\"https:\/\/www.africa-press.net\/cameroun\/economie\/yaounde-lancement-du-projet-move-en-vue-de-preparer-le-demarrage-de-la-construction-dun-systeme-de-brt#breadcrumb\"},\"inLanguage\":\"fr-FR\",\"potentialAction\":[{\"@type\":\"ReadAction\",\"target\":[\"https:\/\/www.africa-press.net\/cameroun\/economie\/yaounde-lancement-du-projet-move-en-vue-de-preparer-le-demarrage-de-la-construction-dun-systeme-de-brt\"]}]},{\"@type\":\"ImageObject\",\"inLanguage\":\"fr-FR\",\"@id\":\"https:\/\/www.africa-press.net\/cameroun\/economie\/yaounde-lancement-du-projet-move-en-vue-de-preparer-le-demarrage-de-la-construction-dun-systeme-de-brt#primaryimage\",\"url\":\"https:\/\/static.africa-press.net\/cameroun\/sites\/57\/2024\/01\/sm_1706260092.643319.jpg\",\"contentUrl\":\"https:\/\/static.africa-press.net\/cameroun\/sites\/57\/2024\/01\/sm_1706260092.643319.jpg\",\"width\":720,\"height\":479,\"caption\":\"Yaound\u00e9 : Lancement du Projet Move en Vue de Pr\u00e9parer le D\u00e9marrage de la Construction D\u2019Un Syst\u00e8me de BRT\"},{\"@type\":\"BreadcrumbList\",\"@id\":\"https:\/\/www.africa-press.net\/cameroun\/economie\/yaounde-lancement-du-projet-move-en-vue-de-preparer-le-demarrage-de-la-construction-dun-systeme-de-brt#breadcrumb\",\"itemListElement\":[{\"@type\":\"ListItem\",\"position\":1,\"name\":\"Accueil\",\"item\":\"https:\/\/www.africa-press.net\/cameroun\/\"},{\"@type\":\"ListItem\",\"position\":2,\"name\":\"Yaound\u00e9 : Lancement du Projet Move en Vue de Pr\u00e9parer le D\u00e9marrage de la Construction D\u2019Un Syst\u00e8me de BRT\"}]},{\"@type\":\"WebSite\",\"@id\":\"https:\/\/www.africa-press.net\/cameroun\/#website\",\"url\":\"https:\/\/www.africa-press.net\/cameroun\/\",\"name\":\"Cameroun\",\"description\":\"Just another Africa News Agency Sites site\",\"potentialAction\":[{\"@type\":\"SearchAction\",\"target\":{\"@type\":\"EntryPoint\",\"urlTemplate\":\"https:\/\/www.africa-press.net\/cameroun\/?s={search_term_string}\"},\"query-input\":{\"@type\":\"PropertyValueSpecification\",\"valueRequired\":true,\"valueName\":\"search_term_string\"}}],\"inLanguage\":\"fr-FR\"},{\"@type\":\"Person\",\"@id\":\"https:\/\/www.africa-press.net\/cameroun\/#\/schema\/person\/2b1cf3cd81a31e3cd26889ca66d677f1\",\"name\":\"cfeditorfr\"}]}<\/script>\n<!-- \/ Yoast SEO Premium plugin. -->","yoast_head_json":{"title":"Yaound\u00e9 : Lancement du Projet Move en Vue de Pr\u00e9parer le D\u00e9marrage de la Construction D\u2019Un Syst\u00e8me de BRT - Cameroun","description":"Investir au Cameroun) - La ministre de l\u2019Habitat et du De\u0301veloppement urbain (Mihdu), Ce\u0301lestine Ketcha Courte\u0300s, a proc ...","robots":{"index":"index","follow":"follow","max-snippet":"max-snippet:-1","max-image-preview":"max-image-preview:large","max-video-preview":"max-video-preview:-1"},"canonical":"https:\/\/www.africa-press.net\/cameroun\/economie\/yaounde-lancement-du-projet-move-en-vue-de-preparer-le-demarrage-de-la-construction-dun-systeme-de-brt","og_locale":"fr_FR","og_type":"article","og_title":"Yaound\u00e9 : Lancement du Projet Move en Vue de Pr\u00e9parer le D\u00e9marrage de la Construction D\u2019Un Syst\u00e8me de BRT","og_description":"Investir au Cameroun) - La ministre de l\u2019Habitat et du De\u0301veloppement urbain (Mihdu), Ce\u0301lestine Ketcha Courte\u0300s, a proc ...","og_url":"https:\/\/www.africa-press.net\/cameroun\/economie\/yaounde-lancement-du-projet-move-en-vue-de-preparer-le-demarrage-de-la-construction-dun-systeme-de-brt","og_site_name":"Cameroun","article_published_time":"2024-01-26T12:07:45+00:00","article_modified_time":"2024-01-26T12:50:33+00:00","og_image":[{"width":720,"height":479,"url":"https:\/\/static.africa-press.net\/cameroun\/sites\/57\/2024\/01\/sm_1706260092.643319.jpg","type":"image\/jpeg"}],"author":"cfeditorfr","twitter_card":"summary_large_image","twitter_misc":{"\u00c9crit par":"cfeditorfr","Dur\u00e9e de lecture estim\u00e9e":"3 minutes"},"schema":{"@context":"https:\/\/schema.org","@graph":[{"@type":"Article","@id":"https:\/\/www.africa-press.net\/cameroun\/economie\/yaounde-lancement-du-projet-move-en-vue-de-preparer-le-demarrage-de-la-construction-dun-systeme-de-brt#article","isPartOf":{"@id":"https:\/\/www.africa-press.net\/cameroun\/economie\/yaounde-lancement-du-projet-move-en-vue-de-preparer-le-demarrage-de-la-construction-dun-systeme-de-brt"},"author":{"name":"cfeditorfr","@id":"https:\/\/www.africa-press.net\/cameroun\/#\/schema\/person\/2b1cf3cd81a31e3cd26889ca66d677f1"},"headline":"Yaound\u00e9 : Lancement du Projet Move en Vue de Pr\u00e9parer le D\u00e9marrage de la Construction D\u2019Un Syst\u00e8me de BRT","datePublished":"2024-01-26T12:07:45+00:00","dateModified":"2024-01-26T12:50:33+00:00","mainEntityOfPage":{"@id":"https:\/\/www.africa-press.net\/cameroun\/economie\/yaounde-lancement-du-projet-move-en-vue-de-preparer-le-demarrage-de-la-construction-dun-systeme-de-brt"},"wordCount":582,"commentCount":0,"image":{"@id":"https:\/\/www.africa-press.net\/cameroun\/economie\/yaounde-lancement-du-projet-move-en-vue-de-preparer-le-demarrage-de-la-construction-dun-systeme-de-brt#primaryimage"},"thumbnailUrl":"https:\/\/static.africa-press.net\/cameroun\/sites\/57\/2024\/01\/sm_1706260092.643319.jpg","keywords":["Africa Press","Africa Press-Cameroun","Cameroun"],"articleSection":["\u00c9conomie","Toutes les actualit\u00e9s"],"inLanguage":"fr-FR","potentialAction":[{"@type":"CommentAction","name":"Comment","target":["https:\/\/www.africa-press.net\/cameroun\/economie\/yaounde-lancement-du-projet-move-en-vue-de-preparer-le-demarrage-de-la-construction-dun-systeme-de-brt#respond"]}]},{"@type":"WebPage","@id":"https:\/\/www.africa-press.net\/cameroun\/economie\/yaounde-lancement-du-projet-move-en-vue-de-preparer-le-demarrage-de-la-construction-dun-systeme-de-brt","url":"https:\/\/www.africa-press.net\/cameroun\/economie\/yaounde-lancement-du-projet-move-en-vue-de-preparer-le-demarrage-de-la-construction-dun-systeme-de-brt","name":"Yaound\u00e9 : Lancement du Projet Move en Vue de Pr\u00e9parer le D\u00e9marrage de la Construction D\u2019Un Syst\u00e8me de BRT - Cameroun","isPartOf":{"@id":"https:\/\/www.africa-press.net\/cameroun\/#website"},"primaryImageOfPage":{"@id":"https:\/\/www.africa-press.net\/cameroun\/economie\/yaounde-lancement-du-projet-move-en-vue-de-preparer-le-demarrage-de-la-construction-dun-systeme-de-brt#primaryimage"},"image":{"@id":"https:\/\/www.africa-press.net\/cameroun\/economie\/yaounde-lancement-du-projet-move-en-vue-de-preparer-le-demarrage-de-la-construction-dun-systeme-de-brt#primaryimage"},"thumbnailUrl":"https:\/\/static.africa-press.net\/cameroun\/sites\/57\/2024\/01\/sm_1706260092.643319.jpg","datePublished":"2024-01-26T12:07:45+00:00","dateModified":"2024-01-26T12:50:33+00:00","author":{"@id":"https:\/\/www.africa-press.net\/cameroun\/#\/schema\/person\/2b1cf3cd81a31e3cd26889ca66d677f1"},"description":"Investir au Cameroun) - La ministre de l\u2019Habitat et du De\u0301veloppement urbain (Mihdu), Ce\u0301lestine Ketcha Courte\u0300s, a proc ...","breadcrumb":{"@id":"https:\/\/www.africa-press.net\/cameroun\/economie\/yaounde-lancement-du-projet-move-en-vue-de-preparer-le-demarrage-de-la-construction-dun-systeme-de-brt#breadcrumb"},"inLanguage":"fr-FR","potentialAction":[{"@type":"ReadAction","target":["https:\/\/www.africa-press.net\/cameroun\/economie\/yaounde-lancement-du-projet-move-en-vue-de-preparer-le-demarrage-de-la-construction-dun-systeme-de-brt"]}]},{"@type":"ImageObject","inLanguage":"fr-FR","@id":"https:\/\/www.africa-press.net\/cameroun\/economie\/yaounde-lancement-du-projet-move-en-vue-de-preparer-le-demarrage-de-la-construction-dun-systeme-de-brt#primaryimage","url":"https:\/\/static.africa-press.net\/cameroun\/sites\/57\/2024\/01\/sm_1706260092.643319.jpg","contentUrl":"https:\/\/static.africa-press.net\/cameroun\/sites\/57\/2024\/01\/sm_1706260092.643319.jpg","width":720,"height":479,"caption":"Yaound\u00e9 : Lancement du Projet Move en Vue de Pr\u00e9parer le D\u00e9marrage de la Construction D\u2019Un Syst\u00e8me de BRT"},{"@type":"BreadcrumbList","@id":"https:\/\/www.africa-press.net\/cameroun\/economie\/yaounde-lancement-du-projet-move-en-vue-de-preparer-le-demarrage-de-la-construction-dun-systeme-de-brt#breadcrumb","itemListElement":[{"@type":"ListItem","position":1,"name":"Accueil","item":"https:\/\/www.africa-press.net\/cameroun\/"},{"@type":"ListItem","position":2,"name":"Yaound\u00e9 : Lancement du Projet Move en Vue de Pr\u00e9parer le D\u00e9marrage de la Construction D\u2019Un Syst\u00e8me de BRT"}]},{"@type":"WebSite","@id":"https:\/\/www.africa-press.net\/cameroun\/#website","url":"https:\/\/www.africa-press.net\/cameroun\/","name":"Cameroun","description":"Just another Africa News Agency Sites site","potentialAction":[{"@type":"SearchAction","target":{"@type":"EntryPoint","urlTemplate":"https:\/\/www.africa-press.net\/cameroun\/?s={search_term_string}"},"query-input":{"@type":"PropertyValueSpecification","valueRequired":true,"valueName":"search_term_string"}}],"inLanguage":"fr-FR"},{"@type":"Person","@id":"https:\/\/www.africa-press.net\/cameroun\/#\/schema\/person\/2b1cf3cd81a31e3cd26889ca66d677f1","name":"cfeditorfr"}]}},"_links":{"self":[{"href":"https:\/\/www.africa-press.net\/cameroun\/wp-json\/wp\/v2\/posts\/60795","targetHints":{"allow":["GET"]}}],"collection":[{"href":"https:\/\/www.africa-press.net\/cameroun\/wp-json\/wp\/v2\/posts"}],"about":[{"href":"https:\/\/www.africa-press.net\/cameroun\/wp-json\/wp\/v2\/types\/post"}],"author":[{"embeddable":true,"href":"https:\/\/www.africa-press.net\/cameroun\/wp-json\/wp\/v2\/users\/82"}],"replies":[{"embeddable":true,"href":"https:\/\/www.africa-press.net\/cameroun\/wp-json\/wp\/v2\/comments?post=60795"}],"version-history":[{"count":0,"href":"https:\/\/www.africa-press.net\/cameroun\/wp-json\/wp\/v2\/posts\/60795\/revisions"}],"wp:featuredmedia":[{"embeddable":true,"href":"https:\/\/www.africa-press.net\/cameroun\/wp-json\/wp\/v2\/media\/60794"}],"wp:attachment":[{"href":"https:\/\/www.africa-press.net\/cameroun\/wp-json\/wp\/v2\/media?parent=60795"}],"wp:term":[{"taxonomy":"category","embeddable":true,"href":"https:\/\/www.africa-press.net\/cameroun\/wp-json\/wp\/v2\/categories?post=60795"},{"taxonomy":"post_tag","embeddable":true,"href":"https:\/\/www.africa-press.net\/cameroun\/wp-json\/wp\/v2\/tags?post=60795"}],"curies":[{"name":"wp","href":"https:\/\/api.w.org\/{rel}","templated":true}]}}