{"id":60803,"date":"2024-01-26T12:08:36","date_gmt":"2024-01-26T12:08:36","guid":{"rendered":"https:\/\/www.africa-press.net\/cameroun\/politique\/commerce-intra-regional-la-cemac-lance-une-plateforme-de-collecte-de-donnees-pour-evaluer-le-climat-des-affaires"},"modified":"2024-01-26T12:52:38","modified_gmt":"2024-01-26T12:52:38","slug":"commerce-intra-regional-la-cemac-lance-une-plateforme-de-collecte-de-donnees-pour-evaluer-le-climat-des-affaires","status":"publish","type":"post","link":"https:\/\/www.africa-press.net\/cameroun\/economie\/commerce-intra-regional-la-cemac-lance-une-plateforme-de-collecte-de-donnees-pour-evaluer-le-climat-des-affaires","title":{"rendered":"Commerce Intra-r\u00e9gional : la Cemac Lance une Plateforme de Collecte de Donn\u00e9es pour \u00c9valuer le Climat des Affaires"},"content":{"rendered":"<p><span style=\"color: #ff6600\"><strong>Africa-Press &#8211; Cameroun. <\/strong><\/span>Investir au Cameroun) &#8211; Du 24 au 26 janvier 2024, la Commission de la Cemac (Cameroun, Gabon, Congo, Tchad, Guine\u0301e-E\u0301quatoriale et RCA) organise un atelier a\u0300 Douala pour lancer l\u2019Observatoire du climat des affaires dans la zone Cemac (Oca-Cemac). \u00ab Il s\u2019agit d\u2019une plateforme qui va permettre aux points focaux des six pays d\u2019enregistrer les donne\u0301es collecte\u0301es, les mettre en synergie pour avoir une vision comple\u0300te du climat des affaires dans la sous-re\u0301gion \u00bb, explique Nicolas Beyeme-Nguema, commissaire en charge des politiques e\u0301conomique, mone\u0301taire et financie\u0300re de la Cemac. Ce dernier indique qu\u2019il s\u2019agit de rendre \u00ab ope\u0301rationnels les points focaux nationaux installe\u0301s depuis trois ans, en leur donnant la me\u0301thodologie ne\u0301cessaire a\u0300 la collecte des donne\u0301es, et a\u0300 l\u2019usage de la plateforme cre\u0301e\u0301e a\u0300 cet effet \u00bb.<\/p>\n<p>Selon les experts de la Cemac, le commerce intra-re\u0301gional ne pe\u0300se qu\u2019a\u0300 peine 4%. Le de\u0301fi est \u00ab d\u2019ame\u0301liorer cette situation a\u0300 l\u2019aube de la Zone de libre-e\u0301change continentale africaine (Zlecaf) \u00bb, souhaite Nicolas Beyeme-Nguema. Pour y parvenir, la commission de la Cemac a fait appel a\u0300 l\u2019expertise de la Fondation pour les e\u0301tudes et recherches sur le de\u0301veloppement international (Ferdi), du Centre de recherches de\u0301die\u0301 a\u0300 l\u2019e\u0301tude des processus de de\u0301veloppement international (Cerdi) et les consultants internationaux. Les donne\u0301es collecte\u0301es, apprend-on, seront annuellement e\u0301value\u0301es et soumises a\u0300 la Commission de la Cemac qui formulera des recommandations pour une ame\u0301lioration du climat des affaires.<\/p>\n<p>En rappel, l\u2019observatoire du climat des affaires en zone Cemac a e\u0301te\u0301 mis en place en 2021 pour fournir aux acteurs du syste\u0300me d\u2019information, la base re\u0301fe\u0301rentielle ne\u0301cessaire au de\u0301veloppement des investissements et des affaires, a\u0300 partir des donne\u0301es techniques et e\u0301conomiques utiles, fiables et normalise\u0301es.<\/p>\n<p><b>Fre\u0301de\u0301ric Nonos<\/b><\/p>\n<p><strong>Pour plus d&rsquo;informations et d&rsquo;analyses sur la <a href=\"https:\/\/www.africa-press.net\/cameroun\">Cameroun<\/a>, suivez <a href=\"https:\/\/www.africa-press.net\/\">Africa-Press<\/a><\/strong><\/p>\n","protected":false},"excerpt":{"rendered":"<p>Africa-Press &#8211; Cameroun. Investir au Cameroun) &#8211; Du 24 au 26 janvier 2024, la Commission de la Cemac (Cameroun, Gabon, Congo, Tchad, Guine\u0301e-E\u0301quatoriale et RCA) organise un atelier a\u0300 Douala pour lancer l\u2019Observatoire du climat des affaires dans la zone Cemac (Oca-Cemac). \u00ab Il s\u2019agit d\u2019une plateforme qui va permettre aux points focaux des six [&hellip;]<\/p>\n","protected":false},"author":82,"featured_media":60802,"comment_status":"open","ping_status":"closed","sticky":false,"template":"","format":"standard","meta":{"footnotes":""},"categories":[3,10],"tags":[36,50,49],"class_list":["post-60803","post","type-post","status-publish","format-standard","has-post-thumbnail","hentry","category-economie","category-toutes-les-actualites","tag-africa-press","tag-africa-press-cameroun","tag-cameroun"],"yoast_head":"<!-- This site is optimized with the Yoast SEO Premium plugin v26.1 (Yoast SEO v27.0) - https:\/\/yoast.com\/product\/yoast-seo-premium-wordpress\/ -->\n<title>Commerce Intra-r\u00e9gional : la Cemac Lance une Plateforme de Collecte de Donn\u00e9es pour \u00c9valuer le Climat des Affaires - Cameroun<\/title>\n<meta name=\"description\" content=\"Investir au Cameroun) - Du 24 au 26 janvier 2024, la Commission de la Cemac (Cameroun, Gabon, Congo, Tchad, Guine\u0301e-E\u0301qu ...\" \/>\n<meta name=\"robots\" content=\"index, follow, max-snippet:-1, max-image-preview:large, max-video-preview:-1\" \/>\n<link rel=\"canonical\" href=\"https:\/\/www.africa-press.net\/cameroun\/economie\/commerce-intra-regional-la-cemac-lance-une-plateforme-de-collecte-de-donnees-pour-evaluer-le-climat-des-affaires\" \/>\n<meta property=\"og:locale\" content=\"fr_FR\" \/>\n<meta property=\"og:type\" content=\"article\" \/>\n<meta property=\"og:title\" content=\"Commerce Intra-r\u00e9gional : la Cemac Lance une Plateforme de Collecte de Donn\u00e9es pour \u00c9valuer le Climat des Affaires\" \/>\n<meta property=\"og:description\" content=\"Investir au Cameroun) - Du 24 au 26 janvier 2024, la Commission de la Cemac (Cameroun, Gabon, Congo, Tchad, Guine\u0301e-E\u0301qu ...\" \/>\n<meta property=\"og:url\" content=\"https:\/\/www.africa-press.net\/cameroun\/economie\/commerce-intra-regional-la-cemac-lance-une-plateforme-de-collecte-de-donnees-pour-evaluer-le-climat-des-affaires\" \/>\n<meta property=\"og:site_name\" content=\"Cameroun\" \/>\n<meta property=\"article:published_time\" content=\"2024-01-26T12:08:36+00:00\" \/>\n<meta property=\"article:modified_time\" content=\"2024-01-26T12:52:38+00:00\" \/>\n<meta property=\"og:image\" content=\"https:\/\/static.africa-press.net\/cameroun\/sites\/57\/2024\/01\/sm_1706260224.036497.jpg\" \/>\n\t<meta property=\"og:image:width\" content=\"720\" \/>\n\t<meta property=\"og:image:height\" content=\"479\" \/>\n\t<meta property=\"og:image:type\" content=\"image\/jpeg\" \/>\n<meta name=\"author\" content=\"cfeditorfr\" \/>\n<meta name=\"twitter:card\" content=\"summary_large_image\" \/>\n<meta name=\"twitter:label1\" content=\"\u00c9crit par\" \/>\n\t<meta name=\"twitter:data1\" content=\"cfeditorfr\" \/>\n\t<meta name=\"twitter:label2\" content=\"Dur\u00e9e de lecture estim\u00e9e\" \/>\n\t<meta name=\"twitter:data2\" content=\"2 minutes\" \/>\n<script type=\"application\/ld+json\" class=\"yoast-schema-graph\">{\"@context\":\"https:\/\/schema.org\",\"@graph\":[{\"@type\":\"Article\",\"@id\":\"https:\/\/www.africa-press.net\/cameroun\/economie\/commerce-intra-regional-la-cemac-lance-une-plateforme-de-collecte-de-donnees-pour-evaluer-le-climat-des-affaires#article\",\"isPartOf\":{\"@id\":\"https:\/\/www.africa-press.net\/cameroun\/economie\/commerce-intra-regional-la-cemac-lance-une-plateforme-de-collecte-de-donnees-pour-evaluer-le-climat-des-affaires\"},\"author\":{\"name\":\"cfeditorfr\",\"@id\":\"https:\/\/www.africa-press.net\/cameroun\/#\/schema\/person\/2b1cf3cd81a31e3cd26889ca66d677f1\"},\"headline\":\"Commerce Intra-r\u00e9gional : la Cemac Lance une Plateforme de Collecte de Donn\u00e9es pour \u00c9valuer le Climat des Affaires\",\"datePublished\":\"2024-01-26T12:08:36+00:00\",\"dateModified\":\"2024-01-26T12:52:38+00:00\",\"mainEntityOfPage\":{\"@id\":\"https:\/\/www.africa-press.net\/cameroun\/economie\/commerce-intra-regional-la-cemac-lance-une-plateforme-de-collecte-de-donnees-pour-evaluer-le-climat-des-affaires\"},\"wordCount\":359,\"commentCount\":0,\"image\":{\"@id\":\"https:\/\/www.africa-press.net\/cameroun\/economie\/commerce-intra-regional-la-cemac-lance-une-plateforme-de-collecte-de-donnees-pour-evaluer-le-climat-des-affaires#primaryimage\"},\"thumbnailUrl\":\"https:\/\/static.africa-press.net\/cameroun\/sites\/57\/2024\/01\/sm_1706260224.036497.jpg\",\"keywords\":[\"Africa Press\",\"Africa Press-Cameroun\",\"Cameroun\"],\"articleSection\":[\"\u00c9conomie\",\"Toutes les actualit\u00e9s\"],\"inLanguage\":\"fr-FR\",\"potentialAction\":[{\"@type\":\"CommentAction\",\"name\":\"Comment\",\"target\":[\"https:\/\/www.africa-press.net\/cameroun\/economie\/commerce-intra-regional-la-cemac-lance-une-plateforme-de-collecte-de-donnees-pour-evaluer-le-climat-des-affaires#respond\"]}]},{\"@type\":\"WebPage\",\"@id\":\"https:\/\/www.africa-press.net\/cameroun\/economie\/commerce-intra-regional-la-cemac-lance-une-plateforme-de-collecte-de-donnees-pour-evaluer-le-climat-des-affaires\",\"url\":\"https:\/\/www.africa-press.net\/cameroun\/economie\/commerce-intra-regional-la-cemac-lance-une-plateforme-de-collecte-de-donnees-pour-evaluer-le-climat-des-affaires\",\"name\":\"Commerce Intra-r\u00e9gional : la Cemac Lance une Plateforme de Collecte de Donn\u00e9es pour \u00c9valuer le Climat des Affaires - Cameroun\",\"isPartOf\":{\"@id\":\"https:\/\/www.africa-press.net\/cameroun\/#website\"},\"primaryImageOfPage\":{\"@id\":\"https:\/\/www.africa-press.net\/cameroun\/economie\/commerce-intra-regional-la-cemac-lance-une-plateforme-de-collecte-de-donnees-pour-evaluer-le-climat-des-affaires#primaryimage\"},\"image\":{\"@id\":\"https:\/\/www.africa-press.net\/cameroun\/economie\/commerce-intra-regional-la-cemac-lance-une-plateforme-de-collecte-de-donnees-pour-evaluer-le-climat-des-affaires#primaryimage\"},\"thumbnailUrl\":\"https:\/\/static.africa-press.net\/cameroun\/sites\/57\/2024\/01\/sm_1706260224.036497.jpg\",\"datePublished\":\"2024-01-26T12:08:36+00:00\",\"dateModified\":\"2024-01-26T12:52:38+00:00\",\"author\":{\"@id\":\"https:\/\/www.africa-press.net\/cameroun\/#\/schema\/person\/2b1cf3cd81a31e3cd26889ca66d677f1\"},\"description\":\"Investir au Cameroun) - Du 24 au 26 janvier 2024, la Commission de la Cemac (Cameroun, Gabon, Congo, Tchad, Guine\u0301e-E\u0301qu ...\",\"breadcrumb\":{\"@id\":\"https:\/\/www.africa-press.net\/cameroun\/economie\/commerce-intra-regional-la-cemac-lance-une-plateforme-de-collecte-de-donnees-pour-evaluer-le-climat-des-affaires#breadcrumb\"},\"inLanguage\":\"fr-FR\",\"potentialAction\":[{\"@type\":\"ReadAction\",\"target\":[\"https:\/\/www.africa-press.net\/cameroun\/economie\/commerce-intra-regional-la-cemac-lance-une-plateforme-de-collecte-de-donnees-pour-evaluer-le-climat-des-affaires\"]}]},{\"@type\":\"ImageObject\",\"inLanguage\":\"fr-FR\",\"@id\":\"https:\/\/www.africa-press.net\/cameroun\/economie\/commerce-intra-regional-la-cemac-lance-une-plateforme-de-collecte-de-donnees-pour-evaluer-le-climat-des-affaires#primaryimage\",\"url\":\"https:\/\/static.africa-press.net\/cameroun\/sites\/57\/2024\/01\/sm_1706260224.036497.jpg\",\"contentUrl\":\"https:\/\/static.africa-press.net\/cameroun\/sites\/57\/2024\/01\/sm_1706260224.036497.jpg\",\"width\":720,\"height\":479,\"caption\":\"Commerce Intra-r\u00e9gional : la Cemac Lance une Plateforme de Collecte de Donn\u00e9es pour \u00c9valuer le Climat des Affaires\"},{\"@type\":\"BreadcrumbList\",\"@id\":\"https:\/\/www.africa-press.net\/cameroun\/economie\/commerce-intra-regional-la-cemac-lance-une-plateforme-de-collecte-de-donnees-pour-evaluer-le-climat-des-affaires#breadcrumb\",\"itemListElement\":[{\"@type\":\"ListItem\",\"position\":1,\"name\":\"Accueil\",\"item\":\"https:\/\/www.africa-press.net\/cameroun\/\"},{\"@type\":\"ListItem\",\"position\":2,\"name\":\"Commerce Intra-r\u00e9gional : la Cemac Lance une Plateforme de Collecte de Donn\u00e9es pour \u00c9valuer le Climat des Affaires\"}]},{\"@type\":\"WebSite\",\"@id\":\"https:\/\/www.africa-press.net\/cameroun\/#website\",\"url\":\"https:\/\/www.africa-press.net\/cameroun\/\",\"name\":\"Cameroun\",\"description\":\"Just another Africa News Agency Sites site\",\"potentialAction\":[{\"@type\":\"SearchAction\",\"target\":{\"@type\":\"EntryPoint\",\"urlTemplate\":\"https:\/\/www.africa-press.net\/cameroun\/?s={search_term_string}\"},\"query-input\":{\"@type\":\"PropertyValueSpecification\",\"valueRequired\":true,\"valueName\":\"search_term_string\"}}],\"inLanguage\":\"fr-FR\"},{\"@type\":\"Person\",\"@id\":\"https:\/\/www.africa-press.net\/cameroun\/#\/schema\/person\/2b1cf3cd81a31e3cd26889ca66d677f1\",\"name\":\"cfeditorfr\"}]}<\/script>\n<!-- \/ Yoast SEO Premium plugin. -->","yoast_head_json":{"title":"Commerce Intra-r\u00e9gional : la Cemac Lance une Plateforme de Collecte de Donn\u00e9es pour \u00c9valuer le Climat des Affaires - Cameroun","description":"Investir au Cameroun) - Du 24 au 26 janvier 2024, la Commission de la Cemac (Cameroun, Gabon, Congo, Tchad, Guine\u0301e-E\u0301qu ...","robots":{"index":"index","follow":"follow","max-snippet":"max-snippet:-1","max-image-preview":"max-image-preview:large","max-video-preview":"max-video-preview:-1"},"canonical":"https:\/\/www.africa-press.net\/cameroun\/economie\/commerce-intra-regional-la-cemac-lance-une-plateforme-de-collecte-de-donnees-pour-evaluer-le-climat-des-affaires","og_locale":"fr_FR","og_type":"article","og_title":"Commerce Intra-r\u00e9gional : la Cemac Lance une Plateforme de Collecte de Donn\u00e9es pour \u00c9valuer le Climat des Affaires","og_description":"Investir au Cameroun) - Du 24 au 26 janvier 2024, la Commission de la Cemac (Cameroun, Gabon, Congo, Tchad, Guine\u0301e-E\u0301qu ...","og_url":"https:\/\/www.africa-press.net\/cameroun\/economie\/commerce-intra-regional-la-cemac-lance-une-plateforme-de-collecte-de-donnees-pour-evaluer-le-climat-des-affaires","og_site_name":"Cameroun","article_published_time":"2024-01-26T12:08:36+00:00","article_modified_time":"2024-01-26T12:52:38+00:00","og_image":[{"width":720,"height":479,"url":"https:\/\/static.africa-press.net\/cameroun\/sites\/57\/2024\/01\/sm_1706260224.036497.jpg","type":"image\/jpeg"}],"author":"cfeditorfr","twitter_card":"summary_large_image","twitter_misc":{"\u00c9crit par":"cfeditorfr","Dur\u00e9e de lecture estim\u00e9e":"2 minutes"},"schema":{"@context":"https:\/\/schema.org","@graph":[{"@type":"Article","@id":"https:\/\/www.africa-press.net\/cameroun\/economie\/commerce-intra-regional-la-cemac-lance-une-plateforme-de-collecte-de-donnees-pour-evaluer-le-climat-des-affaires#article","isPartOf":{"@id":"https:\/\/www.africa-press.net\/cameroun\/economie\/commerce-intra-regional-la-cemac-lance-une-plateforme-de-collecte-de-donnees-pour-evaluer-le-climat-des-affaires"},"author":{"name":"cfeditorfr","@id":"https:\/\/www.africa-press.net\/cameroun\/#\/schema\/person\/2b1cf3cd81a31e3cd26889ca66d677f1"},"headline":"Commerce Intra-r\u00e9gional : la Cemac Lance une Plateforme de Collecte de Donn\u00e9es pour \u00c9valuer le Climat des Affaires","datePublished":"2024-01-26T12:08:36+00:00","dateModified":"2024-01-26T12:52:38+00:00","mainEntityOfPage":{"@id":"https:\/\/www.africa-press.net\/cameroun\/economie\/commerce-intra-regional-la-cemac-lance-une-plateforme-de-collecte-de-donnees-pour-evaluer-le-climat-des-affaires"},"wordCount":359,"commentCount":0,"image":{"@id":"https:\/\/www.africa-press.net\/cameroun\/economie\/commerce-intra-regional-la-cemac-lance-une-plateforme-de-collecte-de-donnees-pour-evaluer-le-climat-des-affaires#primaryimage"},"thumbnailUrl":"https:\/\/static.africa-press.net\/cameroun\/sites\/57\/2024\/01\/sm_1706260224.036497.jpg","keywords":["Africa Press","Africa Press-Cameroun","Cameroun"],"articleSection":["\u00c9conomie","Toutes les actualit\u00e9s"],"inLanguage":"fr-FR","potentialAction":[{"@type":"CommentAction","name":"Comment","target":["https:\/\/www.africa-press.net\/cameroun\/economie\/commerce-intra-regional-la-cemac-lance-une-plateforme-de-collecte-de-donnees-pour-evaluer-le-climat-des-affaires#respond"]}]},{"@type":"WebPage","@id":"https:\/\/www.africa-press.net\/cameroun\/economie\/commerce-intra-regional-la-cemac-lance-une-plateforme-de-collecte-de-donnees-pour-evaluer-le-climat-des-affaires","url":"https:\/\/www.africa-press.net\/cameroun\/economie\/commerce-intra-regional-la-cemac-lance-une-plateforme-de-collecte-de-donnees-pour-evaluer-le-climat-des-affaires","name":"Commerce Intra-r\u00e9gional : la Cemac Lance une Plateforme de Collecte de Donn\u00e9es pour \u00c9valuer le Climat des Affaires - Cameroun","isPartOf":{"@id":"https:\/\/www.africa-press.net\/cameroun\/#website"},"primaryImageOfPage":{"@id":"https:\/\/www.africa-press.net\/cameroun\/economie\/commerce-intra-regional-la-cemac-lance-une-plateforme-de-collecte-de-donnees-pour-evaluer-le-climat-des-affaires#primaryimage"},"image":{"@id":"https:\/\/www.africa-press.net\/cameroun\/economie\/commerce-intra-regional-la-cemac-lance-une-plateforme-de-collecte-de-donnees-pour-evaluer-le-climat-des-affaires#primaryimage"},"thumbnailUrl":"https:\/\/static.africa-press.net\/cameroun\/sites\/57\/2024\/01\/sm_1706260224.036497.jpg","datePublished":"2024-01-26T12:08:36+00:00","dateModified":"2024-01-26T12:52:38+00:00","author":{"@id":"https:\/\/www.africa-press.net\/cameroun\/#\/schema\/person\/2b1cf3cd81a31e3cd26889ca66d677f1"},"description":"Investir au Cameroun) - Du 24 au 26 janvier 2024, la Commission de la Cemac (Cameroun, Gabon, Congo, Tchad, Guine\u0301e-E\u0301qu ...","breadcrumb":{"@id":"https:\/\/www.africa-press.net\/cameroun\/economie\/commerce-intra-regional-la-cemac-lance-une-plateforme-de-collecte-de-donnees-pour-evaluer-le-climat-des-affaires#breadcrumb"},"inLanguage":"fr-FR","potentialAction":[{"@type":"ReadAction","target":["https:\/\/www.africa-press.net\/cameroun\/economie\/commerce-intra-regional-la-cemac-lance-une-plateforme-de-collecte-de-donnees-pour-evaluer-le-climat-des-affaires"]}]},{"@type":"ImageObject","inLanguage":"fr-FR","@id":"https:\/\/www.africa-press.net\/cameroun\/economie\/commerce-intra-regional-la-cemac-lance-une-plateforme-de-collecte-de-donnees-pour-evaluer-le-climat-des-affaires#primaryimage","url":"https:\/\/static.africa-press.net\/cameroun\/sites\/57\/2024\/01\/sm_1706260224.036497.jpg","contentUrl":"https:\/\/static.africa-press.net\/cameroun\/sites\/57\/2024\/01\/sm_1706260224.036497.jpg","width":720,"height":479,"caption":"Commerce Intra-r\u00e9gional : la Cemac Lance une Plateforme de Collecte de Donn\u00e9es pour \u00c9valuer le Climat des Affaires"},{"@type":"BreadcrumbList","@id":"https:\/\/www.africa-press.net\/cameroun\/economie\/commerce-intra-regional-la-cemac-lance-une-plateforme-de-collecte-de-donnees-pour-evaluer-le-climat-des-affaires#breadcrumb","itemListElement":[{"@type":"ListItem","position":1,"name":"Accueil","item":"https:\/\/www.africa-press.net\/cameroun\/"},{"@type":"ListItem","position":2,"name":"Commerce Intra-r\u00e9gional : la Cemac Lance une Plateforme de Collecte de Donn\u00e9es pour \u00c9valuer le Climat des Affaires"}]},{"@type":"WebSite","@id":"https:\/\/www.africa-press.net\/cameroun\/#website","url":"https:\/\/www.africa-press.net\/cameroun\/","name":"Cameroun","description":"Just another Africa News Agency Sites site","potentialAction":[{"@type":"SearchAction","target":{"@type":"EntryPoint","urlTemplate":"https:\/\/www.africa-press.net\/cameroun\/?s={search_term_string}"},"query-input":{"@type":"PropertyValueSpecification","valueRequired":true,"valueName":"search_term_string"}}],"inLanguage":"fr-FR"},{"@type":"Person","@id":"https:\/\/www.africa-press.net\/cameroun\/#\/schema\/person\/2b1cf3cd81a31e3cd26889ca66d677f1","name":"cfeditorfr"}]}},"_links":{"self":[{"href":"https:\/\/www.africa-press.net\/cameroun\/wp-json\/wp\/v2\/posts\/60803","targetHints":{"allow":["GET"]}}],"collection":[{"href":"https:\/\/www.africa-press.net\/cameroun\/wp-json\/wp\/v2\/posts"}],"about":[{"href":"https:\/\/www.africa-press.net\/cameroun\/wp-json\/wp\/v2\/types\/post"}],"author":[{"embeddable":true,"href":"https:\/\/www.africa-press.net\/cameroun\/wp-json\/wp\/v2\/users\/82"}],"replies":[{"embeddable":true,"href":"https:\/\/www.africa-press.net\/cameroun\/wp-json\/wp\/v2\/comments?post=60803"}],"version-history":[{"count":0,"href":"https:\/\/www.africa-press.net\/cameroun\/wp-json\/wp\/v2\/posts\/60803\/revisions"}],"wp:featuredmedia":[{"embeddable":true,"href":"https:\/\/www.africa-press.net\/cameroun\/wp-json\/wp\/v2\/media\/60802"}],"wp:attachment":[{"href":"https:\/\/www.africa-press.net\/cameroun\/wp-json\/wp\/v2\/media?parent=60803"}],"wp:term":[{"taxonomy":"category","embeddable":true,"href":"https:\/\/www.africa-press.net\/cameroun\/wp-json\/wp\/v2\/categories?post=60803"},{"taxonomy":"post_tag","embeddable":true,"href":"https:\/\/www.africa-press.net\/cameroun\/wp-json\/wp\/v2\/tags?post=60803"}],"curies":[{"name":"wp","href":"https:\/\/api.w.org\/{rel}","templated":true}]}}