{"id":60813,"date":"2024-01-26T12:09:43","date_gmt":"2024-01-26T12:09:43","guid":{"rendered":"https:\/\/www.africa-press.net\/cameroun\/politique\/festival-de-la-banane-plantain-la-3e-edition-annoncee-a-douala-kribi-yaounde-et-bertoua-pour-promouvoir-le-tourisme"},"modified":"2024-01-26T12:55:10","modified_gmt":"2024-01-26T12:55:10","slug":"festival-de-la-banane-plantain-la-3e-edition-annoncee-a-douala-kribi-yaounde-et-bertoua-pour-promouvoir-le-tourisme","status":"publish","type":"post","link":"https:\/\/www.africa-press.net\/cameroun\/economie\/festival-de-la-banane-plantain-la-3e-edition-annoncee-a-douala-kribi-yaounde-et-bertoua-pour-promouvoir-le-tourisme","title":{"rendered":"Festival de la Banane-Plantain : la 3E \u00c9dition Annonc\u00e9e \u00e0 Douala, Kribi, Yaound\u00e9 et Bertoua pour Promouvoir le Tourisme"},"content":{"rendered":"<p><span style=\"color: #ff6600\"><strong>Africa-Press &#8211; Cameroun. <\/strong><\/span>Investir au Cameroun) &#8211; Apre\u0300s Buea (Sud-Ouest) en 2023, le Festival international de la banane-plantain se tiendra du 4 au 12 de\u0301cembre 2024 dans quatre re\u0301gions du pays. Pour cette troisie\u0300me e\u0301dition, l\u2019Association nationale des acteurs de la filie\u0300re banane-plantain du Cameroun (FBPC), organisatrice de cet e\u0301ve\u0301nement, a voulu un festival itine\u0301rant. Celui-ci partira de Douala dans le Littoral pour se terminer en \u00ab apothe\u0301ose \u00bb a\u0300 Bertoua a\u0300 l\u2019Est, en passant par Kribi dans le Sud et a\u0300 Yaounde\u0301 dans le Centre.<\/p>\n<p>En plus de valoriser la banane-plantain, \u00ab 3e produit le plus consomme\u0301 en Afrique centrale \u00bb selon la FBPC, cette e\u0301dition du festival vise e\u0301galement a\u0300 promouvoir le tourisme inte\u0301rieur. A\u0300 cet effet, la manifestation permettra notamment aux de\u0301le\u0301gations e\u0301trange\u0300res et aux diffe\u0301rents usagers de la fe\u0302te de de\u0301couvrir la beaute\u0301 des plages de la ville co\u0302tie\u0300re de Kribi et la cuisine locale, mais aussi de de\u0301guster des produits de\u0301rive\u0301s de la banane-plantain (biscuits, pa\u0302tisserie, vin rouge, whisky, bouillie, pa\u0302tes alimentaires) lors d\u2019un \u00ab brunch gastronomique et touristique \u00bb qui sera organise\u0301 a\u0300 Kribi.<\/p>\n<p>\u00ab Ce sera une opportunite\u0301 pour ceux qui habitent Garoua et qui n\u2019ont jamais visite\u0301 Kribi par exemple. C\u2019est ce qu\u2019on appelle la promotion du tourisme inte\u0301rieur \u00bb, a de\u0301clare\u0301 le ministre du Tourisme et des Loisirs (Mintoul), Bello Bouba Mai\u0308gari, a\u0300 l\u2019issue d\u2019une audience qu\u2019il a accorde\u0301e le 15 janvier dernier au pre\u0301sident de la Fbpc, Samuel Tony Obam Bikoue\u0301, et au directeur ge\u0301ne\u0301ral de Sasf Voyage, Alain Pierre Nsem Ndem. C\u2019est cette compagnie qui est charge\u0301e d\u2019apporter les facilite\u0301s de transport, d\u2019he\u0301bergement et de restauration sur les diffe\u0301rents sites du festival, suite a\u0300 une convention de partenariat et de collaboration signe\u0301e avec la FBPC.<\/p>\n<p>En rappel, le Festival international de la banane-plantain permet ge\u0301ne\u0301ralement de pre\u0301senter le potentiel et les acquis de la filie\u0300re au Cameroun. C\u2019est aussi le lieu de de\u0301battre des proble\u0300mes de la filie\u0300re tels que les pertes post-re\u0301coltes souvent tre\u0300s importantes, ou encore le de\u0301veloppement de la chai\u0302ne de valeurs de ce produit susceptible d\u2019e\u0302tre transforme\u0301 en 200 produits de\u0301rive\u0301s, selon les experts. L\u2019e\u0301dition de cette anne\u0301e se tient sous le the\u0300me: \u00ab La banane-plantain au service de l\u2019import-substitution et de la SND30 \u00bb.<\/p>\n<p><strong>Pour plus d&rsquo;informations et d&rsquo;analyses sur la <a href=\"https:\/\/www.africa-press.net\/cameroun\">Cameroun<\/a>, suivez <a href=\"https:\/\/www.africa-press.net\/\">Africa-Press<\/a><\/strong><\/p>\n","protected":false},"excerpt":{"rendered":"<p>Africa-Press &#8211; Cameroun. Investir au Cameroun) &#8211; Apre\u0300s Buea (Sud-Ouest) en 2023, le Festival international de la banane-plantain se tiendra du 4 au 12 de\u0301cembre 2024 dans quatre re\u0301gions du pays. Pour cette troisie\u0300me e\u0301dition, l\u2019Association nationale des acteurs de la filie\u0300re banane-plantain du Cameroun (FBPC), organisatrice de cet e\u0301ve\u0301nement, a voulu un festival itine\u0301rant. [&hellip;]<\/p>\n","protected":false},"author":82,"featured_media":60812,"comment_status":"open","ping_status":"closed","sticky":false,"template":"","format":"standard","meta":{"footnotes":""},"categories":[3,10],"tags":[36,50,49],"class_list":["post-60813","post","type-post","status-publish","format-standard","has-post-thumbnail","hentry","category-economie","category-toutes-les-actualites","tag-africa-press","tag-africa-press-cameroun","tag-cameroun"],"yoast_head":"<!-- This site is optimized with the Yoast SEO Premium plugin v26.1 (Yoast SEO v27.0) - https:\/\/yoast.com\/product\/yoast-seo-premium-wordpress\/ -->\n<title>Festival de la Banane-Plantain : la 3E \u00c9dition Annonc\u00e9e \u00e0 Douala, Kribi, Yaound\u00e9 et Bertoua pour Promouvoir le Tourisme - Cameroun<\/title>\n<meta name=\"description\" content=\"Investir au Cameroun) - Apre\u0300s Buea (Sud-Ouest) en 2023, le Festival international de la banane-plantain se tiendra du 4 ...\" \/>\n<meta name=\"robots\" content=\"index, follow, max-snippet:-1, max-image-preview:large, max-video-preview:-1\" \/>\n<link rel=\"canonical\" href=\"https:\/\/www.africa-press.net\/cameroun\/economie\/festival-de-la-banane-plantain-la-3e-edition-annoncee-a-douala-kribi-yaounde-et-bertoua-pour-promouvoir-le-tourisme\" \/>\n<meta property=\"og:locale\" content=\"fr_FR\" \/>\n<meta property=\"og:type\" content=\"article\" \/>\n<meta property=\"og:title\" content=\"Festival de la Banane-Plantain : la 3E \u00c9dition Annonc\u00e9e \u00e0 Douala, Kribi, Yaound\u00e9 et Bertoua pour Promouvoir le Tourisme\" \/>\n<meta property=\"og:description\" content=\"Investir au Cameroun) - Apre\u0300s Buea (Sud-Ouest) en 2023, le Festival international de la banane-plantain se tiendra du 4 ...\" \/>\n<meta property=\"og:url\" content=\"https:\/\/www.africa-press.net\/cameroun\/economie\/festival-de-la-banane-plantain-la-3e-edition-annoncee-a-douala-kribi-yaounde-et-bertoua-pour-promouvoir-le-tourisme\" \/>\n<meta property=\"og:site_name\" content=\"Cameroun\" \/>\n<meta property=\"article:published_time\" content=\"2024-01-26T12:09:43+00:00\" \/>\n<meta property=\"article:modified_time\" content=\"2024-01-26T12:55:10+00:00\" \/>\n<meta property=\"og:image\" content=\"https:\/\/static.africa-press.net\/cameroun\/sites\/57\/2024\/01\/sm_1706260416.096686.jpg\" \/>\n\t<meta property=\"og:image:width\" content=\"720\" \/>\n\t<meta property=\"og:image:height\" content=\"479\" \/>\n\t<meta property=\"og:image:type\" content=\"image\/jpeg\" \/>\n<meta name=\"author\" content=\"cfeditorfr\" \/>\n<meta name=\"twitter:card\" content=\"summary_large_image\" \/>\n<meta name=\"twitter:label1\" content=\"\u00c9crit par\" \/>\n\t<meta name=\"twitter:data1\" content=\"cfeditorfr\" \/>\n\t<meta name=\"twitter:label2\" content=\"Dur\u00e9e de lecture estim\u00e9e\" \/>\n\t<meta name=\"twitter:data2\" content=\"2 minutes\" \/>\n<script type=\"application\/ld+json\" class=\"yoast-schema-graph\">{\"@context\":\"https:\/\/schema.org\",\"@graph\":[{\"@type\":\"Article\",\"@id\":\"https:\/\/www.africa-press.net\/cameroun\/economie\/festival-de-la-banane-plantain-la-3e-edition-annoncee-a-douala-kribi-yaounde-et-bertoua-pour-promouvoir-le-tourisme#article\",\"isPartOf\":{\"@id\":\"https:\/\/www.africa-press.net\/cameroun\/economie\/festival-de-la-banane-plantain-la-3e-edition-annoncee-a-douala-kribi-yaounde-et-bertoua-pour-promouvoir-le-tourisme\"},\"author\":{\"name\":\"cfeditorfr\",\"@id\":\"https:\/\/www.africa-press.net\/cameroun\/#\/schema\/person\/2b1cf3cd81a31e3cd26889ca66d677f1\"},\"headline\":\"Festival de la Banane-Plantain : la 3E \u00c9dition Annonc\u00e9e \u00e0 Douala, Kribi, Yaound\u00e9 et Bertoua pour Promouvoir le Tourisme\",\"datePublished\":\"2024-01-26T12:09:43+00:00\",\"dateModified\":\"2024-01-26T12:55:10+00:00\",\"mainEntityOfPage\":{\"@id\":\"https:\/\/www.africa-press.net\/cameroun\/economie\/festival-de-la-banane-plantain-la-3e-edition-annoncee-a-douala-kribi-yaounde-et-bertoua-pour-promouvoir-le-tourisme\"},\"wordCount\":456,\"commentCount\":0,\"image\":{\"@id\":\"https:\/\/www.africa-press.net\/cameroun\/economie\/festival-de-la-banane-plantain-la-3e-edition-annoncee-a-douala-kribi-yaounde-et-bertoua-pour-promouvoir-le-tourisme#primaryimage\"},\"thumbnailUrl\":\"https:\/\/static.africa-press.net\/cameroun\/sites\/57\/2024\/01\/sm_1706260416.096686.jpg\",\"keywords\":[\"Africa Press\",\"Africa Press-Cameroun\",\"Cameroun\"],\"articleSection\":[\"\u00c9conomie\",\"Toutes les actualit\u00e9s\"],\"inLanguage\":\"fr-FR\",\"potentialAction\":[{\"@type\":\"CommentAction\",\"name\":\"Comment\",\"target\":[\"https:\/\/www.africa-press.net\/cameroun\/economie\/festival-de-la-banane-plantain-la-3e-edition-annoncee-a-douala-kribi-yaounde-et-bertoua-pour-promouvoir-le-tourisme#respond\"]}]},{\"@type\":\"WebPage\",\"@id\":\"https:\/\/www.africa-press.net\/cameroun\/economie\/festival-de-la-banane-plantain-la-3e-edition-annoncee-a-douala-kribi-yaounde-et-bertoua-pour-promouvoir-le-tourisme\",\"url\":\"https:\/\/www.africa-press.net\/cameroun\/economie\/festival-de-la-banane-plantain-la-3e-edition-annoncee-a-douala-kribi-yaounde-et-bertoua-pour-promouvoir-le-tourisme\",\"name\":\"Festival de la Banane-Plantain : la 3E \u00c9dition Annonc\u00e9e \u00e0 Douala, Kribi, Yaound\u00e9 et Bertoua pour Promouvoir le Tourisme - Cameroun\",\"isPartOf\":{\"@id\":\"https:\/\/www.africa-press.net\/cameroun\/#website\"},\"primaryImageOfPage\":{\"@id\":\"https:\/\/www.africa-press.net\/cameroun\/economie\/festival-de-la-banane-plantain-la-3e-edition-annoncee-a-douala-kribi-yaounde-et-bertoua-pour-promouvoir-le-tourisme#primaryimage\"},\"image\":{\"@id\":\"https:\/\/www.africa-press.net\/cameroun\/economie\/festival-de-la-banane-plantain-la-3e-edition-annoncee-a-douala-kribi-yaounde-et-bertoua-pour-promouvoir-le-tourisme#primaryimage\"},\"thumbnailUrl\":\"https:\/\/static.africa-press.net\/cameroun\/sites\/57\/2024\/01\/sm_1706260416.096686.jpg\",\"datePublished\":\"2024-01-26T12:09:43+00:00\",\"dateModified\":\"2024-01-26T12:55:10+00:00\",\"author\":{\"@id\":\"https:\/\/www.africa-press.net\/cameroun\/#\/schema\/person\/2b1cf3cd81a31e3cd26889ca66d677f1\"},\"description\":\"Investir au Cameroun) - Apre\u0300s Buea (Sud-Ouest) en 2023, le Festival international de la banane-plantain se tiendra du 4 ...\",\"breadcrumb\":{\"@id\":\"https:\/\/www.africa-press.net\/cameroun\/economie\/festival-de-la-banane-plantain-la-3e-edition-annoncee-a-douala-kribi-yaounde-et-bertoua-pour-promouvoir-le-tourisme#breadcrumb\"},\"inLanguage\":\"fr-FR\",\"potentialAction\":[{\"@type\":\"ReadAction\",\"target\":[\"https:\/\/www.africa-press.net\/cameroun\/economie\/festival-de-la-banane-plantain-la-3e-edition-annoncee-a-douala-kribi-yaounde-et-bertoua-pour-promouvoir-le-tourisme\"]}]},{\"@type\":\"ImageObject\",\"inLanguage\":\"fr-FR\",\"@id\":\"https:\/\/www.africa-press.net\/cameroun\/economie\/festival-de-la-banane-plantain-la-3e-edition-annoncee-a-douala-kribi-yaounde-et-bertoua-pour-promouvoir-le-tourisme#primaryimage\",\"url\":\"https:\/\/static.africa-press.net\/cameroun\/sites\/57\/2024\/01\/sm_1706260416.096686.jpg\",\"contentUrl\":\"https:\/\/static.africa-press.net\/cameroun\/sites\/57\/2024\/01\/sm_1706260416.096686.jpg\",\"width\":720,\"height\":479,\"caption\":\"Festival de la Banane-Plantain : la 3E \u00c9dition Annonc\u00e9e \u00e0 Douala, Kribi, Yaound\u00e9 et Bertoua pour Promouvoir le Tourisme\"},{\"@type\":\"BreadcrumbList\",\"@id\":\"https:\/\/www.africa-press.net\/cameroun\/economie\/festival-de-la-banane-plantain-la-3e-edition-annoncee-a-douala-kribi-yaounde-et-bertoua-pour-promouvoir-le-tourisme#breadcrumb\",\"itemListElement\":[{\"@type\":\"ListItem\",\"position\":1,\"name\":\"Accueil\",\"item\":\"https:\/\/www.africa-press.net\/cameroun\/\"},{\"@type\":\"ListItem\",\"position\":2,\"name\":\"Festival de la Banane-Plantain : la 3E \u00c9dition Annonc\u00e9e \u00e0 Douala, Kribi, Yaound\u00e9 et Bertoua pour Promouvoir le Tourisme\"}]},{\"@type\":\"WebSite\",\"@id\":\"https:\/\/www.africa-press.net\/cameroun\/#website\",\"url\":\"https:\/\/www.africa-press.net\/cameroun\/\",\"name\":\"Cameroun\",\"description\":\"Just another Africa News Agency Sites site\",\"potentialAction\":[{\"@type\":\"SearchAction\",\"target\":{\"@type\":\"EntryPoint\",\"urlTemplate\":\"https:\/\/www.africa-press.net\/cameroun\/?s={search_term_string}\"},\"query-input\":{\"@type\":\"PropertyValueSpecification\",\"valueRequired\":true,\"valueName\":\"search_term_string\"}}],\"inLanguage\":\"fr-FR\"},{\"@type\":\"Person\",\"@id\":\"https:\/\/www.africa-press.net\/cameroun\/#\/schema\/person\/2b1cf3cd81a31e3cd26889ca66d677f1\",\"name\":\"cfeditorfr\"}]}<\/script>\n<!-- \/ Yoast SEO Premium plugin. -->","yoast_head_json":{"title":"Festival de la Banane-Plantain : la 3E \u00c9dition Annonc\u00e9e \u00e0 Douala, Kribi, Yaound\u00e9 et Bertoua pour Promouvoir le Tourisme - Cameroun","description":"Investir au Cameroun) - Apre\u0300s Buea (Sud-Ouest) en 2023, le Festival international de la banane-plantain se tiendra du 4 ...","robots":{"index":"index","follow":"follow","max-snippet":"max-snippet:-1","max-image-preview":"max-image-preview:large","max-video-preview":"max-video-preview:-1"},"canonical":"https:\/\/www.africa-press.net\/cameroun\/economie\/festival-de-la-banane-plantain-la-3e-edition-annoncee-a-douala-kribi-yaounde-et-bertoua-pour-promouvoir-le-tourisme","og_locale":"fr_FR","og_type":"article","og_title":"Festival de la Banane-Plantain : la 3E \u00c9dition Annonc\u00e9e \u00e0 Douala, Kribi, Yaound\u00e9 et Bertoua pour Promouvoir le Tourisme","og_description":"Investir au Cameroun) - Apre\u0300s Buea (Sud-Ouest) en 2023, le Festival international de la banane-plantain se tiendra du 4 ...","og_url":"https:\/\/www.africa-press.net\/cameroun\/economie\/festival-de-la-banane-plantain-la-3e-edition-annoncee-a-douala-kribi-yaounde-et-bertoua-pour-promouvoir-le-tourisme","og_site_name":"Cameroun","article_published_time":"2024-01-26T12:09:43+00:00","article_modified_time":"2024-01-26T12:55:10+00:00","og_image":[{"width":720,"height":479,"url":"https:\/\/static.africa-press.net\/cameroun\/sites\/57\/2024\/01\/sm_1706260416.096686.jpg","type":"image\/jpeg"}],"author":"cfeditorfr","twitter_card":"summary_large_image","twitter_misc":{"\u00c9crit par":"cfeditorfr","Dur\u00e9e de lecture estim\u00e9e":"2 minutes"},"schema":{"@context":"https:\/\/schema.org","@graph":[{"@type":"Article","@id":"https:\/\/www.africa-press.net\/cameroun\/economie\/festival-de-la-banane-plantain-la-3e-edition-annoncee-a-douala-kribi-yaounde-et-bertoua-pour-promouvoir-le-tourisme#article","isPartOf":{"@id":"https:\/\/www.africa-press.net\/cameroun\/economie\/festival-de-la-banane-plantain-la-3e-edition-annoncee-a-douala-kribi-yaounde-et-bertoua-pour-promouvoir-le-tourisme"},"author":{"name":"cfeditorfr","@id":"https:\/\/www.africa-press.net\/cameroun\/#\/schema\/person\/2b1cf3cd81a31e3cd26889ca66d677f1"},"headline":"Festival de la Banane-Plantain : la 3E \u00c9dition Annonc\u00e9e \u00e0 Douala, Kribi, Yaound\u00e9 et Bertoua pour Promouvoir le Tourisme","datePublished":"2024-01-26T12:09:43+00:00","dateModified":"2024-01-26T12:55:10+00:00","mainEntityOfPage":{"@id":"https:\/\/www.africa-press.net\/cameroun\/economie\/festival-de-la-banane-plantain-la-3e-edition-annoncee-a-douala-kribi-yaounde-et-bertoua-pour-promouvoir-le-tourisme"},"wordCount":456,"commentCount":0,"image":{"@id":"https:\/\/www.africa-press.net\/cameroun\/economie\/festival-de-la-banane-plantain-la-3e-edition-annoncee-a-douala-kribi-yaounde-et-bertoua-pour-promouvoir-le-tourisme#primaryimage"},"thumbnailUrl":"https:\/\/static.africa-press.net\/cameroun\/sites\/57\/2024\/01\/sm_1706260416.096686.jpg","keywords":["Africa Press","Africa Press-Cameroun","Cameroun"],"articleSection":["\u00c9conomie","Toutes les actualit\u00e9s"],"inLanguage":"fr-FR","potentialAction":[{"@type":"CommentAction","name":"Comment","target":["https:\/\/www.africa-press.net\/cameroun\/economie\/festival-de-la-banane-plantain-la-3e-edition-annoncee-a-douala-kribi-yaounde-et-bertoua-pour-promouvoir-le-tourisme#respond"]}]},{"@type":"WebPage","@id":"https:\/\/www.africa-press.net\/cameroun\/economie\/festival-de-la-banane-plantain-la-3e-edition-annoncee-a-douala-kribi-yaounde-et-bertoua-pour-promouvoir-le-tourisme","url":"https:\/\/www.africa-press.net\/cameroun\/economie\/festival-de-la-banane-plantain-la-3e-edition-annoncee-a-douala-kribi-yaounde-et-bertoua-pour-promouvoir-le-tourisme","name":"Festival de la Banane-Plantain : la 3E \u00c9dition Annonc\u00e9e \u00e0 Douala, Kribi, Yaound\u00e9 et Bertoua pour Promouvoir le Tourisme - Cameroun","isPartOf":{"@id":"https:\/\/www.africa-press.net\/cameroun\/#website"},"primaryImageOfPage":{"@id":"https:\/\/www.africa-press.net\/cameroun\/economie\/festival-de-la-banane-plantain-la-3e-edition-annoncee-a-douala-kribi-yaounde-et-bertoua-pour-promouvoir-le-tourisme#primaryimage"},"image":{"@id":"https:\/\/www.africa-press.net\/cameroun\/economie\/festival-de-la-banane-plantain-la-3e-edition-annoncee-a-douala-kribi-yaounde-et-bertoua-pour-promouvoir-le-tourisme#primaryimage"},"thumbnailUrl":"https:\/\/static.africa-press.net\/cameroun\/sites\/57\/2024\/01\/sm_1706260416.096686.jpg","datePublished":"2024-01-26T12:09:43+00:00","dateModified":"2024-01-26T12:55:10+00:00","author":{"@id":"https:\/\/www.africa-press.net\/cameroun\/#\/schema\/person\/2b1cf3cd81a31e3cd26889ca66d677f1"},"description":"Investir au Cameroun) - Apre\u0300s Buea (Sud-Ouest) en 2023, le Festival international de la banane-plantain se tiendra du 4 ...","breadcrumb":{"@id":"https:\/\/www.africa-press.net\/cameroun\/economie\/festival-de-la-banane-plantain-la-3e-edition-annoncee-a-douala-kribi-yaounde-et-bertoua-pour-promouvoir-le-tourisme#breadcrumb"},"inLanguage":"fr-FR","potentialAction":[{"@type":"ReadAction","target":["https:\/\/www.africa-press.net\/cameroun\/economie\/festival-de-la-banane-plantain-la-3e-edition-annoncee-a-douala-kribi-yaounde-et-bertoua-pour-promouvoir-le-tourisme"]}]},{"@type":"ImageObject","inLanguage":"fr-FR","@id":"https:\/\/www.africa-press.net\/cameroun\/economie\/festival-de-la-banane-plantain-la-3e-edition-annoncee-a-douala-kribi-yaounde-et-bertoua-pour-promouvoir-le-tourisme#primaryimage","url":"https:\/\/static.africa-press.net\/cameroun\/sites\/57\/2024\/01\/sm_1706260416.096686.jpg","contentUrl":"https:\/\/static.africa-press.net\/cameroun\/sites\/57\/2024\/01\/sm_1706260416.096686.jpg","width":720,"height":479,"caption":"Festival de la Banane-Plantain : la 3E \u00c9dition Annonc\u00e9e \u00e0 Douala, Kribi, Yaound\u00e9 et Bertoua pour Promouvoir le Tourisme"},{"@type":"BreadcrumbList","@id":"https:\/\/www.africa-press.net\/cameroun\/economie\/festival-de-la-banane-plantain-la-3e-edition-annoncee-a-douala-kribi-yaounde-et-bertoua-pour-promouvoir-le-tourisme#breadcrumb","itemListElement":[{"@type":"ListItem","position":1,"name":"Accueil","item":"https:\/\/www.africa-press.net\/cameroun\/"},{"@type":"ListItem","position":2,"name":"Festival de la Banane-Plantain : la 3E \u00c9dition Annonc\u00e9e \u00e0 Douala, Kribi, Yaound\u00e9 et Bertoua pour Promouvoir le Tourisme"}]},{"@type":"WebSite","@id":"https:\/\/www.africa-press.net\/cameroun\/#website","url":"https:\/\/www.africa-press.net\/cameroun\/","name":"Cameroun","description":"Just another Africa News Agency Sites site","potentialAction":[{"@type":"SearchAction","target":{"@type":"EntryPoint","urlTemplate":"https:\/\/www.africa-press.net\/cameroun\/?s={search_term_string}"},"query-input":{"@type":"PropertyValueSpecification","valueRequired":true,"valueName":"search_term_string"}}],"inLanguage":"fr-FR"},{"@type":"Person","@id":"https:\/\/www.africa-press.net\/cameroun\/#\/schema\/person\/2b1cf3cd81a31e3cd26889ca66d677f1","name":"cfeditorfr"}]}},"_links":{"self":[{"href":"https:\/\/www.africa-press.net\/cameroun\/wp-json\/wp\/v2\/posts\/60813","targetHints":{"allow":["GET"]}}],"collection":[{"href":"https:\/\/www.africa-press.net\/cameroun\/wp-json\/wp\/v2\/posts"}],"about":[{"href":"https:\/\/www.africa-press.net\/cameroun\/wp-json\/wp\/v2\/types\/post"}],"author":[{"embeddable":true,"href":"https:\/\/www.africa-press.net\/cameroun\/wp-json\/wp\/v2\/users\/82"}],"replies":[{"embeddable":true,"href":"https:\/\/www.africa-press.net\/cameroun\/wp-json\/wp\/v2\/comments?post=60813"}],"version-history":[{"count":0,"href":"https:\/\/www.africa-press.net\/cameroun\/wp-json\/wp\/v2\/posts\/60813\/revisions"}],"wp:featuredmedia":[{"embeddable":true,"href":"https:\/\/www.africa-press.net\/cameroun\/wp-json\/wp\/v2\/media\/60812"}],"wp:attachment":[{"href":"https:\/\/www.africa-press.net\/cameroun\/wp-json\/wp\/v2\/media?parent=60813"}],"wp:term":[{"taxonomy":"category","embeddable":true,"href":"https:\/\/www.africa-press.net\/cameroun\/wp-json\/wp\/v2\/categories?post=60813"},{"taxonomy":"post_tag","embeddable":true,"href":"https:\/\/www.africa-press.net\/cameroun\/wp-json\/wp\/v2\/tags?post=60813"}],"curies":[{"name":"wp","href":"https:\/\/api.w.org\/{rel}","templated":true}]}}