{"id":60829,"date":"2024-01-26T12:13:00","date_gmt":"2024-01-26T12:13:00","guid":{"rendered":"https:\/\/www.africa-press.net\/cameroun\/politique\/76-000-eleves-du-cm2-nont-pas-dactes-de-naissance-au-cameroun"},"modified":"2024-01-26T12:59:07","modified_gmt":"2024-01-26T12:59:07","slug":"76-000-eleves-du-cm2-nont-pas-dactes-de-naissance-au-cameroun","status":"publish","type":"post","link":"https:\/\/www.africa-press.net\/cameroun\/toutes-les-actualites\/76-000-eleves-du-cm2-nont-pas-dactes-de-naissance-au-cameroun","title":{"rendered":"76 000 \u00c9l\u00e8ves du CM2 N\u2019Ont pas D\u2019Actes de Naissance au Cameroun"},"content":{"rendered":"<p><span style=\"color: #ff6600\"><strong>Africa-Press &#8211; Cameroun. <\/strong><\/span><b>Le gouvernement avec l\u2019appui de la Banque mondiale s\u2019engage a\u0300 faire e\u0301tablir la pie\u0300ce a\u0300 ces jeunes scolarise\u0301s.<\/b><\/p>\n<p>Environ 76 000 e\u0301le\u0300ves du Cours moyen 2 et de Class 6 sont de\u0301pourvus d\u2019actes de naissance. Ils risquent de ne pas participer aux examens officiels de fin d\u2019anne\u0301e, au CEP, First School Leaving Certificate, au concours d\u2019entre\u0301e en sixie\u0300me ou au Common Entrance Exam. Pour leur e\u0301viter cela, le ministre de l\u2019Education de base, Laurent Serge Etoundi Ngoa, instruit ses collaborateurs re\u0301gionaux de prendre des mesures. Celles-ci doivent faciliter l\u2019e\u0301tablissement et la de\u0301livrance des actes de naissance a\u0300 ces adolescents.<\/p>\n<p>Dans une correspondance, le membre du gouvernement, pre\u0301sident du Comite\u0301 de pilotage du Programme d\u2019appui a\u0300 la re\u0301forme de l\u2019e\u0301ducation au Cameroun les envoie en mission. Ils vont sensibiliser les parents, saisir les autorite\u0301s administratives, municipales, judiciaires et les formations sanitaires dans les 10 re\u0301gions. Leur action devra permettre avant la tenue des examens de fin d\u2019anne\u0301e 2024 a\u0300 doter chaque e\u0301le\u0300ve concerne\u0301 de son acte de naissance.<\/p>\n<p>Cette pie\u0300ce est indispensable pour l\u2019inscription d\u2019un e\u0301le\u0300ve aux examens officiels. Elle l\u2019est aussi pour son inscription dans un nouveau cycle d\u2019e\u0301ducation ou de formation. Avec la de\u0301livrance de leurs actes, les 76 000 e\u0301le\u0300ves de\u0301nombre\u0301s auront ainsi la chance de poursuivre leurs e\u0301tudes. Car, selon le ministre, le de\u0301faut de l\u2019acte de naissance concourt aux abandons scolaires.<\/p>\n<p><strong>Pour plus d&rsquo;informations et d&rsquo;analyses sur la <a href=\"https:\/\/www.africa-press.net\/cameroun\">Cameroun<\/a>, suivez <a href=\"https:\/\/www.africa-press.net\/\">Africa-Press<\/a><\/strong><\/p>\n","protected":false},"excerpt":{"rendered":"<p>Africa-Press &#8211; Cameroun. Le gouvernement avec l\u2019appui de la Banque mondiale s\u2019engage a\u0300 faire e\u0301tablir la pie\u0300ce a\u0300 ces jeunes scolarise\u0301s. Environ 76 000 e\u0301le\u0300ves du Cours moyen 2 et de Class 6 sont de\u0301pourvus d\u2019actes de naissance. Ils risquent de ne pas participer aux examens officiels de fin d\u2019anne\u0301e, au CEP, First School Leaving [&hellip;]<\/p>\n","protected":false},"author":82,"featured_media":60828,"comment_status":"open","ping_status":"closed","sticky":false,"template":"","format":"standard","meta":{"footnotes":""},"categories":[21,10],"tags":[36,50,49],"class_list":["post-60829","post","type-post","status-publish","format-standard","has-post-thumbnail","hentry","category-communaute","category-toutes-les-actualites","tag-africa-press","tag-africa-press-cameroun","tag-cameroun"],"yoast_head":"<!-- This site is optimized with the Yoast SEO Premium plugin v26.1 (Yoast SEO v27.0) - https:\/\/yoast.com\/product\/yoast-seo-premium-wordpress\/ -->\n<title>76 000 \u00c9l\u00e8ves du CM2 N\u2019Ont pas D\u2019Actes de Naissance au Cameroun - Cameroun<\/title>\n<meta name=\"description\" content=\"Le gouvernement avec l\u2019appui de la Banque mondiale s\u2019engage a\u0300 faire e\u0301tablir la pie\u0300ce a\u0300 ces jeunes scolarise\u0301s.&lt;\/b ...\" \/>\n<meta name=\"robots\" content=\"index, follow, max-snippet:-1, max-image-preview:large, max-video-preview:-1\" \/>\n<link rel=\"canonical\" href=\"https:\/\/www.africa-press.net\/cameroun\/toutes-les-actualites\/76-000-eleves-du-cm2-nont-pas-dactes-de-naissance-au-cameroun\" \/>\n<meta property=\"og:locale\" content=\"fr_FR\" \/>\n<meta property=\"og:type\" content=\"article\" \/>\n<meta property=\"og:title\" content=\"76 000 \u00c9l\u00e8ves du CM2 N\u2019Ont pas D\u2019Actes de Naissance au Cameroun\" \/>\n<meta property=\"og:description\" content=\"Le gouvernement avec l\u2019appui de la Banque mondiale s\u2019engage a\u0300 faire e\u0301tablir la pie\u0300ce a\u0300 ces jeunes scolarise\u0301s.&lt;\/b ...\" \/>\n<meta property=\"og:url\" content=\"https:\/\/www.africa-press.net\/cameroun\/toutes-les-actualites\/76-000-eleves-du-cm2-nont-pas-dactes-de-naissance-au-cameroun\" \/>\n<meta property=\"og:site_name\" content=\"Cameroun\" \/>\n<meta property=\"article:published_time\" content=\"2024-01-26T12:13:00+00:00\" \/>\n<meta property=\"article:modified_time\" content=\"2024-01-26T12:59:07+00:00\" \/>\n<meta property=\"og:image\" content=\"https:\/\/static.africa-press.net\/cameroun\/sites\/57\/2024\/01\/sm_1706260666.759903.jpg\" \/>\n\t<meta property=\"og:image:width\" content=\"780\" \/>\n\t<meta property=\"og:image:height\" content=\"440\" \/>\n\t<meta property=\"og:image:type\" content=\"image\/jpeg\" \/>\n<meta name=\"author\" content=\"cfeditorfr\" \/>\n<meta name=\"twitter:card\" content=\"summary_large_image\" \/>\n<meta name=\"twitter:label1\" content=\"\u00c9crit par\" \/>\n\t<meta name=\"twitter:data1\" content=\"cfeditorfr\" \/>\n\t<meta name=\"twitter:label2\" content=\"Dur\u00e9e de lecture estim\u00e9e\" \/>\n\t<meta name=\"twitter:data2\" content=\"1 minute\" \/>\n<script type=\"application\/ld+json\" class=\"yoast-schema-graph\">{\"@context\":\"https:\/\/schema.org\",\"@graph\":[{\"@type\":\"Article\",\"@id\":\"https:\/\/www.africa-press.net\/cameroun\/toutes-les-actualites\/76-000-eleves-du-cm2-nont-pas-dactes-de-naissance-au-cameroun#article\",\"isPartOf\":{\"@id\":\"https:\/\/www.africa-press.net\/cameroun\/toutes-les-actualites\/76-000-eleves-du-cm2-nont-pas-dactes-de-naissance-au-cameroun\"},\"author\":{\"name\":\"cfeditorfr\",\"@id\":\"https:\/\/www.africa-press.net\/cameroun\/#\/schema\/person\/2b1cf3cd81a31e3cd26889ca66d677f1\"},\"headline\":\"76 000 \u00c9l\u00e8ves du CM2 N\u2019Ont pas D\u2019Actes de Naissance au Cameroun\",\"datePublished\":\"2024-01-26T12:13:00+00:00\",\"dateModified\":\"2024-01-26T12:59:07+00:00\",\"mainEntityOfPage\":{\"@id\":\"https:\/\/www.africa-press.net\/cameroun\/toutes-les-actualites\/76-000-eleves-du-cm2-nont-pas-dactes-de-naissance-au-cameroun\"},\"wordCount\":292,\"commentCount\":0,\"image\":{\"@id\":\"https:\/\/www.africa-press.net\/cameroun\/toutes-les-actualites\/76-000-eleves-du-cm2-nont-pas-dactes-de-naissance-au-cameroun#primaryimage\"},\"thumbnailUrl\":\"https:\/\/static.africa-press.net\/cameroun\/sites\/57\/2024\/01\/sm_1706260666.759903.jpg\",\"keywords\":[\"Africa Press\",\"Africa Press-Cameroun\",\"Cameroun\"],\"articleSection\":[\"Communaut\u00e9\",\"Toutes les actualit\u00e9s\"],\"inLanguage\":\"fr-FR\",\"potentialAction\":[{\"@type\":\"CommentAction\",\"name\":\"Comment\",\"target\":[\"https:\/\/www.africa-press.net\/cameroun\/toutes-les-actualites\/76-000-eleves-du-cm2-nont-pas-dactes-de-naissance-au-cameroun#respond\"]}]},{\"@type\":\"WebPage\",\"@id\":\"https:\/\/www.africa-press.net\/cameroun\/toutes-les-actualites\/76-000-eleves-du-cm2-nont-pas-dactes-de-naissance-au-cameroun\",\"url\":\"https:\/\/www.africa-press.net\/cameroun\/toutes-les-actualites\/76-000-eleves-du-cm2-nont-pas-dactes-de-naissance-au-cameroun\",\"name\":\"76 000 \u00c9l\u00e8ves du CM2 N\u2019Ont pas D\u2019Actes de Naissance au Cameroun - Cameroun\",\"isPartOf\":{\"@id\":\"https:\/\/www.africa-press.net\/cameroun\/#website\"},\"primaryImageOfPage\":{\"@id\":\"https:\/\/www.africa-press.net\/cameroun\/toutes-les-actualites\/76-000-eleves-du-cm2-nont-pas-dactes-de-naissance-au-cameroun#primaryimage\"},\"image\":{\"@id\":\"https:\/\/www.africa-press.net\/cameroun\/toutes-les-actualites\/76-000-eleves-du-cm2-nont-pas-dactes-de-naissance-au-cameroun#primaryimage\"},\"thumbnailUrl\":\"https:\/\/static.africa-press.net\/cameroun\/sites\/57\/2024\/01\/sm_1706260666.759903.jpg\",\"datePublished\":\"2024-01-26T12:13:00+00:00\",\"dateModified\":\"2024-01-26T12:59:07+00:00\",\"author\":{\"@id\":\"https:\/\/www.africa-press.net\/cameroun\/#\/schema\/person\/2b1cf3cd81a31e3cd26889ca66d677f1\"},\"description\":\"Le gouvernement avec l\u2019appui de la Banque mondiale s\u2019engage a\u0300 faire e\u0301tablir la pie\u0300ce a\u0300 ces jeunes scolarise\u0301s.&lt;\/b ...\",\"breadcrumb\":{\"@id\":\"https:\/\/www.africa-press.net\/cameroun\/toutes-les-actualites\/76-000-eleves-du-cm2-nont-pas-dactes-de-naissance-au-cameroun#breadcrumb\"},\"inLanguage\":\"fr-FR\",\"potentialAction\":[{\"@type\":\"ReadAction\",\"target\":[\"https:\/\/www.africa-press.net\/cameroun\/toutes-les-actualites\/76-000-eleves-du-cm2-nont-pas-dactes-de-naissance-au-cameroun\"]}]},{\"@type\":\"ImageObject\",\"inLanguage\":\"fr-FR\",\"@id\":\"https:\/\/www.africa-press.net\/cameroun\/toutes-les-actualites\/76-000-eleves-du-cm2-nont-pas-dactes-de-naissance-au-cameroun#primaryimage\",\"url\":\"https:\/\/static.africa-press.net\/cameroun\/sites\/57\/2024\/01\/sm_1706260666.759903.jpg\",\"contentUrl\":\"https:\/\/static.africa-press.net\/cameroun\/sites\/57\/2024\/01\/sm_1706260666.759903.jpg\",\"width\":780,\"height\":440,\"caption\":\"76 000 \u00c9l\u00e8ves du CM2 N\u2019Ont pas D\u2019Actes de Naissance au Cameroun\"},{\"@type\":\"BreadcrumbList\",\"@id\":\"https:\/\/www.africa-press.net\/cameroun\/toutes-les-actualites\/76-000-eleves-du-cm2-nont-pas-dactes-de-naissance-au-cameroun#breadcrumb\",\"itemListElement\":[{\"@type\":\"ListItem\",\"position\":1,\"name\":\"Accueil\",\"item\":\"https:\/\/www.africa-press.net\/cameroun\/\"},{\"@type\":\"ListItem\",\"position\":2,\"name\":\"76 000 \u00c9l\u00e8ves du CM2 N\u2019Ont pas D\u2019Actes de Naissance au Cameroun\"}]},{\"@type\":\"WebSite\",\"@id\":\"https:\/\/www.africa-press.net\/cameroun\/#website\",\"url\":\"https:\/\/www.africa-press.net\/cameroun\/\",\"name\":\"Cameroun\",\"description\":\"Just another Africa News Agency Sites site\",\"potentialAction\":[{\"@type\":\"SearchAction\",\"target\":{\"@type\":\"EntryPoint\",\"urlTemplate\":\"https:\/\/www.africa-press.net\/cameroun\/?s={search_term_string}\"},\"query-input\":{\"@type\":\"PropertyValueSpecification\",\"valueRequired\":true,\"valueName\":\"search_term_string\"}}],\"inLanguage\":\"fr-FR\"},{\"@type\":\"Person\",\"@id\":\"https:\/\/www.africa-press.net\/cameroun\/#\/schema\/person\/2b1cf3cd81a31e3cd26889ca66d677f1\",\"name\":\"cfeditorfr\"}]}<\/script>\n<!-- \/ Yoast SEO Premium plugin. -->","yoast_head_json":{"title":"76 000 \u00c9l\u00e8ves du CM2 N\u2019Ont pas D\u2019Actes de Naissance au Cameroun - Cameroun","description":"Le gouvernement avec l\u2019appui de la Banque mondiale s\u2019engage a\u0300 faire e\u0301tablir la pie\u0300ce a\u0300 ces jeunes scolarise\u0301s.&lt;\/b ...","robots":{"index":"index","follow":"follow","max-snippet":"max-snippet:-1","max-image-preview":"max-image-preview:large","max-video-preview":"max-video-preview:-1"},"canonical":"https:\/\/www.africa-press.net\/cameroun\/toutes-les-actualites\/76-000-eleves-du-cm2-nont-pas-dactes-de-naissance-au-cameroun","og_locale":"fr_FR","og_type":"article","og_title":"76 000 \u00c9l\u00e8ves du CM2 N\u2019Ont pas D\u2019Actes de Naissance au Cameroun","og_description":"Le gouvernement avec l\u2019appui de la Banque mondiale s\u2019engage a\u0300 faire e\u0301tablir la pie\u0300ce a\u0300 ces jeunes scolarise\u0301s.&lt;\/b ...","og_url":"https:\/\/www.africa-press.net\/cameroun\/toutes-les-actualites\/76-000-eleves-du-cm2-nont-pas-dactes-de-naissance-au-cameroun","og_site_name":"Cameroun","article_published_time":"2024-01-26T12:13:00+00:00","article_modified_time":"2024-01-26T12:59:07+00:00","og_image":[{"width":780,"height":440,"url":"https:\/\/static.africa-press.net\/cameroun\/sites\/57\/2024\/01\/sm_1706260666.759903.jpg","type":"image\/jpeg"}],"author":"cfeditorfr","twitter_card":"summary_large_image","twitter_misc":{"\u00c9crit par":"cfeditorfr","Dur\u00e9e de lecture estim\u00e9e":"1 minute"},"schema":{"@context":"https:\/\/schema.org","@graph":[{"@type":"Article","@id":"https:\/\/www.africa-press.net\/cameroun\/toutes-les-actualites\/76-000-eleves-du-cm2-nont-pas-dactes-de-naissance-au-cameroun#article","isPartOf":{"@id":"https:\/\/www.africa-press.net\/cameroun\/toutes-les-actualites\/76-000-eleves-du-cm2-nont-pas-dactes-de-naissance-au-cameroun"},"author":{"name":"cfeditorfr","@id":"https:\/\/www.africa-press.net\/cameroun\/#\/schema\/person\/2b1cf3cd81a31e3cd26889ca66d677f1"},"headline":"76 000 \u00c9l\u00e8ves du CM2 N\u2019Ont pas D\u2019Actes de Naissance au Cameroun","datePublished":"2024-01-26T12:13:00+00:00","dateModified":"2024-01-26T12:59:07+00:00","mainEntityOfPage":{"@id":"https:\/\/www.africa-press.net\/cameroun\/toutes-les-actualites\/76-000-eleves-du-cm2-nont-pas-dactes-de-naissance-au-cameroun"},"wordCount":292,"commentCount":0,"image":{"@id":"https:\/\/www.africa-press.net\/cameroun\/toutes-les-actualites\/76-000-eleves-du-cm2-nont-pas-dactes-de-naissance-au-cameroun#primaryimage"},"thumbnailUrl":"https:\/\/static.africa-press.net\/cameroun\/sites\/57\/2024\/01\/sm_1706260666.759903.jpg","keywords":["Africa Press","Africa Press-Cameroun","Cameroun"],"articleSection":["Communaut\u00e9","Toutes les actualit\u00e9s"],"inLanguage":"fr-FR","potentialAction":[{"@type":"CommentAction","name":"Comment","target":["https:\/\/www.africa-press.net\/cameroun\/toutes-les-actualites\/76-000-eleves-du-cm2-nont-pas-dactes-de-naissance-au-cameroun#respond"]}]},{"@type":"WebPage","@id":"https:\/\/www.africa-press.net\/cameroun\/toutes-les-actualites\/76-000-eleves-du-cm2-nont-pas-dactes-de-naissance-au-cameroun","url":"https:\/\/www.africa-press.net\/cameroun\/toutes-les-actualites\/76-000-eleves-du-cm2-nont-pas-dactes-de-naissance-au-cameroun","name":"76 000 \u00c9l\u00e8ves du CM2 N\u2019Ont pas D\u2019Actes de Naissance au Cameroun - Cameroun","isPartOf":{"@id":"https:\/\/www.africa-press.net\/cameroun\/#website"},"primaryImageOfPage":{"@id":"https:\/\/www.africa-press.net\/cameroun\/toutes-les-actualites\/76-000-eleves-du-cm2-nont-pas-dactes-de-naissance-au-cameroun#primaryimage"},"image":{"@id":"https:\/\/www.africa-press.net\/cameroun\/toutes-les-actualites\/76-000-eleves-du-cm2-nont-pas-dactes-de-naissance-au-cameroun#primaryimage"},"thumbnailUrl":"https:\/\/static.africa-press.net\/cameroun\/sites\/57\/2024\/01\/sm_1706260666.759903.jpg","datePublished":"2024-01-26T12:13:00+00:00","dateModified":"2024-01-26T12:59:07+00:00","author":{"@id":"https:\/\/www.africa-press.net\/cameroun\/#\/schema\/person\/2b1cf3cd81a31e3cd26889ca66d677f1"},"description":"Le gouvernement avec l\u2019appui de la Banque mondiale s\u2019engage a\u0300 faire e\u0301tablir la pie\u0300ce a\u0300 ces jeunes scolarise\u0301s.&lt;\/b ...","breadcrumb":{"@id":"https:\/\/www.africa-press.net\/cameroun\/toutes-les-actualites\/76-000-eleves-du-cm2-nont-pas-dactes-de-naissance-au-cameroun#breadcrumb"},"inLanguage":"fr-FR","potentialAction":[{"@type":"ReadAction","target":["https:\/\/www.africa-press.net\/cameroun\/toutes-les-actualites\/76-000-eleves-du-cm2-nont-pas-dactes-de-naissance-au-cameroun"]}]},{"@type":"ImageObject","inLanguage":"fr-FR","@id":"https:\/\/www.africa-press.net\/cameroun\/toutes-les-actualites\/76-000-eleves-du-cm2-nont-pas-dactes-de-naissance-au-cameroun#primaryimage","url":"https:\/\/static.africa-press.net\/cameroun\/sites\/57\/2024\/01\/sm_1706260666.759903.jpg","contentUrl":"https:\/\/static.africa-press.net\/cameroun\/sites\/57\/2024\/01\/sm_1706260666.759903.jpg","width":780,"height":440,"caption":"76 000 \u00c9l\u00e8ves du CM2 N\u2019Ont pas D\u2019Actes de Naissance au Cameroun"},{"@type":"BreadcrumbList","@id":"https:\/\/www.africa-press.net\/cameroun\/toutes-les-actualites\/76-000-eleves-du-cm2-nont-pas-dactes-de-naissance-au-cameroun#breadcrumb","itemListElement":[{"@type":"ListItem","position":1,"name":"Accueil","item":"https:\/\/www.africa-press.net\/cameroun\/"},{"@type":"ListItem","position":2,"name":"76 000 \u00c9l\u00e8ves du CM2 N\u2019Ont pas D\u2019Actes de Naissance au Cameroun"}]},{"@type":"WebSite","@id":"https:\/\/www.africa-press.net\/cameroun\/#website","url":"https:\/\/www.africa-press.net\/cameroun\/","name":"Cameroun","description":"Just another Africa News Agency Sites site","potentialAction":[{"@type":"SearchAction","target":{"@type":"EntryPoint","urlTemplate":"https:\/\/www.africa-press.net\/cameroun\/?s={search_term_string}"},"query-input":{"@type":"PropertyValueSpecification","valueRequired":true,"valueName":"search_term_string"}}],"inLanguage":"fr-FR"},{"@type":"Person","@id":"https:\/\/www.africa-press.net\/cameroun\/#\/schema\/person\/2b1cf3cd81a31e3cd26889ca66d677f1","name":"cfeditorfr"}]}},"_links":{"self":[{"href":"https:\/\/www.africa-press.net\/cameroun\/wp-json\/wp\/v2\/posts\/60829","targetHints":{"allow":["GET"]}}],"collection":[{"href":"https:\/\/www.africa-press.net\/cameroun\/wp-json\/wp\/v2\/posts"}],"about":[{"href":"https:\/\/www.africa-press.net\/cameroun\/wp-json\/wp\/v2\/types\/post"}],"author":[{"embeddable":true,"href":"https:\/\/www.africa-press.net\/cameroun\/wp-json\/wp\/v2\/users\/82"}],"replies":[{"embeddable":true,"href":"https:\/\/www.africa-press.net\/cameroun\/wp-json\/wp\/v2\/comments?post=60829"}],"version-history":[{"count":0,"href":"https:\/\/www.africa-press.net\/cameroun\/wp-json\/wp\/v2\/posts\/60829\/revisions"}],"wp:featuredmedia":[{"embeddable":true,"href":"https:\/\/www.africa-press.net\/cameroun\/wp-json\/wp\/v2\/media\/60828"}],"wp:attachment":[{"href":"https:\/\/www.africa-press.net\/cameroun\/wp-json\/wp\/v2\/media?parent=60829"}],"wp:term":[{"taxonomy":"category","embeddable":true,"href":"https:\/\/www.africa-press.net\/cameroun\/wp-json\/wp\/v2\/categories?post=60829"},{"taxonomy":"post_tag","embeddable":true,"href":"https:\/\/www.africa-press.net\/cameroun\/wp-json\/wp\/v2\/tags?post=60829"}],"curies":[{"name":"wp","href":"https:\/\/api.w.org\/{rel}","templated":true}]}}