{"id":60831,"date":"2024-01-26T12:13:09","date_gmt":"2024-01-26T12:13:09","guid":{"rendered":"https:\/\/www.africa-press.net\/cameroun\/politique\/affaire-de-moeurs-maurice-kamto-appelle-le-gouvernement-camerounais-a-agir"},"modified":"2024-01-26T12:59:39","modified_gmt":"2024-01-26T12:59:39","slug":"affaire-de-moeurs-maurice-kamto-appelle-le-gouvernement-camerounais-a-agir","status":"publish","type":"post","link":"https:\/\/www.africa-press.net\/cameroun\/politique\/affaire-de-moeurs-maurice-kamto-appelle-le-gouvernement-camerounais-a-agir","title":{"rendered":"Affaire de M\u0153urs : Maurice Kamto Appelle le Gouvernement Camerounais \u00e0 Agir"},"content":{"rendered":"<p><span style=\"color: #ff6600\"><strong>Africa-Press &#8211; Cameroun. <\/strong><\/span><b>Le pre\u0301sident du Mouvement pour la renaissance du Cameroun exhorte les ministres et les autorite\u0301s se\u0301curitaires a\u0300 sortir de leur mutisme.<\/b><\/p>\n<p>Une affaire de pre\u0301dateurs sexuels secoue la toile depuis pre\u0300s d\u2019une semaine. Pre\u0300s d\u2019une centaine de jeunes filles et de garc\u0327ons se plaignent sous anonymat d\u2019avoir e\u0301te\u0301 victimes de viol par un re\u0301seau de proxe\u0301ne\u0301tisme. Les te\u0301moignages continuent de pleuvoir sur les re\u0301seaux sociaux et un pre\u0301sume\u0301 suspect a e\u0301te\u0301 cite\u0301, le nomme\u0301 <b>Herve\u0301 Bopda<\/b>, lequel rejette les alle\u0301gations en portant plainte contre les influenceurs et lanceurs d\u2019alerte pour diffamation. Malgre\u0301 les te\u0301moignages et la re\u0301action du pre\u0301sume\u0301 suspect, les autorite\u0301s n\u2019agissent pas. Ce que le Mouvement pour la renaissance du Cameroun de\u0301nonce.<\/p>\n<p>\u00ab Le MRC s\u2019indigne du silence des autorite\u0301s policie\u0300res et judiciaires du pays \u00bb. Le parti d\u2019opposition se demande \u00ab si madame la ministre de la Promotion de la Femme et de la Famille, madame la ministre des Affaires sociales, monsieur le ministre de la Jeunesse et de l\u2019Education civique, monsieur le ministre d\u2019Etat, ministre de la Justice Garde des Sceaux, monsieur le De\u0301le\u0301gue\u0301 Ge\u0301ne\u0301ral a\u0300 la Su\u0302rete\u0301 Nationale, monsieur le Secre\u0301taire d\u2019Etat a\u0300 la Gendarmerie nationale sont au courant de ces alle\u0301gations d\u2019atteintes graves aux bonnes m\u0153urs et a\u0300 la dignite\u0301 humaine, qui constituent des crimes punis par le Code pe\u0301nal camerounais \u00bb.<\/p>\n<p>Dans une de\u0301claration en date du 25 janvier, Maurice Kamto exhorte le gouvernement a\u0300 se saisir de l\u2019affaire avant que la justice populaire ne s\u2019en charge. L\u2019action des autorite\u0301s policie\u0300res et judiciaires permettra de \u00ab faire toute la lumie\u0300re dans cette affaire, afin de rassurer les populations et, si les faits sont ave\u0301re\u0301s, de punir se\u0301ve\u0300rement les auteurs de tels actes, conforme\u0301ment a\u0300 la loi \u00bb, pre\u0301cise l\u2019opposant au re\u0301gime.<\/p>\n<p><strong>Pour plus d&rsquo;informations et d&rsquo;analyses sur la <a href=\"https:\/\/www.africa-press.net\/cameroun\">Cameroun<\/a>, suivez <a href=\"https:\/\/www.africa-press.net\/\">Africa-Press<\/a><\/strong><\/p>\n","protected":false},"excerpt":{"rendered":"<p>Africa-Press &#8211; Cameroun. Le pre\u0301sident du Mouvement pour la renaissance du Cameroun exhorte les ministres et les autorite\u0301s se\u0301curitaires a\u0300 sortir de leur mutisme. Une affaire de pre\u0301dateurs sexuels secoue la toile depuis pre\u0300s d\u2019une semaine. Pre\u0300s d\u2019une centaine de jeunes filles et de garc\u0327ons se plaignent sous anonymat d\u2019avoir e\u0301te\u0301 victimes de viol par [&hellip;]<\/p>\n","protected":false},"author":82,"featured_media":60830,"comment_status":"open","ping_status":"closed","sticky":false,"template":"","format":"standard","meta":{"footnotes":""},"categories":[2,10],"tags":[36,50,49],"class_list":["post-60831","post","type-post","status-publish","format-standard","has-post-thumbnail","hentry","category-politique","category-toutes-les-actualites","tag-africa-press","tag-africa-press-cameroun","tag-cameroun"],"yoast_head":"<!-- This site is optimized with the Yoast SEO Premium plugin v26.1 (Yoast SEO v27.0) - https:\/\/yoast.com\/product\/yoast-seo-premium-wordpress\/ -->\n<title>Affaire de M\u0153urs : Maurice Kamto Appelle le Gouvernement Camerounais \u00e0 Agir - Cameroun<\/title>\n<meta name=\"description\" content=\"Le pre\u0301sident du Mouvement pour la renaissance du Cameroun exhorte les ministres et les autorite\u0301s se\u0301curitaires a\u0300 s ...\" \/>\n<meta name=\"robots\" content=\"index, follow, max-snippet:-1, max-image-preview:large, max-video-preview:-1\" \/>\n<link rel=\"canonical\" href=\"https:\/\/www.africa-press.net\/cameroun\/politique\/affaire-de-moeurs-maurice-kamto-appelle-le-gouvernement-camerounais-a-agir\" \/>\n<meta property=\"og:locale\" content=\"fr_FR\" \/>\n<meta property=\"og:type\" content=\"article\" \/>\n<meta property=\"og:title\" content=\"Affaire de M\u0153urs : Maurice Kamto Appelle le Gouvernement Camerounais \u00e0 Agir\" \/>\n<meta property=\"og:description\" content=\"Le pre\u0301sident du Mouvement pour la renaissance du Cameroun exhorte les ministres et les autorite\u0301s se\u0301curitaires a\u0300 s ...\" \/>\n<meta property=\"og:url\" content=\"https:\/\/www.africa-press.net\/cameroun\/politique\/affaire-de-moeurs-maurice-kamto-appelle-le-gouvernement-camerounais-a-agir\" \/>\n<meta property=\"og:site_name\" content=\"Cameroun\" \/>\n<meta property=\"article:published_time\" content=\"2024-01-26T12:13:09+00:00\" \/>\n<meta property=\"article:modified_time\" content=\"2024-01-26T12:59:39+00:00\" \/>\n<meta property=\"og:image\" content=\"https:\/\/static.africa-press.net\/cameroun\/sites\/57\/2024\/01\/sm_1706260704.615986.jpg\" \/>\n\t<meta property=\"og:image:width\" content=\"780\" \/>\n\t<meta property=\"og:image:height\" content=\"440\" \/>\n\t<meta property=\"og:image:type\" content=\"image\/jpeg\" \/>\n<meta name=\"author\" content=\"cfeditorfr\" \/>\n<meta name=\"twitter:card\" content=\"summary_large_image\" \/>\n<meta name=\"twitter:label1\" content=\"\u00c9crit par\" \/>\n\t<meta name=\"twitter:data1\" content=\"cfeditorfr\" \/>\n\t<meta name=\"twitter:label2\" content=\"Dur\u00e9e de lecture estim\u00e9e\" \/>\n\t<meta name=\"twitter:data2\" content=\"2 minutes\" \/>\n<script type=\"application\/ld+json\" class=\"yoast-schema-graph\">{\"@context\":\"https:\/\/schema.org\",\"@graph\":[{\"@type\":\"Article\",\"@id\":\"https:\/\/www.africa-press.net\/cameroun\/politique\/affaire-de-moeurs-maurice-kamto-appelle-le-gouvernement-camerounais-a-agir#article\",\"isPartOf\":{\"@id\":\"https:\/\/www.africa-press.net\/cameroun\/politique\/affaire-de-moeurs-maurice-kamto-appelle-le-gouvernement-camerounais-a-agir\"},\"author\":{\"name\":\"cfeditorfr\",\"@id\":\"https:\/\/www.africa-press.net\/cameroun\/#\/schema\/person\/2b1cf3cd81a31e3cd26889ca66d677f1\"},\"headline\":\"Affaire de M\u0153urs : Maurice Kamto Appelle le Gouvernement Camerounais \u00e0 Agir\",\"datePublished\":\"2024-01-26T12:13:09+00:00\",\"dateModified\":\"2024-01-26T12:59:39+00:00\",\"mainEntityOfPage\":{\"@id\":\"https:\/\/www.africa-press.net\/cameroun\/politique\/affaire-de-moeurs-maurice-kamto-appelle-le-gouvernement-camerounais-a-agir\"},\"wordCount\":365,\"commentCount\":0,\"image\":{\"@id\":\"https:\/\/www.africa-press.net\/cameroun\/politique\/affaire-de-moeurs-maurice-kamto-appelle-le-gouvernement-camerounais-a-agir#primaryimage\"},\"thumbnailUrl\":\"https:\/\/static.africa-press.net\/cameroun\/sites\/57\/2024\/01\/sm_1706260704.615986.jpg\",\"keywords\":[\"Africa Press\",\"Africa Press-Cameroun\",\"Cameroun\"],\"articleSection\":[\"Politique\",\"Toutes les actualit\u00e9s\"],\"inLanguage\":\"fr-FR\",\"potentialAction\":[{\"@type\":\"CommentAction\",\"name\":\"Comment\",\"target\":[\"https:\/\/www.africa-press.net\/cameroun\/politique\/affaire-de-moeurs-maurice-kamto-appelle-le-gouvernement-camerounais-a-agir#respond\"]}]},{\"@type\":\"WebPage\",\"@id\":\"https:\/\/www.africa-press.net\/cameroun\/politique\/affaire-de-moeurs-maurice-kamto-appelle-le-gouvernement-camerounais-a-agir\",\"url\":\"https:\/\/www.africa-press.net\/cameroun\/politique\/affaire-de-moeurs-maurice-kamto-appelle-le-gouvernement-camerounais-a-agir\",\"name\":\"Affaire de M\u0153urs : Maurice Kamto Appelle le Gouvernement Camerounais \u00e0 Agir - Cameroun\",\"isPartOf\":{\"@id\":\"https:\/\/www.africa-press.net\/cameroun\/#website\"},\"primaryImageOfPage\":{\"@id\":\"https:\/\/www.africa-press.net\/cameroun\/politique\/affaire-de-moeurs-maurice-kamto-appelle-le-gouvernement-camerounais-a-agir#primaryimage\"},\"image\":{\"@id\":\"https:\/\/www.africa-press.net\/cameroun\/politique\/affaire-de-moeurs-maurice-kamto-appelle-le-gouvernement-camerounais-a-agir#primaryimage\"},\"thumbnailUrl\":\"https:\/\/static.africa-press.net\/cameroun\/sites\/57\/2024\/01\/sm_1706260704.615986.jpg\",\"datePublished\":\"2024-01-26T12:13:09+00:00\",\"dateModified\":\"2024-01-26T12:59:39+00:00\",\"author\":{\"@id\":\"https:\/\/www.africa-press.net\/cameroun\/#\/schema\/person\/2b1cf3cd81a31e3cd26889ca66d677f1\"},\"description\":\"Le pre\u0301sident du Mouvement pour la renaissance du Cameroun exhorte les ministres et les autorite\u0301s se\u0301curitaires a\u0300 s ...\",\"breadcrumb\":{\"@id\":\"https:\/\/www.africa-press.net\/cameroun\/politique\/affaire-de-moeurs-maurice-kamto-appelle-le-gouvernement-camerounais-a-agir#breadcrumb\"},\"inLanguage\":\"fr-FR\",\"potentialAction\":[{\"@type\":\"ReadAction\",\"target\":[\"https:\/\/www.africa-press.net\/cameroun\/politique\/affaire-de-moeurs-maurice-kamto-appelle-le-gouvernement-camerounais-a-agir\"]}]},{\"@type\":\"ImageObject\",\"inLanguage\":\"fr-FR\",\"@id\":\"https:\/\/www.africa-press.net\/cameroun\/politique\/affaire-de-moeurs-maurice-kamto-appelle-le-gouvernement-camerounais-a-agir#primaryimage\",\"url\":\"https:\/\/static.africa-press.net\/cameroun\/sites\/57\/2024\/01\/sm_1706260704.615986.jpg\",\"contentUrl\":\"https:\/\/static.africa-press.net\/cameroun\/sites\/57\/2024\/01\/sm_1706260704.615986.jpg\",\"width\":780,\"height\":440,\"caption\":\"Affaire de M\u0153urs : Maurice Kamto Appelle le Gouvernement Camerounais \u00e0 Agir\"},{\"@type\":\"BreadcrumbList\",\"@id\":\"https:\/\/www.africa-press.net\/cameroun\/politique\/affaire-de-moeurs-maurice-kamto-appelle-le-gouvernement-camerounais-a-agir#breadcrumb\",\"itemListElement\":[{\"@type\":\"ListItem\",\"position\":1,\"name\":\"Accueil\",\"item\":\"https:\/\/www.africa-press.net\/cameroun\/\"},{\"@type\":\"ListItem\",\"position\":2,\"name\":\"Affaire de M\u0153urs : Maurice Kamto Appelle le Gouvernement Camerounais \u00e0 Agir\"}]},{\"@type\":\"WebSite\",\"@id\":\"https:\/\/www.africa-press.net\/cameroun\/#website\",\"url\":\"https:\/\/www.africa-press.net\/cameroun\/\",\"name\":\"Cameroun\",\"description\":\"Just another Africa News Agency Sites site\",\"potentialAction\":[{\"@type\":\"SearchAction\",\"target\":{\"@type\":\"EntryPoint\",\"urlTemplate\":\"https:\/\/www.africa-press.net\/cameroun\/?s={search_term_string}\"},\"query-input\":{\"@type\":\"PropertyValueSpecification\",\"valueRequired\":true,\"valueName\":\"search_term_string\"}}],\"inLanguage\":\"fr-FR\"},{\"@type\":\"Person\",\"@id\":\"https:\/\/www.africa-press.net\/cameroun\/#\/schema\/person\/2b1cf3cd81a31e3cd26889ca66d677f1\",\"name\":\"cfeditorfr\"}]}<\/script>\n<!-- \/ Yoast SEO Premium plugin. -->","yoast_head_json":{"title":"Affaire de M\u0153urs : Maurice Kamto Appelle le Gouvernement Camerounais \u00e0 Agir - Cameroun","description":"Le pre\u0301sident du Mouvement pour la renaissance du Cameroun exhorte les ministres et les autorite\u0301s se\u0301curitaires a\u0300 s ...","robots":{"index":"index","follow":"follow","max-snippet":"max-snippet:-1","max-image-preview":"max-image-preview:large","max-video-preview":"max-video-preview:-1"},"canonical":"https:\/\/www.africa-press.net\/cameroun\/politique\/affaire-de-moeurs-maurice-kamto-appelle-le-gouvernement-camerounais-a-agir","og_locale":"fr_FR","og_type":"article","og_title":"Affaire de M\u0153urs : Maurice Kamto Appelle le Gouvernement Camerounais \u00e0 Agir","og_description":"Le pre\u0301sident du Mouvement pour la renaissance du Cameroun exhorte les ministres et les autorite\u0301s se\u0301curitaires a\u0300 s ...","og_url":"https:\/\/www.africa-press.net\/cameroun\/politique\/affaire-de-moeurs-maurice-kamto-appelle-le-gouvernement-camerounais-a-agir","og_site_name":"Cameroun","article_published_time":"2024-01-26T12:13:09+00:00","article_modified_time":"2024-01-26T12:59:39+00:00","og_image":[{"width":780,"height":440,"url":"https:\/\/static.africa-press.net\/cameroun\/sites\/57\/2024\/01\/sm_1706260704.615986.jpg","type":"image\/jpeg"}],"author":"cfeditorfr","twitter_card":"summary_large_image","twitter_misc":{"\u00c9crit par":"cfeditorfr","Dur\u00e9e de lecture estim\u00e9e":"2 minutes"},"schema":{"@context":"https:\/\/schema.org","@graph":[{"@type":"Article","@id":"https:\/\/www.africa-press.net\/cameroun\/politique\/affaire-de-moeurs-maurice-kamto-appelle-le-gouvernement-camerounais-a-agir#article","isPartOf":{"@id":"https:\/\/www.africa-press.net\/cameroun\/politique\/affaire-de-moeurs-maurice-kamto-appelle-le-gouvernement-camerounais-a-agir"},"author":{"name":"cfeditorfr","@id":"https:\/\/www.africa-press.net\/cameroun\/#\/schema\/person\/2b1cf3cd81a31e3cd26889ca66d677f1"},"headline":"Affaire de M\u0153urs : Maurice Kamto Appelle le Gouvernement Camerounais \u00e0 Agir","datePublished":"2024-01-26T12:13:09+00:00","dateModified":"2024-01-26T12:59:39+00:00","mainEntityOfPage":{"@id":"https:\/\/www.africa-press.net\/cameroun\/politique\/affaire-de-moeurs-maurice-kamto-appelle-le-gouvernement-camerounais-a-agir"},"wordCount":365,"commentCount":0,"image":{"@id":"https:\/\/www.africa-press.net\/cameroun\/politique\/affaire-de-moeurs-maurice-kamto-appelle-le-gouvernement-camerounais-a-agir#primaryimage"},"thumbnailUrl":"https:\/\/static.africa-press.net\/cameroun\/sites\/57\/2024\/01\/sm_1706260704.615986.jpg","keywords":["Africa Press","Africa Press-Cameroun","Cameroun"],"articleSection":["Politique","Toutes les actualit\u00e9s"],"inLanguage":"fr-FR","potentialAction":[{"@type":"CommentAction","name":"Comment","target":["https:\/\/www.africa-press.net\/cameroun\/politique\/affaire-de-moeurs-maurice-kamto-appelle-le-gouvernement-camerounais-a-agir#respond"]}]},{"@type":"WebPage","@id":"https:\/\/www.africa-press.net\/cameroun\/politique\/affaire-de-moeurs-maurice-kamto-appelle-le-gouvernement-camerounais-a-agir","url":"https:\/\/www.africa-press.net\/cameroun\/politique\/affaire-de-moeurs-maurice-kamto-appelle-le-gouvernement-camerounais-a-agir","name":"Affaire de M\u0153urs : Maurice Kamto Appelle le Gouvernement Camerounais \u00e0 Agir - Cameroun","isPartOf":{"@id":"https:\/\/www.africa-press.net\/cameroun\/#website"},"primaryImageOfPage":{"@id":"https:\/\/www.africa-press.net\/cameroun\/politique\/affaire-de-moeurs-maurice-kamto-appelle-le-gouvernement-camerounais-a-agir#primaryimage"},"image":{"@id":"https:\/\/www.africa-press.net\/cameroun\/politique\/affaire-de-moeurs-maurice-kamto-appelle-le-gouvernement-camerounais-a-agir#primaryimage"},"thumbnailUrl":"https:\/\/static.africa-press.net\/cameroun\/sites\/57\/2024\/01\/sm_1706260704.615986.jpg","datePublished":"2024-01-26T12:13:09+00:00","dateModified":"2024-01-26T12:59:39+00:00","author":{"@id":"https:\/\/www.africa-press.net\/cameroun\/#\/schema\/person\/2b1cf3cd81a31e3cd26889ca66d677f1"},"description":"Le pre\u0301sident du Mouvement pour la renaissance du Cameroun exhorte les ministres et les autorite\u0301s se\u0301curitaires a\u0300 s ...","breadcrumb":{"@id":"https:\/\/www.africa-press.net\/cameroun\/politique\/affaire-de-moeurs-maurice-kamto-appelle-le-gouvernement-camerounais-a-agir#breadcrumb"},"inLanguage":"fr-FR","potentialAction":[{"@type":"ReadAction","target":["https:\/\/www.africa-press.net\/cameroun\/politique\/affaire-de-moeurs-maurice-kamto-appelle-le-gouvernement-camerounais-a-agir"]}]},{"@type":"ImageObject","inLanguage":"fr-FR","@id":"https:\/\/www.africa-press.net\/cameroun\/politique\/affaire-de-moeurs-maurice-kamto-appelle-le-gouvernement-camerounais-a-agir#primaryimage","url":"https:\/\/static.africa-press.net\/cameroun\/sites\/57\/2024\/01\/sm_1706260704.615986.jpg","contentUrl":"https:\/\/static.africa-press.net\/cameroun\/sites\/57\/2024\/01\/sm_1706260704.615986.jpg","width":780,"height":440,"caption":"Affaire de M\u0153urs : Maurice Kamto Appelle le Gouvernement Camerounais \u00e0 Agir"},{"@type":"BreadcrumbList","@id":"https:\/\/www.africa-press.net\/cameroun\/politique\/affaire-de-moeurs-maurice-kamto-appelle-le-gouvernement-camerounais-a-agir#breadcrumb","itemListElement":[{"@type":"ListItem","position":1,"name":"Accueil","item":"https:\/\/www.africa-press.net\/cameroun\/"},{"@type":"ListItem","position":2,"name":"Affaire de M\u0153urs : Maurice Kamto Appelle le Gouvernement Camerounais \u00e0 Agir"}]},{"@type":"WebSite","@id":"https:\/\/www.africa-press.net\/cameroun\/#website","url":"https:\/\/www.africa-press.net\/cameroun\/","name":"Cameroun","description":"Just another Africa News Agency Sites site","potentialAction":[{"@type":"SearchAction","target":{"@type":"EntryPoint","urlTemplate":"https:\/\/www.africa-press.net\/cameroun\/?s={search_term_string}"},"query-input":{"@type":"PropertyValueSpecification","valueRequired":true,"valueName":"search_term_string"}}],"inLanguage":"fr-FR"},{"@type":"Person","@id":"https:\/\/www.africa-press.net\/cameroun\/#\/schema\/person\/2b1cf3cd81a31e3cd26889ca66d677f1","name":"cfeditorfr"}]}},"_links":{"self":[{"href":"https:\/\/www.africa-press.net\/cameroun\/wp-json\/wp\/v2\/posts\/60831","targetHints":{"allow":["GET"]}}],"collection":[{"href":"https:\/\/www.africa-press.net\/cameroun\/wp-json\/wp\/v2\/posts"}],"about":[{"href":"https:\/\/www.africa-press.net\/cameroun\/wp-json\/wp\/v2\/types\/post"}],"author":[{"embeddable":true,"href":"https:\/\/www.africa-press.net\/cameroun\/wp-json\/wp\/v2\/users\/82"}],"replies":[{"embeddable":true,"href":"https:\/\/www.africa-press.net\/cameroun\/wp-json\/wp\/v2\/comments?post=60831"}],"version-history":[{"count":0,"href":"https:\/\/www.africa-press.net\/cameroun\/wp-json\/wp\/v2\/posts\/60831\/revisions"}],"wp:featuredmedia":[{"embeddable":true,"href":"https:\/\/www.africa-press.net\/cameroun\/wp-json\/wp\/v2\/media\/60830"}],"wp:attachment":[{"href":"https:\/\/www.africa-press.net\/cameroun\/wp-json\/wp\/v2\/media?parent=60831"}],"wp:term":[{"taxonomy":"category","embeddable":true,"href":"https:\/\/www.africa-press.net\/cameroun\/wp-json\/wp\/v2\/categories?post=60831"},{"taxonomy":"post_tag","embeddable":true,"href":"https:\/\/www.africa-press.net\/cameroun\/wp-json\/wp\/v2\/tags?post=60831"}],"curies":[{"name":"wp","href":"https:\/\/api.w.org\/{rel}","templated":true}]}}