{"id":60860,"date":"2024-01-26T21:21:54","date_gmt":"2024-01-26T21:21:54","guid":{"rendered":"https:\/\/www.africa-press.net\/cameroun\/politique\/transport-urbain-yaounde-move-le-projet-bus-rapid-transit-relance"},"modified":"2024-01-26T22:06:22","modified_gmt":"2024-01-26T22:06:22","slug":"transport-urbain-yaounde-move-le-projet-bus-rapid-transit-relance","status":"publish","type":"post","link":"https:\/\/www.africa-press.net\/cameroun\/toutes-les-actualites\/transport-urbain-yaounde-move-le-projet-bus-rapid-transit-relance","title":{"rendered":"Transport Urbain-Yaound\u00e9 Move : le Projet Bus Rapid Transit Relanc\u00e9"},"content":{"rendered":"<p><span style=\"color: #ff6600\"><strong>Africa-Press &#8211; Cameroun. <\/strong><\/span><b>Le lancement de ce projet est pre\u0301sente\u0301 comme une \u00ab e\u0301tape essentielle \u00bb vers la construction d\u2019un syste\u0300me de \u00ab Bus Rapid Transit \u00bb (BRT), annonce\u0301 depuis 2019 par le Minhdu.<\/b><\/p>\n<p>La ministre de l\u2019Habitat et du De\u0301veloppement urbain (Mihdu), Ce\u0301lestine Ketcha Courte\u0300s, a proce\u0301de\u0301, le 24 janvier a\u0300 Yaounde\u0301, au lancement du projet Mobilite\u0301 verte de la ville de Yaounde\u0301 (MoVe Yaounde\u0301), finance\u0301 plusieurs partenaires parmi lesquels par l\u2019Union europe\u0301enne (UE), la France a\u0300 travers l\u2019Agence franc\u0327aise de de\u0301veloppement (AFD) et le ministe\u0300re fe\u0301de\u0301ral allemand de la Coope\u0301ration e\u0301conomique et du De\u0301veloppement (BMZ).<\/p>\n<p>Il s\u2019agit en effet d\u2019un projet qui vise le remodelage du centre ville de Yaounde\u0301, avec des corridors verts et la modernisation des services de taxis jaunes, ainsi que des transports par bus rapid transit (BRT) offrant un haut niveau de services confortables, rapides et aux couts abordables pour les citoyens de Yaounde\u0301.<\/p>\n<p>Le projet MoVe Yaounde\u0301 pre\u0301voit notamment la poursuite des e\u0301tudes techniques du BRT. Dans ce cadre, apprend-on, une e\u0301tude de conception \u00ab de\u0301taille\u0301e \u00bb du premier corridor de transport rapide par bus sera e\u0301labore\u0301e. Ce premier corridor, qui doit relier le stade d\u2019Olembe (Yaounde\u0301 I) a\u0300 Ahala (Yaounde\u0301 III), constituera l\u2019arte\u0300re principale d\u2019un re\u0301seau de transport public inte\u0301gre\u0301 a\u0300 la capitale. \u00ab Baptise\u0301 \u201cTrans-Yaounde\u0301\u201d, ce corridor sera e\u0301quipe\u0301 de bus de grande capacite\u0301 qui circuleront sans encombrement sur des voies re\u0301serve\u0301es, be\u0301ne\u0301ficieront de la priorite\u0301 aux carrefours et seront desservis par des stations bien e\u0301quipe\u0301es \u00bb.<\/p>\n<p>\u00ab Nous sommes tre\u0300s heureux de lancer ce projet Move Yaounde\u0301, mobilite\u0301 Verte Yaounde\u0301, aux co\u0302te\u0301s de l\u2019Ambassadeur de l\u2019Union europe\u0301enne, te\u0302te de file des partenaires financiers pour le projet de construction de la voie de contournement de la ville de Yaounde\u0301. Nous lanc\u0327ons alors des projets comple\u0301mentaires pour fluidifier la circulation dans la ville de Yaounde\u0301. En plus de la construction de la section urbaine de l\u2019autoroute Yaounde\u0301 \u2013 Nsimalen et de plusieurs autres projets en cours d\u2019exe\u0301cution dans la ville de Yaounde\u0301. De\u0301sormais a\u0300 Yaounde\u0301 il y aura des passages pour pie\u0301tons, il y aura de la verdure, il y aura le passage du bus Transit rapide (BRT), il y aura des services de taxis jaunes ame\u0301liore\u0301s. Voila\u0300 pourquoi a\u0300 l\u2019occasion de ce lancement, nous avons invite\u0301 toutes les parties prenantes, les bayamsalams, les chefs de quartiers, les maires d\u2019arrondissements, les pre\u0301sidents des associations et syndicats de transport des mototaximen et des taximen \u00bb, Ce\u0301lestine Ketcha Courte\u0300s.<\/p>\n<p><b>Doual en est ou\u0300?<\/b><\/p>\n<p>En 2022, le Conseil d\u2019administration de la Banque mondiale avait approuve\u0301 en faveur du Cameroun, un pre\u0302t d\u2019un montant de 260,8 milliards de FCFA pour le projet de Bus Rapid Transit (BRT) de Douala. Sur cette enveloppe, 125,6 milliards de FCFA devaient e\u0302tre pourvus par la BIRD, guichet non concessionnel de la Banque mondiale, tandis que le guichet concessionnel (IDA) devait de\u0301caisser 135,2 milliards de FCFA.<\/p>\n<p>Le financement de la Banque mondiale couvrait alors 77,8% du cou\u0302t global du projet chiffre\u0301 a\u0300 335,3 milliards de FCFA. 62,1 milliards devaient e\u0302tre mobilise\u0301s gra\u0302ce a\u0300 des partenariats public-prive\u0301 (PPP) et 12,4 milliards viendront du gouvernement du Cameroun (fonds de contrepartie).<\/p>\n<p>La construction du re\u0301seau BRT devait engloutir 291,9 milliards de FCFA, soit 87% de l\u2019enveloppe totale. Il s\u2019agissait notamment de construire 28 km de voies de\u0301die\u0301es aux bus entie\u0300rement se\u0301pare\u0301es avec des e\u0301changeurs, 44 stations, quatre terminaux, des e\u0301gouts, un syste\u0300me d\u2019approvisionnement en eau, l\u2019e\u0301clairage public ; d\u2019acheter des bus ou de mettre en place un syste\u0300me de gestion du trafic. Le reste du financement devait e\u0302tre consacre\u0301 a\u0300 l\u2019ame\u0301nagement urbain autour des stations BRT, au renforcement des capacite\u0301s institutionnelles et professionnelles des ope\u0301rateurs de transports publics existants, de me\u0302me qu\u2019a\u0300 la gestion du projet. Ou\u0300 en est-on?<\/p>\n<p><strong>Pour plus d&rsquo;informations et d&rsquo;analyses sur la <a href=\"https:\/\/www.africa-press.net\/cameroun\">Cameroun<\/a>, suivez <a href=\"https:\/\/www.africa-press.net\/\">Africa-Press<\/a><\/strong><\/p>\n","protected":false},"excerpt":{"rendered":"<p>Africa-Press &#8211; Cameroun. Le lancement de ce projet est pre\u0301sente\u0301 comme une \u00ab e\u0301tape essentielle \u00bb vers la construction d\u2019un syste\u0300me de \u00ab Bus Rapid Transit \u00bb (BRT), annonce\u0301 depuis 2019 par le Minhdu. La ministre de l\u2019Habitat et du De\u0301veloppement urbain (Mihdu), Ce\u0301lestine Ketcha Courte\u0300s, a proce\u0301de\u0301, le 24 janvier a\u0300 Yaounde\u0301, au lancement [&hellip;]<\/p>\n","protected":false},"author":82,"featured_media":60859,"comment_status":"open","ping_status":"closed","sticky":false,"template":"","format":"standard","meta":{"footnotes":""},"categories":[21,10],"tags":[36,50,49],"class_list":["post-60860","post","type-post","status-publish","format-standard","has-post-thumbnail","hentry","category-communaute","category-toutes-les-actualites","tag-africa-press","tag-africa-press-cameroun","tag-cameroun"],"yoast_head":"<!-- This site is optimized with the Yoast SEO Premium plugin v26.1 (Yoast SEO v27.0) - https:\/\/yoast.com\/product\/yoast-seo-premium-wordpress\/ -->\n<title>Transport Urbain-Yaound\u00e9 Move : le Projet Bus Rapid Transit Relanc\u00e9 - Cameroun<\/title>\n<meta name=\"description\" content=\"Le lancement de ce projet est pre\u0301sente\u0301 comme une \u00ab e\u0301tape essentielle \u00bb vers la construction d\u2019un syste\u0300me de \u00ab Bus ...\" \/>\n<meta name=\"robots\" content=\"index, follow, max-snippet:-1, max-image-preview:large, max-video-preview:-1\" \/>\n<link rel=\"canonical\" href=\"https:\/\/www.africa-press.net\/cameroun\/toutes-les-actualites\/transport-urbain-yaounde-move-le-projet-bus-rapid-transit-relance\" \/>\n<meta property=\"og:locale\" content=\"fr_FR\" \/>\n<meta property=\"og:type\" content=\"article\" \/>\n<meta property=\"og:title\" content=\"Transport Urbain-Yaound\u00e9 Move : le Projet Bus Rapid Transit Relanc\u00e9\" \/>\n<meta property=\"og:description\" content=\"Le lancement de ce projet est pre\u0301sente\u0301 comme une \u00ab e\u0301tape essentielle \u00bb vers la construction d\u2019un syste\u0300me de \u00ab Bus ...\" \/>\n<meta property=\"og:url\" content=\"https:\/\/www.africa-press.net\/cameroun\/toutes-les-actualites\/transport-urbain-yaounde-move-le-projet-bus-rapid-transit-relance\" \/>\n<meta property=\"og:site_name\" content=\"Cameroun\" \/>\n<meta property=\"article:published_time\" content=\"2024-01-26T21:21:54+00:00\" \/>\n<meta property=\"article:modified_time\" content=\"2024-01-26T22:06:22+00:00\" \/>\n<meta property=\"og:image\" content=\"https:\/\/static.africa-press.net\/cameroun\/sites\/57\/2024\/01\/sm_1706293468.080576.jpg\" \/>\n\t<meta property=\"og:image:width\" content=\"780\" \/>\n\t<meta property=\"og:image:height\" content=\"440\" \/>\n\t<meta property=\"og:image:type\" content=\"image\/jpeg\" \/>\n<meta name=\"author\" content=\"cfeditorfr\" \/>\n<meta name=\"twitter:card\" content=\"summary_large_image\" \/>\n<meta name=\"twitter:label1\" content=\"\u00c9crit par\" \/>\n\t<meta name=\"twitter:data1\" content=\"cfeditorfr\" \/>\n\t<meta name=\"twitter:label2\" content=\"Dur\u00e9e de lecture estim\u00e9e\" \/>\n\t<meta name=\"twitter:data2\" content=\"3 minutes\" \/>\n<script type=\"application\/ld+json\" class=\"yoast-schema-graph\">{\"@context\":\"https:\/\/schema.org\",\"@graph\":[{\"@type\":\"Article\",\"@id\":\"https:\/\/www.africa-press.net\/cameroun\/toutes-les-actualites\/transport-urbain-yaounde-move-le-projet-bus-rapid-transit-relance#article\",\"isPartOf\":{\"@id\":\"https:\/\/www.africa-press.net\/cameroun\/toutes-les-actualites\/transport-urbain-yaounde-move-le-projet-bus-rapid-transit-relance\"},\"author\":{\"name\":\"cfeditorfr\",\"@id\":\"https:\/\/www.africa-press.net\/cameroun\/#\/schema\/person\/2b1cf3cd81a31e3cd26889ca66d677f1\"},\"headline\":\"Transport Urbain-Yaound\u00e9 Move : le Projet Bus Rapid Transit Relanc\u00e9\",\"datePublished\":\"2024-01-26T21:21:54+00:00\",\"dateModified\":\"2024-01-26T22:06:22+00:00\",\"mainEntityOfPage\":{\"@id\":\"https:\/\/www.africa-press.net\/cameroun\/toutes-les-actualites\/transport-urbain-yaounde-move-le-projet-bus-rapid-transit-relance\"},\"wordCount\":705,\"commentCount\":0,\"image\":{\"@id\":\"https:\/\/www.africa-press.net\/cameroun\/toutes-les-actualites\/transport-urbain-yaounde-move-le-projet-bus-rapid-transit-relance#primaryimage\"},\"thumbnailUrl\":\"https:\/\/static.africa-press.net\/cameroun\/sites\/57\/2024\/01\/sm_1706293468.080576.jpg\",\"keywords\":[\"Africa Press\",\"Africa Press-Cameroun\",\"Cameroun\"],\"articleSection\":[\"Communaut\u00e9\",\"Toutes les actualit\u00e9s\"],\"inLanguage\":\"fr-FR\",\"potentialAction\":[{\"@type\":\"CommentAction\",\"name\":\"Comment\",\"target\":[\"https:\/\/www.africa-press.net\/cameroun\/toutes-les-actualites\/transport-urbain-yaounde-move-le-projet-bus-rapid-transit-relance#respond\"]}]},{\"@type\":\"WebPage\",\"@id\":\"https:\/\/www.africa-press.net\/cameroun\/toutes-les-actualites\/transport-urbain-yaounde-move-le-projet-bus-rapid-transit-relance\",\"url\":\"https:\/\/www.africa-press.net\/cameroun\/toutes-les-actualites\/transport-urbain-yaounde-move-le-projet-bus-rapid-transit-relance\",\"name\":\"Transport Urbain-Yaound\u00e9 Move : le Projet Bus Rapid Transit Relanc\u00e9 - Cameroun\",\"isPartOf\":{\"@id\":\"https:\/\/www.africa-press.net\/cameroun\/#website\"},\"primaryImageOfPage\":{\"@id\":\"https:\/\/www.africa-press.net\/cameroun\/toutes-les-actualites\/transport-urbain-yaounde-move-le-projet-bus-rapid-transit-relance#primaryimage\"},\"image\":{\"@id\":\"https:\/\/www.africa-press.net\/cameroun\/toutes-les-actualites\/transport-urbain-yaounde-move-le-projet-bus-rapid-transit-relance#primaryimage\"},\"thumbnailUrl\":\"https:\/\/static.africa-press.net\/cameroun\/sites\/57\/2024\/01\/sm_1706293468.080576.jpg\",\"datePublished\":\"2024-01-26T21:21:54+00:00\",\"dateModified\":\"2024-01-26T22:06:22+00:00\",\"author\":{\"@id\":\"https:\/\/www.africa-press.net\/cameroun\/#\/schema\/person\/2b1cf3cd81a31e3cd26889ca66d677f1\"},\"description\":\"Le lancement de ce projet est pre\u0301sente\u0301 comme une \u00ab e\u0301tape essentielle \u00bb vers la construction d\u2019un syste\u0300me de \u00ab Bus ...\",\"breadcrumb\":{\"@id\":\"https:\/\/www.africa-press.net\/cameroun\/toutes-les-actualites\/transport-urbain-yaounde-move-le-projet-bus-rapid-transit-relance#breadcrumb\"},\"inLanguage\":\"fr-FR\",\"potentialAction\":[{\"@type\":\"ReadAction\",\"target\":[\"https:\/\/www.africa-press.net\/cameroun\/toutes-les-actualites\/transport-urbain-yaounde-move-le-projet-bus-rapid-transit-relance\"]}]},{\"@type\":\"ImageObject\",\"inLanguage\":\"fr-FR\",\"@id\":\"https:\/\/www.africa-press.net\/cameroun\/toutes-les-actualites\/transport-urbain-yaounde-move-le-projet-bus-rapid-transit-relance#primaryimage\",\"url\":\"https:\/\/static.africa-press.net\/cameroun\/sites\/57\/2024\/01\/sm_1706293468.080576.jpg\",\"contentUrl\":\"https:\/\/static.africa-press.net\/cameroun\/sites\/57\/2024\/01\/sm_1706293468.080576.jpg\",\"width\":780,\"height\":440,\"caption\":\"Transport Urbain-Yaound\u00e9 Move : le Projet Bus Rapid Transit Relanc\u00e9\"},{\"@type\":\"BreadcrumbList\",\"@id\":\"https:\/\/www.africa-press.net\/cameroun\/toutes-les-actualites\/transport-urbain-yaounde-move-le-projet-bus-rapid-transit-relance#breadcrumb\",\"itemListElement\":[{\"@type\":\"ListItem\",\"position\":1,\"name\":\"Accueil\",\"item\":\"https:\/\/www.africa-press.net\/cameroun\/\"},{\"@type\":\"ListItem\",\"position\":2,\"name\":\"Transport Urbain-Yaound\u00e9 Move : le Projet Bus Rapid Transit Relanc\u00e9\"}]},{\"@type\":\"WebSite\",\"@id\":\"https:\/\/www.africa-press.net\/cameroun\/#website\",\"url\":\"https:\/\/www.africa-press.net\/cameroun\/\",\"name\":\"Cameroun\",\"description\":\"Just another Africa News Agency Sites site\",\"potentialAction\":[{\"@type\":\"SearchAction\",\"target\":{\"@type\":\"EntryPoint\",\"urlTemplate\":\"https:\/\/www.africa-press.net\/cameroun\/?s={search_term_string}\"},\"query-input\":{\"@type\":\"PropertyValueSpecification\",\"valueRequired\":true,\"valueName\":\"search_term_string\"}}],\"inLanguage\":\"fr-FR\"},{\"@type\":\"Person\",\"@id\":\"https:\/\/www.africa-press.net\/cameroun\/#\/schema\/person\/2b1cf3cd81a31e3cd26889ca66d677f1\",\"name\":\"cfeditorfr\"}]}<\/script>\n<!-- \/ Yoast SEO Premium plugin. -->","yoast_head_json":{"title":"Transport Urbain-Yaound\u00e9 Move : le Projet Bus Rapid Transit Relanc\u00e9 - Cameroun","description":"Le lancement de ce projet est pre\u0301sente\u0301 comme une \u00ab e\u0301tape essentielle \u00bb vers la construction d\u2019un syste\u0300me de \u00ab Bus ...","robots":{"index":"index","follow":"follow","max-snippet":"max-snippet:-1","max-image-preview":"max-image-preview:large","max-video-preview":"max-video-preview:-1"},"canonical":"https:\/\/www.africa-press.net\/cameroun\/toutes-les-actualites\/transport-urbain-yaounde-move-le-projet-bus-rapid-transit-relance","og_locale":"fr_FR","og_type":"article","og_title":"Transport Urbain-Yaound\u00e9 Move : le Projet Bus Rapid Transit Relanc\u00e9","og_description":"Le lancement de ce projet est pre\u0301sente\u0301 comme une \u00ab e\u0301tape essentielle \u00bb vers la construction d\u2019un syste\u0300me de \u00ab Bus ...","og_url":"https:\/\/www.africa-press.net\/cameroun\/toutes-les-actualites\/transport-urbain-yaounde-move-le-projet-bus-rapid-transit-relance","og_site_name":"Cameroun","article_published_time":"2024-01-26T21:21:54+00:00","article_modified_time":"2024-01-26T22:06:22+00:00","og_image":[{"width":780,"height":440,"url":"https:\/\/static.africa-press.net\/cameroun\/sites\/57\/2024\/01\/sm_1706293468.080576.jpg","type":"image\/jpeg"}],"author":"cfeditorfr","twitter_card":"summary_large_image","twitter_misc":{"\u00c9crit par":"cfeditorfr","Dur\u00e9e de lecture estim\u00e9e":"3 minutes"},"schema":{"@context":"https:\/\/schema.org","@graph":[{"@type":"Article","@id":"https:\/\/www.africa-press.net\/cameroun\/toutes-les-actualites\/transport-urbain-yaounde-move-le-projet-bus-rapid-transit-relance#article","isPartOf":{"@id":"https:\/\/www.africa-press.net\/cameroun\/toutes-les-actualites\/transport-urbain-yaounde-move-le-projet-bus-rapid-transit-relance"},"author":{"name":"cfeditorfr","@id":"https:\/\/www.africa-press.net\/cameroun\/#\/schema\/person\/2b1cf3cd81a31e3cd26889ca66d677f1"},"headline":"Transport Urbain-Yaound\u00e9 Move : le Projet Bus Rapid Transit Relanc\u00e9","datePublished":"2024-01-26T21:21:54+00:00","dateModified":"2024-01-26T22:06:22+00:00","mainEntityOfPage":{"@id":"https:\/\/www.africa-press.net\/cameroun\/toutes-les-actualites\/transport-urbain-yaounde-move-le-projet-bus-rapid-transit-relance"},"wordCount":705,"commentCount":0,"image":{"@id":"https:\/\/www.africa-press.net\/cameroun\/toutes-les-actualites\/transport-urbain-yaounde-move-le-projet-bus-rapid-transit-relance#primaryimage"},"thumbnailUrl":"https:\/\/static.africa-press.net\/cameroun\/sites\/57\/2024\/01\/sm_1706293468.080576.jpg","keywords":["Africa Press","Africa Press-Cameroun","Cameroun"],"articleSection":["Communaut\u00e9","Toutes les actualit\u00e9s"],"inLanguage":"fr-FR","potentialAction":[{"@type":"CommentAction","name":"Comment","target":["https:\/\/www.africa-press.net\/cameroun\/toutes-les-actualites\/transport-urbain-yaounde-move-le-projet-bus-rapid-transit-relance#respond"]}]},{"@type":"WebPage","@id":"https:\/\/www.africa-press.net\/cameroun\/toutes-les-actualites\/transport-urbain-yaounde-move-le-projet-bus-rapid-transit-relance","url":"https:\/\/www.africa-press.net\/cameroun\/toutes-les-actualites\/transport-urbain-yaounde-move-le-projet-bus-rapid-transit-relance","name":"Transport Urbain-Yaound\u00e9 Move : le Projet Bus Rapid Transit Relanc\u00e9 - Cameroun","isPartOf":{"@id":"https:\/\/www.africa-press.net\/cameroun\/#website"},"primaryImageOfPage":{"@id":"https:\/\/www.africa-press.net\/cameroun\/toutes-les-actualites\/transport-urbain-yaounde-move-le-projet-bus-rapid-transit-relance#primaryimage"},"image":{"@id":"https:\/\/www.africa-press.net\/cameroun\/toutes-les-actualites\/transport-urbain-yaounde-move-le-projet-bus-rapid-transit-relance#primaryimage"},"thumbnailUrl":"https:\/\/static.africa-press.net\/cameroun\/sites\/57\/2024\/01\/sm_1706293468.080576.jpg","datePublished":"2024-01-26T21:21:54+00:00","dateModified":"2024-01-26T22:06:22+00:00","author":{"@id":"https:\/\/www.africa-press.net\/cameroun\/#\/schema\/person\/2b1cf3cd81a31e3cd26889ca66d677f1"},"description":"Le lancement de ce projet est pre\u0301sente\u0301 comme une \u00ab e\u0301tape essentielle \u00bb vers la construction d\u2019un syste\u0300me de \u00ab Bus ...","breadcrumb":{"@id":"https:\/\/www.africa-press.net\/cameroun\/toutes-les-actualites\/transport-urbain-yaounde-move-le-projet-bus-rapid-transit-relance#breadcrumb"},"inLanguage":"fr-FR","potentialAction":[{"@type":"ReadAction","target":["https:\/\/www.africa-press.net\/cameroun\/toutes-les-actualites\/transport-urbain-yaounde-move-le-projet-bus-rapid-transit-relance"]}]},{"@type":"ImageObject","inLanguage":"fr-FR","@id":"https:\/\/www.africa-press.net\/cameroun\/toutes-les-actualites\/transport-urbain-yaounde-move-le-projet-bus-rapid-transit-relance#primaryimage","url":"https:\/\/static.africa-press.net\/cameroun\/sites\/57\/2024\/01\/sm_1706293468.080576.jpg","contentUrl":"https:\/\/static.africa-press.net\/cameroun\/sites\/57\/2024\/01\/sm_1706293468.080576.jpg","width":780,"height":440,"caption":"Transport Urbain-Yaound\u00e9 Move : le Projet Bus Rapid Transit Relanc\u00e9"},{"@type":"BreadcrumbList","@id":"https:\/\/www.africa-press.net\/cameroun\/toutes-les-actualites\/transport-urbain-yaounde-move-le-projet-bus-rapid-transit-relance#breadcrumb","itemListElement":[{"@type":"ListItem","position":1,"name":"Accueil","item":"https:\/\/www.africa-press.net\/cameroun\/"},{"@type":"ListItem","position":2,"name":"Transport Urbain-Yaound\u00e9 Move : le Projet Bus Rapid Transit Relanc\u00e9"}]},{"@type":"WebSite","@id":"https:\/\/www.africa-press.net\/cameroun\/#website","url":"https:\/\/www.africa-press.net\/cameroun\/","name":"Cameroun","description":"Just another Africa News Agency Sites site","potentialAction":[{"@type":"SearchAction","target":{"@type":"EntryPoint","urlTemplate":"https:\/\/www.africa-press.net\/cameroun\/?s={search_term_string}"},"query-input":{"@type":"PropertyValueSpecification","valueRequired":true,"valueName":"search_term_string"}}],"inLanguage":"fr-FR"},{"@type":"Person","@id":"https:\/\/www.africa-press.net\/cameroun\/#\/schema\/person\/2b1cf3cd81a31e3cd26889ca66d677f1","name":"cfeditorfr"}]}},"_links":{"self":[{"href":"https:\/\/www.africa-press.net\/cameroun\/wp-json\/wp\/v2\/posts\/60860","targetHints":{"allow":["GET"]}}],"collection":[{"href":"https:\/\/www.africa-press.net\/cameroun\/wp-json\/wp\/v2\/posts"}],"about":[{"href":"https:\/\/www.africa-press.net\/cameroun\/wp-json\/wp\/v2\/types\/post"}],"author":[{"embeddable":true,"href":"https:\/\/www.africa-press.net\/cameroun\/wp-json\/wp\/v2\/users\/82"}],"replies":[{"embeddable":true,"href":"https:\/\/www.africa-press.net\/cameroun\/wp-json\/wp\/v2\/comments?post=60860"}],"version-history":[{"count":0,"href":"https:\/\/www.africa-press.net\/cameroun\/wp-json\/wp\/v2\/posts\/60860\/revisions"}],"wp:featuredmedia":[{"embeddable":true,"href":"https:\/\/www.africa-press.net\/cameroun\/wp-json\/wp\/v2\/media\/60859"}],"wp:attachment":[{"href":"https:\/\/www.africa-press.net\/cameroun\/wp-json\/wp\/v2\/media?parent=60860"}],"wp:term":[{"taxonomy":"category","embeddable":true,"href":"https:\/\/www.africa-press.net\/cameroun\/wp-json\/wp\/v2\/categories?post=60860"},{"taxonomy":"post_tag","embeddable":true,"href":"https:\/\/www.africa-press.net\/cameroun\/wp-json\/wp\/v2\/tags?post=60860"}],"curies":[{"name":"wp","href":"https:\/\/api.w.org\/{rel}","templated":true}]}}