{"id":60862,"date":"2024-01-26T21:22:04","date_gmt":"2024-01-26T21:22:04","guid":{"rendered":"https:\/\/www.africa-press.net\/cameroun\/politique\/can-2023-place-aux-huitiemes-de-finale-les-affiches"},"modified":"2024-01-26T22:07:06","modified_gmt":"2024-01-26T22:07:06","slug":"can-2023-place-aux-huitiemes-de-finale-les-affiches","status":"publish","type":"post","link":"https:\/\/www.africa-press.net\/cameroun\/toutes-les-actualites\/can-2023-place-aux-huitiemes-de-finale-les-affiches","title":{"rendered":"CAN 2023 : Place aux Huiti\u00e8mes de Finale, les Affiches"},"content":{"rendered":"<p><span style=\"color: #ff6600\"><strong>Africa-Press &#8211; Cameroun. <\/strong><\/span><b>Le deuxie\u0300me tour de la Coupe d\u2019Afrique des Nations de\u0301bute ce samedi 27 janvier avec des rencontres prometteuses.<\/b><\/p>\n<p>Il y a sans doute deux rencontres que les passionne\u0301s de <b>football<\/b> attendent avec impatience. Il s\u2019agit du <b>Nigeria<\/b> contre le <b>Cameroun<\/b> et du <b>Se\u0301ne\u0301gal vs Co\u0302te d\u2019Ivoire<\/b>. Si le premier est un remake de plusieurs finales de la <b>CAN<\/b>, le second est un derby re\u0301gional de l\u2019Afrique de l\u2019Ouest qui promet d\u2019e\u0302tre tre\u0300s excitant.<\/p>\n<p>D\u2019une part, le Se\u0301ne\u0301gal veut soulever le trophe\u0301e pour la deuxie\u0300me fois conse\u0301cutive apre\u0300s son triomphe en 2021 au Cameroun. Elle est la seule e\u0301quipe du tournoi a\u0300 avoir remporte\u0301 ses trois matches de poule. Les Ele\u0301phants de Co\u0302te d\u2019Ivoire, quant a\u0300 eux, chercheront a\u0300 se racheter aupre\u0300s de leurs supporters apre\u0300s leur de\u0301faite 4-0 face a\u0300 la Guine\u0301e e\u0301quatoriale lundi dernier. La pression sera d\u2019autant plus forte que la CAN se joue a\u0300 domicile.<\/p>\n<p>Paralle\u0300lement a\u0300 ces matches, les projecteurs seront braque\u0301s sur des nations prometteuses comme le <b>Maroc<\/b>, qui fait e\u0301galement partie des favoris. Il affrontera l\u2019Afrique du Sud mardi a\u0300 21h00, tandis que le Mali se mesurera au Burkina Faso a\u0300 18h00.<\/p>\n<p>La veille de leurs matches, le Cap-Vert, qui s\u2019est qualifie\u0301 a\u0300 la surprise ge\u0301ne\u0301rale devant le Ghana et l\u2019E\u0301gypte, affrontera la Mauritanie, tandis que l\u2019E\u0301gypte se mesurera a\u0300 la RD Congo et que la Guine\u0301e e\u0301quatoriale croisera le fer avec la Guine\u0301e dimanche. L\u2019Angola, quant a\u0300 lui, ouvrira le bal contre la Namibie samedi a\u0300 18h00.<\/p>\n<p><strong>Pour plus d&rsquo;informations et d&rsquo;analyses sur la <a href=\"https:\/\/www.africa-press.net\/cameroun\">Cameroun<\/a>, suivez <a href=\"https:\/\/www.africa-press.net\/\">Africa-Press<\/a><\/strong><\/p>\n","protected":false},"excerpt":{"rendered":"<p>Africa-Press &#8211; Cameroun. Le deuxie\u0300me tour de la Coupe d\u2019Afrique des Nations de\u0301bute ce samedi 27 janvier avec des rencontres prometteuses. Il y a sans doute deux rencontres que les passionne\u0301s de football attendent avec impatience. Il s\u2019agit du Nigeria contre le Cameroun et du Se\u0301ne\u0301gal vs Co\u0302te d\u2019Ivoire. Si le premier est un remake [&hellip;]<\/p>\n","protected":false},"author":82,"featured_media":60861,"comment_status":"open","ping_status":"closed","sticky":false,"template":"","format":"standard","meta":{"footnotes":""},"categories":[21,10],"tags":[36,50,49],"class_list":["post-60862","post","type-post","status-publish","format-standard","has-post-thumbnail","hentry","category-communaute","category-toutes-les-actualites","tag-africa-press","tag-africa-press-cameroun","tag-cameroun"],"yoast_head":"<!-- This site is optimized with the Yoast SEO Premium plugin v26.1 (Yoast SEO v27.0) - https:\/\/yoast.com\/product\/yoast-seo-premium-wordpress\/ -->\n<title>CAN 2023 : Place aux Huiti\u00e8mes de Finale, les Affiches - Cameroun<\/title>\n<meta name=\"description\" content=\"Le deuxie\u0300me tour de la Coupe d\u2019Afrique des Nations de\u0301bute ce samedi 27 janvier avec des rencontres prometteuses.&lt;\/b ...\" \/>\n<meta name=\"robots\" content=\"index, follow, max-snippet:-1, max-image-preview:large, max-video-preview:-1\" \/>\n<link rel=\"canonical\" href=\"https:\/\/www.africa-press.net\/cameroun\/toutes-les-actualites\/can-2023-place-aux-huitiemes-de-finale-les-affiches\" \/>\n<meta property=\"og:locale\" content=\"fr_FR\" \/>\n<meta property=\"og:type\" content=\"article\" \/>\n<meta property=\"og:title\" content=\"CAN 2023 : Place aux Huiti\u00e8mes de Finale, les Affiches\" \/>\n<meta property=\"og:description\" content=\"Le deuxie\u0300me tour de la Coupe d\u2019Afrique des Nations de\u0301bute ce samedi 27 janvier avec des rencontres prometteuses.&lt;\/b ...\" \/>\n<meta property=\"og:url\" content=\"https:\/\/www.africa-press.net\/cameroun\/toutes-les-actualites\/can-2023-place-aux-huitiemes-de-finale-les-affiches\" \/>\n<meta property=\"og:site_name\" content=\"Cameroun\" \/>\n<meta property=\"article:published_time\" content=\"2024-01-26T21:22:04+00:00\" \/>\n<meta property=\"article:modified_time\" content=\"2024-01-26T22:07:06+00:00\" \/>\n<meta property=\"og:image\" content=\"https:\/\/static.africa-press.net\/cameroun\/sites\/57\/2024\/01\/sm_1706293505.712359.jpg\" \/>\n\t<meta property=\"og:image:width\" content=\"780\" \/>\n\t<meta property=\"og:image:height\" content=\"440\" \/>\n\t<meta property=\"og:image:type\" content=\"image\/jpeg\" \/>\n<meta name=\"author\" content=\"cfeditorfr\" \/>\n<meta name=\"twitter:card\" content=\"summary_large_image\" \/>\n<meta name=\"twitter:label1\" content=\"\u00c9crit par\" \/>\n\t<meta name=\"twitter:data1\" content=\"cfeditorfr\" \/>\n\t<meta name=\"twitter:label2\" content=\"Dur\u00e9e de lecture estim\u00e9e\" \/>\n\t<meta name=\"twitter:data2\" content=\"2 minutes\" \/>\n<script type=\"application\/ld+json\" class=\"yoast-schema-graph\">{\"@context\":\"https:\/\/schema.org\",\"@graph\":[{\"@type\":\"Article\",\"@id\":\"https:\/\/www.africa-press.net\/cameroun\/toutes-les-actualites\/can-2023-place-aux-huitiemes-de-finale-les-affiches#article\",\"isPartOf\":{\"@id\":\"https:\/\/www.africa-press.net\/cameroun\/toutes-les-actualites\/can-2023-place-aux-huitiemes-de-finale-les-affiches\"},\"author\":{\"name\":\"cfeditorfr\",\"@id\":\"https:\/\/www.africa-press.net\/cameroun\/#\/schema\/person\/2b1cf3cd81a31e3cd26889ca66d677f1\"},\"headline\":\"CAN 2023 : Place aux Huiti\u00e8mes de Finale, les Affiches\",\"datePublished\":\"2024-01-26T21:22:04+00:00\",\"dateModified\":\"2024-01-26T22:07:06+00:00\",\"mainEntityOfPage\":{\"@id\":\"https:\/\/www.africa-press.net\/cameroun\/toutes-les-actualites\/can-2023-place-aux-huitiemes-de-finale-les-affiches\"},\"wordCount\":313,\"commentCount\":0,\"image\":{\"@id\":\"https:\/\/www.africa-press.net\/cameroun\/toutes-les-actualites\/can-2023-place-aux-huitiemes-de-finale-les-affiches#primaryimage\"},\"thumbnailUrl\":\"https:\/\/static.africa-press.net\/cameroun\/sites\/57\/2024\/01\/sm_1706293505.712359.jpg\",\"keywords\":[\"Africa Press\",\"Africa Press-Cameroun\",\"Cameroun\"],\"articleSection\":[\"Communaut\u00e9\",\"Toutes les actualit\u00e9s\"],\"inLanguage\":\"fr-FR\",\"potentialAction\":[{\"@type\":\"CommentAction\",\"name\":\"Comment\",\"target\":[\"https:\/\/www.africa-press.net\/cameroun\/toutes-les-actualites\/can-2023-place-aux-huitiemes-de-finale-les-affiches#respond\"]}]},{\"@type\":\"WebPage\",\"@id\":\"https:\/\/www.africa-press.net\/cameroun\/toutes-les-actualites\/can-2023-place-aux-huitiemes-de-finale-les-affiches\",\"url\":\"https:\/\/www.africa-press.net\/cameroun\/toutes-les-actualites\/can-2023-place-aux-huitiemes-de-finale-les-affiches\",\"name\":\"CAN 2023 : Place aux Huiti\u00e8mes de Finale, les Affiches - Cameroun\",\"isPartOf\":{\"@id\":\"https:\/\/www.africa-press.net\/cameroun\/#website\"},\"primaryImageOfPage\":{\"@id\":\"https:\/\/www.africa-press.net\/cameroun\/toutes-les-actualites\/can-2023-place-aux-huitiemes-de-finale-les-affiches#primaryimage\"},\"image\":{\"@id\":\"https:\/\/www.africa-press.net\/cameroun\/toutes-les-actualites\/can-2023-place-aux-huitiemes-de-finale-les-affiches#primaryimage\"},\"thumbnailUrl\":\"https:\/\/static.africa-press.net\/cameroun\/sites\/57\/2024\/01\/sm_1706293505.712359.jpg\",\"datePublished\":\"2024-01-26T21:22:04+00:00\",\"dateModified\":\"2024-01-26T22:07:06+00:00\",\"author\":{\"@id\":\"https:\/\/www.africa-press.net\/cameroun\/#\/schema\/person\/2b1cf3cd81a31e3cd26889ca66d677f1\"},\"description\":\"Le deuxie\u0300me tour de la Coupe d\u2019Afrique des Nations de\u0301bute ce samedi 27 janvier avec des rencontres prometteuses.&lt;\/b ...\",\"breadcrumb\":{\"@id\":\"https:\/\/www.africa-press.net\/cameroun\/toutes-les-actualites\/can-2023-place-aux-huitiemes-de-finale-les-affiches#breadcrumb\"},\"inLanguage\":\"fr-FR\",\"potentialAction\":[{\"@type\":\"ReadAction\",\"target\":[\"https:\/\/www.africa-press.net\/cameroun\/toutes-les-actualites\/can-2023-place-aux-huitiemes-de-finale-les-affiches\"]}]},{\"@type\":\"ImageObject\",\"inLanguage\":\"fr-FR\",\"@id\":\"https:\/\/www.africa-press.net\/cameroun\/toutes-les-actualites\/can-2023-place-aux-huitiemes-de-finale-les-affiches#primaryimage\",\"url\":\"https:\/\/static.africa-press.net\/cameroun\/sites\/57\/2024\/01\/sm_1706293505.712359.jpg\",\"contentUrl\":\"https:\/\/static.africa-press.net\/cameroun\/sites\/57\/2024\/01\/sm_1706293505.712359.jpg\",\"width\":780,\"height\":440,\"caption\":\"CAN 2023 : Place aux Huiti\u00e8mes de Finale, les Affiches\"},{\"@type\":\"BreadcrumbList\",\"@id\":\"https:\/\/www.africa-press.net\/cameroun\/toutes-les-actualites\/can-2023-place-aux-huitiemes-de-finale-les-affiches#breadcrumb\",\"itemListElement\":[{\"@type\":\"ListItem\",\"position\":1,\"name\":\"Accueil\",\"item\":\"https:\/\/www.africa-press.net\/cameroun\/\"},{\"@type\":\"ListItem\",\"position\":2,\"name\":\"CAN 2023 : Place aux Huiti\u00e8mes de Finale, les Affiches\"}]},{\"@type\":\"WebSite\",\"@id\":\"https:\/\/www.africa-press.net\/cameroun\/#website\",\"url\":\"https:\/\/www.africa-press.net\/cameroun\/\",\"name\":\"Cameroun\",\"description\":\"Just another Africa News Agency Sites site\",\"potentialAction\":[{\"@type\":\"SearchAction\",\"target\":{\"@type\":\"EntryPoint\",\"urlTemplate\":\"https:\/\/www.africa-press.net\/cameroun\/?s={search_term_string}\"},\"query-input\":{\"@type\":\"PropertyValueSpecification\",\"valueRequired\":true,\"valueName\":\"search_term_string\"}}],\"inLanguage\":\"fr-FR\"},{\"@type\":\"Person\",\"@id\":\"https:\/\/www.africa-press.net\/cameroun\/#\/schema\/person\/2b1cf3cd81a31e3cd26889ca66d677f1\",\"name\":\"cfeditorfr\"}]}<\/script>\n<!-- \/ Yoast SEO Premium plugin. -->","yoast_head_json":{"title":"CAN 2023 : Place aux Huiti\u00e8mes de Finale, les Affiches - Cameroun","description":"Le deuxie\u0300me tour de la Coupe d\u2019Afrique des Nations de\u0301bute ce samedi 27 janvier avec des rencontres prometteuses.&lt;\/b ...","robots":{"index":"index","follow":"follow","max-snippet":"max-snippet:-1","max-image-preview":"max-image-preview:large","max-video-preview":"max-video-preview:-1"},"canonical":"https:\/\/www.africa-press.net\/cameroun\/toutes-les-actualites\/can-2023-place-aux-huitiemes-de-finale-les-affiches","og_locale":"fr_FR","og_type":"article","og_title":"CAN 2023 : Place aux Huiti\u00e8mes de Finale, les Affiches","og_description":"Le deuxie\u0300me tour de la Coupe d\u2019Afrique des Nations de\u0301bute ce samedi 27 janvier avec des rencontres prometteuses.&lt;\/b ...","og_url":"https:\/\/www.africa-press.net\/cameroun\/toutes-les-actualites\/can-2023-place-aux-huitiemes-de-finale-les-affiches","og_site_name":"Cameroun","article_published_time":"2024-01-26T21:22:04+00:00","article_modified_time":"2024-01-26T22:07:06+00:00","og_image":[{"width":780,"height":440,"url":"https:\/\/static.africa-press.net\/cameroun\/sites\/57\/2024\/01\/sm_1706293505.712359.jpg","type":"image\/jpeg"}],"author":"cfeditorfr","twitter_card":"summary_large_image","twitter_misc":{"\u00c9crit par":"cfeditorfr","Dur\u00e9e de lecture estim\u00e9e":"2 minutes"},"schema":{"@context":"https:\/\/schema.org","@graph":[{"@type":"Article","@id":"https:\/\/www.africa-press.net\/cameroun\/toutes-les-actualites\/can-2023-place-aux-huitiemes-de-finale-les-affiches#article","isPartOf":{"@id":"https:\/\/www.africa-press.net\/cameroun\/toutes-les-actualites\/can-2023-place-aux-huitiemes-de-finale-les-affiches"},"author":{"name":"cfeditorfr","@id":"https:\/\/www.africa-press.net\/cameroun\/#\/schema\/person\/2b1cf3cd81a31e3cd26889ca66d677f1"},"headline":"CAN 2023 : Place aux Huiti\u00e8mes de Finale, les Affiches","datePublished":"2024-01-26T21:22:04+00:00","dateModified":"2024-01-26T22:07:06+00:00","mainEntityOfPage":{"@id":"https:\/\/www.africa-press.net\/cameroun\/toutes-les-actualites\/can-2023-place-aux-huitiemes-de-finale-les-affiches"},"wordCount":313,"commentCount":0,"image":{"@id":"https:\/\/www.africa-press.net\/cameroun\/toutes-les-actualites\/can-2023-place-aux-huitiemes-de-finale-les-affiches#primaryimage"},"thumbnailUrl":"https:\/\/static.africa-press.net\/cameroun\/sites\/57\/2024\/01\/sm_1706293505.712359.jpg","keywords":["Africa Press","Africa Press-Cameroun","Cameroun"],"articleSection":["Communaut\u00e9","Toutes les actualit\u00e9s"],"inLanguage":"fr-FR","potentialAction":[{"@type":"CommentAction","name":"Comment","target":["https:\/\/www.africa-press.net\/cameroun\/toutes-les-actualites\/can-2023-place-aux-huitiemes-de-finale-les-affiches#respond"]}]},{"@type":"WebPage","@id":"https:\/\/www.africa-press.net\/cameroun\/toutes-les-actualites\/can-2023-place-aux-huitiemes-de-finale-les-affiches","url":"https:\/\/www.africa-press.net\/cameroun\/toutes-les-actualites\/can-2023-place-aux-huitiemes-de-finale-les-affiches","name":"CAN 2023 : Place aux Huiti\u00e8mes de Finale, les Affiches - Cameroun","isPartOf":{"@id":"https:\/\/www.africa-press.net\/cameroun\/#website"},"primaryImageOfPage":{"@id":"https:\/\/www.africa-press.net\/cameroun\/toutes-les-actualites\/can-2023-place-aux-huitiemes-de-finale-les-affiches#primaryimage"},"image":{"@id":"https:\/\/www.africa-press.net\/cameroun\/toutes-les-actualites\/can-2023-place-aux-huitiemes-de-finale-les-affiches#primaryimage"},"thumbnailUrl":"https:\/\/static.africa-press.net\/cameroun\/sites\/57\/2024\/01\/sm_1706293505.712359.jpg","datePublished":"2024-01-26T21:22:04+00:00","dateModified":"2024-01-26T22:07:06+00:00","author":{"@id":"https:\/\/www.africa-press.net\/cameroun\/#\/schema\/person\/2b1cf3cd81a31e3cd26889ca66d677f1"},"description":"Le deuxie\u0300me tour de la Coupe d\u2019Afrique des Nations de\u0301bute ce samedi 27 janvier avec des rencontres prometteuses.&lt;\/b ...","breadcrumb":{"@id":"https:\/\/www.africa-press.net\/cameroun\/toutes-les-actualites\/can-2023-place-aux-huitiemes-de-finale-les-affiches#breadcrumb"},"inLanguage":"fr-FR","potentialAction":[{"@type":"ReadAction","target":["https:\/\/www.africa-press.net\/cameroun\/toutes-les-actualites\/can-2023-place-aux-huitiemes-de-finale-les-affiches"]}]},{"@type":"ImageObject","inLanguage":"fr-FR","@id":"https:\/\/www.africa-press.net\/cameroun\/toutes-les-actualites\/can-2023-place-aux-huitiemes-de-finale-les-affiches#primaryimage","url":"https:\/\/static.africa-press.net\/cameroun\/sites\/57\/2024\/01\/sm_1706293505.712359.jpg","contentUrl":"https:\/\/static.africa-press.net\/cameroun\/sites\/57\/2024\/01\/sm_1706293505.712359.jpg","width":780,"height":440,"caption":"CAN 2023 : Place aux Huiti\u00e8mes de Finale, les Affiches"},{"@type":"BreadcrumbList","@id":"https:\/\/www.africa-press.net\/cameroun\/toutes-les-actualites\/can-2023-place-aux-huitiemes-de-finale-les-affiches#breadcrumb","itemListElement":[{"@type":"ListItem","position":1,"name":"Accueil","item":"https:\/\/www.africa-press.net\/cameroun\/"},{"@type":"ListItem","position":2,"name":"CAN 2023 : Place aux Huiti\u00e8mes de Finale, les Affiches"}]},{"@type":"WebSite","@id":"https:\/\/www.africa-press.net\/cameroun\/#website","url":"https:\/\/www.africa-press.net\/cameroun\/","name":"Cameroun","description":"Just another Africa News Agency Sites site","potentialAction":[{"@type":"SearchAction","target":{"@type":"EntryPoint","urlTemplate":"https:\/\/www.africa-press.net\/cameroun\/?s={search_term_string}"},"query-input":{"@type":"PropertyValueSpecification","valueRequired":true,"valueName":"search_term_string"}}],"inLanguage":"fr-FR"},{"@type":"Person","@id":"https:\/\/www.africa-press.net\/cameroun\/#\/schema\/person\/2b1cf3cd81a31e3cd26889ca66d677f1","name":"cfeditorfr"}]}},"_links":{"self":[{"href":"https:\/\/www.africa-press.net\/cameroun\/wp-json\/wp\/v2\/posts\/60862","targetHints":{"allow":["GET"]}}],"collection":[{"href":"https:\/\/www.africa-press.net\/cameroun\/wp-json\/wp\/v2\/posts"}],"about":[{"href":"https:\/\/www.africa-press.net\/cameroun\/wp-json\/wp\/v2\/types\/post"}],"author":[{"embeddable":true,"href":"https:\/\/www.africa-press.net\/cameroun\/wp-json\/wp\/v2\/users\/82"}],"replies":[{"embeddable":true,"href":"https:\/\/www.africa-press.net\/cameroun\/wp-json\/wp\/v2\/comments?post=60862"}],"version-history":[{"count":0,"href":"https:\/\/www.africa-press.net\/cameroun\/wp-json\/wp\/v2\/posts\/60862\/revisions"}],"wp:featuredmedia":[{"embeddable":true,"href":"https:\/\/www.africa-press.net\/cameroun\/wp-json\/wp\/v2\/media\/60861"}],"wp:attachment":[{"href":"https:\/\/www.africa-press.net\/cameroun\/wp-json\/wp\/v2\/media?parent=60862"}],"wp:term":[{"taxonomy":"category","embeddable":true,"href":"https:\/\/www.africa-press.net\/cameroun\/wp-json\/wp\/v2\/categories?post=60862"},{"taxonomy":"post_tag","embeddable":true,"href":"https:\/\/www.africa-press.net\/cameroun\/wp-json\/wp\/v2\/tags?post=60862"}],"curies":[{"name":"wp","href":"https:\/\/api.w.org\/{rel}","templated":true}]}}