{"id":60901,"date":"2024-01-29T12:16:18","date_gmt":"2024-01-29T12:16:18","guid":{"rendered":"https:\/\/www.africa-press.net\/cameroun\/politique\/le-gouvernement-lance-la-semaine-nationale-du-bilinguisme"},"modified":"2024-01-29T12:44:19","modified_gmt":"2024-01-29T12:44:19","slug":"le-gouvernement-lance-la-semaine-nationale-du-bilinguisme","status":"publish","type":"post","link":"https:\/\/www.africa-press.net\/cameroun\/politique\/le-gouvernement-lance-la-semaine-nationale-du-bilinguisme","title":{"rendered":"Le Gouvernement Lance la Semaine Nationale du Bilinguisme"},"content":{"rendered":"<p><span style=\"color: #ff6600\"><strong>Africa-Press &#8211; Cameroun. <\/strong><\/span><b>Deux ministe\u0300res en charge de l\u2019e\u0301ducation lancent les activite\u0301s relatives a\u0300 la semaine de promotion des deux langues officielles ce 29 janvier 2024.<\/b><\/p>\n<p>La ce\u0301re\u0301monie de lancement des festivite\u0301s marquant la 19e\u0300 e\u0301dition de la semaine nationale du bilinguisme a lieu ce jour a\u0300 la place des fe\u0302tes de Bertoua, capitale re\u0301gionale de l\u2019Est. \u00ab Bilinguisme, vecteur de digitalisation des enseignements pour la promotion des valeurs civiques et morales dans un Cameroun pacifique et e\u0301mergent \u00bb, c\u2019est le the\u0300me de le 19e\u0300 e\u0301dition. Pour lancer les activite\u0301s, le secre\u0301taire d\u2019Etat aupre\u0300s du ministre des Enseignements secondaires charge\u0301 de l\u2019Enseignement normal, Boniface Bayaola, se\u0301journe dans la re\u0301gion de l\u2019Est. Le gouverneur de la re\u0301gion Gre\u0301goire Mvongo l\u2019y a accueilli le dimanche 28 janvier.<\/p>\n<p>Apre\u0300s la ce\u0301re\u0301monie de lancement et jusqu\u2019au vendredi 2 fe\u0301vrier prochain, le gouvernement et les acteurs de l\u2019e\u0301ducation vont mener des actions de sensibilisation. Ces dernie\u0300res porteront sur l\u2019importance de la pratique des deux langues officielles que sont le franc\u0327ais et l\u2019anglais au sein des e\u0301tablissements scolaires. Cette semaine qui se referme par la journe\u0301e nationale du bilinguisme qui se ce\u0301le\u0300bre chaque premier vendredi du mois de fe\u0301vrier, donne aussi l\u2019occasion aux e\u0301le\u0300ves de mener des activite\u0301s dans leurs diffe\u0301rents campus.<\/p>\n<p>Consacre\u0301es par la re\u0301vision constitutionnelle du 18 janvier 1996, les deux langues officielles (l\u2019anglais et le franc\u0327ais) sont he\u0301rite\u0301es des puissances tute\u0301laires de l\u2019ONU, la Grande Bretagne et la France. Malgre\u0301 la temps qui passe, la pratique de ces deux langues n\u2019est pas la chose partage\u0301e de tous les Camerounais. La semaine nationale du bilinguisme est l\u2019une des techniques permettant d\u2019encourager les jeunes a\u0300 pratiquer les deux langues. Dans certains e\u0301tablissements scolaires, la journe\u0301e du mercredi est consacre\u0301e a\u0300 la pratique du bilinguisme. Aussi, l\u2019on note parmi les mesures, la cre\u0301ation des e\u0301tablissements scolaires bilingues, l\u2019instauration des cursus scolaires bilingues au secondaire. De me\u0302me, l\u2019Etat a proce\u0301de\u0301 a\u0300 la cre\u0301ation le 23 janvier 2017, en pleine crise dite anglophone, de la Commission nationale pour la Promotion du bilinguisme et du multiculturalisme. Cependant, plusieurs Camerounais ont encore de la peine a\u0300 utiliser les deux langues.<\/p>\n<p><strong>Pour plus d&rsquo;informations et d&rsquo;analyses sur la <a href=\"https:\/\/www.africa-press.net\/cameroun\">Cameroun<\/a>, suivez <a href=\"https:\/\/www.africa-press.net\/\">Africa-Press<\/a><\/strong><\/p>\n","protected":false},"excerpt":{"rendered":"<p>Africa-Press &#8211; Cameroun. Deux ministe\u0300res en charge de l\u2019e\u0301ducation lancent les activite\u0301s relatives a\u0300 la semaine de promotion des deux langues officielles ce 29 janvier 2024. La ce\u0301re\u0301monie de lancement des festivite\u0301s marquant la 19e\u0300 e\u0301dition de la semaine nationale du bilinguisme a lieu ce jour a\u0300 la place des fe\u0302tes de Bertoua, capitale re\u0301gionale [&hellip;]<\/p>\n","protected":false},"author":82,"featured_media":60900,"comment_status":"open","ping_status":"closed","sticky":false,"template":"","format":"standard","meta":{"footnotes":""},"categories":[2,10],"tags":[36,50,49],"class_list":["post-60901","post","type-post","status-publish","format-standard","has-post-thumbnail","hentry","category-politique","category-toutes-les-actualites","tag-africa-press","tag-africa-press-cameroun","tag-cameroun"],"yoast_head":"<!-- This site is optimized with the Yoast SEO Premium plugin v26.1 (Yoast SEO v27.0) - https:\/\/yoast.com\/product\/yoast-seo-premium-wordpress\/ -->\n<title>Le Gouvernement Lance la Semaine Nationale du Bilinguisme - Cameroun<\/title>\n<meta name=\"description\" content=\"Deux ministe\u0300res en charge de l\u2019e\u0301ducation lancent les activite\u0301s relatives a\u0300 la semaine de promotion des deux langu ...\" \/>\n<meta name=\"robots\" content=\"index, follow, max-snippet:-1, max-image-preview:large, max-video-preview:-1\" \/>\n<link rel=\"canonical\" href=\"https:\/\/www.africa-press.net\/cameroun\/politique\/le-gouvernement-lance-la-semaine-nationale-du-bilinguisme\" \/>\n<meta property=\"og:locale\" content=\"fr_FR\" \/>\n<meta property=\"og:type\" content=\"article\" \/>\n<meta property=\"og:title\" content=\"Le Gouvernement Lance la Semaine Nationale du Bilinguisme\" \/>\n<meta property=\"og:description\" content=\"Deux ministe\u0300res en charge de l\u2019e\u0301ducation lancent les activite\u0301s relatives a\u0300 la semaine de promotion des deux langu ...\" \/>\n<meta property=\"og:url\" content=\"https:\/\/www.africa-press.net\/cameroun\/politique\/le-gouvernement-lance-la-semaine-nationale-du-bilinguisme\" \/>\n<meta property=\"og:site_name\" content=\"Cameroun\" \/>\n<meta property=\"article:published_time\" content=\"2024-01-29T12:16:18+00:00\" \/>\n<meta property=\"article:modified_time\" content=\"2024-01-29T12:44:19+00:00\" \/>\n<meta property=\"og:image\" content=\"https:\/\/static.africa-press.net\/cameroun\/sites\/57\/2024\/01\/sm_1706519536.824791.jpg\" \/>\n\t<meta property=\"og:image:width\" content=\"780\" \/>\n\t<meta property=\"og:image:height\" content=\"440\" \/>\n\t<meta property=\"og:image:type\" content=\"image\/jpeg\" \/>\n<meta name=\"author\" content=\"cfeditorfr\" \/>\n<meta name=\"twitter:card\" content=\"summary_large_image\" \/>\n<meta name=\"twitter:label1\" content=\"\u00c9crit par\" \/>\n\t<meta name=\"twitter:data1\" content=\"cfeditorfr\" \/>\n\t<meta name=\"twitter:label2\" content=\"Dur\u00e9e de lecture estim\u00e9e\" \/>\n\t<meta name=\"twitter:data2\" content=\"2 minutes\" \/>\n<script type=\"application\/ld+json\" class=\"yoast-schema-graph\">{\"@context\":\"https:\/\/schema.org\",\"@graph\":[{\"@type\":\"Article\",\"@id\":\"https:\/\/www.africa-press.net\/cameroun\/politique\/le-gouvernement-lance-la-semaine-nationale-du-bilinguisme#article\",\"isPartOf\":{\"@id\":\"https:\/\/www.africa-press.net\/cameroun\/politique\/le-gouvernement-lance-la-semaine-nationale-du-bilinguisme\"},\"author\":{\"name\":\"cfeditorfr\",\"@id\":\"https:\/\/www.africa-press.net\/cameroun\/#\/schema\/person\/2b1cf3cd81a31e3cd26889ca66d677f1\"},\"headline\":\"Le Gouvernement Lance la Semaine Nationale du Bilinguisme\",\"datePublished\":\"2024-01-29T12:16:18+00:00\",\"dateModified\":\"2024-01-29T12:44:19+00:00\",\"mainEntityOfPage\":{\"@id\":\"https:\/\/www.africa-press.net\/cameroun\/politique\/le-gouvernement-lance-la-semaine-nationale-du-bilinguisme\"},\"wordCount\":430,\"commentCount\":0,\"image\":{\"@id\":\"https:\/\/www.africa-press.net\/cameroun\/politique\/le-gouvernement-lance-la-semaine-nationale-du-bilinguisme#primaryimage\"},\"thumbnailUrl\":\"https:\/\/static.africa-press.net\/cameroun\/sites\/57\/2024\/01\/sm_1706519536.824791.jpg\",\"keywords\":[\"Africa Press\",\"Africa Press-Cameroun\",\"Cameroun\"],\"articleSection\":[\"Politique\",\"Toutes les actualit\u00e9s\"],\"inLanguage\":\"fr-FR\",\"potentialAction\":[{\"@type\":\"CommentAction\",\"name\":\"Comment\",\"target\":[\"https:\/\/www.africa-press.net\/cameroun\/politique\/le-gouvernement-lance-la-semaine-nationale-du-bilinguisme#respond\"]}]},{\"@type\":\"WebPage\",\"@id\":\"https:\/\/www.africa-press.net\/cameroun\/politique\/le-gouvernement-lance-la-semaine-nationale-du-bilinguisme\",\"url\":\"https:\/\/www.africa-press.net\/cameroun\/politique\/le-gouvernement-lance-la-semaine-nationale-du-bilinguisme\",\"name\":\"Le Gouvernement Lance la Semaine Nationale du Bilinguisme - Cameroun\",\"isPartOf\":{\"@id\":\"https:\/\/www.africa-press.net\/cameroun\/#website\"},\"primaryImageOfPage\":{\"@id\":\"https:\/\/www.africa-press.net\/cameroun\/politique\/le-gouvernement-lance-la-semaine-nationale-du-bilinguisme#primaryimage\"},\"image\":{\"@id\":\"https:\/\/www.africa-press.net\/cameroun\/politique\/le-gouvernement-lance-la-semaine-nationale-du-bilinguisme#primaryimage\"},\"thumbnailUrl\":\"https:\/\/static.africa-press.net\/cameroun\/sites\/57\/2024\/01\/sm_1706519536.824791.jpg\",\"datePublished\":\"2024-01-29T12:16:18+00:00\",\"dateModified\":\"2024-01-29T12:44:19+00:00\",\"author\":{\"@id\":\"https:\/\/www.africa-press.net\/cameroun\/#\/schema\/person\/2b1cf3cd81a31e3cd26889ca66d677f1\"},\"description\":\"Deux ministe\u0300res en charge de l\u2019e\u0301ducation lancent les activite\u0301s relatives a\u0300 la semaine de promotion des deux langu ...\",\"breadcrumb\":{\"@id\":\"https:\/\/www.africa-press.net\/cameroun\/politique\/le-gouvernement-lance-la-semaine-nationale-du-bilinguisme#breadcrumb\"},\"inLanguage\":\"fr-FR\",\"potentialAction\":[{\"@type\":\"ReadAction\",\"target\":[\"https:\/\/www.africa-press.net\/cameroun\/politique\/le-gouvernement-lance-la-semaine-nationale-du-bilinguisme\"]}]},{\"@type\":\"ImageObject\",\"inLanguage\":\"fr-FR\",\"@id\":\"https:\/\/www.africa-press.net\/cameroun\/politique\/le-gouvernement-lance-la-semaine-nationale-du-bilinguisme#primaryimage\",\"url\":\"https:\/\/static.africa-press.net\/cameroun\/sites\/57\/2024\/01\/sm_1706519536.824791.jpg\",\"contentUrl\":\"https:\/\/static.africa-press.net\/cameroun\/sites\/57\/2024\/01\/sm_1706519536.824791.jpg\",\"width\":780,\"height\":440,\"caption\":\"Le Gouvernement Lance la Semaine Nationale du Bilinguisme\"},{\"@type\":\"BreadcrumbList\",\"@id\":\"https:\/\/www.africa-press.net\/cameroun\/politique\/le-gouvernement-lance-la-semaine-nationale-du-bilinguisme#breadcrumb\",\"itemListElement\":[{\"@type\":\"ListItem\",\"position\":1,\"name\":\"Accueil\",\"item\":\"https:\/\/www.africa-press.net\/cameroun\/\"},{\"@type\":\"ListItem\",\"position\":2,\"name\":\"Le Gouvernement Lance la Semaine Nationale du Bilinguisme\"}]},{\"@type\":\"WebSite\",\"@id\":\"https:\/\/www.africa-press.net\/cameroun\/#website\",\"url\":\"https:\/\/www.africa-press.net\/cameroun\/\",\"name\":\"Cameroun\",\"description\":\"Just another Africa News Agency Sites site\",\"potentialAction\":[{\"@type\":\"SearchAction\",\"target\":{\"@type\":\"EntryPoint\",\"urlTemplate\":\"https:\/\/www.africa-press.net\/cameroun\/?s={search_term_string}\"},\"query-input\":{\"@type\":\"PropertyValueSpecification\",\"valueRequired\":true,\"valueName\":\"search_term_string\"}}],\"inLanguage\":\"fr-FR\"},{\"@type\":\"Person\",\"@id\":\"https:\/\/www.africa-press.net\/cameroun\/#\/schema\/person\/2b1cf3cd81a31e3cd26889ca66d677f1\",\"name\":\"cfeditorfr\"}]}<\/script>\n<!-- \/ Yoast SEO Premium plugin. -->","yoast_head_json":{"title":"Le Gouvernement Lance la Semaine Nationale du Bilinguisme - Cameroun","description":"Deux ministe\u0300res en charge de l\u2019e\u0301ducation lancent les activite\u0301s relatives a\u0300 la semaine de promotion des deux langu ...","robots":{"index":"index","follow":"follow","max-snippet":"max-snippet:-1","max-image-preview":"max-image-preview:large","max-video-preview":"max-video-preview:-1"},"canonical":"https:\/\/www.africa-press.net\/cameroun\/politique\/le-gouvernement-lance-la-semaine-nationale-du-bilinguisme","og_locale":"fr_FR","og_type":"article","og_title":"Le Gouvernement Lance la Semaine Nationale du Bilinguisme","og_description":"Deux ministe\u0300res en charge de l\u2019e\u0301ducation lancent les activite\u0301s relatives a\u0300 la semaine de promotion des deux langu ...","og_url":"https:\/\/www.africa-press.net\/cameroun\/politique\/le-gouvernement-lance-la-semaine-nationale-du-bilinguisme","og_site_name":"Cameroun","article_published_time":"2024-01-29T12:16:18+00:00","article_modified_time":"2024-01-29T12:44:19+00:00","og_image":[{"width":780,"height":440,"url":"https:\/\/static.africa-press.net\/cameroun\/sites\/57\/2024\/01\/sm_1706519536.824791.jpg","type":"image\/jpeg"}],"author":"cfeditorfr","twitter_card":"summary_large_image","twitter_misc":{"\u00c9crit par":"cfeditorfr","Dur\u00e9e de lecture estim\u00e9e":"2 minutes"},"schema":{"@context":"https:\/\/schema.org","@graph":[{"@type":"Article","@id":"https:\/\/www.africa-press.net\/cameroun\/politique\/le-gouvernement-lance-la-semaine-nationale-du-bilinguisme#article","isPartOf":{"@id":"https:\/\/www.africa-press.net\/cameroun\/politique\/le-gouvernement-lance-la-semaine-nationale-du-bilinguisme"},"author":{"name":"cfeditorfr","@id":"https:\/\/www.africa-press.net\/cameroun\/#\/schema\/person\/2b1cf3cd81a31e3cd26889ca66d677f1"},"headline":"Le Gouvernement Lance la Semaine Nationale du Bilinguisme","datePublished":"2024-01-29T12:16:18+00:00","dateModified":"2024-01-29T12:44:19+00:00","mainEntityOfPage":{"@id":"https:\/\/www.africa-press.net\/cameroun\/politique\/le-gouvernement-lance-la-semaine-nationale-du-bilinguisme"},"wordCount":430,"commentCount":0,"image":{"@id":"https:\/\/www.africa-press.net\/cameroun\/politique\/le-gouvernement-lance-la-semaine-nationale-du-bilinguisme#primaryimage"},"thumbnailUrl":"https:\/\/static.africa-press.net\/cameroun\/sites\/57\/2024\/01\/sm_1706519536.824791.jpg","keywords":["Africa Press","Africa Press-Cameroun","Cameroun"],"articleSection":["Politique","Toutes les actualit\u00e9s"],"inLanguage":"fr-FR","potentialAction":[{"@type":"CommentAction","name":"Comment","target":["https:\/\/www.africa-press.net\/cameroun\/politique\/le-gouvernement-lance-la-semaine-nationale-du-bilinguisme#respond"]}]},{"@type":"WebPage","@id":"https:\/\/www.africa-press.net\/cameroun\/politique\/le-gouvernement-lance-la-semaine-nationale-du-bilinguisme","url":"https:\/\/www.africa-press.net\/cameroun\/politique\/le-gouvernement-lance-la-semaine-nationale-du-bilinguisme","name":"Le Gouvernement Lance la Semaine Nationale du Bilinguisme - Cameroun","isPartOf":{"@id":"https:\/\/www.africa-press.net\/cameroun\/#website"},"primaryImageOfPage":{"@id":"https:\/\/www.africa-press.net\/cameroun\/politique\/le-gouvernement-lance-la-semaine-nationale-du-bilinguisme#primaryimage"},"image":{"@id":"https:\/\/www.africa-press.net\/cameroun\/politique\/le-gouvernement-lance-la-semaine-nationale-du-bilinguisme#primaryimage"},"thumbnailUrl":"https:\/\/static.africa-press.net\/cameroun\/sites\/57\/2024\/01\/sm_1706519536.824791.jpg","datePublished":"2024-01-29T12:16:18+00:00","dateModified":"2024-01-29T12:44:19+00:00","author":{"@id":"https:\/\/www.africa-press.net\/cameroun\/#\/schema\/person\/2b1cf3cd81a31e3cd26889ca66d677f1"},"description":"Deux ministe\u0300res en charge de l\u2019e\u0301ducation lancent les activite\u0301s relatives a\u0300 la semaine de promotion des deux langu ...","breadcrumb":{"@id":"https:\/\/www.africa-press.net\/cameroun\/politique\/le-gouvernement-lance-la-semaine-nationale-du-bilinguisme#breadcrumb"},"inLanguage":"fr-FR","potentialAction":[{"@type":"ReadAction","target":["https:\/\/www.africa-press.net\/cameroun\/politique\/le-gouvernement-lance-la-semaine-nationale-du-bilinguisme"]}]},{"@type":"ImageObject","inLanguage":"fr-FR","@id":"https:\/\/www.africa-press.net\/cameroun\/politique\/le-gouvernement-lance-la-semaine-nationale-du-bilinguisme#primaryimage","url":"https:\/\/static.africa-press.net\/cameroun\/sites\/57\/2024\/01\/sm_1706519536.824791.jpg","contentUrl":"https:\/\/static.africa-press.net\/cameroun\/sites\/57\/2024\/01\/sm_1706519536.824791.jpg","width":780,"height":440,"caption":"Le Gouvernement Lance la Semaine Nationale du Bilinguisme"},{"@type":"BreadcrumbList","@id":"https:\/\/www.africa-press.net\/cameroun\/politique\/le-gouvernement-lance-la-semaine-nationale-du-bilinguisme#breadcrumb","itemListElement":[{"@type":"ListItem","position":1,"name":"Accueil","item":"https:\/\/www.africa-press.net\/cameroun\/"},{"@type":"ListItem","position":2,"name":"Le Gouvernement Lance la Semaine Nationale du Bilinguisme"}]},{"@type":"WebSite","@id":"https:\/\/www.africa-press.net\/cameroun\/#website","url":"https:\/\/www.africa-press.net\/cameroun\/","name":"Cameroun","description":"Just another Africa News Agency Sites site","potentialAction":[{"@type":"SearchAction","target":{"@type":"EntryPoint","urlTemplate":"https:\/\/www.africa-press.net\/cameroun\/?s={search_term_string}"},"query-input":{"@type":"PropertyValueSpecification","valueRequired":true,"valueName":"search_term_string"}}],"inLanguage":"fr-FR"},{"@type":"Person","@id":"https:\/\/www.africa-press.net\/cameroun\/#\/schema\/person\/2b1cf3cd81a31e3cd26889ca66d677f1","name":"cfeditorfr"}]}},"_links":{"self":[{"href":"https:\/\/www.africa-press.net\/cameroun\/wp-json\/wp\/v2\/posts\/60901","targetHints":{"allow":["GET"]}}],"collection":[{"href":"https:\/\/www.africa-press.net\/cameroun\/wp-json\/wp\/v2\/posts"}],"about":[{"href":"https:\/\/www.africa-press.net\/cameroun\/wp-json\/wp\/v2\/types\/post"}],"author":[{"embeddable":true,"href":"https:\/\/www.africa-press.net\/cameroun\/wp-json\/wp\/v2\/users\/82"}],"replies":[{"embeddable":true,"href":"https:\/\/www.africa-press.net\/cameroun\/wp-json\/wp\/v2\/comments?post=60901"}],"version-history":[{"count":0,"href":"https:\/\/www.africa-press.net\/cameroun\/wp-json\/wp\/v2\/posts\/60901\/revisions"}],"wp:featuredmedia":[{"embeddable":true,"href":"https:\/\/www.africa-press.net\/cameroun\/wp-json\/wp\/v2\/media\/60900"}],"wp:attachment":[{"href":"https:\/\/www.africa-press.net\/cameroun\/wp-json\/wp\/v2\/media?parent=60901"}],"wp:term":[{"taxonomy":"category","embeddable":true,"href":"https:\/\/www.africa-press.net\/cameroun\/wp-json\/wp\/v2\/categories?post=60901"},{"taxonomy":"post_tag","embeddable":true,"href":"https:\/\/www.africa-press.net\/cameroun\/wp-json\/wp\/v2\/tags?post=60901"}],"curies":[{"name":"wp","href":"https:\/\/api.w.org\/{rel}","templated":true}]}}