{"id":60903,"date":"2024-01-29T12:16:32","date_gmt":"2024-01-29T12:16:32","guid":{"rendered":"https:\/\/www.africa-press.net\/cameroun\/politique\/voici-le-theme-de-la-58e-fete-de-la-jeunesse"},"modified":"2024-01-29T12:45:14","modified_gmt":"2024-01-29T12:45:14","slug":"voici-le-theme-de-la-58e-fete-de-la-jeunesse","status":"publish","type":"post","link":"https:\/\/www.africa-press.net\/cameroun\/politique\/voici-le-theme-de-la-58e-fete-de-la-jeunesse","title":{"rendered":"Voici le Th\u00e8me de la 58\u00e8 F\u00eate de la Jeunesse"},"content":{"rendered":"<p><span style=\"color: #ff6600\"><strong>Africa-Press &#8211; Cameroun. <\/strong><\/span><b>Le ministre de la Jeunesse et de l\u2019Education civique (Minjec), Mounouna Foutsou, l\u2019a de\u0301voile\u0301 en fin de semaine dernie\u0300re au cours d\u2019un point de presse a\u0300 Yaounde\u0301.<\/b><\/p>\n<p>La <b>48e\u0300 e\u0301dition de la fe\u0302te de la jeunesse<\/b> connai\u0302tra son apothe\u0301ose le <b>11 fe\u0301vrier 2024<\/b> dans les 10 re\u0301gions du Cameroun. Dans la mouvance de cette ce\u0301le\u0301bration qui s\u2019annonce, le ministre de la Jeunesse et de l\u2019Education civique vient d\u2019en pre\u0301senter les particularite\u0301s. Le the\u0300me de cette e\u0301dition est \u00ab <b>jeunesse, import substitution et patriotisme e\u0301conomique pour le progre\u0300s du Cameroun<\/b> \u00bb.<\/p>\n<p>Selon Mounouna Foutsou, cette the\u0301matique est une orientation politique qui \u00ab encourage la participation active des jeunes a\u0300 l\u2019acce\u0301le\u0301ration de la croissance de notre e\u0301conomie, notamment a\u0300 travers l\u2019entrepreneuriat et l\u2019innovation, afin de re\u0301duire sa de\u0301pendance vis-a\u0300-vis des importations en de\u0301veloppant sa propre capacite\u0301 de production et de consommation \u00bb.<\/p>\n<p>Pour l\u2019e\u0301dition 2024, le de\u0301file\u0301 du 11 fe\u0301vrier va boucler 11 jours de festivite\u0301s dans le cadre de <b>la onzaine de la jeunesse<\/b>. Cette pe\u0301riode s\u2019ouvre le 31 janvier. Le lancement officiel de la onzaine de la jeunesse aura lieu mercredi prochain dans la localite\u0301 de <b>Nsem<\/b>, de\u0301partement de la Haute Sanaga, re\u0301gion du Centre. Au cours cette de ces 11 jours, le Comite\u0301 d\u2019organisation de la fe\u0302te de la jeunesse que pre\u0301side le Minjec pre\u0301voit entre autres activite\u0301s, la tenue du premier camp mondial des jeunes a\u0300 Yaounde\u0301. L\u2019e\u0301ve\u0301nement re\u0301unira des jeunes du Cameroun et d\u2019autres pays au stade omnisports Ahmadou Ahidjo de Yaounde\u0301.<\/p>\n<p><strong>Pour plus d&rsquo;informations et d&rsquo;analyses sur la <a href=\"https:\/\/www.africa-press.net\/cameroun\">Cameroun<\/a>, suivez <a href=\"https:\/\/www.africa-press.net\/\">Africa-Press<\/a><\/strong><\/p>\n","protected":false},"excerpt":{"rendered":"<p>Africa-Press &#8211; Cameroun. Le ministre de la Jeunesse et de l\u2019Education civique (Minjec), Mounouna Foutsou, l\u2019a de\u0301voile\u0301 en fin de semaine dernie\u0300re au cours d\u2019un point de presse a\u0300 Yaounde\u0301. La 48e\u0300 e\u0301dition de la fe\u0302te de la jeunesse connai\u0302tra son apothe\u0301ose le 11 fe\u0301vrier 2024 dans les 10 re\u0301gions du Cameroun. Dans la mouvance [&hellip;]<\/p>\n","protected":false},"author":82,"featured_media":60902,"comment_status":"open","ping_status":"closed","sticky":false,"template":"","format":"standard","meta":{"footnotes":""},"categories":[2,10],"tags":[36,50,49],"class_list":["post-60903","post","type-post","status-publish","format-standard","has-post-thumbnail","hentry","category-politique","category-toutes-les-actualites","tag-africa-press","tag-africa-press-cameroun","tag-cameroun"],"yoast_head":"<!-- This site is optimized with the Yoast SEO Premium plugin v26.1 (Yoast SEO v27.0) - https:\/\/yoast.com\/product\/yoast-seo-premium-wordpress\/ -->\n<title>Voici le Th\u00e8me de la 58\u00e8 F\u00eate de la Jeunesse - Cameroun<\/title>\n<meta name=\"description\" content=\"Le ministre de la Jeunesse et de l\u2019Education civique (Minjec), Mounouna Foutsou, l\u2019a de\u0301voile\u0301 en fin de semaine dern ...\" \/>\n<meta name=\"robots\" content=\"index, follow, max-snippet:-1, max-image-preview:large, max-video-preview:-1\" \/>\n<link rel=\"canonical\" href=\"https:\/\/www.africa-press.net\/cameroun\/politique\/voici-le-theme-de-la-58e-fete-de-la-jeunesse\" \/>\n<meta property=\"og:locale\" content=\"fr_FR\" \/>\n<meta property=\"og:type\" content=\"article\" \/>\n<meta property=\"og:title\" content=\"Voici le Th\u00e8me de la 58\u00e8 F\u00eate de la Jeunesse\" \/>\n<meta property=\"og:description\" content=\"Le ministre de la Jeunesse et de l\u2019Education civique (Minjec), Mounouna Foutsou, l\u2019a de\u0301voile\u0301 en fin de semaine dern ...\" \/>\n<meta property=\"og:url\" content=\"https:\/\/www.africa-press.net\/cameroun\/politique\/voici-le-theme-de-la-58e-fete-de-la-jeunesse\" \/>\n<meta property=\"og:site_name\" content=\"Cameroun\" \/>\n<meta property=\"article:published_time\" content=\"2024-01-29T12:16:32+00:00\" \/>\n<meta property=\"article:modified_time\" content=\"2024-01-29T12:45:14+00:00\" \/>\n<meta property=\"og:image\" content=\"https:\/\/static.africa-press.net\/cameroun\/sites\/57\/2024\/01\/sm_1706519574.412527.jpg\" \/>\n\t<meta property=\"og:image:width\" content=\"780\" \/>\n\t<meta property=\"og:image:height\" content=\"440\" \/>\n\t<meta property=\"og:image:type\" content=\"image\/jpeg\" \/>\n<meta name=\"author\" content=\"cfeditorfr\" \/>\n<meta name=\"twitter:card\" content=\"summary_large_image\" \/>\n<meta name=\"twitter:label1\" content=\"\u00c9crit par\" \/>\n\t<meta name=\"twitter:data1\" content=\"cfeditorfr\" \/>\n\t<meta name=\"twitter:label2\" content=\"Dur\u00e9e de lecture estim\u00e9e\" \/>\n\t<meta name=\"twitter:data2\" content=\"1 minute\" \/>\n<script type=\"application\/ld+json\" class=\"yoast-schema-graph\">{\"@context\":\"https:\/\/schema.org\",\"@graph\":[{\"@type\":\"Article\",\"@id\":\"https:\/\/www.africa-press.net\/cameroun\/politique\/voici-le-theme-de-la-58e-fete-de-la-jeunesse#article\",\"isPartOf\":{\"@id\":\"https:\/\/www.africa-press.net\/cameroun\/politique\/voici-le-theme-de-la-58e-fete-de-la-jeunesse\"},\"author\":{\"name\":\"cfeditorfr\",\"@id\":\"https:\/\/www.africa-press.net\/cameroun\/#\/schema\/person\/2b1cf3cd81a31e3cd26889ca66d677f1\"},\"headline\":\"Voici le Th\u00e8me de la 58\u00e8 F\u00eate de la Jeunesse\",\"datePublished\":\"2024-01-29T12:16:32+00:00\",\"dateModified\":\"2024-01-29T12:45:14+00:00\",\"mainEntityOfPage\":{\"@id\":\"https:\/\/www.africa-press.net\/cameroun\/politique\/voici-le-theme-de-la-58e-fete-de-la-jeunesse\"},\"wordCount\":311,\"commentCount\":0,\"image\":{\"@id\":\"https:\/\/www.africa-press.net\/cameroun\/politique\/voici-le-theme-de-la-58e-fete-de-la-jeunesse#primaryimage\"},\"thumbnailUrl\":\"https:\/\/static.africa-press.net\/cameroun\/sites\/57\/2024\/01\/sm_1706519574.412527.jpg\",\"keywords\":[\"Africa Press\",\"Africa Press-Cameroun\",\"Cameroun\"],\"articleSection\":[\"Politique\",\"Toutes les actualit\u00e9s\"],\"inLanguage\":\"fr-FR\",\"potentialAction\":[{\"@type\":\"CommentAction\",\"name\":\"Comment\",\"target\":[\"https:\/\/www.africa-press.net\/cameroun\/politique\/voici-le-theme-de-la-58e-fete-de-la-jeunesse#respond\"]}]},{\"@type\":\"WebPage\",\"@id\":\"https:\/\/www.africa-press.net\/cameroun\/politique\/voici-le-theme-de-la-58e-fete-de-la-jeunesse\",\"url\":\"https:\/\/www.africa-press.net\/cameroun\/politique\/voici-le-theme-de-la-58e-fete-de-la-jeunesse\",\"name\":\"Voici le Th\u00e8me de la 58\u00e8 F\u00eate de la Jeunesse - Cameroun\",\"isPartOf\":{\"@id\":\"https:\/\/www.africa-press.net\/cameroun\/#website\"},\"primaryImageOfPage\":{\"@id\":\"https:\/\/www.africa-press.net\/cameroun\/politique\/voici-le-theme-de-la-58e-fete-de-la-jeunesse#primaryimage\"},\"image\":{\"@id\":\"https:\/\/www.africa-press.net\/cameroun\/politique\/voici-le-theme-de-la-58e-fete-de-la-jeunesse#primaryimage\"},\"thumbnailUrl\":\"https:\/\/static.africa-press.net\/cameroun\/sites\/57\/2024\/01\/sm_1706519574.412527.jpg\",\"datePublished\":\"2024-01-29T12:16:32+00:00\",\"dateModified\":\"2024-01-29T12:45:14+00:00\",\"author\":{\"@id\":\"https:\/\/www.africa-press.net\/cameroun\/#\/schema\/person\/2b1cf3cd81a31e3cd26889ca66d677f1\"},\"description\":\"Le ministre de la Jeunesse et de l\u2019Education civique (Minjec), Mounouna Foutsou, l\u2019a de\u0301voile\u0301 en fin de semaine dern ...\",\"breadcrumb\":{\"@id\":\"https:\/\/www.africa-press.net\/cameroun\/politique\/voici-le-theme-de-la-58e-fete-de-la-jeunesse#breadcrumb\"},\"inLanguage\":\"fr-FR\",\"potentialAction\":[{\"@type\":\"ReadAction\",\"target\":[\"https:\/\/www.africa-press.net\/cameroun\/politique\/voici-le-theme-de-la-58e-fete-de-la-jeunesse\"]}]},{\"@type\":\"ImageObject\",\"inLanguage\":\"fr-FR\",\"@id\":\"https:\/\/www.africa-press.net\/cameroun\/politique\/voici-le-theme-de-la-58e-fete-de-la-jeunesse#primaryimage\",\"url\":\"https:\/\/static.africa-press.net\/cameroun\/sites\/57\/2024\/01\/sm_1706519574.412527.jpg\",\"contentUrl\":\"https:\/\/static.africa-press.net\/cameroun\/sites\/57\/2024\/01\/sm_1706519574.412527.jpg\",\"width\":780,\"height\":440,\"caption\":\"Voici le Th\u00e8me de la 58\u00e8 F\u00eate de la Jeunesse\"},{\"@type\":\"BreadcrumbList\",\"@id\":\"https:\/\/www.africa-press.net\/cameroun\/politique\/voici-le-theme-de-la-58e-fete-de-la-jeunesse#breadcrumb\",\"itemListElement\":[{\"@type\":\"ListItem\",\"position\":1,\"name\":\"Accueil\",\"item\":\"https:\/\/www.africa-press.net\/cameroun\/\"},{\"@type\":\"ListItem\",\"position\":2,\"name\":\"Voici le Th\u00e8me de la 58\u00e8 F\u00eate de la Jeunesse\"}]},{\"@type\":\"WebSite\",\"@id\":\"https:\/\/www.africa-press.net\/cameroun\/#website\",\"url\":\"https:\/\/www.africa-press.net\/cameroun\/\",\"name\":\"Cameroun\",\"description\":\"Just another Africa News Agency Sites site\",\"potentialAction\":[{\"@type\":\"SearchAction\",\"target\":{\"@type\":\"EntryPoint\",\"urlTemplate\":\"https:\/\/www.africa-press.net\/cameroun\/?s={search_term_string}\"},\"query-input\":{\"@type\":\"PropertyValueSpecification\",\"valueRequired\":true,\"valueName\":\"search_term_string\"}}],\"inLanguage\":\"fr-FR\"},{\"@type\":\"Person\",\"@id\":\"https:\/\/www.africa-press.net\/cameroun\/#\/schema\/person\/2b1cf3cd81a31e3cd26889ca66d677f1\",\"name\":\"cfeditorfr\"}]}<\/script>\n<!-- \/ Yoast SEO Premium plugin. -->","yoast_head_json":{"title":"Voici le Th\u00e8me de la 58\u00e8 F\u00eate de la Jeunesse - Cameroun","description":"Le ministre de la Jeunesse et de l\u2019Education civique (Minjec), Mounouna Foutsou, l\u2019a de\u0301voile\u0301 en fin de semaine dern ...","robots":{"index":"index","follow":"follow","max-snippet":"max-snippet:-1","max-image-preview":"max-image-preview:large","max-video-preview":"max-video-preview:-1"},"canonical":"https:\/\/www.africa-press.net\/cameroun\/politique\/voici-le-theme-de-la-58e-fete-de-la-jeunesse","og_locale":"fr_FR","og_type":"article","og_title":"Voici le Th\u00e8me de la 58\u00e8 F\u00eate de la Jeunesse","og_description":"Le ministre de la Jeunesse et de l\u2019Education civique (Minjec), Mounouna Foutsou, l\u2019a de\u0301voile\u0301 en fin de semaine dern ...","og_url":"https:\/\/www.africa-press.net\/cameroun\/politique\/voici-le-theme-de-la-58e-fete-de-la-jeunesse","og_site_name":"Cameroun","article_published_time":"2024-01-29T12:16:32+00:00","article_modified_time":"2024-01-29T12:45:14+00:00","og_image":[{"width":780,"height":440,"url":"https:\/\/static.africa-press.net\/cameroun\/sites\/57\/2024\/01\/sm_1706519574.412527.jpg","type":"image\/jpeg"}],"author":"cfeditorfr","twitter_card":"summary_large_image","twitter_misc":{"\u00c9crit par":"cfeditorfr","Dur\u00e9e de lecture estim\u00e9e":"1 minute"},"schema":{"@context":"https:\/\/schema.org","@graph":[{"@type":"Article","@id":"https:\/\/www.africa-press.net\/cameroun\/politique\/voici-le-theme-de-la-58e-fete-de-la-jeunesse#article","isPartOf":{"@id":"https:\/\/www.africa-press.net\/cameroun\/politique\/voici-le-theme-de-la-58e-fete-de-la-jeunesse"},"author":{"name":"cfeditorfr","@id":"https:\/\/www.africa-press.net\/cameroun\/#\/schema\/person\/2b1cf3cd81a31e3cd26889ca66d677f1"},"headline":"Voici le Th\u00e8me de la 58\u00e8 F\u00eate de la Jeunesse","datePublished":"2024-01-29T12:16:32+00:00","dateModified":"2024-01-29T12:45:14+00:00","mainEntityOfPage":{"@id":"https:\/\/www.africa-press.net\/cameroun\/politique\/voici-le-theme-de-la-58e-fete-de-la-jeunesse"},"wordCount":311,"commentCount":0,"image":{"@id":"https:\/\/www.africa-press.net\/cameroun\/politique\/voici-le-theme-de-la-58e-fete-de-la-jeunesse#primaryimage"},"thumbnailUrl":"https:\/\/static.africa-press.net\/cameroun\/sites\/57\/2024\/01\/sm_1706519574.412527.jpg","keywords":["Africa Press","Africa Press-Cameroun","Cameroun"],"articleSection":["Politique","Toutes les actualit\u00e9s"],"inLanguage":"fr-FR","potentialAction":[{"@type":"CommentAction","name":"Comment","target":["https:\/\/www.africa-press.net\/cameroun\/politique\/voici-le-theme-de-la-58e-fete-de-la-jeunesse#respond"]}]},{"@type":"WebPage","@id":"https:\/\/www.africa-press.net\/cameroun\/politique\/voici-le-theme-de-la-58e-fete-de-la-jeunesse","url":"https:\/\/www.africa-press.net\/cameroun\/politique\/voici-le-theme-de-la-58e-fete-de-la-jeunesse","name":"Voici le Th\u00e8me de la 58\u00e8 F\u00eate de la Jeunesse - Cameroun","isPartOf":{"@id":"https:\/\/www.africa-press.net\/cameroun\/#website"},"primaryImageOfPage":{"@id":"https:\/\/www.africa-press.net\/cameroun\/politique\/voici-le-theme-de-la-58e-fete-de-la-jeunesse#primaryimage"},"image":{"@id":"https:\/\/www.africa-press.net\/cameroun\/politique\/voici-le-theme-de-la-58e-fete-de-la-jeunesse#primaryimage"},"thumbnailUrl":"https:\/\/static.africa-press.net\/cameroun\/sites\/57\/2024\/01\/sm_1706519574.412527.jpg","datePublished":"2024-01-29T12:16:32+00:00","dateModified":"2024-01-29T12:45:14+00:00","author":{"@id":"https:\/\/www.africa-press.net\/cameroun\/#\/schema\/person\/2b1cf3cd81a31e3cd26889ca66d677f1"},"description":"Le ministre de la Jeunesse et de l\u2019Education civique (Minjec), Mounouna Foutsou, l\u2019a de\u0301voile\u0301 en fin de semaine dern ...","breadcrumb":{"@id":"https:\/\/www.africa-press.net\/cameroun\/politique\/voici-le-theme-de-la-58e-fete-de-la-jeunesse#breadcrumb"},"inLanguage":"fr-FR","potentialAction":[{"@type":"ReadAction","target":["https:\/\/www.africa-press.net\/cameroun\/politique\/voici-le-theme-de-la-58e-fete-de-la-jeunesse"]}]},{"@type":"ImageObject","inLanguage":"fr-FR","@id":"https:\/\/www.africa-press.net\/cameroun\/politique\/voici-le-theme-de-la-58e-fete-de-la-jeunesse#primaryimage","url":"https:\/\/static.africa-press.net\/cameroun\/sites\/57\/2024\/01\/sm_1706519574.412527.jpg","contentUrl":"https:\/\/static.africa-press.net\/cameroun\/sites\/57\/2024\/01\/sm_1706519574.412527.jpg","width":780,"height":440,"caption":"Voici le Th\u00e8me de la 58\u00e8 F\u00eate de la Jeunesse"},{"@type":"BreadcrumbList","@id":"https:\/\/www.africa-press.net\/cameroun\/politique\/voici-le-theme-de-la-58e-fete-de-la-jeunesse#breadcrumb","itemListElement":[{"@type":"ListItem","position":1,"name":"Accueil","item":"https:\/\/www.africa-press.net\/cameroun\/"},{"@type":"ListItem","position":2,"name":"Voici le Th\u00e8me de la 58\u00e8 F\u00eate de la Jeunesse"}]},{"@type":"WebSite","@id":"https:\/\/www.africa-press.net\/cameroun\/#website","url":"https:\/\/www.africa-press.net\/cameroun\/","name":"Cameroun","description":"Just another Africa News Agency Sites site","potentialAction":[{"@type":"SearchAction","target":{"@type":"EntryPoint","urlTemplate":"https:\/\/www.africa-press.net\/cameroun\/?s={search_term_string}"},"query-input":{"@type":"PropertyValueSpecification","valueRequired":true,"valueName":"search_term_string"}}],"inLanguage":"fr-FR"},{"@type":"Person","@id":"https:\/\/www.africa-press.net\/cameroun\/#\/schema\/person\/2b1cf3cd81a31e3cd26889ca66d677f1","name":"cfeditorfr"}]}},"_links":{"self":[{"href":"https:\/\/www.africa-press.net\/cameroun\/wp-json\/wp\/v2\/posts\/60903","targetHints":{"allow":["GET"]}}],"collection":[{"href":"https:\/\/www.africa-press.net\/cameroun\/wp-json\/wp\/v2\/posts"}],"about":[{"href":"https:\/\/www.africa-press.net\/cameroun\/wp-json\/wp\/v2\/types\/post"}],"author":[{"embeddable":true,"href":"https:\/\/www.africa-press.net\/cameroun\/wp-json\/wp\/v2\/users\/82"}],"replies":[{"embeddable":true,"href":"https:\/\/www.africa-press.net\/cameroun\/wp-json\/wp\/v2\/comments?post=60903"}],"version-history":[{"count":0,"href":"https:\/\/www.africa-press.net\/cameroun\/wp-json\/wp\/v2\/posts\/60903\/revisions"}],"wp:featuredmedia":[{"embeddable":true,"href":"https:\/\/www.africa-press.net\/cameroun\/wp-json\/wp\/v2\/media\/60902"}],"wp:attachment":[{"href":"https:\/\/www.africa-press.net\/cameroun\/wp-json\/wp\/v2\/media?parent=60903"}],"wp:term":[{"taxonomy":"category","embeddable":true,"href":"https:\/\/www.africa-press.net\/cameroun\/wp-json\/wp\/v2\/categories?post=60903"},{"taxonomy":"post_tag","embeddable":true,"href":"https:\/\/www.africa-press.net\/cameroun\/wp-json\/wp\/v2\/tags?post=60903"}],"curies":[{"name":"wp","href":"https:\/\/api.w.org\/{rel}","templated":true}]}}