{"id":60940,"date":"2024-01-31T12:55:25","date_gmt":"2024-01-31T12:55:25","guid":{"rendered":"https:\/\/www.africa-press.net\/cameroun\/politique\/cameroun-patronat-celestin-tawamba-candidat-a-la-tete-du-gecam"},"modified":"2024-01-31T13:04:08","modified_gmt":"2024-01-31T13:04:08","slug":"cameroun-patronat-celestin-tawamba-candidat-a-la-tete-du-gecam","status":"publish","type":"post","link":"https:\/\/www.africa-press.net\/cameroun\/politique\/cameroun-patronat-celestin-tawamba-candidat-a-la-tete-du-gecam","title":{"rendered":"Cameroun-patronat : Celestin Tawamba candidat \u00e0 la t\u00eate du GECAM"},"content":{"rendered":"<p><span style=\"color: #ff6600\"><strong>Africa-Press &#8211; Cameroun. <\/strong><\/span><b>L\u2019ex-pre\u0301sident du Groupement interpatronal du Cameroun (Gicam) a finalement de\u0301voile\u0301 ses ambitions dans un courrier envoye\u0301 aux adhe\u0301rents du nouveau patronat unifie\u0301.<\/b><\/p>\n<p>Pre\u0301sident du Groupement inter-patronal du Cameroun (Gicam) depuis 2017, Ce\u0301lestin Tawamba a annonce\u0301 sa candidature a\u0300 la te\u0302te du conseil d\u2019administration du Groupement des entreprises du Cameroun (Gecam), la nouvelle organisation patronale ne\u0301e de la fusion entre son organisation (Gicam) et Entreprises du Cameroun (Ecam).<\/p>\n<p>\u00ab Je dois a\u0300 la ve\u0301rite\u0301, confesser qu\u2019il est des reque\u0302tes que le devoir impose d\u2019accepter sous peine de trahisons. Vous avez e\u0301te\u0301 nombreux, individuellement ou collectivement, a\u0300 me demander de prendre ma part de responsabilite\u0301, en poursuivant au-dela\u0300 de la simple porte d\u2019entre\u0301e, le processus de solidification de cet important e\u0301difice que nous avons construit ensemble \u00bb, a-t-il indique\u0301.<\/p>\n<p>Cette de\u0301cision arrive alors que le groupement patronal jadis nomme\u0301 Gicam s\u2019appelle de\u0301sormais Gecam, suite a\u0300 une fusion entre le Gicam et Ecam. Le nouveau nom de cette entite\u0301 a e\u0301te\u0301 de\u0301voile\u0301 le 14 de\u0301cembre 2023 a\u0300 Douala. Il en est de me\u0302me pour la charte graphique de cette organisation ainsi que ses statuts qui ont e\u0301te\u0301 adopte\u0301s par acclamation par la grande majorite\u0301 pre\u0301sente a\u0300 cette assemble\u0301e ge\u0301ne\u0301rale constitutive.<\/p>\n<p>Cette e\u0301tape fait suite a\u0300 l\u2019approbation en juillet dernier du traite\u0301 de fusion GICAM-ECAM, a\u0300 73,7% pour le GICAM et 96% pour ECAM. La mission attribue\u0301e a\u0300 la nouvelle entite\u0301 ne\u0301e des deux organisations patronales, est de porter de manie\u0300re plus puissante, les aspirations du secteur prive\u0301. Il est question de pouvoir influencer l\u2019e\u0301laboration des politiques publiques.<\/p>\n<p>Ce qui change avec Gecam<\/p>\n<p>Le nouveau groupement des patrons du Cameroun se veut inclusif de par la diversite\u0301 des membres qu\u2019il va accueillir. On annonce notamment l\u2019adhe\u0301sion des entreprises issues de l\u2019e\u0301conomie sociale et solidaire dans la cate\u0301gorie des tre\u0300s petites entreprises, aux co\u0302te\u0301s des tre\u0300s grandes, grandes, moyennes et petites entreprises.<\/p>\n<p>Le nouveau patronat entend porter le plaidoyer en faveur de plusieurs proble\u0301matiques peu relaye\u0301es ou qui pouvaient difficilement avoir e\u0301cho si elles e\u0301taient adresse\u0301es individuellement. Par exemple, l\u2019agribusiness avec ses exigences d\u2019import-substitution et ses impe\u0301ratifs d\u2019imple\u0301mentation de local content, pour une souverainete\u0301 alimentaire ; la transition e\u0301cologique avec les nouvelles contraintes lie\u0301es aux financements des PMEs, le financement dit Vert et la culture d\u2019une ve\u0301ritable politique RSE au sein des Entreprises ; la mise en \u0153uvre de la politique gouvernementale de de\u0301centralisation faisant des re\u0301gions de po\u0302les e\u0301conomiques ou encore la promotion de l\u2019e\u0301conomie sociale et solidaire. Globalement, GECAM se veut plus repre\u0301sentatif de tous les secteurs d\u2019activite\u0301 du tissu e\u0301conomique.<\/p>\n<p><strong>Pour plus d&rsquo;informations et d&rsquo;analyses sur la <a href=\"https:\/\/www.africa-press.net\/cameroun\">Cameroun<\/a>, suivez <a href=\"https:\/\/www.africa-press.net\/\">Africa-Press<\/a><\/strong><\/p>\n","protected":false},"excerpt":{"rendered":"<p>Africa-Press &#8211; Cameroun. L\u2019ex-pre\u0301sident du Groupement interpatronal du Cameroun (Gicam) a finalement de\u0301voile\u0301 ses ambitions dans un courrier envoye\u0301 aux adhe\u0301rents du nouveau patronat unifie\u0301. Pre\u0301sident du Groupement inter-patronal du Cameroun (Gicam) depuis 2017, Ce\u0301lestin Tawamba a annonce\u0301 sa candidature a\u0300 la te\u0302te du conseil d\u2019administration du Groupement des entreprises du Cameroun (Gecam), la nouvelle [&hellip;]<\/p>\n","protected":false},"author":82,"featured_media":60938,"comment_status":"open","ping_status":"closed","sticky":false,"template":"","format":"standard","meta":{"footnotes":""},"categories":[2,10],"tags":[36,50,49],"class_list":["post-60940","post","type-post","status-publish","format-standard","has-post-thumbnail","hentry","category-politique","category-toutes-les-actualites","tag-africa-press","tag-africa-press-cameroun","tag-cameroun"],"yoast_head":"<!-- This site is optimized with the Yoast SEO Premium plugin v26.1 (Yoast SEO v27.0) - https:\/\/yoast.com\/product\/yoast-seo-premium-wordpress\/ -->\n<title>Cameroun-patronat : Celestin Tawamba candidat \u00e0 la t\u00eate du GECAM - Cameroun<\/title>\n<meta name=\"description\" content=\"L\u2019ex-pre\u0301sident du Groupement interpatronal du Cameroun (Gicam) a finalement de\u0301voile\u0301 ses ambitions dans un courrier ...\" \/>\n<meta name=\"robots\" content=\"index, follow, max-snippet:-1, max-image-preview:large, max-video-preview:-1\" \/>\n<link rel=\"canonical\" href=\"https:\/\/www.africa-press.net\/cameroun\/politique\/cameroun-patronat-celestin-tawamba-candidat-a-la-tete-du-gecam\" \/>\n<meta property=\"og:locale\" content=\"fr_FR\" \/>\n<meta property=\"og:type\" content=\"article\" \/>\n<meta property=\"og:title\" content=\"Cameroun-patronat : Celestin Tawamba candidat \u00e0 la t\u00eate du GECAM\" \/>\n<meta property=\"og:description\" content=\"L\u2019ex-pre\u0301sident du Groupement interpatronal du Cameroun (Gicam) a finalement de\u0301voile\u0301 ses ambitions dans un courrier ...\" \/>\n<meta property=\"og:url\" content=\"https:\/\/www.africa-press.net\/cameroun\/politique\/cameroun-patronat-celestin-tawamba-candidat-a-la-tete-du-gecam\" \/>\n<meta property=\"og:site_name\" content=\"Cameroun\" \/>\n<meta property=\"article:published_time\" content=\"2024-01-31T12:55:25+00:00\" \/>\n<meta property=\"article:modified_time\" content=\"2024-01-31T13:04:08+00:00\" \/>\n<meta property=\"og:image\" content=\"https:\/\/static.africa-press.net\/cameroun\/sites\/57\/2024\/01\/sm_1706693517.341156.jpg\" \/>\n\t<meta property=\"og:image:width\" content=\"780\" \/>\n\t<meta property=\"og:image:height\" content=\"440\" \/>\n\t<meta property=\"og:image:type\" content=\"image\/jpeg\" \/>\n<meta name=\"author\" content=\"cfeditorfr\" \/>\n<meta name=\"twitter:card\" content=\"summary_large_image\" \/>\n<meta name=\"twitter:label1\" content=\"\u00c9crit par\" \/>\n\t<meta name=\"twitter:data1\" content=\"cfeditorfr\" \/>\n\t<meta name=\"twitter:label2\" content=\"Dur\u00e9e de lecture estim\u00e9e\" \/>\n\t<meta name=\"twitter:data2\" content=\"2 minutes\" \/>\n<script type=\"application\/ld+json\" class=\"yoast-schema-graph\">{\"@context\":\"https:\/\/schema.org\",\"@graph\":[{\"@type\":\"Article\",\"@id\":\"https:\/\/www.africa-press.net\/cameroun\/politique\/cameroun-patronat-celestin-tawamba-candidat-a-la-tete-du-gecam#article\",\"isPartOf\":{\"@id\":\"https:\/\/www.africa-press.net\/cameroun\/politique\/cameroun-patronat-celestin-tawamba-candidat-a-la-tete-du-gecam\"},\"author\":{\"name\":\"cfeditorfr\",\"@id\":\"https:\/\/www.africa-press.net\/cameroun\/#\/schema\/person\/2b1cf3cd81a31e3cd26889ca66d677f1\"},\"headline\":\"Cameroun-patronat : Celestin Tawamba candidat \u00e0 la t\u00eate du GECAM\",\"datePublished\":\"2024-01-31T12:55:25+00:00\",\"dateModified\":\"2024-01-31T13:04:08+00:00\",\"mainEntityOfPage\":{\"@id\":\"https:\/\/www.africa-press.net\/cameroun\/politique\/cameroun-patronat-celestin-tawamba-candidat-a-la-tete-du-gecam\"},\"wordCount\":503,\"commentCount\":0,\"image\":{\"@id\":\"https:\/\/www.africa-press.net\/cameroun\/politique\/cameroun-patronat-celestin-tawamba-candidat-a-la-tete-du-gecam#primaryimage\"},\"thumbnailUrl\":\"https:\/\/static.africa-press.net\/cameroun\/sites\/57\/2024\/01\/sm_1706693517.341156.jpg\",\"keywords\":[\"Africa Press\",\"Africa Press-Cameroun\",\"Cameroun\"],\"articleSection\":[\"Politique\",\"Toutes les actualit\u00e9s\"],\"inLanguage\":\"fr-FR\",\"potentialAction\":[{\"@type\":\"CommentAction\",\"name\":\"Comment\",\"target\":[\"https:\/\/www.africa-press.net\/cameroun\/politique\/cameroun-patronat-celestin-tawamba-candidat-a-la-tete-du-gecam#respond\"]}]},{\"@type\":\"WebPage\",\"@id\":\"https:\/\/www.africa-press.net\/cameroun\/politique\/cameroun-patronat-celestin-tawamba-candidat-a-la-tete-du-gecam\",\"url\":\"https:\/\/www.africa-press.net\/cameroun\/politique\/cameroun-patronat-celestin-tawamba-candidat-a-la-tete-du-gecam\",\"name\":\"Cameroun-patronat : Celestin Tawamba candidat \u00e0 la t\u00eate du GECAM - Cameroun\",\"isPartOf\":{\"@id\":\"https:\/\/www.africa-press.net\/cameroun\/#website\"},\"primaryImageOfPage\":{\"@id\":\"https:\/\/www.africa-press.net\/cameroun\/politique\/cameroun-patronat-celestin-tawamba-candidat-a-la-tete-du-gecam#primaryimage\"},\"image\":{\"@id\":\"https:\/\/www.africa-press.net\/cameroun\/politique\/cameroun-patronat-celestin-tawamba-candidat-a-la-tete-du-gecam#primaryimage\"},\"thumbnailUrl\":\"https:\/\/static.africa-press.net\/cameroun\/sites\/57\/2024\/01\/sm_1706693517.341156.jpg\",\"datePublished\":\"2024-01-31T12:55:25+00:00\",\"dateModified\":\"2024-01-31T13:04:08+00:00\",\"author\":{\"@id\":\"https:\/\/www.africa-press.net\/cameroun\/#\/schema\/person\/2b1cf3cd81a31e3cd26889ca66d677f1\"},\"description\":\"L\u2019ex-pre\u0301sident du Groupement interpatronal du Cameroun (Gicam) a finalement de\u0301voile\u0301 ses ambitions dans un courrier ...\",\"breadcrumb\":{\"@id\":\"https:\/\/www.africa-press.net\/cameroun\/politique\/cameroun-patronat-celestin-tawamba-candidat-a-la-tete-du-gecam#breadcrumb\"},\"inLanguage\":\"fr-FR\",\"potentialAction\":[{\"@type\":\"ReadAction\",\"target\":[\"https:\/\/www.africa-press.net\/cameroun\/politique\/cameroun-patronat-celestin-tawamba-candidat-a-la-tete-du-gecam\"]}]},{\"@type\":\"ImageObject\",\"inLanguage\":\"fr-FR\",\"@id\":\"https:\/\/www.africa-press.net\/cameroun\/politique\/cameroun-patronat-celestin-tawamba-candidat-a-la-tete-du-gecam#primaryimage\",\"url\":\"https:\/\/static.africa-press.net\/cameroun\/sites\/57\/2024\/01\/sm_1706693517.341156.jpg\",\"contentUrl\":\"https:\/\/static.africa-press.net\/cameroun\/sites\/57\/2024\/01\/sm_1706693517.341156.jpg\",\"width\":780,\"height\":440,\"caption\":\"Cameroun-patronat : Celestin Tawamba candidat \u00e0 la t\u00eate du GECAM\"},{\"@type\":\"BreadcrumbList\",\"@id\":\"https:\/\/www.africa-press.net\/cameroun\/politique\/cameroun-patronat-celestin-tawamba-candidat-a-la-tete-du-gecam#breadcrumb\",\"itemListElement\":[{\"@type\":\"ListItem\",\"position\":1,\"name\":\"Accueil\",\"item\":\"https:\/\/www.africa-press.net\/cameroun\/\"},{\"@type\":\"ListItem\",\"position\":2,\"name\":\"Cameroun-patronat : Celestin Tawamba candidat \u00e0 la t\u00eate du GECAM\"}]},{\"@type\":\"WebSite\",\"@id\":\"https:\/\/www.africa-press.net\/cameroun\/#website\",\"url\":\"https:\/\/www.africa-press.net\/cameroun\/\",\"name\":\"Cameroun\",\"description\":\"Just another Africa News Agency Sites site\",\"potentialAction\":[{\"@type\":\"SearchAction\",\"target\":{\"@type\":\"EntryPoint\",\"urlTemplate\":\"https:\/\/www.africa-press.net\/cameroun\/?s={search_term_string}\"},\"query-input\":{\"@type\":\"PropertyValueSpecification\",\"valueRequired\":true,\"valueName\":\"search_term_string\"}}],\"inLanguage\":\"fr-FR\"},{\"@type\":\"Person\",\"@id\":\"https:\/\/www.africa-press.net\/cameroun\/#\/schema\/person\/2b1cf3cd81a31e3cd26889ca66d677f1\",\"name\":\"cfeditorfr\"}]}<\/script>\n<!-- \/ Yoast SEO Premium plugin. -->","yoast_head_json":{"title":"Cameroun-patronat : Celestin Tawamba candidat \u00e0 la t\u00eate du GECAM - Cameroun","description":"L\u2019ex-pre\u0301sident du Groupement interpatronal du Cameroun (Gicam) a finalement de\u0301voile\u0301 ses ambitions dans un courrier ...","robots":{"index":"index","follow":"follow","max-snippet":"max-snippet:-1","max-image-preview":"max-image-preview:large","max-video-preview":"max-video-preview:-1"},"canonical":"https:\/\/www.africa-press.net\/cameroun\/politique\/cameroun-patronat-celestin-tawamba-candidat-a-la-tete-du-gecam","og_locale":"fr_FR","og_type":"article","og_title":"Cameroun-patronat : Celestin Tawamba candidat \u00e0 la t\u00eate du GECAM","og_description":"L\u2019ex-pre\u0301sident du Groupement interpatronal du Cameroun (Gicam) a finalement de\u0301voile\u0301 ses ambitions dans un courrier ...","og_url":"https:\/\/www.africa-press.net\/cameroun\/politique\/cameroun-patronat-celestin-tawamba-candidat-a-la-tete-du-gecam","og_site_name":"Cameroun","article_published_time":"2024-01-31T12:55:25+00:00","article_modified_time":"2024-01-31T13:04:08+00:00","og_image":[{"width":780,"height":440,"url":"https:\/\/static.africa-press.net\/cameroun\/sites\/57\/2024\/01\/sm_1706693517.341156.jpg","type":"image\/jpeg"}],"author":"cfeditorfr","twitter_card":"summary_large_image","twitter_misc":{"\u00c9crit par":"cfeditorfr","Dur\u00e9e de lecture estim\u00e9e":"2 minutes"},"schema":{"@context":"https:\/\/schema.org","@graph":[{"@type":"Article","@id":"https:\/\/www.africa-press.net\/cameroun\/politique\/cameroun-patronat-celestin-tawamba-candidat-a-la-tete-du-gecam#article","isPartOf":{"@id":"https:\/\/www.africa-press.net\/cameroun\/politique\/cameroun-patronat-celestin-tawamba-candidat-a-la-tete-du-gecam"},"author":{"name":"cfeditorfr","@id":"https:\/\/www.africa-press.net\/cameroun\/#\/schema\/person\/2b1cf3cd81a31e3cd26889ca66d677f1"},"headline":"Cameroun-patronat : Celestin Tawamba candidat \u00e0 la t\u00eate du GECAM","datePublished":"2024-01-31T12:55:25+00:00","dateModified":"2024-01-31T13:04:08+00:00","mainEntityOfPage":{"@id":"https:\/\/www.africa-press.net\/cameroun\/politique\/cameroun-patronat-celestin-tawamba-candidat-a-la-tete-du-gecam"},"wordCount":503,"commentCount":0,"image":{"@id":"https:\/\/www.africa-press.net\/cameroun\/politique\/cameroun-patronat-celestin-tawamba-candidat-a-la-tete-du-gecam#primaryimage"},"thumbnailUrl":"https:\/\/static.africa-press.net\/cameroun\/sites\/57\/2024\/01\/sm_1706693517.341156.jpg","keywords":["Africa Press","Africa Press-Cameroun","Cameroun"],"articleSection":["Politique","Toutes les actualit\u00e9s"],"inLanguage":"fr-FR","potentialAction":[{"@type":"CommentAction","name":"Comment","target":["https:\/\/www.africa-press.net\/cameroun\/politique\/cameroun-patronat-celestin-tawamba-candidat-a-la-tete-du-gecam#respond"]}]},{"@type":"WebPage","@id":"https:\/\/www.africa-press.net\/cameroun\/politique\/cameroun-patronat-celestin-tawamba-candidat-a-la-tete-du-gecam","url":"https:\/\/www.africa-press.net\/cameroun\/politique\/cameroun-patronat-celestin-tawamba-candidat-a-la-tete-du-gecam","name":"Cameroun-patronat : Celestin Tawamba candidat \u00e0 la t\u00eate du GECAM - Cameroun","isPartOf":{"@id":"https:\/\/www.africa-press.net\/cameroun\/#website"},"primaryImageOfPage":{"@id":"https:\/\/www.africa-press.net\/cameroun\/politique\/cameroun-patronat-celestin-tawamba-candidat-a-la-tete-du-gecam#primaryimage"},"image":{"@id":"https:\/\/www.africa-press.net\/cameroun\/politique\/cameroun-patronat-celestin-tawamba-candidat-a-la-tete-du-gecam#primaryimage"},"thumbnailUrl":"https:\/\/static.africa-press.net\/cameroun\/sites\/57\/2024\/01\/sm_1706693517.341156.jpg","datePublished":"2024-01-31T12:55:25+00:00","dateModified":"2024-01-31T13:04:08+00:00","author":{"@id":"https:\/\/www.africa-press.net\/cameroun\/#\/schema\/person\/2b1cf3cd81a31e3cd26889ca66d677f1"},"description":"L\u2019ex-pre\u0301sident du Groupement interpatronal du Cameroun (Gicam) a finalement de\u0301voile\u0301 ses ambitions dans un courrier ...","breadcrumb":{"@id":"https:\/\/www.africa-press.net\/cameroun\/politique\/cameroun-patronat-celestin-tawamba-candidat-a-la-tete-du-gecam#breadcrumb"},"inLanguage":"fr-FR","potentialAction":[{"@type":"ReadAction","target":["https:\/\/www.africa-press.net\/cameroun\/politique\/cameroun-patronat-celestin-tawamba-candidat-a-la-tete-du-gecam"]}]},{"@type":"ImageObject","inLanguage":"fr-FR","@id":"https:\/\/www.africa-press.net\/cameroun\/politique\/cameroun-patronat-celestin-tawamba-candidat-a-la-tete-du-gecam#primaryimage","url":"https:\/\/static.africa-press.net\/cameroun\/sites\/57\/2024\/01\/sm_1706693517.341156.jpg","contentUrl":"https:\/\/static.africa-press.net\/cameroun\/sites\/57\/2024\/01\/sm_1706693517.341156.jpg","width":780,"height":440,"caption":"Cameroun-patronat : Celestin Tawamba candidat \u00e0 la t\u00eate du GECAM"},{"@type":"BreadcrumbList","@id":"https:\/\/www.africa-press.net\/cameroun\/politique\/cameroun-patronat-celestin-tawamba-candidat-a-la-tete-du-gecam#breadcrumb","itemListElement":[{"@type":"ListItem","position":1,"name":"Accueil","item":"https:\/\/www.africa-press.net\/cameroun\/"},{"@type":"ListItem","position":2,"name":"Cameroun-patronat : Celestin Tawamba candidat \u00e0 la t\u00eate du GECAM"}]},{"@type":"WebSite","@id":"https:\/\/www.africa-press.net\/cameroun\/#website","url":"https:\/\/www.africa-press.net\/cameroun\/","name":"Cameroun","description":"Just another Africa News Agency Sites site","potentialAction":[{"@type":"SearchAction","target":{"@type":"EntryPoint","urlTemplate":"https:\/\/www.africa-press.net\/cameroun\/?s={search_term_string}"},"query-input":{"@type":"PropertyValueSpecification","valueRequired":true,"valueName":"search_term_string"}}],"inLanguage":"fr-FR"},{"@type":"Person","@id":"https:\/\/www.africa-press.net\/cameroun\/#\/schema\/person\/2b1cf3cd81a31e3cd26889ca66d677f1","name":"cfeditorfr"}]}},"_links":{"self":[{"href":"https:\/\/www.africa-press.net\/cameroun\/wp-json\/wp\/v2\/posts\/60940","targetHints":{"allow":["GET"]}}],"collection":[{"href":"https:\/\/www.africa-press.net\/cameroun\/wp-json\/wp\/v2\/posts"}],"about":[{"href":"https:\/\/www.africa-press.net\/cameroun\/wp-json\/wp\/v2\/types\/post"}],"author":[{"embeddable":true,"href":"https:\/\/www.africa-press.net\/cameroun\/wp-json\/wp\/v2\/users\/82"}],"replies":[{"embeddable":true,"href":"https:\/\/www.africa-press.net\/cameroun\/wp-json\/wp\/v2\/comments?post=60940"}],"version-history":[{"count":0,"href":"https:\/\/www.africa-press.net\/cameroun\/wp-json\/wp\/v2\/posts\/60940\/revisions"}],"wp:featuredmedia":[{"embeddable":true,"href":"https:\/\/www.africa-press.net\/cameroun\/wp-json\/wp\/v2\/media\/60938"}],"wp:attachment":[{"href":"https:\/\/www.africa-press.net\/cameroun\/wp-json\/wp\/v2\/media?parent=60940"}],"wp:term":[{"taxonomy":"category","embeddable":true,"href":"https:\/\/www.africa-press.net\/cameroun\/wp-json\/wp\/v2\/categories?post=60940"},{"taxonomy":"post_tag","embeddable":true,"href":"https:\/\/www.africa-press.net\/cameroun\/wp-json\/wp\/v2\/tags?post=60940"}],"curies":[{"name":"wp","href":"https:\/\/api.w.org\/{rel}","templated":true}]}}