{"id":60954,"date":"2024-01-31T12:56:04","date_gmt":"2024-01-31T12:56:04","guid":{"rendered":"https:\/\/www.africa-press.net\/cameroun\/politique\/cinq-personnes-tuees-cinq-vehicules-calcines-a-buea"},"modified":"2024-01-31T13:08:23","modified_gmt":"2024-01-31T13:08:23","slug":"cinq-personnes-tuees-cinq-vehicules-calcines-a-buea","status":"publish","type":"post","link":"https:\/\/www.africa-press.net\/cameroun\/toutes-les-actualites\/cinq-personnes-tuees-cinq-vehicules-calcines-a-buea","title":{"rendered":"Cinq personnes tu\u00e9es, cinq v\u00e9hicules calcin\u00e9s \u00e0 Buea"},"content":{"rendered":"<p><span style=\"color: #ff6600\"><strong>Africa-Press &#8211; Cameroun. <\/strong><\/span><b>C\u2019est le bilan provisoire d\u2019une attaque survenue cette nuit dans la capitale re\u0301gionale du Sud-Ouest, l\u2019une des re\u0301gions en crise au Cameroun.<\/b><\/p>\n<p>Une nouvelle attaque revendique\u0301e par des se\u0301paratistes vient d\u2019emporter la vie de cinq civils et plusieurs autres blesse\u0301s dans la ville de Buea. Le bilan mate\u0301riel fait e\u0301tat de cinq ve\u0301hicules incendie\u0301s et des commerces de\u0301truits. Les se\u0301paratistes revendiquent l\u2019actes. Dans une vide\u0301o relaye\u0301e sur les re\u0301seaux sociaux, l\u2019on voit des ve\u0301hicules bru\u0302ler, l\u2019on entend aussi des coups de feu cre\u0301piter. Un homme arme\u0301 cagoule\u0301 apparait, donne la raison de l\u2019attaque.<\/p>\n<p>Selon lui, l\u2019attaque est perpe\u0301tre\u0301e en repre\u0301sailles contre ceux qui refusent de respecter le mot d\u2019ordre instituant de villes mortes dans les re\u0301gions du Nord-Ouest et du Sud-Ouest. Cet ordre des se\u0301paratistes fait de la journe\u0301e de lundi une journe\u0301e ou\u0300 aucune activite\u0301 e\u0301conomique ne doit e\u0302tre mene\u0301e. Ce mot d\u2019ordre est pourtant rejete\u0301 par l\u2019Etat du Cameroun qui encourage les habitants a\u0300 mener leurs activite\u0301s. Cependant, ces derniers courent le risque, comme cette nuit, d\u2019e\u0302tre assie\u0301ge\u0301s par des se\u0301paratistes.<\/p>\n<p>Dans la vide\u0301o, les assaillants promettent le me\u0302me sort a\u0300 tous ceux qui vont a\u0300 l\u2019avenir tenter de braver l\u2019ordre d\u2019observer les villes mortes. Le bilan de cette attaque reste non officiel. La communication des autorite\u0301s administratives ou se\u0301curitaires reste attendue.<\/p>\n<p><strong>Pour plus d&rsquo;informations et d&rsquo;analyses sur la <a href=\"https:\/\/www.africa-press.net\/cameroun\">Cameroun<\/a>, suivez <a href=\"https:\/\/www.africa-press.net\/\">Africa-Press<\/a><\/strong><\/p>\n","protected":false},"excerpt":{"rendered":"<p>Africa-Press &#8211; Cameroun. C\u2019est le bilan provisoire d\u2019une attaque survenue cette nuit dans la capitale re\u0301gionale du Sud-Ouest, l\u2019une des re\u0301gions en crise au Cameroun. Une nouvelle attaque revendique\u0301e par des se\u0301paratistes vient d\u2019emporter la vie de cinq civils et plusieurs autres blesse\u0301s dans la ville de Buea. Le bilan mate\u0301riel fait e\u0301tat de cinq [&hellip;]<\/p>\n","protected":false},"author":82,"featured_media":60952,"comment_status":"open","ping_status":"closed","sticky":false,"template":"","format":"standard","meta":{"footnotes":""},"categories":[21,10],"tags":[36,50,49],"class_list":["post-60954","post","type-post","status-publish","format-standard","has-post-thumbnail","hentry","category-communaute","category-toutes-les-actualites","tag-africa-press","tag-africa-press-cameroun","tag-cameroun"],"yoast_head":"<!-- This site is optimized with the Yoast SEO Premium plugin v26.1 (Yoast SEO v27.0) - https:\/\/yoast.com\/product\/yoast-seo-premium-wordpress\/ -->\n<title>Cinq personnes tu\u00e9es, cinq v\u00e9hicules calcin\u00e9s \u00e0 Buea - Cameroun<\/title>\n<meta name=\"description\" content=\"C\u2019est le bilan provisoire d\u2019une attaque survenue cette nuit dans la capitale re\u0301gionale du Sud-Ouest, l\u2019une des re\u0301gi ...\" \/>\n<meta name=\"robots\" content=\"index, follow, max-snippet:-1, max-image-preview:large, max-video-preview:-1\" \/>\n<link rel=\"canonical\" href=\"https:\/\/www.africa-press.net\/cameroun\/toutes-les-actualites\/cinq-personnes-tuees-cinq-vehicules-calcines-a-buea\" \/>\n<meta property=\"og:locale\" content=\"fr_FR\" \/>\n<meta property=\"og:type\" content=\"article\" \/>\n<meta property=\"og:title\" content=\"Cinq personnes tu\u00e9es, cinq v\u00e9hicules calcin\u00e9s \u00e0 Buea\" \/>\n<meta property=\"og:description\" content=\"C\u2019est le bilan provisoire d\u2019une attaque survenue cette nuit dans la capitale re\u0301gionale du Sud-Ouest, l\u2019une des re\u0301gi ...\" \/>\n<meta property=\"og:url\" content=\"https:\/\/www.africa-press.net\/cameroun\/toutes-les-actualites\/cinq-personnes-tuees-cinq-vehicules-calcines-a-buea\" \/>\n<meta property=\"og:site_name\" content=\"Cameroun\" \/>\n<meta property=\"article:published_time\" content=\"2024-01-31T12:56:04+00:00\" \/>\n<meta property=\"article:modified_time\" content=\"2024-01-31T13:08:23+00:00\" \/>\n<meta property=\"og:image\" content=\"https:\/\/static.africa-press.net\/cameroun\/sites\/57\/2024\/01\/sm_1706693680.550971.jpg\" \/>\n\t<meta property=\"og:image:width\" content=\"780\" \/>\n\t<meta property=\"og:image:height\" content=\"440\" \/>\n\t<meta property=\"og:image:type\" content=\"image\/jpeg\" \/>\n<meta name=\"author\" content=\"cfeditorfr\" \/>\n<meta name=\"twitter:card\" content=\"summary_large_image\" \/>\n<meta name=\"twitter:label1\" content=\"\u00c9crit par\" \/>\n\t<meta name=\"twitter:data1\" content=\"cfeditorfr\" \/>\n\t<meta name=\"twitter:label2\" content=\"Dur\u00e9e de lecture estim\u00e9e\" \/>\n\t<meta name=\"twitter:data2\" content=\"1 minute\" \/>\n<script type=\"application\/ld+json\" class=\"yoast-schema-graph\">{\"@context\":\"https:\/\/schema.org\",\"@graph\":[{\"@type\":\"Article\",\"@id\":\"https:\/\/www.africa-press.net\/cameroun\/toutes-les-actualites\/cinq-personnes-tuees-cinq-vehicules-calcines-a-buea#article\",\"isPartOf\":{\"@id\":\"https:\/\/www.africa-press.net\/cameroun\/toutes-les-actualites\/cinq-personnes-tuees-cinq-vehicules-calcines-a-buea\"},\"author\":{\"name\":\"cfeditorfr\",\"@id\":\"https:\/\/www.africa-press.net\/cameroun\/#\/schema\/person\/2b1cf3cd81a31e3cd26889ca66d677f1\"},\"headline\":\"Cinq personnes tu\u00e9es, cinq v\u00e9hicules calcin\u00e9s \u00e0 Buea\",\"datePublished\":\"2024-01-31T12:56:04+00:00\",\"dateModified\":\"2024-01-31T13:08:23+00:00\",\"mainEntityOfPage\":{\"@id\":\"https:\/\/www.africa-press.net\/cameroun\/toutes-les-actualites\/cinq-personnes-tuees-cinq-vehicules-calcines-a-buea\"},\"wordCount\":291,\"commentCount\":0,\"image\":{\"@id\":\"https:\/\/www.africa-press.net\/cameroun\/toutes-les-actualites\/cinq-personnes-tuees-cinq-vehicules-calcines-a-buea#primaryimage\"},\"thumbnailUrl\":\"https:\/\/static.africa-press.net\/cameroun\/sites\/57\/2024\/01\/sm_1706693680.550971.jpg\",\"keywords\":[\"Africa Press\",\"Africa Press-Cameroun\",\"Cameroun\"],\"articleSection\":[\"Communaut\u00e9\",\"Toutes les actualit\u00e9s\"],\"inLanguage\":\"fr-FR\",\"potentialAction\":[{\"@type\":\"CommentAction\",\"name\":\"Comment\",\"target\":[\"https:\/\/www.africa-press.net\/cameroun\/toutes-les-actualites\/cinq-personnes-tuees-cinq-vehicules-calcines-a-buea#respond\"]}]},{\"@type\":\"WebPage\",\"@id\":\"https:\/\/www.africa-press.net\/cameroun\/toutes-les-actualites\/cinq-personnes-tuees-cinq-vehicules-calcines-a-buea\",\"url\":\"https:\/\/www.africa-press.net\/cameroun\/toutes-les-actualites\/cinq-personnes-tuees-cinq-vehicules-calcines-a-buea\",\"name\":\"Cinq personnes tu\u00e9es, cinq v\u00e9hicules calcin\u00e9s \u00e0 Buea - Cameroun\",\"isPartOf\":{\"@id\":\"https:\/\/www.africa-press.net\/cameroun\/#website\"},\"primaryImageOfPage\":{\"@id\":\"https:\/\/www.africa-press.net\/cameroun\/toutes-les-actualites\/cinq-personnes-tuees-cinq-vehicules-calcines-a-buea#primaryimage\"},\"image\":{\"@id\":\"https:\/\/www.africa-press.net\/cameroun\/toutes-les-actualites\/cinq-personnes-tuees-cinq-vehicules-calcines-a-buea#primaryimage\"},\"thumbnailUrl\":\"https:\/\/static.africa-press.net\/cameroun\/sites\/57\/2024\/01\/sm_1706693680.550971.jpg\",\"datePublished\":\"2024-01-31T12:56:04+00:00\",\"dateModified\":\"2024-01-31T13:08:23+00:00\",\"author\":{\"@id\":\"https:\/\/www.africa-press.net\/cameroun\/#\/schema\/person\/2b1cf3cd81a31e3cd26889ca66d677f1\"},\"description\":\"C\u2019est le bilan provisoire d\u2019une attaque survenue cette nuit dans la capitale re\u0301gionale du Sud-Ouest, l\u2019une des re\u0301gi ...\",\"breadcrumb\":{\"@id\":\"https:\/\/www.africa-press.net\/cameroun\/toutes-les-actualites\/cinq-personnes-tuees-cinq-vehicules-calcines-a-buea#breadcrumb\"},\"inLanguage\":\"fr-FR\",\"potentialAction\":[{\"@type\":\"ReadAction\",\"target\":[\"https:\/\/www.africa-press.net\/cameroun\/toutes-les-actualites\/cinq-personnes-tuees-cinq-vehicules-calcines-a-buea\"]}]},{\"@type\":\"ImageObject\",\"inLanguage\":\"fr-FR\",\"@id\":\"https:\/\/www.africa-press.net\/cameroun\/toutes-les-actualites\/cinq-personnes-tuees-cinq-vehicules-calcines-a-buea#primaryimage\",\"url\":\"https:\/\/static.africa-press.net\/cameroun\/sites\/57\/2024\/01\/sm_1706693680.550971.jpg\",\"contentUrl\":\"https:\/\/static.africa-press.net\/cameroun\/sites\/57\/2024\/01\/sm_1706693680.550971.jpg\",\"width\":780,\"height\":440,\"caption\":\"Cinq personnes tu\u00e9es, cinq v\u00e9hicules calcin\u00e9s \u00e0 Buea\"},{\"@type\":\"BreadcrumbList\",\"@id\":\"https:\/\/www.africa-press.net\/cameroun\/toutes-les-actualites\/cinq-personnes-tuees-cinq-vehicules-calcines-a-buea#breadcrumb\",\"itemListElement\":[{\"@type\":\"ListItem\",\"position\":1,\"name\":\"Accueil\",\"item\":\"https:\/\/www.africa-press.net\/cameroun\/\"},{\"@type\":\"ListItem\",\"position\":2,\"name\":\"Cinq personnes tu\u00e9es, cinq v\u00e9hicules calcin\u00e9s \u00e0 Buea\"}]},{\"@type\":\"WebSite\",\"@id\":\"https:\/\/www.africa-press.net\/cameroun\/#website\",\"url\":\"https:\/\/www.africa-press.net\/cameroun\/\",\"name\":\"Cameroun\",\"description\":\"Just another Africa News Agency Sites site\",\"potentialAction\":[{\"@type\":\"SearchAction\",\"target\":{\"@type\":\"EntryPoint\",\"urlTemplate\":\"https:\/\/www.africa-press.net\/cameroun\/?s={search_term_string}\"},\"query-input\":{\"@type\":\"PropertyValueSpecification\",\"valueRequired\":true,\"valueName\":\"search_term_string\"}}],\"inLanguage\":\"fr-FR\"},{\"@type\":\"Person\",\"@id\":\"https:\/\/www.africa-press.net\/cameroun\/#\/schema\/person\/2b1cf3cd81a31e3cd26889ca66d677f1\",\"name\":\"cfeditorfr\"}]}<\/script>\n<!-- \/ Yoast SEO Premium plugin. -->","yoast_head_json":{"title":"Cinq personnes tu\u00e9es, cinq v\u00e9hicules calcin\u00e9s \u00e0 Buea - Cameroun","description":"C\u2019est le bilan provisoire d\u2019une attaque survenue cette nuit dans la capitale re\u0301gionale du Sud-Ouest, l\u2019une des re\u0301gi ...","robots":{"index":"index","follow":"follow","max-snippet":"max-snippet:-1","max-image-preview":"max-image-preview:large","max-video-preview":"max-video-preview:-1"},"canonical":"https:\/\/www.africa-press.net\/cameroun\/toutes-les-actualites\/cinq-personnes-tuees-cinq-vehicules-calcines-a-buea","og_locale":"fr_FR","og_type":"article","og_title":"Cinq personnes tu\u00e9es, cinq v\u00e9hicules calcin\u00e9s \u00e0 Buea","og_description":"C\u2019est le bilan provisoire d\u2019une attaque survenue cette nuit dans la capitale re\u0301gionale du Sud-Ouest, l\u2019une des re\u0301gi ...","og_url":"https:\/\/www.africa-press.net\/cameroun\/toutes-les-actualites\/cinq-personnes-tuees-cinq-vehicules-calcines-a-buea","og_site_name":"Cameroun","article_published_time":"2024-01-31T12:56:04+00:00","article_modified_time":"2024-01-31T13:08:23+00:00","og_image":[{"width":780,"height":440,"url":"https:\/\/static.africa-press.net\/cameroun\/sites\/57\/2024\/01\/sm_1706693680.550971.jpg","type":"image\/jpeg"}],"author":"cfeditorfr","twitter_card":"summary_large_image","twitter_misc":{"\u00c9crit par":"cfeditorfr","Dur\u00e9e de lecture estim\u00e9e":"1 minute"},"schema":{"@context":"https:\/\/schema.org","@graph":[{"@type":"Article","@id":"https:\/\/www.africa-press.net\/cameroun\/toutes-les-actualites\/cinq-personnes-tuees-cinq-vehicules-calcines-a-buea#article","isPartOf":{"@id":"https:\/\/www.africa-press.net\/cameroun\/toutes-les-actualites\/cinq-personnes-tuees-cinq-vehicules-calcines-a-buea"},"author":{"name":"cfeditorfr","@id":"https:\/\/www.africa-press.net\/cameroun\/#\/schema\/person\/2b1cf3cd81a31e3cd26889ca66d677f1"},"headline":"Cinq personnes tu\u00e9es, cinq v\u00e9hicules calcin\u00e9s \u00e0 Buea","datePublished":"2024-01-31T12:56:04+00:00","dateModified":"2024-01-31T13:08:23+00:00","mainEntityOfPage":{"@id":"https:\/\/www.africa-press.net\/cameroun\/toutes-les-actualites\/cinq-personnes-tuees-cinq-vehicules-calcines-a-buea"},"wordCount":291,"commentCount":0,"image":{"@id":"https:\/\/www.africa-press.net\/cameroun\/toutes-les-actualites\/cinq-personnes-tuees-cinq-vehicules-calcines-a-buea#primaryimage"},"thumbnailUrl":"https:\/\/static.africa-press.net\/cameroun\/sites\/57\/2024\/01\/sm_1706693680.550971.jpg","keywords":["Africa Press","Africa Press-Cameroun","Cameroun"],"articleSection":["Communaut\u00e9","Toutes les actualit\u00e9s"],"inLanguage":"fr-FR","potentialAction":[{"@type":"CommentAction","name":"Comment","target":["https:\/\/www.africa-press.net\/cameroun\/toutes-les-actualites\/cinq-personnes-tuees-cinq-vehicules-calcines-a-buea#respond"]}]},{"@type":"WebPage","@id":"https:\/\/www.africa-press.net\/cameroun\/toutes-les-actualites\/cinq-personnes-tuees-cinq-vehicules-calcines-a-buea","url":"https:\/\/www.africa-press.net\/cameroun\/toutes-les-actualites\/cinq-personnes-tuees-cinq-vehicules-calcines-a-buea","name":"Cinq personnes tu\u00e9es, cinq v\u00e9hicules calcin\u00e9s \u00e0 Buea - Cameroun","isPartOf":{"@id":"https:\/\/www.africa-press.net\/cameroun\/#website"},"primaryImageOfPage":{"@id":"https:\/\/www.africa-press.net\/cameroun\/toutes-les-actualites\/cinq-personnes-tuees-cinq-vehicules-calcines-a-buea#primaryimage"},"image":{"@id":"https:\/\/www.africa-press.net\/cameroun\/toutes-les-actualites\/cinq-personnes-tuees-cinq-vehicules-calcines-a-buea#primaryimage"},"thumbnailUrl":"https:\/\/static.africa-press.net\/cameroun\/sites\/57\/2024\/01\/sm_1706693680.550971.jpg","datePublished":"2024-01-31T12:56:04+00:00","dateModified":"2024-01-31T13:08:23+00:00","author":{"@id":"https:\/\/www.africa-press.net\/cameroun\/#\/schema\/person\/2b1cf3cd81a31e3cd26889ca66d677f1"},"description":"C\u2019est le bilan provisoire d\u2019une attaque survenue cette nuit dans la capitale re\u0301gionale du Sud-Ouest, l\u2019une des re\u0301gi ...","breadcrumb":{"@id":"https:\/\/www.africa-press.net\/cameroun\/toutes-les-actualites\/cinq-personnes-tuees-cinq-vehicules-calcines-a-buea#breadcrumb"},"inLanguage":"fr-FR","potentialAction":[{"@type":"ReadAction","target":["https:\/\/www.africa-press.net\/cameroun\/toutes-les-actualites\/cinq-personnes-tuees-cinq-vehicules-calcines-a-buea"]}]},{"@type":"ImageObject","inLanguage":"fr-FR","@id":"https:\/\/www.africa-press.net\/cameroun\/toutes-les-actualites\/cinq-personnes-tuees-cinq-vehicules-calcines-a-buea#primaryimage","url":"https:\/\/static.africa-press.net\/cameroun\/sites\/57\/2024\/01\/sm_1706693680.550971.jpg","contentUrl":"https:\/\/static.africa-press.net\/cameroun\/sites\/57\/2024\/01\/sm_1706693680.550971.jpg","width":780,"height":440,"caption":"Cinq personnes tu\u00e9es, cinq v\u00e9hicules calcin\u00e9s \u00e0 Buea"},{"@type":"BreadcrumbList","@id":"https:\/\/www.africa-press.net\/cameroun\/toutes-les-actualites\/cinq-personnes-tuees-cinq-vehicules-calcines-a-buea#breadcrumb","itemListElement":[{"@type":"ListItem","position":1,"name":"Accueil","item":"https:\/\/www.africa-press.net\/cameroun\/"},{"@type":"ListItem","position":2,"name":"Cinq personnes tu\u00e9es, cinq v\u00e9hicules calcin\u00e9s \u00e0 Buea"}]},{"@type":"WebSite","@id":"https:\/\/www.africa-press.net\/cameroun\/#website","url":"https:\/\/www.africa-press.net\/cameroun\/","name":"Cameroun","description":"Just another Africa News Agency Sites site","potentialAction":[{"@type":"SearchAction","target":{"@type":"EntryPoint","urlTemplate":"https:\/\/www.africa-press.net\/cameroun\/?s={search_term_string}"},"query-input":{"@type":"PropertyValueSpecification","valueRequired":true,"valueName":"search_term_string"}}],"inLanguage":"fr-FR"},{"@type":"Person","@id":"https:\/\/www.africa-press.net\/cameroun\/#\/schema\/person\/2b1cf3cd81a31e3cd26889ca66d677f1","name":"cfeditorfr"}]}},"_links":{"self":[{"href":"https:\/\/www.africa-press.net\/cameroun\/wp-json\/wp\/v2\/posts\/60954","targetHints":{"allow":["GET"]}}],"collection":[{"href":"https:\/\/www.africa-press.net\/cameroun\/wp-json\/wp\/v2\/posts"}],"about":[{"href":"https:\/\/www.africa-press.net\/cameroun\/wp-json\/wp\/v2\/types\/post"}],"author":[{"embeddable":true,"href":"https:\/\/www.africa-press.net\/cameroun\/wp-json\/wp\/v2\/users\/82"}],"replies":[{"embeddable":true,"href":"https:\/\/www.africa-press.net\/cameroun\/wp-json\/wp\/v2\/comments?post=60954"}],"version-history":[{"count":0,"href":"https:\/\/www.africa-press.net\/cameroun\/wp-json\/wp\/v2\/posts\/60954\/revisions"}],"wp:featuredmedia":[{"embeddable":true,"href":"https:\/\/www.africa-press.net\/cameroun\/wp-json\/wp\/v2\/media\/60952"}],"wp:attachment":[{"href":"https:\/\/www.africa-press.net\/cameroun\/wp-json\/wp\/v2\/media?parent=60954"}],"wp:term":[{"taxonomy":"category","embeddable":true,"href":"https:\/\/www.africa-press.net\/cameroun\/wp-json\/wp\/v2\/categories?post=60954"},{"taxonomy":"post_tag","embeddable":true,"href":"https:\/\/www.africa-press.net\/cameroun\/wp-json\/wp\/v2\/tags?post=60954"}],"curies":[{"name":"wp","href":"https:\/\/api.w.org\/{rel}","templated":true}]}}