{"id":60976,"date":"2024-01-31T12:57:12","date_gmt":"2024-01-31T12:57:12","guid":{"rendered":"https:\/\/www.africa-press.net\/cameroun\/politique\/barrage-de-nachtigal-420-mw-les-60-premiers-megawatts-finalement-annonces-pour-le-24-fevrier-2024"},"modified":"2024-01-31T13:14:11","modified_gmt":"2024-01-31T13:14:11","slug":"barrage-de-nachtigal-420-mw-les-60-premiers-megawatts-finalement-annonces-pour-le-24-fevrier-2024","status":"publish","type":"post","link":"https:\/\/www.africa-press.net\/cameroun\/economie\/barrage-de-nachtigal-420-mw-les-60-premiers-megawatts-finalement-annonces-pour-le-24-fevrier-2024","title":{"rendered":"Barrage de Nachtigal (420 MW) : les 60 premiers m\u00e9gawatts finalement annonc\u00e9s pour le 24 f\u00e9vrier 2024"},"content":{"rendered":"<p><span style=\"color: #ff6600\"><strong>Africa-Press &#8211; Cameroun. <\/strong><\/span>Investir au Cameroun) &#8211; Initialement pre\u0301vue pour le mois de de\u0301cembre 2023, l\u2019injection dans le re\u0301seau e\u0301lectrique des 60 premiers me\u0301gawatts (MW) du barrage de Nachtigal, infrastructure e\u0301nerge\u0301tique d\u2019une capacite\u0301 de 420 MW en construction dans la re\u0301gion du centre du Cameroun, aura finalement lieu le 24 fe\u0301vrier 2024. L\u2019information a e\u0301te\u0301 re\u0301ve\u0301le\u0301e le 25 janvier 2024 a\u0300 Yaounde\u0301 par le ministre de l\u2019Eau et de l\u2019Energie, Gaston Eloundou Essomba, au cours d\u2019un conseil de cabinet.<\/p>\n<p>L\u2019injection annonce\u0301e des premiers MW du barrage de Nachtigal dans le re\u0301seau interconnecte\u0301 Sud (RIS), qui regroupe six re\u0301gions sur les 10 que compte le Cameroun, devrait permettre de re\u0301duire ou de diminuer les rationnements de l\u2019e\u0301nergie e\u0301lectrique actuellement observe\u0301s dans le pays, en raison de l\u2019e\u0301tiage. Cette pe\u0301riode de se\u0301cheresse est ge\u0301ne\u0301ralement caracte\u0301rise\u0301e par la baisse du niveau des eaux dans les barrages, avec pour conse\u0301quence la re\u0301duction des de\u0301bits engendrant un de\u0301ficit de production de l\u2019e\u0301nergie e\u0301lectrique.<\/p>\n<p>Selon Eneo, le distributeur exclusif de l\u2019e\u0301nergie e\u0301lectrique au Cameroun, le de\u0301ficit qui engendre les de\u0301lestages actuels est principalement le fait du barrage de Memve\u2019e\u0301le (211 MW de capacite\u0301s). La production y a de\u0301gringole\u0301 ces dernie\u0300res semaines, apprend-on, a\u0300 cause du faible de\u0301bit des eaux en pe\u0301riode d\u2019e\u0301tiage sur le Ntem, fleuve sur lequel l\u2019infrastructure est construite.<\/p>\n<p>A attendant la construction d\u2019un barrage de retenue pour la re\u0301gularisation des de\u0301bits sur ce fleuve en pe\u0301riode de se\u0301cheresse, comme le pre\u0301voit le gouvernement, le de\u0301ficit de production engendre\u0301 par le phe\u0301nome\u0300ne d\u2019e\u0301tiage sur Memve\u2019ele devrait e\u0302tre re\u0301sorbe\u0301 de\u0300s l\u2019anne\u0301e 2025. Ceci, en raison de la disponibilite\u0301 de la totalite\u0301 des 420 MW du barrage de Nachtigal, annonce\u0301e pour le mois de septembre 2024.<\/p>\n<p><strong>Pour plus d&rsquo;informations et d&rsquo;analyses sur la <a href=\"https:\/\/www.africa-press.net\/cameroun\">Cameroun<\/a>, suivez <a href=\"https:\/\/www.africa-press.net\/\">Africa-Press<\/a><\/strong><\/p>\n","protected":false},"excerpt":{"rendered":"<p>Africa-Press &#8211; Cameroun. Investir au Cameroun) &#8211; Initialement pre\u0301vue pour le mois de de\u0301cembre 2023, l\u2019injection dans le re\u0301seau e\u0301lectrique des 60 premiers me\u0301gawatts (MW) du barrage de Nachtigal, infrastructure e\u0301nerge\u0301tique d\u2019une capacite\u0301 de 420 MW en construction dans la re\u0301gion du centre du Cameroun, aura finalement lieu le 24 fe\u0301vrier 2024. L\u2019information a e\u0301te\u0301 [&hellip;]<\/p>\n","protected":false},"author":82,"featured_media":60975,"comment_status":"open","ping_status":"closed","sticky":false,"template":"","format":"standard","meta":{"footnotes":""},"categories":[3,10],"tags":[36,50,49],"class_list":["post-60976","post","type-post","status-publish","format-standard","has-post-thumbnail","hentry","category-economie","category-toutes-les-actualites","tag-africa-press","tag-africa-press-cameroun","tag-cameroun"],"yoast_head":"<!-- This site is optimized with the Yoast SEO Premium plugin v26.1 (Yoast SEO v27.0) - https:\/\/yoast.com\/product\/yoast-seo-premium-wordpress\/ -->\n<title>Barrage de Nachtigal (420 MW) : les 60 premiers m\u00e9gawatts finalement annonc\u00e9s pour le 24 f\u00e9vrier 2024 - Cameroun<\/title>\n<meta name=\"description\" content=\"Investir au Cameroun) - Initialement pre\u0301vue pour le mois de de\u0301cembre 2023, l\u2019injection dans le re\u0301seau e\u0301lectrique des ...\" \/>\n<meta name=\"robots\" content=\"index, follow, max-snippet:-1, max-image-preview:large, max-video-preview:-1\" \/>\n<link rel=\"canonical\" href=\"https:\/\/www.africa-press.net\/cameroun\/economie\/barrage-de-nachtigal-420-mw-les-60-premiers-megawatts-finalement-annonces-pour-le-24-fevrier-2024\" \/>\n<meta property=\"og:locale\" content=\"fr_FR\" \/>\n<meta property=\"og:type\" content=\"article\" \/>\n<meta property=\"og:title\" content=\"Barrage de Nachtigal (420 MW) : les 60 premiers m\u00e9gawatts finalement annonc\u00e9s pour le 24 f\u00e9vrier 2024\" \/>\n<meta property=\"og:description\" content=\"Investir au Cameroun) - Initialement pre\u0301vue pour le mois de de\u0301cembre 2023, l\u2019injection dans le re\u0301seau e\u0301lectrique des ...\" \/>\n<meta property=\"og:url\" content=\"https:\/\/www.africa-press.net\/cameroun\/economie\/barrage-de-nachtigal-420-mw-les-60-premiers-megawatts-finalement-annonces-pour-le-24-fevrier-2024\" \/>\n<meta property=\"og:site_name\" content=\"Cameroun\" \/>\n<meta property=\"article:published_time\" content=\"2024-01-31T12:57:12+00:00\" \/>\n<meta property=\"article:modified_time\" content=\"2024-01-31T13:14:11+00:00\" \/>\n<meta property=\"og:image\" content=\"https:\/\/static.africa-press.net\/cameroun\/sites\/57\/2024\/01\/sm_1706694012.579052.jpg\" \/>\n\t<meta property=\"og:image:width\" content=\"720\" \/>\n\t<meta property=\"og:image:height\" content=\"480\" \/>\n\t<meta property=\"og:image:type\" content=\"image\/jpeg\" \/>\n<meta name=\"author\" content=\"cfeditorfr\" \/>\n<meta name=\"twitter:card\" content=\"summary_large_image\" \/>\n<meta name=\"twitter:label1\" content=\"\u00c9crit par\" \/>\n\t<meta name=\"twitter:data1\" content=\"cfeditorfr\" \/>\n\t<meta name=\"twitter:label2\" content=\"Dur\u00e9e de lecture estim\u00e9e\" \/>\n\t<meta name=\"twitter:data2\" content=\"2 minutes\" \/>\n<script type=\"application\/ld+json\" class=\"yoast-schema-graph\">{\"@context\":\"https:\/\/schema.org\",\"@graph\":[{\"@type\":\"Article\",\"@id\":\"https:\/\/www.africa-press.net\/cameroun\/economie\/barrage-de-nachtigal-420-mw-les-60-premiers-megawatts-finalement-annonces-pour-le-24-fevrier-2024#article\",\"isPartOf\":{\"@id\":\"https:\/\/www.africa-press.net\/cameroun\/economie\/barrage-de-nachtigal-420-mw-les-60-premiers-megawatts-finalement-annonces-pour-le-24-fevrier-2024\"},\"author\":{\"name\":\"cfeditorfr\",\"@id\":\"https:\/\/www.africa-press.net\/cameroun\/#\/schema\/person\/2b1cf3cd81a31e3cd26889ca66d677f1\"},\"headline\":\"Barrage de Nachtigal (420 MW) : les 60 premiers m\u00e9gawatts finalement annonc\u00e9s pour le 24 f\u00e9vrier 2024\",\"datePublished\":\"2024-01-31T12:57:12+00:00\",\"dateModified\":\"2024-01-31T13:14:11+00:00\",\"mainEntityOfPage\":{\"@id\":\"https:\/\/www.africa-press.net\/cameroun\/economie\/barrage-de-nachtigal-420-mw-les-60-premiers-megawatts-finalement-annonces-pour-le-24-fevrier-2024\"},\"wordCount\":371,\"commentCount\":0,\"image\":{\"@id\":\"https:\/\/www.africa-press.net\/cameroun\/economie\/barrage-de-nachtigal-420-mw-les-60-premiers-megawatts-finalement-annonces-pour-le-24-fevrier-2024#primaryimage\"},\"thumbnailUrl\":\"https:\/\/static.africa-press.net\/cameroun\/sites\/57\/2024\/01\/sm_1706694012.579052.jpg\",\"keywords\":[\"Africa Press\",\"Africa Press-Cameroun\",\"Cameroun\"],\"articleSection\":[\"\u00c9conomie\",\"Toutes les actualit\u00e9s\"],\"inLanguage\":\"fr-FR\",\"potentialAction\":[{\"@type\":\"CommentAction\",\"name\":\"Comment\",\"target\":[\"https:\/\/www.africa-press.net\/cameroun\/economie\/barrage-de-nachtigal-420-mw-les-60-premiers-megawatts-finalement-annonces-pour-le-24-fevrier-2024#respond\"]}]},{\"@type\":\"WebPage\",\"@id\":\"https:\/\/www.africa-press.net\/cameroun\/economie\/barrage-de-nachtigal-420-mw-les-60-premiers-megawatts-finalement-annonces-pour-le-24-fevrier-2024\",\"url\":\"https:\/\/www.africa-press.net\/cameroun\/economie\/barrage-de-nachtigal-420-mw-les-60-premiers-megawatts-finalement-annonces-pour-le-24-fevrier-2024\",\"name\":\"Barrage de Nachtigal (420 MW) : les 60 premiers m\u00e9gawatts finalement annonc\u00e9s pour le 24 f\u00e9vrier 2024 - Cameroun\",\"isPartOf\":{\"@id\":\"https:\/\/www.africa-press.net\/cameroun\/#website\"},\"primaryImageOfPage\":{\"@id\":\"https:\/\/www.africa-press.net\/cameroun\/economie\/barrage-de-nachtigal-420-mw-les-60-premiers-megawatts-finalement-annonces-pour-le-24-fevrier-2024#primaryimage\"},\"image\":{\"@id\":\"https:\/\/www.africa-press.net\/cameroun\/economie\/barrage-de-nachtigal-420-mw-les-60-premiers-megawatts-finalement-annonces-pour-le-24-fevrier-2024#primaryimage\"},\"thumbnailUrl\":\"https:\/\/static.africa-press.net\/cameroun\/sites\/57\/2024\/01\/sm_1706694012.579052.jpg\",\"datePublished\":\"2024-01-31T12:57:12+00:00\",\"dateModified\":\"2024-01-31T13:14:11+00:00\",\"author\":{\"@id\":\"https:\/\/www.africa-press.net\/cameroun\/#\/schema\/person\/2b1cf3cd81a31e3cd26889ca66d677f1\"},\"description\":\"Investir au Cameroun) - Initialement pre\u0301vue pour le mois de de\u0301cembre 2023, l\u2019injection dans le re\u0301seau e\u0301lectrique des ...\",\"breadcrumb\":{\"@id\":\"https:\/\/www.africa-press.net\/cameroun\/economie\/barrage-de-nachtigal-420-mw-les-60-premiers-megawatts-finalement-annonces-pour-le-24-fevrier-2024#breadcrumb\"},\"inLanguage\":\"fr-FR\",\"potentialAction\":[{\"@type\":\"ReadAction\",\"target\":[\"https:\/\/www.africa-press.net\/cameroun\/economie\/barrage-de-nachtigal-420-mw-les-60-premiers-megawatts-finalement-annonces-pour-le-24-fevrier-2024\"]}]},{\"@type\":\"ImageObject\",\"inLanguage\":\"fr-FR\",\"@id\":\"https:\/\/www.africa-press.net\/cameroun\/economie\/barrage-de-nachtigal-420-mw-les-60-premiers-megawatts-finalement-annonces-pour-le-24-fevrier-2024#primaryimage\",\"url\":\"https:\/\/static.africa-press.net\/cameroun\/sites\/57\/2024\/01\/sm_1706694012.579052.jpg\",\"contentUrl\":\"https:\/\/static.africa-press.net\/cameroun\/sites\/57\/2024\/01\/sm_1706694012.579052.jpg\",\"width\":720,\"height\":480,\"caption\":\"Barrage de Nachtigal (420 MW) : les 60 premiers m\u00e9gawatts finalement annonc\u00e9s pour le 24 f\u00e9vrier 2024\"},{\"@type\":\"BreadcrumbList\",\"@id\":\"https:\/\/www.africa-press.net\/cameroun\/economie\/barrage-de-nachtigal-420-mw-les-60-premiers-megawatts-finalement-annonces-pour-le-24-fevrier-2024#breadcrumb\",\"itemListElement\":[{\"@type\":\"ListItem\",\"position\":1,\"name\":\"Accueil\",\"item\":\"https:\/\/www.africa-press.net\/cameroun\/\"},{\"@type\":\"ListItem\",\"position\":2,\"name\":\"Barrage de Nachtigal (420 MW) : les 60 premiers m\u00e9gawatts finalement annonc\u00e9s pour le 24 f\u00e9vrier 2024\"}]},{\"@type\":\"WebSite\",\"@id\":\"https:\/\/www.africa-press.net\/cameroun\/#website\",\"url\":\"https:\/\/www.africa-press.net\/cameroun\/\",\"name\":\"Cameroun\",\"description\":\"Just another Africa News Agency Sites site\",\"potentialAction\":[{\"@type\":\"SearchAction\",\"target\":{\"@type\":\"EntryPoint\",\"urlTemplate\":\"https:\/\/www.africa-press.net\/cameroun\/?s={search_term_string}\"},\"query-input\":{\"@type\":\"PropertyValueSpecification\",\"valueRequired\":true,\"valueName\":\"search_term_string\"}}],\"inLanguage\":\"fr-FR\"},{\"@type\":\"Person\",\"@id\":\"https:\/\/www.africa-press.net\/cameroun\/#\/schema\/person\/2b1cf3cd81a31e3cd26889ca66d677f1\",\"name\":\"cfeditorfr\"}]}<\/script>\n<!-- \/ Yoast SEO Premium plugin. -->","yoast_head_json":{"title":"Barrage de Nachtigal (420 MW) : les 60 premiers m\u00e9gawatts finalement annonc\u00e9s pour le 24 f\u00e9vrier 2024 - Cameroun","description":"Investir au Cameroun) - Initialement pre\u0301vue pour le mois de de\u0301cembre 2023, l\u2019injection dans le re\u0301seau e\u0301lectrique des ...","robots":{"index":"index","follow":"follow","max-snippet":"max-snippet:-1","max-image-preview":"max-image-preview:large","max-video-preview":"max-video-preview:-1"},"canonical":"https:\/\/www.africa-press.net\/cameroun\/economie\/barrage-de-nachtigal-420-mw-les-60-premiers-megawatts-finalement-annonces-pour-le-24-fevrier-2024","og_locale":"fr_FR","og_type":"article","og_title":"Barrage de Nachtigal (420 MW) : les 60 premiers m\u00e9gawatts finalement annonc\u00e9s pour le 24 f\u00e9vrier 2024","og_description":"Investir au Cameroun) - Initialement pre\u0301vue pour le mois de de\u0301cembre 2023, l\u2019injection dans le re\u0301seau e\u0301lectrique des ...","og_url":"https:\/\/www.africa-press.net\/cameroun\/economie\/barrage-de-nachtigal-420-mw-les-60-premiers-megawatts-finalement-annonces-pour-le-24-fevrier-2024","og_site_name":"Cameroun","article_published_time":"2024-01-31T12:57:12+00:00","article_modified_time":"2024-01-31T13:14:11+00:00","og_image":[{"width":720,"height":480,"url":"https:\/\/static.africa-press.net\/cameroun\/sites\/57\/2024\/01\/sm_1706694012.579052.jpg","type":"image\/jpeg"}],"author":"cfeditorfr","twitter_card":"summary_large_image","twitter_misc":{"\u00c9crit par":"cfeditorfr","Dur\u00e9e de lecture estim\u00e9e":"2 minutes"},"schema":{"@context":"https:\/\/schema.org","@graph":[{"@type":"Article","@id":"https:\/\/www.africa-press.net\/cameroun\/economie\/barrage-de-nachtigal-420-mw-les-60-premiers-megawatts-finalement-annonces-pour-le-24-fevrier-2024#article","isPartOf":{"@id":"https:\/\/www.africa-press.net\/cameroun\/economie\/barrage-de-nachtigal-420-mw-les-60-premiers-megawatts-finalement-annonces-pour-le-24-fevrier-2024"},"author":{"name":"cfeditorfr","@id":"https:\/\/www.africa-press.net\/cameroun\/#\/schema\/person\/2b1cf3cd81a31e3cd26889ca66d677f1"},"headline":"Barrage de Nachtigal (420 MW) : les 60 premiers m\u00e9gawatts finalement annonc\u00e9s pour le 24 f\u00e9vrier 2024","datePublished":"2024-01-31T12:57:12+00:00","dateModified":"2024-01-31T13:14:11+00:00","mainEntityOfPage":{"@id":"https:\/\/www.africa-press.net\/cameroun\/economie\/barrage-de-nachtigal-420-mw-les-60-premiers-megawatts-finalement-annonces-pour-le-24-fevrier-2024"},"wordCount":371,"commentCount":0,"image":{"@id":"https:\/\/www.africa-press.net\/cameroun\/economie\/barrage-de-nachtigal-420-mw-les-60-premiers-megawatts-finalement-annonces-pour-le-24-fevrier-2024#primaryimage"},"thumbnailUrl":"https:\/\/static.africa-press.net\/cameroun\/sites\/57\/2024\/01\/sm_1706694012.579052.jpg","keywords":["Africa Press","Africa Press-Cameroun","Cameroun"],"articleSection":["\u00c9conomie","Toutes les actualit\u00e9s"],"inLanguage":"fr-FR","potentialAction":[{"@type":"CommentAction","name":"Comment","target":["https:\/\/www.africa-press.net\/cameroun\/economie\/barrage-de-nachtigal-420-mw-les-60-premiers-megawatts-finalement-annonces-pour-le-24-fevrier-2024#respond"]}]},{"@type":"WebPage","@id":"https:\/\/www.africa-press.net\/cameroun\/economie\/barrage-de-nachtigal-420-mw-les-60-premiers-megawatts-finalement-annonces-pour-le-24-fevrier-2024","url":"https:\/\/www.africa-press.net\/cameroun\/economie\/barrage-de-nachtigal-420-mw-les-60-premiers-megawatts-finalement-annonces-pour-le-24-fevrier-2024","name":"Barrage de Nachtigal (420 MW) : les 60 premiers m\u00e9gawatts finalement annonc\u00e9s pour le 24 f\u00e9vrier 2024 - Cameroun","isPartOf":{"@id":"https:\/\/www.africa-press.net\/cameroun\/#website"},"primaryImageOfPage":{"@id":"https:\/\/www.africa-press.net\/cameroun\/economie\/barrage-de-nachtigal-420-mw-les-60-premiers-megawatts-finalement-annonces-pour-le-24-fevrier-2024#primaryimage"},"image":{"@id":"https:\/\/www.africa-press.net\/cameroun\/economie\/barrage-de-nachtigal-420-mw-les-60-premiers-megawatts-finalement-annonces-pour-le-24-fevrier-2024#primaryimage"},"thumbnailUrl":"https:\/\/static.africa-press.net\/cameroun\/sites\/57\/2024\/01\/sm_1706694012.579052.jpg","datePublished":"2024-01-31T12:57:12+00:00","dateModified":"2024-01-31T13:14:11+00:00","author":{"@id":"https:\/\/www.africa-press.net\/cameroun\/#\/schema\/person\/2b1cf3cd81a31e3cd26889ca66d677f1"},"description":"Investir au Cameroun) - Initialement pre\u0301vue pour le mois de de\u0301cembre 2023, l\u2019injection dans le re\u0301seau e\u0301lectrique des ...","breadcrumb":{"@id":"https:\/\/www.africa-press.net\/cameroun\/economie\/barrage-de-nachtigal-420-mw-les-60-premiers-megawatts-finalement-annonces-pour-le-24-fevrier-2024#breadcrumb"},"inLanguage":"fr-FR","potentialAction":[{"@type":"ReadAction","target":["https:\/\/www.africa-press.net\/cameroun\/economie\/barrage-de-nachtigal-420-mw-les-60-premiers-megawatts-finalement-annonces-pour-le-24-fevrier-2024"]}]},{"@type":"ImageObject","inLanguage":"fr-FR","@id":"https:\/\/www.africa-press.net\/cameroun\/economie\/barrage-de-nachtigal-420-mw-les-60-premiers-megawatts-finalement-annonces-pour-le-24-fevrier-2024#primaryimage","url":"https:\/\/static.africa-press.net\/cameroun\/sites\/57\/2024\/01\/sm_1706694012.579052.jpg","contentUrl":"https:\/\/static.africa-press.net\/cameroun\/sites\/57\/2024\/01\/sm_1706694012.579052.jpg","width":720,"height":480,"caption":"Barrage de Nachtigal (420 MW) : les 60 premiers m\u00e9gawatts finalement annonc\u00e9s pour le 24 f\u00e9vrier 2024"},{"@type":"BreadcrumbList","@id":"https:\/\/www.africa-press.net\/cameroun\/economie\/barrage-de-nachtigal-420-mw-les-60-premiers-megawatts-finalement-annonces-pour-le-24-fevrier-2024#breadcrumb","itemListElement":[{"@type":"ListItem","position":1,"name":"Accueil","item":"https:\/\/www.africa-press.net\/cameroun\/"},{"@type":"ListItem","position":2,"name":"Barrage de Nachtigal (420 MW) : les 60 premiers m\u00e9gawatts finalement annonc\u00e9s pour le 24 f\u00e9vrier 2024"}]},{"@type":"WebSite","@id":"https:\/\/www.africa-press.net\/cameroun\/#website","url":"https:\/\/www.africa-press.net\/cameroun\/","name":"Cameroun","description":"Just another Africa News Agency Sites site","potentialAction":[{"@type":"SearchAction","target":{"@type":"EntryPoint","urlTemplate":"https:\/\/www.africa-press.net\/cameroun\/?s={search_term_string}"},"query-input":{"@type":"PropertyValueSpecification","valueRequired":true,"valueName":"search_term_string"}}],"inLanguage":"fr-FR"},{"@type":"Person","@id":"https:\/\/www.africa-press.net\/cameroun\/#\/schema\/person\/2b1cf3cd81a31e3cd26889ca66d677f1","name":"cfeditorfr"}]}},"_links":{"self":[{"href":"https:\/\/www.africa-press.net\/cameroun\/wp-json\/wp\/v2\/posts\/60976","targetHints":{"allow":["GET"]}}],"collection":[{"href":"https:\/\/www.africa-press.net\/cameroun\/wp-json\/wp\/v2\/posts"}],"about":[{"href":"https:\/\/www.africa-press.net\/cameroun\/wp-json\/wp\/v2\/types\/post"}],"author":[{"embeddable":true,"href":"https:\/\/www.africa-press.net\/cameroun\/wp-json\/wp\/v2\/users\/82"}],"replies":[{"embeddable":true,"href":"https:\/\/www.africa-press.net\/cameroun\/wp-json\/wp\/v2\/comments?post=60976"}],"version-history":[{"count":0,"href":"https:\/\/www.africa-press.net\/cameroun\/wp-json\/wp\/v2\/posts\/60976\/revisions"}],"wp:featuredmedia":[{"embeddable":true,"href":"https:\/\/www.africa-press.net\/cameroun\/wp-json\/wp\/v2\/media\/60975"}],"wp:attachment":[{"href":"https:\/\/www.africa-press.net\/cameroun\/wp-json\/wp\/v2\/media?parent=60976"}],"wp:term":[{"taxonomy":"category","embeddable":true,"href":"https:\/\/www.africa-press.net\/cameroun\/wp-json\/wp\/v2\/categories?post=60976"},{"taxonomy":"post_tag","embeddable":true,"href":"https:\/\/www.africa-press.net\/cameroun\/wp-json\/wp\/v2\/tags?post=60976"}],"curies":[{"name":"wp","href":"https:\/\/api.w.org\/{rel}","templated":true}]}}