{"id":61013,"date":"2024-01-31T19:27:26","date_gmt":"2024-01-31T19:27:26","guid":{"rendered":"https:\/\/www.africa-press.net\/cameroun\/politique\/restaurer-le-respect-du-au-drapeau"},"modified":"2024-01-31T20:24:38","modified_gmt":"2024-01-31T20:24:38","slug":"restaurer-le-respect-du-au-drapeau","status":"publish","type":"post","link":"https:\/\/www.africa-press.net\/cameroun\/politique\/restaurer-le-respect-du-au-drapeau","title":{"rendered":"Restaurer le Respect D\u00fb au Drapeau"},"content":{"rendered":"<p><span style=\"color: #ff6600\"><strong>Africa-Press &#8211; Cameroun. <\/strong><\/span><b>La Constitution, loi supre\u0302me, consacre le drapeau tricolore, emble\u0300me que les citoyens et administrations ne respectent pas toujours. Il faut se\u0301vir pour sauver son honneur.<\/b><\/p>\n<p>L\u2019e\u0301motion et la re\u0301action re\u0301publicaine provoque\u0301es par la \u00ab me\u0301prise \u00bb ou \u00ab l\u2019erreur \u00bb de <b>TV5Monde<\/b> le 23 janvier 2024 sont salutaires. Elles me\u0301ritent de se prolonger. Elles ame\u0300nent a\u0300 mettre sur le tapis d\u2019autres formes \u00ab d\u2019impairs \u00bb a\u0300 l\u2019encontre du <b>drapeau<\/b> et partant, de la <b>souverainete\u0301 du Cameroun<\/b>. Des faits que l\u2019indignation collective doit aussi viser. Mais qui ne semblent pas susciter la condamnation d\u2019un citoyen ou d\u2019une institution. Quelques trois cas parmi tant d\u2019autres illustrent bien cette constatation.<\/p>\n<p>D\u2019abord, dans la cour des chefferies traditionnelles, des e\u0301tablissements scolaires, des administrations publiques flottent un drapeau qui suscite la confusion. Il renvoie a\u0300 tout, sauf a\u0300 la Re\u0301publique du Cameroun. Avec le temps, l\u2019e\u0301toffe a perdu son e\u0301clat. Elle s\u2019est de\u0301lave\u0301e. Ses couleurs ont change\u0301. L\u2019on ne reconnait plus le vert, ni le rouge, ni le jaune, encore moins l\u2019e\u0301toile dore\u0301e, des couleurs consacre\u0301es par le pre\u0301ambule de la re\u0301vision constitutionnelle du 18 janvier 1996.<\/p>\n<p>Parfois, la plaie est plus profonde. Ce morceau de tissu aux couleurs indescriptibles, pre\u0301sente des de\u0301chirures. Des lambeaux flottent au vent au regard de tous, sans ge\u0302ner ni inquie\u0301ter personne. Ce qui renverrait a\u0300 la partition, a\u0300 la vieillesse, ou a\u0300 la faiblesse de la Re\u0301publique. Pourtant la Constitution est claire a\u0300 ce propos. Le Cameroun est un Etat unitaire. L\u2019Etat du Cameroun est un et indivisible. La loi fondamentale est ferme sur l\u2019indivisibilite\u0301 du pays. Et les Forces de de\u0301fense veillent a\u0300 l\u2019inte\u0301grite\u0301 du territoire. Par ailleurs, quelques fois, sans cause, l\u2019e\u0301toffe est en berne. Position adopte\u0301e lorsque la nation est en deuil.<\/p>\n<p>Ensuite, au Cameroun, l\u2019on se sert des couleurs du drapeau comme une vulgaire bande lors des ce\u0301re\u0301monies d\u2019inauguration des infrastructures. Des responsables de l\u2019administration publique depuis le sommet de l\u2019Etat ont pris pour habitude de tenir des ciseaux, de couper \u00ab le drapeau \u00bb en morceaux. Souvent, a\u0300 tort, l\u2019assistance applaudit, acclame le geste, sans se rendre compte de la \u00ab me\u0301prise \u00bb. Pourtant, l\u2019acte te\u0301moigne d\u2019un comportement irre\u0301ve\u0301rencieux envers la <b>Re\u0301publique<\/b>. Mais cela ne ge\u0302ne pas en re\u0301alite\u0301 des <b>institutions<\/b>.<\/p>\n<p>Enfin, des personnes et personnalite\u0301s ont tendance a\u0300 braver les <b>couleurs nationales<\/b> par divers actes. Certaines s\u2019amusent lors des ce\u0301re\u0301monies de leve\u0301e de ces couleurs. D\u2019autres, n\u2019ont pas de crainte a\u0300 de\u0301tourner les fonds publics sous le drapeau flottant au-dessus des institutions et entite\u0301s publiques pour lesquelles ils travaillent. De nombreuses autres encore, portant ces couleurs sur leurs uniformes, s\u2019amusent a\u0300 extorquer des sous aux citoyens. Ils se servent des positions titres privile\u0301gie\u0301s que l\u2019Etat leur confe\u0300re pour e\u0301craser les faibles qu\u2019ils doivent pluto\u0302t servir et prote\u0301ger. L\u2019on ne peut oublier le fait pour certains d\u2019utiliser le drapeau comme rideaux de leurs portes ou fene\u0302tres, ou encore d\u2019habiller les mototaxis aux vert-rouge-jaune. Et des formes de d\u2019irrespect contre le Drapeau et la <b>Nation<\/b> sont le\u0301gion.<\/p>\n<p>Ainsi, il revient a\u0300 tous et a\u0300 chacun, aux <b>28 millions de Camerounais<\/b> de respecter et de prote\u0301ger cet emble\u0300me national ainsi que les autres. Il revient aux autorite\u0301s compe\u0301tentes de restaurer le respect du\u0302 au drapeau. Elles doivent pour cela ordonner le retrait des pie\u0300ces de\u0301chire\u0301es ou de\u0301lave\u0301es sur l\u2019entendue du territoire, l\u2019interdiction de la coupure des couleurs nationales lors des ce\u0301re\u0301monies d\u2019inauguration. La puissance publique doit aussi administrer la correction a\u0300 ceux qui s\u2019amusent de toutes les fac\u0327ons a\u0300 de\u0301shonorer les <b>symboles nationaux<\/b>.<\/p>\n<p><strong>Pour plus d&rsquo;informations et d&rsquo;analyses sur la <a href=\"https:\/\/www.africa-press.net\/cameroun\">Cameroun<\/a>, suivez <a href=\"https:\/\/www.africa-press.net\/\">Africa-Press<\/a><\/strong><\/p>\n","protected":false},"excerpt":{"rendered":"<p>Africa-Press &#8211; Cameroun. La Constitution, loi supre\u0302me, consacre le drapeau tricolore, emble\u0300me que les citoyens et administrations ne respectent pas toujours. Il faut se\u0301vir pour sauver son honneur. L\u2019e\u0301motion et la re\u0301action re\u0301publicaine provoque\u0301es par la \u00ab me\u0301prise \u00bb ou \u00ab l\u2019erreur \u00bb de TV5Monde le 23 janvier 2024 sont salutaires. Elles me\u0301ritent de se [&hellip;]<\/p>\n","protected":false},"author":82,"featured_media":61012,"comment_status":"open","ping_status":"closed","sticky":false,"template":"","format":"standard","meta":{"footnotes":""},"categories":[2,10],"tags":[36,50,49],"class_list":["post-61013","post","type-post","status-publish","format-standard","has-post-thumbnail","hentry","category-politique","category-toutes-les-actualites","tag-africa-press","tag-africa-press-cameroun","tag-cameroun"],"yoast_head":"<!-- This site is optimized with the Yoast SEO Premium plugin v26.1 (Yoast SEO v27.0) - https:\/\/yoast.com\/product\/yoast-seo-premium-wordpress\/ -->\n<title>Restaurer le Respect D\u00fb au Drapeau - Cameroun<\/title>\n<meta name=\"description\" content=\"La Constitution, loi supre\u0302me, consacre le drapeau tricolore, emble\u0300me que les citoyens et administrations ne respect ...\" \/>\n<meta name=\"robots\" content=\"index, follow, max-snippet:-1, max-image-preview:large, max-video-preview:-1\" \/>\n<link rel=\"canonical\" href=\"https:\/\/www.africa-press.net\/cameroun\/politique\/restaurer-le-respect-du-au-drapeau\" \/>\n<meta property=\"og:locale\" content=\"fr_FR\" \/>\n<meta property=\"og:type\" content=\"article\" \/>\n<meta property=\"og:title\" content=\"Restaurer le Respect D\u00fb au Drapeau\" \/>\n<meta property=\"og:description\" content=\"La Constitution, loi supre\u0302me, consacre le drapeau tricolore, emble\u0300me que les citoyens et administrations ne respect ...\" \/>\n<meta property=\"og:url\" content=\"https:\/\/www.africa-press.net\/cameroun\/politique\/restaurer-le-respect-du-au-drapeau\" \/>\n<meta property=\"og:site_name\" content=\"Cameroun\" \/>\n<meta property=\"article:published_time\" content=\"2024-01-31T19:27:26+00:00\" \/>\n<meta property=\"article:modified_time\" content=\"2024-01-31T20:24:38+00:00\" \/>\n<meta property=\"og:image\" content=\"https:\/\/static.africa-press.net\/cameroun\/sites\/57\/2024\/01\/sm_1706719913.452194.jpg\" \/>\n\t<meta property=\"og:image:width\" content=\"780\" \/>\n\t<meta property=\"og:image:height\" content=\"440\" \/>\n\t<meta property=\"og:image:type\" content=\"image\/jpeg\" \/>\n<meta name=\"author\" content=\"cfeditorfr\" \/>\n<meta name=\"twitter:card\" content=\"summary_large_image\" \/>\n<meta name=\"twitter:label1\" content=\"\u00c9crit par\" \/>\n\t<meta name=\"twitter:data1\" content=\"cfeditorfr\" \/>\n\t<meta name=\"twitter:label2\" content=\"Dur\u00e9e de lecture estim\u00e9e\" \/>\n\t<meta name=\"twitter:data2\" content=\"4 minutes\" \/>\n<script type=\"application\/ld+json\" class=\"yoast-schema-graph\">{\"@context\":\"https:\/\/schema.org\",\"@graph\":[{\"@type\":\"Article\",\"@id\":\"https:\/\/www.africa-press.net\/cameroun\/politique\/restaurer-le-respect-du-au-drapeau#article\",\"isPartOf\":{\"@id\":\"https:\/\/www.africa-press.net\/cameroun\/politique\/restaurer-le-respect-du-au-drapeau\"},\"author\":{\"name\":\"cfeditorfr\",\"@id\":\"https:\/\/www.africa-press.net\/cameroun\/#\/schema\/person\/2b1cf3cd81a31e3cd26889ca66d677f1\"},\"headline\":\"Restaurer le Respect D\u00fb au Drapeau\",\"datePublished\":\"2024-01-31T19:27:26+00:00\",\"dateModified\":\"2024-01-31T20:24:38+00:00\",\"mainEntityOfPage\":{\"@id\":\"https:\/\/www.africa-press.net\/cameroun\/politique\/restaurer-le-respect-du-au-drapeau\"},\"wordCount\":689,\"commentCount\":0,\"image\":{\"@id\":\"https:\/\/www.africa-press.net\/cameroun\/politique\/restaurer-le-respect-du-au-drapeau#primaryimage\"},\"thumbnailUrl\":\"https:\/\/static.africa-press.net\/cameroun\/sites\/57\/2024\/01\/sm_1706719913.452194.jpg\",\"keywords\":[\"Africa Press\",\"Africa Press-Cameroun\",\"Cameroun\"],\"articleSection\":[\"Politique\",\"Toutes les actualit\u00e9s\"],\"inLanguage\":\"fr-FR\",\"potentialAction\":[{\"@type\":\"CommentAction\",\"name\":\"Comment\",\"target\":[\"https:\/\/www.africa-press.net\/cameroun\/politique\/restaurer-le-respect-du-au-drapeau#respond\"]}]},{\"@type\":\"WebPage\",\"@id\":\"https:\/\/www.africa-press.net\/cameroun\/politique\/restaurer-le-respect-du-au-drapeau\",\"url\":\"https:\/\/www.africa-press.net\/cameroun\/politique\/restaurer-le-respect-du-au-drapeau\",\"name\":\"Restaurer le Respect D\u00fb au Drapeau - Cameroun\",\"isPartOf\":{\"@id\":\"https:\/\/www.africa-press.net\/cameroun\/#website\"},\"primaryImageOfPage\":{\"@id\":\"https:\/\/www.africa-press.net\/cameroun\/politique\/restaurer-le-respect-du-au-drapeau#primaryimage\"},\"image\":{\"@id\":\"https:\/\/www.africa-press.net\/cameroun\/politique\/restaurer-le-respect-du-au-drapeau#primaryimage\"},\"thumbnailUrl\":\"https:\/\/static.africa-press.net\/cameroun\/sites\/57\/2024\/01\/sm_1706719913.452194.jpg\",\"datePublished\":\"2024-01-31T19:27:26+00:00\",\"dateModified\":\"2024-01-31T20:24:38+00:00\",\"author\":{\"@id\":\"https:\/\/www.africa-press.net\/cameroun\/#\/schema\/person\/2b1cf3cd81a31e3cd26889ca66d677f1\"},\"description\":\"La Constitution, loi supre\u0302me, consacre le drapeau tricolore, emble\u0300me que les citoyens et administrations ne respect ...\",\"breadcrumb\":{\"@id\":\"https:\/\/www.africa-press.net\/cameroun\/politique\/restaurer-le-respect-du-au-drapeau#breadcrumb\"},\"inLanguage\":\"fr-FR\",\"potentialAction\":[{\"@type\":\"ReadAction\",\"target\":[\"https:\/\/www.africa-press.net\/cameroun\/politique\/restaurer-le-respect-du-au-drapeau\"]}]},{\"@type\":\"ImageObject\",\"inLanguage\":\"fr-FR\",\"@id\":\"https:\/\/www.africa-press.net\/cameroun\/politique\/restaurer-le-respect-du-au-drapeau#primaryimage\",\"url\":\"https:\/\/static.africa-press.net\/cameroun\/sites\/57\/2024\/01\/sm_1706719913.452194.jpg\",\"contentUrl\":\"https:\/\/static.africa-press.net\/cameroun\/sites\/57\/2024\/01\/sm_1706719913.452194.jpg\",\"width\":780,\"height\":440,\"caption\":\"Restaurer le Respect D\u00fb au Drapeau\"},{\"@type\":\"BreadcrumbList\",\"@id\":\"https:\/\/www.africa-press.net\/cameroun\/politique\/restaurer-le-respect-du-au-drapeau#breadcrumb\",\"itemListElement\":[{\"@type\":\"ListItem\",\"position\":1,\"name\":\"Accueil\",\"item\":\"https:\/\/www.africa-press.net\/cameroun\/\"},{\"@type\":\"ListItem\",\"position\":2,\"name\":\"Restaurer le Respect D\u00fb au Drapeau\"}]},{\"@type\":\"WebSite\",\"@id\":\"https:\/\/www.africa-press.net\/cameroun\/#website\",\"url\":\"https:\/\/www.africa-press.net\/cameroun\/\",\"name\":\"Cameroun\",\"description\":\"Just another Africa News Agency Sites site\",\"potentialAction\":[{\"@type\":\"SearchAction\",\"target\":{\"@type\":\"EntryPoint\",\"urlTemplate\":\"https:\/\/www.africa-press.net\/cameroun\/?s={search_term_string}\"},\"query-input\":{\"@type\":\"PropertyValueSpecification\",\"valueRequired\":true,\"valueName\":\"search_term_string\"}}],\"inLanguage\":\"fr-FR\"},{\"@type\":\"Person\",\"@id\":\"https:\/\/www.africa-press.net\/cameroun\/#\/schema\/person\/2b1cf3cd81a31e3cd26889ca66d677f1\",\"name\":\"cfeditorfr\"}]}<\/script>\n<!-- \/ Yoast SEO Premium plugin. -->","yoast_head_json":{"title":"Restaurer le Respect D\u00fb au Drapeau - Cameroun","description":"La Constitution, loi supre\u0302me, consacre le drapeau tricolore, emble\u0300me que les citoyens et administrations ne respect ...","robots":{"index":"index","follow":"follow","max-snippet":"max-snippet:-1","max-image-preview":"max-image-preview:large","max-video-preview":"max-video-preview:-1"},"canonical":"https:\/\/www.africa-press.net\/cameroun\/politique\/restaurer-le-respect-du-au-drapeau","og_locale":"fr_FR","og_type":"article","og_title":"Restaurer le Respect D\u00fb au Drapeau","og_description":"La Constitution, loi supre\u0302me, consacre le drapeau tricolore, emble\u0300me que les citoyens et administrations ne respect ...","og_url":"https:\/\/www.africa-press.net\/cameroun\/politique\/restaurer-le-respect-du-au-drapeau","og_site_name":"Cameroun","article_published_time":"2024-01-31T19:27:26+00:00","article_modified_time":"2024-01-31T20:24:38+00:00","og_image":[{"width":780,"height":440,"url":"https:\/\/static.africa-press.net\/cameroun\/sites\/57\/2024\/01\/sm_1706719913.452194.jpg","type":"image\/jpeg"}],"author":"cfeditorfr","twitter_card":"summary_large_image","twitter_misc":{"\u00c9crit par":"cfeditorfr","Dur\u00e9e de lecture estim\u00e9e":"4 minutes"},"schema":{"@context":"https:\/\/schema.org","@graph":[{"@type":"Article","@id":"https:\/\/www.africa-press.net\/cameroun\/politique\/restaurer-le-respect-du-au-drapeau#article","isPartOf":{"@id":"https:\/\/www.africa-press.net\/cameroun\/politique\/restaurer-le-respect-du-au-drapeau"},"author":{"name":"cfeditorfr","@id":"https:\/\/www.africa-press.net\/cameroun\/#\/schema\/person\/2b1cf3cd81a31e3cd26889ca66d677f1"},"headline":"Restaurer le Respect D\u00fb au Drapeau","datePublished":"2024-01-31T19:27:26+00:00","dateModified":"2024-01-31T20:24:38+00:00","mainEntityOfPage":{"@id":"https:\/\/www.africa-press.net\/cameroun\/politique\/restaurer-le-respect-du-au-drapeau"},"wordCount":689,"commentCount":0,"image":{"@id":"https:\/\/www.africa-press.net\/cameroun\/politique\/restaurer-le-respect-du-au-drapeau#primaryimage"},"thumbnailUrl":"https:\/\/static.africa-press.net\/cameroun\/sites\/57\/2024\/01\/sm_1706719913.452194.jpg","keywords":["Africa Press","Africa Press-Cameroun","Cameroun"],"articleSection":["Politique","Toutes les actualit\u00e9s"],"inLanguage":"fr-FR","potentialAction":[{"@type":"CommentAction","name":"Comment","target":["https:\/\/www.africa-press.net\/cameroun\/politique\/restaurer-le-respect-du-au-drapeau#respond"]}]},{"@type":"WebPage","@id":"https:\/\/www.africa-press.net\/cameroun\/politique\/restaurer-le-respect-du-au-drapeau","url":"https:\/\/www.africa-press.net\/cameroun\/politique\/restaurer-le-respect-du-au-drapeau","name":"Restaurer le Respect D\u00fb au Drapeau - Cameroun","isPartOf":{"@id":"https:\/\/www.africa-press.net\/cameroun\/#website"},"primaryImageOfPage":{"@id":"https:\/\/www.africa-press.net\/cameroun\/politique\/restaurer-le-respect-du-au-drapeau#primaryimage"},"image":{"@id":"https:\/\/www.africa-press.net\/cameroun\/politique\/restaurer-le-respect-du-au-drapeau#primaryimage"},"thumbnailUrl":"https:\/\/static.africa-press.net\/cameroun\/sites\/57\/2024\/01\/sm_1706719913.452194.jpg","datePublished":"2024-01-31T19:27:26+00:00","dateModified":"2024-01-31T20:24:38+00:00","author":{"@id":"https:\/\/www.africa-press.net\/cameroun\/#\/schema\/person\/2b1cf3cd81a31e3cd26889ca66d677f1"},"description":"La Constitution, loi supre\u0302me, consacre le drapeau tricolore, emble\u0300me que les citoyens et administrations ne respect ...","breadcrumb":{"@id":"https:\/\/www.africa-press.net\/cameroun\/politique\/restaurer-le-respect-du-au-drapeau#breadcrumb"},"inLanguage":"fr-FR","potentialAction":[{"@type":"ReadAction","target":["https:\/\/www.africa-press.net\/cameroun\/politique\/restaurer-le-respect-du-au-drapeau"]}]},{"@type":"ImageObject","inLanguage":"fr-FR","@id":"https:\/\/www.africa-press.net\/cameroun\/politique\/restaurer-le-respect-du-au-drapeau#primaryimage","url":"https:\/\/static.africa-press.net\/cameroun\/sites\/57\/2024\/01\/sm_1706719913.452194.jpg","contentUrl":"https:\/\/static.africa-press.net\/cameroun\/sites\/57\/2024\/01\/sm_1706719913.452194.jpg","width":780,"height":440,"caption":"Restaurer le Respect D\u00fb au Drapeau"},{"@type":"BreadcrumbList","@id":"https:\/\/www.africa-press.net\/cameroun\/politique\/restaurer-le-respect-du-au-drapeau#breadcrumb","itemListElement":[{"@type":"ListItem","position":1,"name":"Accueil","item":"https:\/\/www.africa-press.net\/cameroun\/"},{"@type":"ListItem","position":2,"name":"Restaurer le Respect D\u00fb au Drapeau"}]},{"@type":"WebSite","@id":"https:\/\/www.africa-press.net\/cameroun\/#website","url":"https:\/\/www.africa-press.net\/cameroun\/","name":"Cameroun","description":"Just another Africa News Agency Sites site","potentialAction":[{"@type":"SearchAction","target":{"@type":"EntryPoint","urlTemplate":"https:\/\/www.africa-press.net\/cameroun\/?s={search_term_string}"},"query-input":{"@type":"PropertyValueSpecification","valueRequired":true,"valueName":"search_term_string"}}],"inLanguage":"fr-FR"},{"@type":"Person","@id":"https:\/\/www.africa-press.net\/cameroun\/#\/schema\/person\/2b1cf3cd81a31e3cd26889ca66d677f1","name":"cfeditorfr"}]}},"_links":{"self":[{"href":"https:\/\/www.africa-press.net\/cameroun\/wp-json\/wp\/v2\/posts\/61013","targetHints":{"allow":["GET"]}}],"collection":[{"href":"https:\/\/www.africa-press.net\/cameroun\/wp-json\/wp\/v2\/posts"}],"about":[{"href":"https:\/\/www.africa-press.net\/cameroun\/wp-json\/wp\/v2\/types\/post"}],"author":[{"embeddable":true,"href":"https:\/\/www.africa-press.net\/cameroun\/wp-json\/wp\/v2\/users\/82"}],"replies":[{"embeddable":true,"href":"https:\/\/www.africa-press.net\/cameroun\/wp-json\/wp\/v2\/comments?post=61013"}],"version-history":[{"count":0,"href":"https:\/\/www.africa-press.net\/cameroun\/wp-json\/wp\/v2\/posts\/61013\/revisions"}],"wp:featuredmedia":[{"embeddable":true,"href":"https:\/\/www.africa-press.net\/cameroun\/wp-json\/wp\/v2\/media\/61012"}],"wp:attachment":[{"href":"https:\/\/www.africa-press.net\/cameroun\/wp-json\/wp\/v2\/media?parent=61013"}],"wp:term":[{"taxonomy":"category","embeddable":true,"href":"https:\/\/www.africa-press.net\/cameroun\/wp-json\/wp\/v2\/categories?post=61013"},{"taxonomy":"post_tag","embeddable":true,"href":"https:\/\/www.africa-press.net\/cameroun\/wp-json\/wp\/v2\/tags?post=61013"}],"curies":[{"name":"wp","href":"https:\/\/api.w.org\/{rel}","templated":true}]}}