{"id":61017,"date":"2024-01-31T19:27:45","date_gmt":"2024-01-31T19:27:45","guid":{"rendered":"https:\/\/www.africa-press.net\/cameroun\/politique\/deces-de-lancien-depute-calvin-foinding"},"modified":"2024-01-31T20:26:29","modified_gmt":"2024-01-31T20:26:29","slug":"deces-de-lancien-depute-calvin-foinding","status":"publish","type":"post","link":"https:\/\/www.africa-press.net\/cameroun\/politique\/deces-de-lancien-depute-calvin-foinding","title":{"rendered":"D\u00e9c\u00e8s de L\u2019Ancien D\u00e9put\u00e9 Calvin Foinding"},"content":{"rendered":"<p><span style=\"color: #ff6600\"><strong>Africa-Press &#8211; Cameroun. <\/strong><\/span><b>L\u2019ex-membre du Parlement est de\u0301ce\u0301de\u0301 ce mercredi 31 janvier 2024 des suites d\u2019un arre\u0302t cardiaque a\u0300 Yaounde\u0301.<\/b><\/p>\n<p>Calvin Foinding, ancien vice-pre\u0301sident de l\u2019Assemble\u0301e nationale a tire\u0301 sa re\u0301ve\u0301rence dans la nuit du 30 au 31 janvier 2024. L\u2019ancien membre de la Chambre basse du Parlement est mort dans une clinique a\u0300 Yaounde\u0301, capitale du pays. De\u0301pute\u0301 du Rassemblement de\u0301mocratique du peuple camerounais dans le Koung-Khi, il a repre\u0301sente\u0301 le peuple au Parlement durant la 7e\u0300 et la 8e\u0300 le\u0301gislature.<\/p>\n<p>Dans le monde du football, Calvin Foinding a e\u0301te\u0301 pre\u0301sident de Stade de Bandjoun. Le club de premie\u0300re division a perdu la finale de la Coupe du Cameroun en 1996. La rencontre l\u2019a appose\u0301 a\u0300 Racing de Bafoussam. En avril 2022, dans une interview accorde\u0301e a\u0300 Camfoot, l\u2019homme de\u0301clare avoir encadre\u0301 dans ce club de foot, les anciens Lions indomptables Achille Webo, Benoit Angbwa et Daniel Ngom Kome\u0301.<\/p>\n<p>L\u2019homme a e\u0301te\u0301 aussi fondateur et pre\u0301sident du Mont Cameroun de Buea. Le club d\u2019Elite One a remporte\u0301 la Coupe du Cameroun en 2002. L\u2019autre casquette de Calvin Foinding est e\u0301conomique. Il a e\u0301te\u0301 le patron de Satellite Insurance Company.<\/p>\n<p><strong>Pour plus d&rsquo;informations et d&rsquo;analyses sur la <a href=\"https:\/\/www.africa-press.net\/cameroun\">Cameroun<\/a>, suivez <a href=\"https:\/\/www.africa-press.net\/\">Africa-Press<\/a><\/strong><\/p>\n","protected":false},"excerpt":{"rendered":"<p>Africa-Press &#8211; Cameroun. L\u2019ex-membre du Parlement est de\u0301ce\u0301de\u0301 ce mercredi 31 janvier 2024 des suites d\u2019un arre\u0302t cardiaque a\u0300 Yaounde\u0301. Calvin Foinding, ancien vice-pre\u0301sident de l\u2019Assemble\u0301e nationale a tire\u0301 sa re\u0301ve\u0301rence dans la nuit du 30 au 31 janvier 2024. L\u2019ancien membre de la Chambre basse du Parlement est mort dans une clinique a\u0300 Yaounde\u0301, [&hellip;]<\/p>\n","protected":false},"author":82,"featured_media":61016,"comment_status":"open","ping_status":"closed","sticky":false,"template":"","format":"standard","meta":{"footnotes":""},"categories":[2,10],"tags":[36,50,49],"class_list":["post-61017","post","type-post","status-publish","format-standard","has-post-thumbnail","hentry","category-politique","category-toutes-les-actualites","tag-africa-press","tag-africa-press-cameroun","tag-cameroun"],"yoast_head":"<!-- This site is optimized with the Yoast SEO Premium plugin v26.1 (Yoast SEO v27.0) - https:\/\/yoast.com\/product\/yoast-seo-premium-wordpress\/ -->\n<title>D\u00e9c\u00e8s de L\u2019Ancien D\u00e9put\u00e9 Calvin Foinding - Cameroun<\/title>\n<meta name=\"description\" content=\"L\u2019ex-membre du Parlement est de\u0301ce\u0301de\u0301 ce mercredi 31 janvier 2024 des suites d\u2019un arre\u0302t cardiaque a\u0300 Yaounde\u0301. ...\" \/>\n<meta name=\"robots\" content=\"index, follow, max-snippet:-1, max-image-preview:large, max-video-preview:-1\" \/>\n<link rel=\"canonical\" href=\"https:\/\/www.africa-press.net\/cameroun\/politique\/deces-de-lancien-depute-calvin-foinding\" \/>\n<meta property=\"og:locale\" content=\"fr_FR\" \/>\n<meta property=\"og:type\" content=\"article\" \/>\n<meta property=\"og:title\" content=\"D\u00e9c\u00e8s de L\u2019Ancien D\u00e9put\u00e9 Calvin Foinding\" \/>\n<meta property=\"og:description\" content=\"L\u2019ex-membre du Parlement est de\u0301ce\u0301de\u0301 ce mercredi 31 janvier 2024 des suites d\u2019un arre\u0302t cardiaque a\u0300 Yaounde\u0301. ...\" \/>\n<meta property=\"og:url\" content=\"https:\/\/www.africa-press.net\/cameroun\/politique\/deces-de-lancien-depute-calvin-foinding\" \/>\n<meta property=\"og:site_name\" content=\"Cameroun\" \/>\n<meta property=\"article:published_time\" content=\"2024-01-31T19:27:45+00:00\" \/>\n<meta property=\"article:modified_time\" content=\"2024-01-31T20:26:29+00:00\" \/>\n<meta property=\"og:image\" content=\"https:\/\/static.africa-press.net\/cameroun\/sites\/57\/2024\/01\/sm_1706720018.967122.jpg\" \/>\n\t<meta property=\"og:image:width\" content=\"780\" \/>\n\t<meta property=\"og:image:height\" content=\"440\" \/>\n\t<meta property=\"og:image:type\" content=\"image\/jpeg\" \/>\n<meta name=\"author\" content=\"cfeditorfr\" \/>\n<meta name=\"twitter:card\" content=\"summary_large_image\" \/>\n<meta name=\"twitter:label1\" content=\"\u00c9crit par\" \/>\n\t<meta name=\"twitter:data1\" content=\"cfeditorfr\" \/>\n\t<meta name=\"twitter:label2\" content=\"Dur\u00e9e de lecture estim\u00e9e\" \/>\n\t<meta name=\"twitter:data2\" content=\"1 minute\" \/>\n<script type=\"application\/ld+json\" class=\"yoast-schema-graph\">{\"@context\":\"https:\/\/schema.org\",\"@graph\":[{\"@type\":\"Article\",\"@id\":\"https:\/\/www.africa-press.net\/cameroun\/politique\/deces-de-lancien-depute-calvin-foinding#article\",\"isPartOf\":{\"@id\":\"https:\/\/www.africa-press.net\/cameroun\/politique\/deces-de-lancien-depute-calvin-foinding\"},\"author\":{\"name\":\"cfeditorfr\",\"@id\":\"https:\/\/www.africa-press.net\/cameroun\/#\/schema\/person\/2b1cf3cd81a31e3cd26889ca66d677f1\"},\"headline\":\"D\u00e9c\u00e8s de L\u2019Ancien D\u00e9put\u00e9 Calvin Foinding\",\"datePublished\":\"2024-01-31T19:27:45+00:00\",\"dateModified\":\"2024-01-31T20:26:29+00:00\",\"mainEntityOfPage\":{\"@id\":\"https:\/\/www.africa-press.net\/cameroun\/politique\/deces-de-lancien-depute-calvin-foinding\"},\"wordCount\":233,\"commentCount\":0,\"image\":{\"@id\":\"https:\/\/www.africa-press.net\/cameroun\/politique\/deces-de-lancien-depute-calvin-foinding#primaryimage\"},\"thumbnailUrl\":\"https:\/\/static.africa-press.net\/cameroun\/sites\/57\/2024\/01\/sm_1706720018.967122.jpg\",\"keywords\":[\"Africa Press\",\"Africa Press-Cameroun\",\"Cameroun\"],\"articleSection\":[\"Politique\",\"Toutes les actualit\u00e9s\"],\"inLanguage\":\"fr-FR\",\"potentialAction\":[{\"@type\":\"CommentAction\",\"name\":\"Comment\",\"target\":[\"https:\/\/www.africa-press.net\/cameroun\/politique\/deces-de-lancien-depute-calvin-foinding#respond\"]}]},{\"@type\":\"WebPage\",\"@id\":\"https:\/\/www.africa-press.net\/cameroun\/politique\/deces-de-lancien-depute-calvin-foinding\",\"url\":\"https:\/\/www.africa-press.net\/cameroun\/politique\/deces-de-lancien-depute-calvin-foinding\",\"name\":\"D\u00e9c\u00e8s de L\u2019Ancien D\u00e9put\u00e9 Calvin Foinding - Cameroun\",\"isPartOf\":{\"@id\":\"https:\/\/www.africa-press.net\/cameroun\/#website\"},\"primaryImageOfPage\":{\"@id\":\"https:\/\/www.africa-press.net\/cameroun\/politique\/deces-de-lancien-depute-calvin-foinding#primaryimage\"},\"image\":{\"@id\":\"https:\/\/www.africa-press.net\/cameroun\/politique\/deces-de-lancien-depute-calvin-foinding#primaryimage\"},\"thumbnailUrl\":\"https:\/\/static.africa-press.net\/cameroun\/sites\/57\/2024\/01\/sm_1706720018.967122.jpg\",\"datePublished\":\"2024-01-31T19:27:45+00:00\",\"dateModified\":\"2024-01-31T20:26:29+00:00\",\"author\":{\"@id\":\"https:\/\/www.africa-press.net\/cameroun\/#\/schema\/person\/2b1cf3cd81a31e3cd26889ca66d677f1\"},\"description\":\"L\u2019ex-membre du Parlement est de\u0301ce\u0301de\u0301 ce mercredi 31 janvier 2024 des suites d\u2019un arre\u0302t cardiaque a\u0300 Yaounde\u0301. ...\",\"breadcrumb\":{\"@id\":\"https:\/\/www.africa-press.net\/cameroun\/politique\/deces-de-lancien-depute-calvin-foinding#breadcrumb\"},\"inLanguage\":\"fr-FR\",\"potentialAction\":[{\"@type\":\"ReadAction\",\"target\":[\"https:\/\/www.africa-press.net\/cameroun\/politique\/deces-de-lancien-depute-calvin-foinding\"]}]},{\"@type\":\"ImageObject\",\"inLanguage\":\"fr-FR\",\"@id\":\"https:\/\/www.africa-press.net\/cameroun\/politique\/deces-de-lancien-depute-calvin-foinding#primaryimage\",\"url\":\"https:\/\/static.africa-press.net\/cameroun\/sites\/57\/2024\/01\/sm_1706720018.967122.jpg\",\"contentUrl\":\"https:\/\/static.africa-press.net\/cameroun\/sites\/57\/2024\/01\/sm_1706720018.967122.jpg\",\"width\":780,\"height\":440,\"caption\":\"D\u00e9c\u00e8s de L\u2019Ancien D\u00e9put\u00e9 Calvin Foinding\"},{\"@type\":\"BreadcrumbList\",\"@id\":\"https:\/\/www.africa-press.net\/cameroun\/politique\/deces-de-lancien-depute-calvin-foinding#breadcrumb\",\"itemListElement\":[{\"@type\":\"ListItem\",\"position\":1,\"name\":\"Accueil\",\"item\":\"https:\/\/www.africa-press.net\/cameroun\/\"},{\"@type\":\"ListItem\",\"position\":2,\"name\":\"D\u00e9c\u00e8s de L\u2019Ancien D\u00e9put\u00e9 Calvin Foinding\"}]},{\"@type\":\"WebSite\",\"@id\":\"https:\/\/www.africa-press.net\/cameroun\/#website\",\"url\":\"https:\/\/www.africa-press.net\/cameroun\/\",\"name\":\"Cameroun\",\"description\":\"Just another Africa News Agency Sites site\",\"potentialAction\":[{\"@type\":\"SearchAction\",\"target\":{\"@type\":\"EntryPoint\",\"urlTemplate\":\"https:\/\/www.africa-press.net\/cameroun\/?s={search_term_string}\"},\"query-input\":{\"@type\":\"PropertyValueSpecification\",\"valueRequired\":true,\"valueName\":\"search_term_string\"}}],\"inLanguage\":\"fr-FR\"},{\"@type\":\"Person\",\"@id\":\"https:\/\/www.africa-press.net\/cameroun\/#\/schema\/person\/2b1cf3cd81a31e3cd26889ca66d677f1\",\"name\":\"cfeditorfr\"}]}<\/script>\n<!-- \/ Yoast SEO Premium plugin. -->","yoast_head_json":{"title":"D\u00e9c\u00e8s de L\u2019Ancien D\u00e9put\u00e9 Calvin Foinding - Cameroun","description":"L\u2019ex-membre du Parlement est de\u0301ce\u0301de\u0301 ce mercredi 31 janvier 2024 des suites d\u2019un arre\u0302t cardiaque a\u0300 Yaounde\u0301. ...","robots":{"index":"index","follow":"follow","max-snippet":"max-snippet:-1","max-image-preview":"max-image-preview:large","max-video-preview":"max-video-preview:-1"},"canonical":"https:\/\/www.africa-press.net\/cameroun\/politique\/deces-de-lancien-depute-calvin-foinding","og_locale":"fr_FR","og_type":"article","og_title":"D\u00e9c\u00e8s de L\u2019Ancien D\u00e9put\u00e9 Calvin Foinding","og_description":"L\u2019ex-membre du Parlement est de\u0301ce\u0301de\u0301 ce mercredi 31 janvier 2024 des suites d\u2019un arre\u0302t cardiaque a\u0300 Yaounde\u0301. ...","og_url":"https:\/\/www.africa-press.net\/cameroun\/politique\/deces-de-lancien-depute-calvin-foinding","og_site_name":"Cameroun","article_published_time":"2024-01-31T19:27:45+00:00","article_modified_time":"2024-01-31T20:26:29+00:00","og_image":[{"width":780,"height":440,"url":"https:\/\/static.africa-press.net\/cameroun\/sites\/57\/2024\/01\/sm_1706720018.967122.jpg","type":"image\/jpeg"}],"author":"cfeditorfr","twitter_card":"summary_large_image","twitter_misc":{"\u00c9crit par":"cfeditorfr","Dur\u00e9e de lecture estim\u00e9e":"1 minute"},"schema":{"@context":"https:\/\/schema.org","@graph":[{"@type":"Article","@id":"https:\/\/www.africa-press.net\/cameroun\/politique\/deces-de-lancien-depute-calvin-foinding#article","isPartOf":{"@id":"https:\/\/www.africa-press.net\/cameroun\/politique\/deces-de-lancien-depute-calvin-foinding"},"author":{"name":"cfeditorfr","@id":"https:\/\/www.africa-press.net\/cameroun\/#\/schema\/person\/2b1cf3cd81a31e3cd26889ca66d677f1"},"headline":"D\u00e9c\u00e8s de L\u2019Ancien D\u00e9put\u00e9 Calvin Foinding","datePublished":"2024-01-31T19:27:45+00:00","dateModified":"2024-01-31T20:26:29+00:00","mainEntityOfPage":{"@id":"https:\/\/www.africa-press.net\/cameroun\/politique\/deces-de-lancien-depute-calvin-foinding"},"wordCount":233,"commentCount":0,"image":{"@id":"https:\/\/www.africa-press.net\/cameroun\/politique\/deces-de-lancien-depute-calvin-foinding#primaryimage"},"thumbnailUrl":"https:\/\/static.africa-press.net\/cameroun\/sites\/57\/2024\/01\/sm_1706720018.967122.jpg","keywords":["Africa Press","Africa Press-Cameroun","Cameroun"],"articleSection":["Politique","Toutes les actualit\u00e9s"],"inLanguage":"fr-FR","potentialAction":[{"@type":"CommentAction","name":"Comment","target":["https:\/\/www.africa-press.net\/cameroun\/politique\/deces-de-lancien-depute-calvin-foinding#respond"]}]},{"@type":"WebPage","@id":"https:\/\/www.africa-press.net\/cameroun\/politique\/deces-de-lancien-depute-calvin-foinding","url":"https:\/\/www.africa-press.net\/cameroun\/politique\/deces-de-lancien-depute-calvin-foinding","name":"D\u00e9c\u00e8s de L\u2019Ancien D\u00e9put\u00e9 Calvin Foinding - Cameroun","isPartOf":{"@id":"https:\/\/www.africa-press.net\/cameroun\/#website"},"primaryImageOfPage":{"@id":"https:\/\/www.africa-press.net\/cameroun\/politique\/deces-de-lancien-depute-calvin-foinding#primaryimage"},"image":{"@id":"https:\/\/www.africa-press.net\/cameroun\/politique\/deces-de-lancien-depute-calvin-foinding#primaryimage"},"thumbnailUrl":"https:\/\/static.africa-press.net\/cameroun\/sites\/57\/2024\/01\/sm_1706720018.967122.jpg","datePublished":"2024-01-31T19:27:45+00:00","dateModified":"2024-01-31T20:26:29+00:00","author":{"@id":"https:\/\/www.africa-press.net\/cameroun\/#\/schema\/person\/2b1cf3cd81a31e3cd26889ca66d677f1"},"description":"L\u2019ex-membre du Parlement est de\u0301ce\u0301de\u0301 ce mercredi 31 janvier 2024 des suites d\u2019un arre\u0302t cardiaque a\u0300 Yaounde\u0301. ...","breadcrumb":{"@id":"https:\/\/www.africa-press.net\/cameroun\/politique\/deces-de-lancien-depute-calvin-foinding#breadcrumb"},"inLanguage":"fr-FR","potentialAction":[{"@type":"ReadAction","target":["https:\/\/www.africa-press.net\/cameroun\/politique\/deces-de-lancien-depute-calvin-foinding"]}]},{"@type":"ImageObject","inLanguage":"fr-FR","@id":"https:\/\/www.africa-press.net\/cameroun\/politique\/deces-de-lancien-depute-calvin-foinding#primaryimage","url":"https:\/\/static.africa-press.net\/cameroun\/sites\/57\/2024\/01\/sm_1706720018.967122.jpg","contentUrl":"https:\/\/static.africa-press.net\/cameroun\/sites\/57\/2024\/01\/sm_1706720018.967122.jpg","width":780,"height":440,"caption":"D\u00e9c\u00e8s de L\u2019Ancien D\u00e9put\u00e9 Calvin Foinding"},{"@type":"BreadcrumbList","@id":"https:\/\/www.africa-press.net\/cameroun\/politique\/deces-de-lancien-depute-calvin-foinding#breadcrumb","itemListElement":[{"@type":"ListItem","position":1,"name":"Accueil","item":"https:\/\/www.africa-press.net\/cameroun\/"},{"@type":"ListItem","position":2,"name":"D\u00e9c\u00e8s de L\u2019Ancien D\u00e9put\u00e9 Calvin Foinding"}]},{"@type":"WebSite","@id":"https:\/\/www.africa-press.net\/cameroun\/#website","url":"https:\/\/www.africa-press.net\/cameroun\/","name":"Cameroun","description":"Just another Africa News Agency Sites site","potentialAction":[{"@type":"SearchAction","target":{"@type":"EntryPoint","urlTemplate":"https:\/\/www.africa-press.net\/cameroun\/?s={search_term_string}"},"query-input":{"@type":"PropertyValueSpecification","valueRequired":true,"valueName":"search_term_string"}}],"inLanguage":"fr-FR"},{"@type":"Person","@id":"https:\/\/www.africa-press.net\/cameroun\/#\/schema\/person\/2b1cf3cd81a31e3cd26889ca66d677f1","name":"cfeditorfr"}]}},"_links":{"self":[{"href":"https:\/\/www.africa-press.net\/cameroun\/wp-json\/wp\/v2\/posts\/61017","targetHints":{"allow":["GET"]}}],"collection":[{"href":"https:\/\/www.africa-press.net\/cameroun\/wp-json\/wp\/v2\/posts"}],"about":[{"href":"https:\/\/www.africa-press.net\/cameroun\/wp-json\/wp\/v2\/types\/post"}],"author":[{"embeddable":true,"href":"https:\/\/www.africa-press.net\/cameroun\/wp-json\/wp\/v2\/users\/82"}],"replies":[{"embeddable":true,"href":"https:\/\/www.africa-press.net\/cameroun\/wp-json\/wp\/v2\/comments?post=61017"}],"version-history":[{"count":0,"href":"https:\/\/www.africa-press.net\/cameroun\/wp-json\/wp\/v2\/posts\/61017\/revisions"}],"wp:featuredmedia":[{"embeddable":true,"href":"https:\/\/www.africa-press.net\/cameroun\/wp-json\/wp\/v2\/media\/61016"}],"wp:attachment":[{"href":"https:\/\/www.africa-press.net\/cameroun\/wp-json\/wp\/v2\/media?parent=61017"}],"wp:term":[{"taxonomy":"category","embeddable":true,"href":"https:\/\/www.africa-press.net\/cameroun\/wp-json\/wp\/v2\/categories?post=61017"},{"taxonomy":"post_tag","embeddable":true,"href":"https:\/\/www.africa-press.net\/cameroun\/wp-json\/wp\/v2\/tags?post=61017"}],"curies":[{"name":"wp","href":"https:\/\/api.w.org\/{rel}","templated":true}]}}