{"id":61026,"date":"2024-01-31T19:28:14","date_gmt":"2024-01-31T19:28:14","guid":{"rendered":"https:\/\/www.africa-press.net\/cameroun\/politique\/cabral-libii-rejette-la-designation-de-maurice-kamto-comme-candidat-de-lopposition"},"modified":"2024-01-31T20:29:38","modified_gmt":"2024-01-31T20:29:38","slug":"cabral-libii-rejette-la-designation-de-maurice-kamto-comme-candidat-de-lopposition","status":"publish","type":"post","link":"https:\/\/www.africa-press.net\/cameroun\/politique\/cabral-libii-rejette-la-designation-de-maurice-kamto-comme-candidat-de-lopposition","title":{"rendered":"Cabral Libii Rejette la De\u0301signation de Maurice Kamto comme Candidat de L\u2019Opposition"},"content":{"rendered":"<p><span style=\"color: #ff6600\"><strong>Africa-Press &#8211; Cameroun. <\/strong><\/span><b>Le pre\u0301sident national du Parti camerounais pour la re\u0301conciliation nationale re\u0301pond a\u0300 Jean-Michel Nintcheu, coordonnateur de l\u2019Alliance politique pour le changement (Apc). Le de\u0301pute\u0301 a propose\u0301 une de\u0301marche.<\/b><\/p>\n<p>Les partis politiques d\u2019opposition envisagent de s\u2019unir pour faire face au camp pre\u0301sidentiel lors de l\u2019e\u0301lection pre\u0301sidentielle pre\u0301vue en 2025. Pour ce faire, certains leaders ont mis en place l\u2019Alliance politique pour le changement. Le coordonnateur du mouvement a saisi Cabral Libii par deux correspondances successives pour recueillir son avis a\u0300 propos de la position du Pcrn.<\/p>\n<p>Le candidat classe\u0301 3e\u0300 a\u0300 la dernie\u0300re pre\u0301sidentielle a re\u0301agi le 30 janvier dernier via les re\u0301seaux sociaux. \u00ab Notre de\u0301marche: des partis d\u2019opposition cre\u0301ent la coalition de transition. Apre\u0300s consultation publique des principaux corps sociaux et des syndicats, ils publient le Document de l\u2019offre politique mutualise\u0301e de transition (Dopmp). Puis ils choisissent le candidat de transition \u00bb, de\u0301clare le leader du Pcrn.<\/p>\n<p>Dans une autre publication, l\u2019homme politique dit avoir discute\u0301 avec Olivier Bile, pre\u0301sident du parti des Libe\u0301rateurs. Les discussions ont porte\u0301 sur l\u2019initiative d\u2019une alliance pour une transition politique. \u00ab J\u2019ai rec\u0327u le document y relatif. Ensemble nous continuerons a\u0300 approfondir la re\u0301flexion, a\u0300 recueillir les avis (&#8230;) \u00bb, rapporte Cabral Libii.<\/p>\n<p>Cette de\u0301marche de l\u2019opposant remet en cause la de\u0301signation par l\u2019Apc de Maurice Kamto, classe\u0301 deuxie\u0300me a\u0300 la pre\u0301sidentielle du 07 octobre 2018, comme candidat de l\u2019alliance des opposants. Pour le de\u0301pute\u0301, le proce\u0301de\u0301 est tout autre. Cette position est aussi celle du pre\u0301sident du Mouvement re\u0301formateur. Pour Samuel Billong, Maurice Kamto n\u2019est pas le bon candidat pour l\u2019opposition. Selon l\u2019opposant, l\u2019alliance des partis d\u2019opposition doit trouver un candidat qui n\u2019a pas participe\u0301 a\u0300 la pre\u0301sidentielle de 2018.<\/p>\n<p>La de\u0301marche de Cabral Libii n\u2019arrange pas Arlette Framboise Doumbe Ding qui soutient Maurice Kamto en raison de ses performances ante\u0301rieures. Pour elle, l\u2019ide\u0301e de re\u0301unir les partis politiques d\u2019opposition pour choisir le candidat de l\u2019alliance n\u2019est pas pertinente dans l\u2019environnement camerounais. Car de \u00ab nombreux partis satellites du Rdpc sont conside\u0301re\u0301s comme partis d\u2019opposition \u00bb. Leur participation a\u0300 ce vote pourrait favoriser le choix d\u2019un candidat infiltre\u0301 par le syste\u0300me gouvernant. Cela permettra ainsi au camp au pouvoir de pre\u0301senter deux candidats, un du Rdpc et l\u2019autre de l\u2019opposition.<\/p>\n<p>L\u2019ide\u0301e d\u2019une alliance des forces politiques d\u2019opposition ne prospe\u0300re pas encore au Cameroun. Ne\u0301anmoins, le de\u0301bat et les re\u0301flexions se poursuivent.<\/p>\n<p><strong>Pour plus d&rsquo;informations et d&rsquo;analyses sur la <a href=\"https:\/\/www.africa-press.net\/cameroun\">Cameroun<\/a>, suivez <a href=\"https:\/\/www.africa-press.net\/\">Africa-Press<\/a><\/strong><\/p>\n","protected":false},"excerpt":{"rendered":"<p>Africa-Press &#8211; Cameroun. Le pre\u0301sident national du Parti camerounais pour la re\u0301conciliation nationale re\u0301pond a\u0300 Jean-Michel Nintcheu, coordonnateur de l\u2019Alliance politique pour le changement (Apc). Le de\u0301pute\u0301 a propose\u0301 une de\u0301marche. Les partis politiques d\u2019opposition envisagent de s\u2019unir pour faire face au camp pre\u0301sidentiel lors de l\u2019e\u0301lection pre\u0301sidentielle pre\u0301vue en 2025. Pour ce faire, certains [&hellip;]<\/p>\n","protected":false},"author":82,"featured_media":61024,"comment_status":"open","ping_status":"closed","sticky":false,"template":"","format":"standard","meta":{"footnotes":""},"categories":[2,10],"tags":[36,50,49],"class_list":["post-61026","post","type-post","status-publish","format-standard","has-post-thumbnail","hentry","category-politique","category-toutes-les-actualites","tag-africa-press","tag-africa-press-cameroun","tag-cameroun"],"yoast_head":"<!-- This site is optimized with the Yoast SEO Premium plugin v26.1 (Yoast SEO v27.0) - https:\/\/yoast.com\/product\/yoast-seo-premium-wordpress\/ -->\n<title>Cabral Libii Rejette la De\u0301signation de Maurice Kamto comme Candidat de L\u2019Opposition - Cameroun<\/title>\n<meta name=\"description\" content=\"Le pre\u0301sident national du Parti camerounais pour la re\u0301conciliation nationale re\u0301pond a\u0300 Jean-Michel Nintcheu, coordo ...\" \/>\n<meta name=\"robots\" content=\"index, follow, max-snippet:-1, max-image-preview:large, max-video-preview:-1\" \/>\n<link rel=\"canonical\" href=\"https:\/\/www.africa-press.net\/cameroun\/politique\/cabral-libii-rejette-la-designation-de-maurice-kamto-comme-candidat-de-lopposition\" \/>\n<meta property=\"og:locale\" content=\"fr_FR\" \/>\n<meta property=\"og:type\" content=\"article\" \/>\n<meta property=\"og:title\" content=\"Cabral Libii Rejette la De\u0301signation de Maurice Kamto comme Candidat de L\u2019Opposition\" \/>\n<meta property=\"og:description\" content=\"Le pre\u0301sident national du Parti camerounais pour la re\u0301conciliation nationale re\u0301pond a\u0300 Jean-Michel Nintcheu, coordo ...\" \/>\n<meta property=\"og:url\" content=\"https:\/\/www.africa-press.net\/cameroun\/politique\/cabral-libii-rejette-la-designation-de-maurice-kamto-comme-candidat-de-lopposition\" \/>\n<meta property=\"og:site_name\" content=\"Cameroun\" \/>\n<meta property=\"article:published_time\" content=\"2024-01-31T19:28:14+00:00\" \/>\n<meta property=\"article:modified_time\" content=\"2024-01-31T20:29:38+00:00\" \/>\n<meta property=\"og:image\" content=\"https:\/\/static.africa-press.net\/cameroun\/sites\/57\/2024\/01\/sm_1706720158.485717.jpg\" \/>\n\t<meta property=\"og:image:width\" content=\"780\" \/>\n\t<meta property=\"og:image:height\" content=\"440\" \/>\n\t<meta property=\"og:image:type\" content=\"image\/jpeg\" \/>\n<meta name=\"author\" content=\"cfeditorfr\" \/>\n<meta name=\"twitter:card\" content=\"summary_large_image\" \/>\n<meta name=\"twitter:label1\" content=\"\u00c9crit par\" \/>\n\t<meta name=\"twitter:data1\" content=\"cfeditorfr\" \/>\n\t<meta name=\"twitter:label2\" content=\"Dur\u00e9e de lecture estim\u00e9e\" \/>\n\t<meta name=\"twitter:data2\" content=\"2 minutes\" \/>\n<script type=\"application\/ld+json\" class=\"yoast-schema-graph\">{\"@context\":\"https:\/\/schema.org\",\"@graph\":[{\"@type\":\"Article\",\"@id\":\"https:\/\/www.africa-press.net\/cameroun\/politique\/cabral-libii-rejette-la-designation-de-maurice-kamto-comme-candidat-de-lopposition#article\",\"isPartOf\":{\"@id\":\"https:\/\/www.africa-press.net\/cameroun\/politique\/cabral-libii-rejette-la-designation-de-maurice-kamto-comme-candidat-de-lopposition\"},\"author\":{\"name\":\"cfeditorfr\",\"@id\":\"https:\/\/www.africa-press.net\/cameroun\/#\/schema\/person\/2b1cf3cd81a31e3cd26889ca66d677f1\"},\"headline\":\"Cabral Libii Rejette la De\u0301signation de Maurice Kamto comme Candidat de L\u2019Opposition\",\"datePublished\":\"2024-01-31T19:28:14+00:00\",\"dateModified\":\"2024-01-31T20:29:38+00:00\",\"mainEntityOfPage\":{\"@id\":\"https:\/\/www.africa-press.net\/cameroun\/politique\/cabral-libii-rejette-la-designation-de-maurice-kamto-comme-candidat-de-lopposition\"},\"wordCount\":483,\"commentCount\":0,\"image\":{\"@id\":\"https:\/\/www.africa-press.net\/cameroun\/politique\/cabral-libii-rejette-la-designation-de-maurice-kamto-comme-candidat-de-lopposition#primaryimage\"},\"thumbnailUrl\":\"https:\/\/static.africa-press.net\/cameroun\/sites\/57\/2024\/01\/sm_1706720158.485717.jpg\",\"keywords\":[\"Africa Press\",\"Africa Press-Cameroun\",\"Cameroun\"],\"articleSection\":[\"Politique\",\"Toutes les actualit\u00e9s\"],\"inLanguage\":\"fr-FR\",\"potentialAction\":[{\"@type\":\"CommentAction\",\"name\":\"Comment\",\"target\":[\"https:\/\/www.africa-press.net\/cameroun\/politique\/cabral-libii-rejette-la-designation-de-maurice-kamto-comme-candidat-de-lopposition#respond\"]}]},{\"@type\":\"WebPage\",\"@id\":\"https:\/\/www.africa-press.net\/cameroun\/politique\/cabral-libii-rejette-la-designation-de-maurice-kamto-comme-candidat-de-lopposition\",\"url\":\"https:\/\/www.africa-press.net\/cameroun\/politique\/cabral-libii-rejette-la-designation-de-maurice-kamto-comme-candidat-de-lopposition\",\"name\":\"Cabral Libii Rejette la De\u0301signation de Maurice Kamto comme Candidat de L\u2019Opposition - Cameroun\",\"isPartOf\":{\"@id\":\"https:\/\/www.africa-press.net\/cameroun\/#website\"},\"primaryImageOfPage\":{\"@id\":\"https:\/\/www.africa-press.net\/cameroun\/politique\/cabral-libii-rejette-la-designation-de-maurice-kamto-comme-candidat-de-lopposition#primaryimage\"},\"image\":{\"@id\":\"https:\/\/www.africa-press.net\/cameroun\/politique\/cabral-libii-rejette-la-designation-de-maurice-kamto-comme-candidat-de-lopposition#primaryimage\"},\"thumbnailUrl\":\"https:\/\/static.africa-press.net\/cameroun\/sites\/57\/2024\/01\/sm_1706720158.485717.jpg\",\"datePublished\":\"2024-01-31T19:28:14+00:00\",\"dateModified\":\"2024-01-31T20:29:38+00:00\",\"author\":{\"@id\":\"https:\/\/www.africa-press.net\/cameroun\/#\/schema\/person\/2b1cf3cd81a31e3cd26889ca66d677f1\"},\"description\":\"Le pre\u0301sident national du Parti camerounais pour la re\u0301conciliation nationale re\u0301pond a\u0300 Jean-Michel Nintcheu, coordo ...\",\"breadcrumb\":{\"@id\":\"https:\/\/www.africa-press.net\/cameroun\/politique\/cabral-libii-rejette-la-designation-de-maurice-kamto-comme-candidat-de-lopposition#breadcrumb\"},\"inLanguage\":\"fr-FR\",\"potentialAction\":[{\"@type\":\"ReadAction\",\"target\":[\"https:\/\/www.africa-press.net\/cameroun\/politique\/cabral-libii-rejette-la-designation-de-maurice-kamto-comme-candidat-de-lopposition\"]}]},{\"@type\":\"ImageObject\",\"inLanguage\":\"fr-FR\",\"@id\":\"https:\/\/www.africa-press.net\/cameroun\/politique\/cabral-libii-rejette-la-designation-de-maurice-kamto-comme-candidat-de-lopposition#primaryimage\",\"url\":\"https:\/\/static.africa-press.net\/cameroun\/sites\/57\/2024\/01\/sm_1706720158.485717.jpg\",\"contentUrl\":\"https:\/\/static.africa-press.net\/cameroun\/sites\/57\/2024\/01\/sm_1706720158.485717.jpg\",\"width\":780,\"height\":440,\"caption\":\"Cabral Libii Rejette la De\u0301signation de Maurice Kamto comme Candidat de L\u2019Opposition\"},{\"@type\":\"BreadcrumbList\",\"@id\":\"https:\/\/www.africa-press.net\/cameroun\/politique\/cabral-libii-rejette-la-designation-de-maurice-kamto-comme-candidat-de-lopposition#breadcrumb\",\"itemListElement\":[{\"@type\":\"ListItem\",\"position\":1,\"name\":\"Accueil\",\"item\":\"https:\/\/www.africa-press.net\/cameroun\/\"},{\"@type\":\"ListItem\",\"position\":2,\"name\":\"Cabral Libii Rejette la De\u0301signation de Maurice Kamto comme Candidat de L\u2019Opposition\"}]},{\"@type\":\"WebSite\",\"@id\":\"https:\/\/www.africa-press.net\/cameroun\/#website\",\"url\":\"https:\/\/www.africa-press.net\/cameroun\/\",\"name\":\"Cameroun\",\"description\":\"Just another Africa News Agency Sites site\",\"potentialAction\":[{\"@type\":\"SearchAction\",\"target\":{\"@type\":\"EntryPoint\",\"urlTemplate\":\"https:\/\/www.africa-press.net\/cameroun\/?s={search_term_string}\"},\"query-input\":{\"@type\":\"PropertyValueSpecification\",\"valueRequired\":true,\"valueName\":\"search_term_string\"}}],\"inLanguage\":\"fr-FR\"},{\"@type\":\"Person\",\"@id\":\"https:\/\/www.africa-press.net\/cameroun\/#\/schema\/person\/2b1cf3cd81a31e3cd26889ca66d677f1\",\"name\":\"cfeditorfr\"}]}<\/script>\n<!-- \/ Yoast SEO Premium plugin. -->","yoast_head_json":{"title":"Cabral Libii Rejette la De\u0301signation de Maurice Kamto comme Candidat de L\u2019Opposition - Cameroun","description":"Le pre\u0301sident national du Parti camerounais pour la re\u0301conciliation nationale re\u0301pond a\u0300 Jean-Michel Nintcheu, coordo ...","robots":{"index":"index","follow":"follow","max-snippet":"max-snippet:-1","max-image-preview":"max-image-preview:large","max-video-preview":"max-video-preview:-1"},"canonical":"https:\/\/www.africa-press.net\/cameroun\/politique\/cabral-libii-rejette-la-designation-de-maurice-kamto-comme-candidat-de-lopposition","og_locale":"fr_FR","og_type":"article","og_title":"Cabral Libii Rejette la De\u0301signation de Maurice Kamto comme Candidat de L\u2019Opposition","og_description":"Le pre\u0301sident national du Parti camerounais pour la re\u0301conciliation nationale re\u0301pond a\u0300 Jean-Michel Nintcheu, coordo ...","og_url":"https:\/\/www.africa-press.net\/cameroun\/politique\/cabral-libii-rejette-la-designation-de-maurice-kamto-comme-candidat-de-lopposition","og_site_name":"Cameroun","article_published_time":"2024-01-31T19:28:14+00:00","article_modified_time":"2024-01-31T20:29:38+00:00","og_image":[{"width":780,"height":440,"url":"https:\/\/static.africa-press.net\/cameroun\/sites\/57\/2024\/01\/sm_1706720158.485717.jpg","type":"image\/jpeg"}],"author":"cfeditorfr","twitter_card":"summary_large_image","twitter_misc":{"\u00c9crit par":"cfeditorfr","Dur\u00e9e de lecture estim\u00e9e":"2 minutes"},"schema":{"@context":"https:\/\/schema.org","@graph":[{"@type":"Article","@id":"https:\/\/www.africa-press.net\/cameroun\/politique\/cabral-libii-rejette-la-designation-de-maurice-kamto-comme-candidat-de-lopposition#article","isPartOf":{"@id":"https:\/\/www.africa-press.net\/cameroun\/politique\/cabral-libii-rejette-la-designation-de-maurice-kamto-comme-candidat-de-lopposition"},"author":{"name":"cfeditorfr","@id":"https:\/\/www.africa-press.net\/cameroun\/#\/schema\/person\/2b1cf3cd81a31e3cd26889ca66d677f1"},"headline":"Cabral Libii Rejette la De\u0301signation de Maurice Kamto comme Candidat de L\u2019Opposition","datePublished":"2024-01-31T19:28:14+00:00","dateModified":"2024-01-31T20:29:38+00:00","mainEntityOfPage":{"@id":"https:\/\/www.africa-press.net\/cameroun\/politique\/cabral-libii-rejette-la-designation-de-maurice-kamto-comme-candidat-de-lopposition"},"wordCount":483,"commentCount":0,"image":{"@id":"https:\/\/www.africa-press.net\/cameroun\/politique\/cabral-libii-rejette-la-designation-de-maurice-kamto-comme-candidat-de-lopposition#primaryimage"},"thumbnailUrl":"https:\/\/static.africa-press.net\/cameroun\/sites\/57\/2024\/01\/sm_1706720158.485717.jpg","keywords":["Africa Press","Africa Press-Cameroun","Cameroun"],"articleSection":["Politique","Toutes les actualit\u00e9s"],"inLanguage":"fr-FR","potentialAction":[{"@type":"CommentAction","name":"Comment","target":["https:\/\/www.africa-press.net\/cameroun\/politique\/cabral-libii-rejette-la-designation-de-maurice-kamto-comme-candidat-de-lopposition#respond"]}]},{"@type":"WebPage","@id":"https:\/\/www.africa-press.net\/cameroun\/politique\/cabral-libii-rejette-la-designation-de-maurice-kamto-comme-candidat-de-lopposition","url":"https:\/\/www.africa-press.net\/cameroun\/politique\/cabral-libii-rejette-la-designation-de-maurice-kamto-comme-candidat-de-lopposition","name":"Cabral Libii Rejette la De\u0301signation de Maurice Kamto comme Candidat de L\u2019Opposition - Cameroun","isPartOf":{"@id":"https:\/\/www.africa-press.net\/cameroun\/#website"},"primaryImageOfPage":{"@id":"https:\/\/www.africa-press.net\/cameroun\/politique\/cabral-libii-rejette-la-designation-de-maurice-kamto-comme-candidat-de-lopposition#primaryimage"},"image":{"@id":"https:\/\/www.africa-press.net\/cameroun\/politique\/cabral-libii-rejette-la-designation-de-maurice-kamto-comme-candidat-de-lopposition#primaryimage"},"thumbnailUrl":"https:\/\/static.africa-press.net\/cameroun\/sites\/57\/2024\/01\/sm_1706720158.485717.jpg","datePublished":"2024-01-31T19:28:14+00:00","dateModified":"2024-01-31T20:29:38+00:00","author":{"@id":"https:\/\/www.africa-press.net\/cameroun\/#\/schema\/person\/2b1cf3cd81a31e3cd26889ca66d677f1"},"description":"Le pre\u0301sident national du Parti camerounais pour la re\u0301conciliation nationale re\u0301pond a\u0300 Jean-Michel Nintcheu, coordo ...","breadcrumb":{"@id":"https:\/\/www.africa-press.net\/cameroun\/politique\/cabral-libii-rejette-la-designation-de-maurice-kamto-comme-candidat-de-lopposition#breadcrumb"},"inLanguage":"fr-FR","potentialAction":[{"@type":"ReadAction","target":["https:\/\/www.africa-press.net\/cameroun\/politique\/cabral-libii-rejette-la-designation-de-maurice-kamto-comme-candidat-de-lopposition"]}]},{"@type":"ImageObject","inLanguage":"fr-FR","@id":"https:\/\/www.africa-press.net\/cameroun\/politique\/cabral-libii-rejette-la-designation-de-maurice-kamto-comme-candidat-de-lopposition#primaryimage","url":"https:\/\/static.africa-press.net\/cameroun\/sites\/57\/2024\/01\/sm_1706720158.485717.jpg","contentUrl":"https:\/\/static.africa-press.net\/cameroun\/sites\/57\/2024\/01\/sm_1706720158.485717.jpg","width":780,"height":440,"caption":"Cabral Libii Rejette la De\u0301signation de Maurice Kamto comme Candidat de L\u2019Opposition"},{"@type":"BreadcrumbList","@id":"https:\/\/www.africa-press.net\/cameroun\/politique\/cabral-libii-rejette-la-designation-de-maurice-kamto-comme-candidat-de-lopposition#breadcrumb","itemListElement":[{"@type":"ListItem","position":1,"name":"Accueil","item":"https:\/\/www.africa-press.net\/cameroun\/"},{"@type":"ListItem","position":2,"name":"Cabral Libii Rejette la De\u0301signation de Maurice Kamto comme Candidat de L\u2019Opposition"}]},{"@type":"WebSite","@id":"https:\/\/www.africa-press.net\/cameroun\/#website","url":"https:\/\/www.africa-press.net\/cameroun\/","name":"Cameroun","description":"Just another Africa News Agency Sites site","potentialAction":[{"@type":"SearchAction","target":{"@type":"EntryPoint","urlTemplate":"https:\/\/www.africa-press.net\/cameroun\/?s={search_term_string}"},"query-input":{"@type":"PropertyValueSpecification","valueRequired":true,"valueName":"search_term_string"}}],"inLanguage":"fr-FR"},{"@type":"Person","@id":"https:\/\/www.africa-press.net\/cameroun\/#\/schema\/person\/2b1cf3cd81a31e3cd26889ca66d677f1","name":"cfeditorfr"}]}},"_links":{"self":[{"href":"https:\/\/www.africa-press.net\/cameroun\/wp-json\/wp\/v2\/posts\/61026","targetHints":{"allow":["GET"]}}],"collection":[{"href":"https:\/\/www.africa-press.net\/cameroun\/wp-json\/wp\/v2\/posts"}],"about":[{"href":"https:\/\/www.africa-press.net\/cameroun\/wp-json\/wp\/v2\/types\/post"}],"author":[{"embeddable":true,"href":"https:\/\/www.africa-press.net\/cameroun\/wp-json\/wp\/v2\/users\/82"}],"replies":[{"embeddable":true,"href":"https:\/\/www.africa-press.net\/cameroun\/wp-json\/wp\/v2\/comments?post=61026"}],"version-history":[{"count":0,"href":"https:\/\/www.africa-press.net\/cameroun\/wp-json\/wp\/v2\/posts\/61026\/revisions"}],"wp:featuredmedia":[{"embeddable":true,"href":"https:\/\/www.africa-press.net\/cameroun\/wp-json\/wp\/v2\/media\/61024"}],"wp:attachment":[{"href":"https:\/\/www.africa-press.net\/cameroun\/wp-json\/wp\/v2\/media?parent=61026"}],"wp:term":[{"taxonomy":"category","embeddable":true,"href":"https:\/\/www.africa-press.net\/cameroun\/wp-json\/wp\/v2\/categories?post=61026"},{"taxonomy":"post_tag","embeddable":true,"href":"https:\/\/www.africa-press.net\/cameroun\/wp-json\/wp\/v2\/tags?post=61026"}],"curies":[{"name":"wp","href":"https:\/\/api.w.org\/{rel}","templated":true}]}}