{"id":61028,"date":"2024-01-31T19:28:23","date_gmt":"2024-01-31T19:28:23","guid":{"rendered":"https:\/\/www.africa-press.net\/cameroun\/politique\/credit-agricole-proparco-accorde-une-ligne-de-garantie-de-13-milliard-de-f-a-advans-cameroun"},"modified":"2024-01-31T20:30:31","modified_gmt":"2024-01-31T20:30:31","slug":"credit-agricole-proparco-accorde-une-ligne-de-garantie-de-13-milliard-de-f-a-advans-cameroun","status":"publish","type":"post","link":"https:\/\/www.africa-press.net\/cameroun\/economie\/credit-agricole-proparco-accorde-une-ligne-de-garantie-de-13-milliard-de-f-a-advans-cameroun","title":{"rendered":"Cr\u00e9dit Agricole : Proparco Accorde une Ligne de Garantie de 1,3 Milliard de F \u00e0 Advans Cameroun"},"content":{"rendered":"<p><span style=\"color: #ff6600\"><strong>Africa-Press &#8211; Cameroun. <\/strong><\/span><b>Elle permettra aux deux partenaires de partager les risques lie\u0301s a\u0300 l\u2019activite\u0301 de cre\u0301dit.<\/b><\/p>\n<p>La ce\u0301re\u0301monie de signature s\u2019est de\u0301roule\u0301e le 26 janvier 2024 a\u0300 Douala, en pre\u0301sence de Thierry Marchand, Ambassadeur de France au Cameroun, de Mehdi Tanani, Directeur re\u0301gional Afrique centrale de Proparco et de Sandrine Ziwa, Directrice ge\u0301ne\u0301rale adjointe d\u2019Advans Cameroun.<\/p>\n<p>Concre\u0300tement, Proparco, filiale de l\u2019Agence franc\u0327aise de de\u0301veloppement (AFD), de\u0301die\u0301e au secteur prive\u0301, a accorde\u0301 a\u0300 Advans Cameroun une garantie de portefeuille ARIZ TPE a\u0300 hauteur de 1,3 milliard de francs CFA (soit l\u2019e\u0301quivalent de 2 millions d\u2019euros).<\/p>\n<p>Elle permettra aux deux partenaires de partager les risques lie\u0301s a\u0300 l\u2019activite\u0301 de cre\u0301dit. Cette garantie s\u2019inscrit dans le cadre d\u2019une relation partenariale de longue date entre l\u2019institution de microfinance et Proparco. Elle permettra a\u0300 Advans Cameroun de renforcer son action aupre\u0300s des plus petites entreprises et des exploitations agricoles camerounaises.<\/p>\n<p>La garantie de portefeuille ARIZ TPE propose\u0301e par Proparco a\u0300 Advans Cameroun intervient dans la continuite\u0301 de la relation partenariale solide e\u0301tablie entre les deux entite\u0301s depuis 2010, dont te\u0301moignent les cinq garanties accorde\u0301es par Proparco a\u0300 Advans Cameroun.<\/p>\n<p>Cette nouvelle garantie ARIZ TPE prend la forme d\u2019une sous-participation en risque couvrant 80 % d\u2019un portefeuille de pre\u0302ts total de 1,6 milliard de FCFA (2,5 millions d\u2019euros), a\u0300 de\u0301ployer sur tout le territoire camerounais.<\/p>\n<p>Elle vise notamment a\u0300 accompagner Advans Cameroun dans le de\u0301veloppement de son activite\u0301 de cre\u0301dit dans les zones rurales du pays et tout particulie\u0300rement aupre\u0300s du secteur agricole, via l\u2019appui aux petits exploitants agricoles. Pour Advans Cameroun et Proparco, l\u2019inclusion financie\u0300re des tre\u0300s petites, petites et moyennes entreprises (TPME) et l\u2019ame\u0301lioration des capacite\u0301s locales de production constituent des priorite\u0301s.<\/p>\n<p>\u00ab Nous sommes ravis de pouvoir mettre en place cette garantie de portefeuille ARIZ TPE aupre\u0300s de notre partenaire Advans Cameroun, et de contribuer ainsi au de\u0301veloppement de son activite\u0301 de cre\u0301dit au secteur agricole et particulie\u0300rement au soutien des petits exploitants agricoles camerounais. Ce projet s\u2019inte\u0300gre a\u0300 l\u2019initiative franc\u0327aise Choose Africa pour le soutien des entrepreneurs en Afrique \u00bb assure Yann Jacquemin, Responsable adjoint a\u0300 la Division Institutions financie\u0300res et inclusion de Proparco, et Responsable des garanties pour le de\u0301veloppement.<\/p>\n<p>\u00ab Advans Cameroun se re\u0301jouit du renouvellement de ce partenariat strate\u0301gique avec Proparco qui, a\u0300 travers le me\u0301canisme des garanties de portefeuille, accompagne notre filiale depuis plus de 10 ans dans ses actions en faveur du de\u0301veloppement de l\u2019inclusion financie\u0300re au Cameroun. Plus de 70 % de nos clients affirment avoir vu un changement positif dans leur vie et leur quotidien gra\u0302ce aux financements d\u2019Advans Cameroun, l\u2019impact est donc re\u0301el et mesurable \u00bb.<\/p>\n<p>\u00ab Nous sommes plus que jamais de\u0301termine\u0301s a\u0300 jouer un ro\u0302le cle\u0301 dans le de\u0301veloppement e\u0301conomique local, en intensifiant l\u2019appui financier oriente\u0301 vers les petites entreprises et exploitations agricoles sur le territoire, et en nous positionnant comme leur partenaire de choix. Advans Cameroun continuera de travailler de manie\u0300re constructive avec Proparco dans l\u2019optique de promouvoir une inclusion financie\u0300re plus agile, plus responsable et donc plus impactante \u00bb de\u0301clare Mamie Kalonda, Directrice ge\u0301ne\u0301rale d\u2019Advans Cameroun.<\/p>\n<p><strong>Pour plus d&rsquo;informations et d&rsquo;analyses sur la <a href=\"https:\/\/www.africa-press.net\/cameroun\">Cameroun<\/a>, suivez <a href=\"https:\/\/www.africa-press.net\/\">Africa-Press<\/a><\/strong><\/p>\n","protected":false},"excerpt":{"rendered":"<p>Africa-Press &#8211; Cameroun. Elle permettra aux deux partenaires de partager les risques lie\u0301s a\u0300 l\u2019activite\u0301 de cre\u0301dit. La ce\u0301re\u0301monie de signature s\u2019est de\u0301roule\u0301e le 26 janvier 2024 a\u0300 Douala, en pre\u0301sence de Thierry Marchand, Ambassadeur de France au Cameroun, de Mehdi Tanani, Directeur re\u0301gional Afrique centrale de Proparco et de Sandrine Ziwa, Directrice ge\u0301ne\u0301rale adjointe [&hellip;]<\/p>\n","protected":false},"author":82,"featured_media":61027,"comment_status":"open","ping_status":"closed","sticky":false,"template":"","format":"standard","meta":{"footnotes":""},"categories":[3,10],"tags":[36,50,49],"class_list":["post-61028","post","type-post","status-publish","format-standard","has-post-thumbnail","hentry","category-economie","category-toutes-les-actualites","tag-africa-press","tag-africa-press-cameroun","tag-cameroun"],"yoast_head":"<!-- This site is optimized with the Yoast SEO Premium plugin v26.1 (Yoast SEO v27.0) - https:\/\/yoast.com\/product\/yoast-seo-premium-wordpress\/ -->\n<title>Cr\u00e9dit Agricole : Proparco Accorde une Ligne de Garantie de 1,3 Milliard de F \u00e0 Advans Cameroun - Cameroun<\/title>\n<meta name=\"description\" content=\"Elle permettra aux deux partenaires de partager les risques lie\u0301s a\u0300 l\u2019activite\u0301 de cre\u0301dit. La ce\u0301re\u0301monie de s ...\" \/>\n<meta name=\"robots\" content=\"index, follow, max-snippet:-1, max-image-preview:large, max-video-preview:-1\" \/>\n<link rel=\"canonical\" href=\"https:\/\/www.africa-press.net\/cameroun\/economie\/credit-agricole-proparco-accorde-une-ligne-de-garantie-de-13-milliard-de-f-a-advans-cameroun\" \/>\n<meta property=\"og:locale\" content=\"fr_FR\" \/>\n<meta property=\"og:type\" content=\"article\" \/>\n<meta property=\"og:title\" content=\"Cr\u00e9dit Agricole : Proparco Accorde une Ligne de Garantie de 1,3 Milliard de F \u00e0 Advans Cameroun\" \/>\n<meta property=\"og:description\" content=\"Elle permettra aux deux partenaires de partager les risques lie\u0301s a\u0300 l\u2019activite\u0301 de cre\u0301dit. La ce\u0301re\u0301monie de s ...\" \/>\n<meta property=\"og:url\" content=\"https:\/\/www.africa-press.net\/cameroun\/economie\/credit-agricole-proparco-accorde-une-ligne-de-garantie-de-13-milliard-de-f-a-advans-cameroun\" \/>\n<meta property=\"og:site_name\" content=\"Cameroun\" \/>\n<meta property=\"article:published_time\" content=\"2024-01-31T19:28:23+00:00\" \/>\n<meta property=\"article:modified_time\" content=\"2024-01-31T20:30:31+00:00\" \/>\n<meta property=\"og:image\" content=\"https:\/\/static.africa-press.net\/cameroun\/sites\/57\/2024\/01\/sm_1706720208.779126.jpg\" \/>\n\t<meta property=\"og:image:width\" content=\"780\" \/>\n\t<meta property=\"og:image:height\" content=\"440\" \/>\n\t<meta property=\"og:image:type\" content=\"image\/jpeg\" \/>\n<meta name=\"author\" content=\"cfeditorfr\" \/>\n<meta name=\"twitter:card\" content=\"summary_large_image\" \/>\n<meta name=\"twitter:label1\" content=\"\u00c9crit par\" \/>\n\t<meta name=\"twitter:data1\" content=\"cfeditorfr\" \/>\n\t<meta name=\"twitter:label2\" content=\"Dur\u00e9e de lecture estim\u00e9e\" \/>\n\t<meta name=\"twitter:data2\" content=\"3 minutes\" \/>\n<script type=\"application\/ld+json\" class=\"yoast-schema-graph\">{\"@context\":\"https:\/\/schema.org\",\"@graph\":[{\"@type\":\"Article\",\"@id\":\"https:\/\/www.africa-press.net\/cameroun\/economie\/credit-agricole-proparco-accorde-une-ligne-de-garantie-de-13-milliard-de-f-a-advans-cameroun#article\",\"isPartOf\":{\"@id\":\"https:\/\/www.africa-press.net\/cameroun\/economie\/credit-agricole-proparco-accorde-une-ligne-de-garantie-de-13-milliard-de-f-a-advans-cameroun\"},\"author\":{\"name\":\"cfeditorfr\",\"@id\":\"https:\/\/www.africa-press.net\/cameroun\/#\/schema\/person\/2b1cf3cd81a31e3cd26889ca66d677f1\"},\"headline\":\"Cr\u00e9dit Agricole : Proparco Accorde une Ligne de Garantie de 1,3 Milliard de F \u00e0 Advans Cameroun\",\"datePublished\":\"2024-01-31T19:28:23+00:00\",\"dateModified\":\"2024-01-31T20:30:31+00:00\",\"mainEntityOfPage\":{\"@id\":\"https:\/\/www.africa-press.net\/cameroun\/economie\/credit-agricole-proparco-accorde-une-ligne-de-garantie-de-13-milliard-de-f-a-advans-cameroun\"},\"wordCount\":600,\"commentCount\":0,\"image\":{\"@id\":\"https:\/\/www.africa-press.net\/cameroun\/economie\/credit-agricole-proparco-accorde-une-ligne-de-garantie-de-13-milliard-de-f-a-advans-cameroun#primaryimage\"},\"thumbnailUrl\":\"https:\/\/static.africa-press.net\/cameroun\/sites\/57\/2024\/01\/sm_1706720208.779126.jpg\",\"keywords\":[\"Africa Press\",\"Africa Press-Cameroun\",\"Cameroun\"],\"articleSection\":[\"\u00c9conomie\",\"Toutes les actualit\u00e9s\"],\"inLanguage\":\"fr-FR\",\"potentialAction\":[{\"@type\":\"CommentAction\",\"name\":\"Comment\",\"target\":[\"https:\/\/www.africa-press.net\/cameroun\/economie\/credit-agricole-proparco-accorde-une-ligne-de-garantie-de-13-milliard-de-f-a-advans-cameroun#respond\"]}]},{\"@type\":\"WebPage\",\"@id\":\"https:\/\/www.africa-press.net\/cameroun\/economie\/credit-agricole-proparco-accorde-une-ligne-de-garantie-de-13-milliard-de-f-a-advans-cameroun\",\"url\":\"https:\/\/www.africa-press.net\/cameroun\/economie\/credit-agricole-proparco-accorde-une-ligne-de-garantie-de-13-milliard-de-f-a-advans-cameroun\",\"name\":\"Cr\u00e9dit Agricole : Proparco Accorde une Ligne de Garantie de 1,3 Milliard de F \u00e0 Advans Cameroun - Cameroun\",\"isPartOf\":{\"@id\":\"https:\/\/www.africa-press.net\/cameroun\/#website\"},\"primaryImageOfPage\":{\"@id\":\"https:\/\/www.africa-press.net\/cameroun\/economie\/credit-agricole-proparco-accorde-une-ligne-de-garantie-de-13-milliard-de-f-a-advans-cameroun#primaryimage\"},\"image\":{\"@id\":\"https:\/\/www.africa-press.net\/cameroun\/economie\/credit-agricole-proparco-accorde-une-ligne-de-garantie-de-13-milliard-de-f-a-advans-cameroun#primaryimage\"},\"thumbnailUrl\":\"https:\/\/static.africa-press.net\/cameroun\/sites\/57\/2024\/01\/sm_1706720208.779126.jpg\",\"datePublished\":\"2024-01-31T19:28:23+00:00\",\"dateModified\":\"2024-01-31T20:30:31+00:00\",\"author\":{\"@id\":\"https:\/\/www.africa-press.net\/cameroun\/#\/schema\/person\/2b1cf3cd81a31e3cd26889ca66d677f1\"},\"description\":\"Elle permettra aux deux partenaires de partager les risques lie\u0301s a\u0300 l\u2019activite\u0301 de cre\u0301dit. La ce\u0301re\u0301monie de s ...\",\"breadcrumb\":{\"@id\":\"https:\/\/www.africa-press.net\/cameroun\/economie\/credit-agricole-proparco-accorde-une-ligne-de-garantie-de-13-milliard-de-f-a-advans-cameroun#breadcrumb\"},\"inLanguage\":\"fr-FR\",\"potentialAction\":[{\"@type\":\"ReadAction\",\"target\":[\"https:\/\/www.africa-press.net\/cameroun\/economie\/credit-agricole-proparco-accorde-une-ligne-de-garantie-de-13-milliard-de-f-a-advans-cameroun\"]}]},{\"@type\":\"ImageObject\",\"inLanguage\":\"fr-FR\",\"@id\":\"https:\/\/www.africa-press.net\/cameroun\/economie\/credit-agricole-proparco-accorde-une-ligne-de-garantie-de-13-milliard-de-f-a-advans-cameroun#primaryimage\",\"url\":\"https:\/\/static.africa-press.net\/cameroun\/sites\/57\/2024\/01\/sm_1706720208.779126.jpg\",\"contentUrl\":\"https:\/\/static.africa-press.net\/cameroun\/sites\/57\/2024\/01\/sm_1706720208.779126.jpg\",\"width\":780,\"height\":440,\"caption\":\"Cr\u00e9dit Agricole : Proparco Accorde une Ligne de Garantie de 1,3 Milliard de F \u00e0 Advans Cameroun\"},{\"@type\":\"BreadcrumbList\",\"@id\":\"https:\/\/www.africa-press.net\/cameroun\/economie\/credit-agricole-proparco-accorde-une-ligne-de-garantie-de-13-milliard-de-f-a-advans-cameroun#breadcrumb\",\"itemListElement\":[{\"@type\":\"ListItem\",\"position\":1,\"name\":\"Accueil\",\"item\":\"https:\/\/www.africa-press.net\/cameroun\/\"},{\"@type\":\"ListItem\",\"position\":2,\"name\":\"Cr\u00e9dit Agricole : Proparco Accorde une Ligne de Garantie de 1,3 Milliard de F \u00e0 Advans Cameroun\"}]},{\"@type\":\"WebSite\",\"@id\":\"https:\/\/www.africa-press.net\/cameroun\/#website\",\"url\":\"https:\/\/www.africa-press.net\/cameroun\/\",\"name\":\"Cameroun\",\"description\":\"Just another Africa News Agency Sites site\",\"potentialAction\":[{\"@type\":\"SearchAction\",\"target\":{\"@type\":\"EntryPoint\",\"urlTemplate\":\"https:\/\/www.africa-press.net\/cameroun\/?s={search_term_string}\"},\"query-input\":{\"@type\":\"PropertyValueSpecification\",\"valueRequired\":true,\"valueName\":\"search_term_string\"}}],\"inLanguage\":\"fr-FR\"},{\"@type\":\"Person\",\"@id\":\"https:\/\/www.africa-press.net\/cameroun\/#\/schema\/person\/2b1cf3cd81a31e3cd26889ca66d677f1\",\"name\":\"cfeditorfr\"}]}<\/script>\n<!-- \/ Yoast SEO Premium plugin. -->","yoast_head_json":{"title":"Cr\u00e9dit Agricole : Proparco Accorde une Ligne de Garantie de 1,3 Milliard de F \u00e0 Advans Cameroun - Cameroun","description":"Elle permettra aux deux partenaires de partager les risques lie\u0301s a\u0300 l\u2019activite\u0301 de cre\u0301dit. La ce\u0301re\u0301monie de s ...","robots":{"index":"index","follow":"follow","max-snippet":"max-snippet:-1","max-image-preview":"max-image-preview:large","max-video-preview":"max-video-preview:-1"},"canonical":"https:\/\/www.africa-press.net\/cameroun\/economie\/credit-agricole-proparco-accorde-une-ligne-de-garantie-de-13-milliard-de-f-a-advans-cameroun","og_locale":"fr_FR","og_type":"article","og_title":"Cr\u00e9dit Agricole : Proparco Accorde une Ligne de Garantie de 1,3 Milliard de F \u00e0 Advans Cameroun","og_description":"Elle permettra aux deux partenaires de partager les risques lie\u0301s a\u0300 l\u2019activite\u0301 de cre\u0301dit. La ce\u0301re\u0301monie de s ...","og_url":"https:\/\/www.africa-press.net\/cameroun\/economie\/credit-agricole-proparco-accorde-une-ligne-de-garantie-de-13-milliard-de-f-a-advans-cameroun","og_site_name":"Cameroun","article_published_time":"2024-01-31T19:28:23+00:00","article_modified_time":"2024-01-31T20:30:31+00:00","og_image":[{"width":780,"height":440,"url":"https:\/\/static.africa-press.net\/cameroun\/sites\/57\/2024\/01\/sm_1706720208.779126.jpg","type":"image\/jpeg"}],"author":"cfeditorfr","twitter_card":"summary_large_image","twitter_misc":{"\u00c9crit par":"cfeditorfr","Dur\u00e9e de lecture estim\u00e9e":"3 minutes"},"schema":{"@context":"https:\/\/schema.org","@graph":[{"@type":"Article","@id":"https:\/\/www.africa-press.net\/cameroun\/economie\/credit-agricole-proparco-accorde-une-ligne-de-garantie-de-13-milliard-de-f-a-advans-cameroun#article","isPartOf":{"@id":"https:\/\/www.africa-press.net\/cameroun\/economie\/credit-agricole-proparco-accorde-une-ligne-de-garantie-de-13-milliard-de-f-a-advans-cameroun"},"author":{"name":"cfeditorfr","@id":"https:\/\/www.africa-press.net\/cameroun\/#\/schema\/person\/2b1cf3cd81a31e3cd26889ca66d677f1"},"headline":"Cr\u00e9dit Agricole : Proparco Accorde une Ligne de Garantie de 1,3 Milliard de F \u00e0 Advans Cameroun","datePublished":"2024-01-31T19:28:23+00:00","dateModified":"2024-01-31T20:30:31+00:00","mainEntityOfPage":{"@id":"https:\/\/www.africa-press.net\/cameroun\/economie\/credit-agricole-proparco-accorde-une-ligne-de-garantie-de-13-milliard-de-f-a-advans-cameroun"},"wordCount":600,"commentCount":0,"image":{"@id":"https:\/\/www.africa-press.net\/cameroun\/economie\/credit-agricole-proparco-accorde-une-ligne-de-garantie-de-13-milliard-de-f-a-advans-cameroun#primaryimage"},"thumbnailUrl":"https:\/\/static.africa-press.net\/cameroun\/sites\/57\/2024\/01\/sm_1706720208.779126.jpg","keywords":["Africa Press","Africa Press-Cameroun","Cameroun"],"articleSection":["\u00c9conomie","Toutes les actualit\u00e9s"],"inLanguage":"fr-FR","potentialAction":[{"@type":"CommentAction","name":"Comment","target":["https:\/\/www.africa-press.net\/cameroun\/economie\/credit-agricole-proparco-accorde-une-ligne-de-garantie-de-13-milliard-de-f-a-advans-cameroun#respond"]}]},{"@type":"WebPage","@id":"https:\/\/www.africa-press.net\/cameroun\/economie\/credit-agricole-proparco-accorde-une-ligne-de-garantie-de-13-milliard-de-f-a-advans-cameroun","url":"https:\/\/www.africa-press.net\/cameroun\/economie\/credit-agricole-proparco-accorde-une-ligne-de-garantie-de-13-milliard-de-f-a-advans-cameroun","name":"Cr\u00e9dit Agricole : Proparco Accorde une Ligne de Garantie de 1,3 Milliard de F \u00e0 Advans Cameroun - Cameroun","isPartOf":{"@id":"https:\/\/www.africa-press.net\/cameroun\/#website"},"primaryImageOfPage":{"@id":"https:\/\/www.africa-press.net\/cameroun\/economie\/credit-agricole-proparco-accorde-une-ligne-de-garantie-de-13-milliard-de-f-a-advans-cameroun#primaryimage"},"image":{"@id":"https:\/\/www.africa-press.net\/cameroun\/economie\/credit-agricole-proparco-accorde-une-ligne-de-garantie-de-13-milliard-de-f-a-advans-cameroun#primaryimage"},"thumbnailUrl":"https:\/\/static.africa-press.net\/cameroun\/sites\/57\/2024\/01\/sm_1706720208.779126.jpg","datePublished":"2024-01-31T19:28:23+00:00","dateModified":"2024-01-31T20:30:31+00:00","author":{"@id":"https:\/\/www.africa-press.net\/cameroun\/#\/schema\/person\/2b1cf3cd81a31e3cd26889ca66d677f1"},"description":"Elle permettra aux deux partenaires de partager les risques lie\u0301s a\u0300 l\u2019activite\u0301 de cre\u0301dit. La ce\u0301re\u0301monie de s ...","breadcrumb":{"@id":"https:\/\/www.africa-press.net\/cameroun\/economie\/credit-agricole-proparco-accorde-une-ligne-de-garantie-de-13-milliard-de-f-a-advans-cameroun#breadcrumb"},"inLanguage":"fr-FR","potentialAction":[{"@type":"ReadAction","target":["https:\/\/www.africa-press.net\/cameroun\/economie\/credit-agricole-proparco-accorde-une-ligne-de-garantie-de-13-milliard-de-f-a-advans-cameroun"]}]},{"@type":"ImageObject","inLanguage":"fr-FR","@id":"https:\/\/www.africa-press.net\/cameroun\/economie\/credit-agricole-proparco-accorde-une-ligne-de-garantie-de-13-milliard-de-f-a-advans-cameroun#primaryimage","url":"https:\/\/static.africa-press.net\/cameroun\/sites\/57\/2024\/01\/sm_1706720208.779126.jpg","contentUrl":"https:\/\/static.africa-press.net\/cameroun\/sites\/57\/2024\/01\/sm_1706720208.779126.jpg","width":780,"height":440,"caption":"Cr\u00e9dit Agricole : Proparco Accorde une Ligne de Garantie de 1,3 Milliard de F \u00e0 Advans Cameroun"},{"@type":"BreadcrumbList","@id":"https:\/\/www.africa-press.net\/cameroun\/economie\/credit-agricole-proparco-accorde-une-ligne-de-garantie-de-13-milliard-de-f-a-advans-cameroun#breadcrumb","itemListElement":[{"@type":"ListItem","position":1,"name":"Accueil","item":"https:\/\/www.africa-press.net\/cameroun\/"},{"@type":"ListItem","position":2,"name":"Cr\u00e9dit Agricole : Proparco Accorde une Ligne de Garantie de 1,3 Milliard de F \u00e0 Advans Cameroun"}]},{"@type":"WebSite","@id":"https:\/\/www.africa-press.net\/cameroun\/#website","url":"https:\/\/www.africa-press.net\/cameroun\/","name":"Cameroun","description":"Just another Africa News Agency Sites site","potentialAction":[{"@type":"SearchAction","target":{"@type":"EntryPoint","urlTemplate":"https:\/\/www.africa-press.net\/cameroun\/?s={search_term_string}"},"query-input":{"@type":"PropertyValueSpecification","valueRequired":true,"valueName":"search_term_string"}}],"inLanguage":"fr-FR"},{"@type":"Person","@id":"https:\/\/www.africa-press.net\/cameroun\/#\/schema\/person\/2b1cf3cd81a31e3cd26889ca66d677f1","name":"cfeditorfr"}]}},"_links":{"self":[{"href":"https:\/\/www.africa-press.net\/cameroun\/wp-json\/wp\/v2\/posts\/61028","targetHints":{"allow":["GET"]}}],"collection":[{"href":"https:\/\/www.africa-press.net\/cameroun\/wp-json\/wp\/v2\/posts"}],"about":[{"href":"https:\/\/www.africa-press.net\/cameroun\/wp-json\/wp\/v2\/types\/post"}],"author":[{"embeddable":true,"href":"https:\/\/www.africa-press.net\/cameroun\/wp-json\/wp\/v2\/users\/82"}],"replies":[{"embeddable":true,"href":"https:\/\/www.africa-press.net\/cameroun\/wp-json\/wp\/v2\/comments?post=61028"}],"version-history":[{"count":0,"href":"https:\/\/www.africa-press.net\/cameroun\/wp-json\/wp\/v2\/posts\/61028\/revisions"}],"wp:featuredmedia":[{"embeddable":true,"href":"https:\/\/www.africa-press.net\/cameroun\/wp-json\/wp\/v2\/media\/61027"}],"wp:attachment":[{"href":"https:\/\/www.africa-press.net\/cameroun\/wp-json\/wp\/v2\/media?parent=61028"}],"wp:term":[{"taxonomy":"category","embeddable":true,"href":"https:\/\/www.africa-press.net\/cameroun\/wp-json\/wp\/v2\/categories?post=61028"},{"taxonomy":"post_tag","embeddable":true,"href":"https:\/\/www.africa-press.net\/cameroun\/wp-json\/wp\/v2\/tags?post=61028"}],"curies":[{"name":"wp","href":"https:\/\/api.w.org\/{rel}","templated":true}]}}