{"id":61064,"date":"2024-02-02T21:05:17","date_gmt":"2024-02-02T21:05:17","guid":{"rendered":"https:\/\/www.africa-press.net\/cameroun\/politique\/plus-de-200-etudiants-entrepreneurs-beneficient-dun-accompagnement"},"modified":"2024-02-02T21:19:49","modified_gmt":"2024-02-02T21:19:49","slug":"plus-de-200-etudiants-entrepreneurs-beneficient-dun-accompagnement","status":"publish","type":"post","link":"https:\/\/www.africa-press.net\/cameroun\/toutes-les-actualites\/plus-de-200-etudiants-entrepreneurs-beneficient-dun-accompagnement","title":{"rendered":"Plus de 200 E\u0301tudiants Entrepreneurs Be\u0301ne\u0301ficient D\u2019Un Accompagnement"},"content":{"rendered":"<p><span style=\"color: #ff6600\"><strong>Africa-Press &#8211; Cameroun. <\/strong><\/span><b>L\u2019universite\u0301 de Douala, po\u0302le de pre\u0301-incubation entrepreneurial (PPE) a lance\u0301 l\u2019appel d\u2019offres pour le recrutement de 200 jeunes e\u0301tudiants dans le cadre du Programme Entreprendre.<\/b><\/p>\n<p>La ville de Yaounde\u0301 a abrite\u0301 du 30 au 31 janvier 2024, la 2e\u0300me session du Comite\u0301 de pilotage (COPIL) du programme ENTREPRENDRE. Une initiative de l\u2019Agence universitaire de la francophonie (AUF), soutenue par les pays membres. L\u2019objectif est de faire le suivi de l\u2019avancement du programme dans les 9 pays en 2023 et de de\u0301finir conjointement les principales actions a\u0300 mettre en \u0153uvre en 2024.<\/p>\n<p>Actuellement, les pays sont dans la phase de recrutement des cohortes d\u2019e\u0301tudiants be\u0301ne\u0301ficiaires du statut et de l\u2019accompagnement dans les po\u0302les de pre\u0301-incubation entrepreneuriale.<\/p>\n<p>C\u2019est dans cette logique qu\u2019un appel a\u0300 candidatures a e\u0301te\u0301 lance\u0301 pour la premie\u0300re cohorte, fait savoir, Atlanta De\u0301sire\u0301e Biboum, responsable du programme au po\u0302le pilote de pre\u0301incubation entrepreneuriale de l\u2019universite\u0301 de Douala. \u00ab Un appel a\u0300 candidatures a e\u0301te\u0301 lance\u0301 par le recteur de l\u2019Universite\u0301 de Douala a\u0300 l\u2019intention de toute la communaute\u0301 estudiantine de l\u2019Universite\u0301 de Douala et des e\u0301tablissements prive\u0301s professionnels qui sont affilie\u0301s a\u0300 l\u2019AUF. Pour la premie\u0300re cohorte, on va recevoir 200 e\u0301tudiants qui vont e\u0302tre accompagne\u0301s pendant deux ans a\u0300 peu pre\u0300s. On espe\u0300re qu\u2019a\u0300 l\u2019issue de cette formation, ils auront des projets fiables qu\u2019ils vont ope\u0301rationnaliser rapidement sur le territoire. \u00bb<\/p>\n<p>Les e\u0301tudiants retenus be\u0301ne\u0301ficieront de l\u2019accompagnement et du financement de la France a\u0300 travers l\u2019AUF.<\/p>\n<p>Le recrutement est ouvert aux candidats re\u0301gulie\u0300rement inscrits a\u0300 l\u2019universite\u0301 de Douala ou dans l\u2019un des instituts prive\u0301s d\u2019enseignement supe\u0301rieur (Ipes), membres de l\u2019AUF.<\/p>\n<p>19 startups sur les 50 issues des universite\u0301s d\u2019Etat ont d\u2019ores et de\u0301ja\u0300 e\u0301te\u0301 retenues, fait savoir Sabine Lopez, chef de projet a\u0300 l\u2019Agence universitaire de la francophonie.<\/p>\n<p>Ouverte le 24 janvier, la recevabilite\u0301 des dossiers se poursuit jusqu\u2019 au 16 fe\u0301vrier 2024.<\/p>\n<p><strong>Pour plus d&rsquo;informations et d&rsquo;analyses sur la <a href=\"https:\/\/www.africa-press.net\/cameroun\">Cameroun<\/a>, suivez <a href=\"https:\/\/www.africa-press.net\/\">Africa-Press<\/a><\/strong><\/p>\n","protected":false},"excerpt":{"rendered":"<p>Africa-Press &#8211; Cameroun. L\u2019universite\u0301 de Douala, po\u0302le de pre\u0301-incubation entrepreneurial (PPE) a lance\u0301 l\u2019appel d\u2019offres pour le recrutement de 200 jeunes e\u0301tudiants dans le cadre du Programme Entreprendre. La ville de Yaounde\u0301 a abrite\u0301 du 30 au 31 janvier 2024, la 2e\u0300me session du Comite\u0301 de pilotage (COPIL) du programme ENTREPRENDRE. Une initiative de l\u2019Agence [&hellip;]<\/p>\n","protected":false},"author":82,"featured_media":61063,"comment_status":"open","ping_status":"closed","sticky":false,"template":"","format":"standard","meta":{"footnotes":""},"categories":[21,10],"tags":[36,50,49],"class_list":["post-61064","post","type-post","status-publish","format-standard","has-post-thumbnail","hentry","category-communaute","category-toutes-les-actualites","tag-africa-press","tag-africa-press-cameroun","tag-cameroun"],"yoast_head":"<!-- This site is optimized with the Yoast SEO Premium plugin v26.1 (Yoast SEO v27.0) - https:\/\/yoast.com\/product\/yoast-seo-premium-wordpress\/ -->\n<title>Plus de 200 E\u0301tudiants Entrepreneurs Be\u0301ne\u0301ficient D\u2019Un Accompagnement - Cameroun<\/title>\n<meta name=\"description\" content=\"L\u2019universite\u0301 de Douala, po\u0302le de pre\u0301-incubation entrepreneurial (PPE) a lance\u0301 l\u2019appel d\u2019offres pour le recrutement ...\" \/>\n<meta name=\"robots\" content=\"index, follow, max-snippet:-1, max-image-preview:large, max-video-preview:-1\" \/>\n<link rel=\"canonical\" href=\"https:\/\/www.africa-press.net\/cameroun\/toutes-les-actualites\/plus-de-200-etudiants-entrepreneurs-beneficient-dun-accompagnement\" \/>\n<meta property=\"og:locale\" content=\"fr_FR\" \/>\n<meta property=\"og:type\" content=\"article\" \/>\n<meta property=\"og:title\" content=\"Plus de 200 E\u0301tudiants Entrepreneurs Be\u0301ne\u0301ficient D\u2019Un Accompagnement\" \/>\n<meta property=\"og:description\" content=\"L\u2019universite\u0301 de Douala, po\u0302le de pre\u0301-incubation entrepreneurial (PPE) a lance\u0301 l\u2019appel d\u2019offres pour le recrutement ...\" \/>\n<meta property=\"og:url\" content=\"https:\/\/www.africa-press.net\/cameroun\/toutes-les-actualites\/plus-de-200-etudiants-entrepreneurs-beneficient-dun-accompagnement\" \/>\n<meta property=\"og:site_name\" content=\"Cameroun\" \/>\n<meta property=\"article:published_time\" content=\"2024-02-02T21:05:17+00:00\" \/>\n<meta property=\"article:modified_time\" content=\"2024-02-02T21:19:49+00:00\" \/>\n<meta property=\"og:image\" content=\"https:\/\/static.africa-press.net\/cameroun\/sites\/57\/2024\/02\/sm_1706896007.448373.jpg\" \/>\n\t<meta property=\"og:image:width\" content=\"780\" \/>\n\t<meta property=\"og:image:height\" content=\"440\" \/>\n\t<meta property=\"og:image:type\" content=\"image\/jpeg\" \/>\n<meta name=\"author\" content=\"cfeditorfr\" \/>\n<meta name=\"twitter:card\" content=\"summary_large_image\" \/>\n<meta name=\"twitter:label1\" content=\"\u00c9crit par\" \/>\n\t<meta name=\"twitter:data1\" content=\"cfeditorfr\" \/>\n\t<meta name=\"twitter:label2\" content=\"Dur\u00e9e de lecture estim\u00e9e\" \/>\n\t<meta name=\"twitter:data2\" content=\"2 minutes\" \/>\n<script type=\"application\/ld+json\" class=\"yoast-schema-graph\">{\"@context\":\"https:\/\/schema.org\",\"@graph\":[{\"@type\":\"Article\",\"@id\":\"https:\/\/www.africa-press.net\/cameroun\/toutes-les-actualites\/plus-de-200-etudiants-entrepreneurs-beneficient-dun-accompagnement#article\",\"isPartOf\":{\"@id\":\"https:\/\/www.africa-press.net\/cameroun\/toutes-les-actualites\/plus-de-200-etudiants-entrepreneurs-beneficient-dun-accompagnement\"},\"author\":{\"name\":\"cfeditorfr\",\"@id\":\"https:\/\/www.africa-press.net\/cameroun\/#\/schema\/person\/2b1cf3cd81a31e3cd26889ca66d677f1\"},\"headline\":\"Plus de 200 E\u0301tudiants Entrepreneurs Be\u0301ne\u0301ficient D\u2019Un Accompagnement\",\"datePublished\":\"2024-02-02T21:05:17+00:00\",\"dateModified\":\"2024-02-02T21:19:49+00:00\",\"mainEntityOfPage\":{\"@id\":\"https:\/\/www.africa-press.net\/cameroun\/toutes-les-actualites\/plus-de-200-etudiants-entrepreneurs-beneficient-dun-accompagnement\"},\"wordCount\":381,\"commentCount\":0,\"image\":{\"@id\":\"https:\/\/www.africa-press.net\/cameroun\/toutes-les-actualites\/plus-de-200-etudiants-entrepreneurs-beneficient-dun-accompagnement#primaryimage\"},\"thumbnailUrl\":\"https:\/\/static.africa-press.net\/cameroun\/sites\/57\/2024\/02\/sm_1706896007.448373.jpg\",\"keywords\":[\"Africa Press\",\"Africa Press-Cameroun\",\"Cameroun\"],\"articleSection\":[\"Communaut\u00e9\",\"Toutes les actualit\u00e9s\"],\"inLanguage\":\"fr-FR\",\"potentialAction\":[{\"@type\":\"CommentAction\",\"name\":\"Comment\",\"target\":[\"https:\/\/www.africa-press.net\/cameroun\/toutes-les-actualites\/plus-de-200-etudiants-entrepreneurs-beneficient-dun-accompagnement#respond\"]}]},{\"@type\":\"WebPage\",\"@id\":\"https:\/\/www.africa-press.net\/cameroun\/toutes-les-actualites\/plus-de-200-etudiants-entrepreneurs-beneficient-dun-accompagnement\",\"url\":\"https:\/\/www.africa-press.net\/cameroun\/toutes-les-actualites\/plus-de-200-etudiants-entrepreneurs-beneficient-dun-accompagnement\",\"name\":\"Plus de 200 E\u0301tudiants Entrepreneurs Be\u0301ne\u0301ficient D\u2019Un Accompagnement - Cameroun\",\"isPartOf\":{\"@id\":\"https:\/\/www.africa-press.net\/cameroun\/#website\"},\"primaryImageOfPage\":{\"@id\":\"https:\/\/www.africa-press.net\/cameroun\/toutes-les-actualites\/plus-de-200-etudiants-entrepreneurs-beneficient-dun-accompagnement#primaryimage\"},\"image\":{\"@id\":\"https:\/\/www.africa-press.net\/cameroun\/toutes-les-actualites\/plus-de-200-etudiants-entrepreneurs-beneficient-dun-accompagnement#primaryimage\"},\"thumbnailUrl\":\"https:\/\/static.africa-press.net\/cameroun\/sites\/57\/2024\/02\/sm_1706896007.448373.jpg\",\"datePublished\":\"2024-02-02T21:05:17+00:00\",\"dateModified\":\"2024-02-02T21:19:49+00:00\",\"author\":{\"@id\":\"https:\/\/www.africa-press.net\/cameroun\/#\/schema\/person\/2b1cf3cd81a31e3cd26889ca66d677f1\"},\"description\":\"L\u2019universite\u0301 de Douala, po\u0302le de pre\u0301-incubation entrepreneurial (PPE) a lance\u0301 l\u2019appel d\u2019offres pour le recrutement ...\",\"breadcrumb\":{\"@id\":\"https:\/\/www.africa-press.net\/cameroun\/toutes-les-actualites\/plus-de-200-etudiants-entrepreneurs-beneficient-dun-accompagnement#breadcrumb\"},\"inLanguage\":\"fr-FR\",\"potentialAction\":[{\"@type\":\"ReadAction\",\"target\":[\"https:\/\/www.africa-press.net\/cameroun\/toutes-les-actualites\/plus-de-200-etudiants-entrepreneurs-beneficient-dun-accompagnement\"]}]},{\"@type\":\"ImageObject\",\"inLanguage\":\"fr-FR\",\"@id\":\"https:\/\/www.africa-press.net\/cameroun\/toutes-les-actualites\/plus-de-200-etudiants-entrepreneurs-beneficient-dun-accompagnement#primaryimage\",\"url\":\"https:\/\/static.africa-press.net\/cameroun\/sites\/57\/2024\/02\/sm_1706896007.448373.jpg\",\"contentUrl\":\"https:\/\/static.africa-press.net\/cameroun\/sites\/57\/2024\/02\/sm_1706896007.448373.jpg\",\"width\":780,\"height\":440,\"caption\":\"Plus de 200 E\u0301tudiants Entrepreneurs Be\u0301ne\u0301ficient D\u2019Un Accompagnement\"},{\"@type\":\"BreadcrumbList\",\"@id\":\"https:\/\/www.africa-press.net\/cameroun\/toutes-les-actualites\/plus-de-200-etudiants-entrepreneurs-beneficient-dun-accompagnement#breadcrumb\",\"itemListElement\":[{\"@type\":\"ListItem\",\"position\":1,\"name\":\"Accueil\",\"item\":\"https:\/\/www.africa-press.net\/cameroun\/\"},{\"@type\":\"ListItem\",\"position\":2,\"name\":\"Plus de 200 E\u0301tudiants Entrepreneurs Be\u0301ne\u0301ficient D\u2019Un Accompagnement\"}]},{\"@type\":\"WebSite\",\"@id\":\"https:\/\/www.africa-press.net\/cameroun\/#website\",\"url\":\"https:\/\/www.africa-press.net\/cameroun\/\",\"name\":\"Cameroun\",\"description\":\"Just another Africa News Agency Sites site\",\"potentialAction\":[{\"@type\":\"SearchAction\",\"target\":{\"@type\":\"EntryPoint\",\"urlTemplate\":\"https:\/\/www.africa-press.net\/cameroun\/?s={search_term_string}\"},\"query-input\":{\"@type\":\"PropertyValueSpecification\",\"valueRequired\":true,\"valueName\":\"search_term_string\"}}],\"inLanguage\":\"fr-FR\"},{\"@type\":\"Person\",\"@id\":\"https:\/\/www.africa-press.net\/cameroun\/#\/schema\/person\/2b1cf3cd81a31e3cd26889ca66d677f1\",\"name\":\"cfeditorfr\"}]}<\/script>\n<!-- \/ Yoast SEO Premium plugin. -->","yoast_head_json":{"title":"Plus de 200 E\u0301tudiants Entrepreneurs Be\u0301ne\u0301ficient D\u2019Un Accompagnement - Cameroun","description":"L\u2019universite\u0301 de Douala, po\u0302le de pre\u0301-incubation entrepreneurial (PPE) a lance\u0301 l\u2019appel d\u2019offres pour le recrutement ...","robots":{"index":"index","follow":"follow","max-snippet":"max-snippet:-1","max-image-preview":"max-image-preview:large","max-video-preview":"max-video-preview:-1"},"canonical":"https:\/\/www.africa-press.net\/cameroun\/toutes-les-actualites\/plus-de-200-etudiants-entrepreneurs-beneficient-dun-accompagnement","og_locale":"fr_FR","og_type":"article","og_title":"Plus de 200 E\u0301tudiants Entrepreneurs Be\u0301ne\u0301ficient D\u2019Un Accompagnement","og_description":"L\u2019universite\u0301 de Douala, po\u0302le de pre\u0301-incubation entrepreneurial (PPE) a lance\u0301 l\u2019appel d\u2019offres pour le recrutement ...","og_url":"https:\/\/www.africa-press.net\/cameroun\/toutes-les-actualites\/plus-de-200-etudiants-entrepreneurs-beneficient-dun-accompagnement","og_site_name":"Cameroun","article_published_time":"2024-02-02T21:05:17+00:00","article_modified_time":"2024-02-02T21:19:49+00:00","og_image":[{"width":780,"height":440,"url":"https:\/\/static.africa-press.net\/cameroun\/sites\/57\/2024\/02\/sm_1706896007.448373.jpg","type":"image\/jpeg"}],"author":"cfeditorfr","twitter_card":"summary_large_image","twitter_misc":{"\u00c9crit par":"cfeditorfr","Dur\u00e9e de lecture estim\u00e9e":"2 minutes"},"schema":{"@context":"https:\/\/schema.org","@graph":[{"@type":"Article","@id":"https:\/\/www.africa-press.net\/cameroun\/toutes-les-actualites\/plus-de-200-etudiants-entrepreneurs-beneficient-dun-accompagnement#article","isPartOf":{"@id":"https:\/\/www.africa-press.net\/cameroun\/toutes-les-actualites\/plus-de-200-etudiants-entrepreneurs-beneficient-dun-accompagnement"},"author":{"name":"cfeditorfr","@id":"https:\/\/www.africa-press.net\/cameroun\/#\/schema\/person\/2b1cf3cd81a31e3cd26889ca66d677f1"},"headline":"Plus de 200 E\u0301tudiants Entrepreneurs Be\u0301ne\u0301ficient D\u2019Un Accompagnement","datePublished":"2024-02-02T21:05:17+00:00","dateModified":"2024-02-02T21:19:49+00:00","mainEntityOfPage":{"@id":"https:\/\/www.africa-press.net\/cameroun\/toutes-les-actualites\/plus-de-200-etudiants-entrepreneurs-beneficient-dun-accompagnement"},"wordCount":381,"commentCount":0,"image":{"@id":"https:\/\/www.africa-press.net\/cameroun\/toutes-les-actualites\/plus-de-200-etudiants-entrepreneurs-beneficient-dun-accompagnement#primaryimage"},"thumbnailUrl":"https:\/\/static.africa-press.net\/cameroun\/sites\/57\/2024\/02\/sm_1706896007.448373.jpg","keywords":["Africa Press","Africa Press-Cameroun","Cameroun"],"articleSection":["Communaut\u00e9","Toutes les actualit\u00e9s"],"inLanguage":"fr-FR","potentialAction":[{"@type":"CommentAction","name":"Comment","target":["https:\/\/www.africa-press.net\/cameroun\/toutes-les-actualites\/plus-de-200-etudiants-entrepreneurs-beneficient-dun-accompagnement#respond"]}]},{"@type":"WebPage","@id":"https:\/\/www.africa-press.net\/cameroun\/toutes-les-actualites\/plus-de-200-etudiants-entrepreneurs-beneficient-dun-accompagnement","url":"https:\/\/www.africa-press.net\/cameroun\/toutes-les-actualites\/plus-de-200-etudiants-entrepreneurs-beneficient-dun-accompagnement","name":"Plus de 200 E\u0301tudiants Entrepreneurs Be\u0301ne\u0301ficient D\u2019Un Accompagnement - Cameroun","isPartOf":{"@id":"https:\/\/www.africa-press.net\/cameroun\/#website"},"primaryImageOfPage":{"@id":"https:\/\/www.africa-press.net\/cameroun\/toutes-les-actualites\/plus-de-200-etudiants-entrepreneurs-beneficient-dun-accompagnement#primaryimage"},"image":{"@id":"https:\/\/www.africa-press.net\/cameroun\/toutes-les-actualites\/plus-de-200-etudiants-entrepreneurs-beneficient-dun-accompagnement#primaryimage"},"thumbnailUrl":"https:\/\/static.africa-press.net\/cameroun\/sites\/57\/2024\/02\/sm_1706896007.448373.jpg","datePublished":"2024-02-02T21:05:17+00:00","dateModified":"2024-02-02T21:19:49+00:00","author":{"@id":"https:\/\/www.africa-press.net\/cameroun\/#\/schema\/person\/2b1cf3cd81a31e3cd26889ca66d677f1"},"description":"L\u2019universite\u0301 de Douala, po\u0302le de pre\u0301-incubation entrepreneurial (PPE) a lance\u0301 l\u2019appel d\u2019offres pour le recrutement ...","breadcrumb":{"@id":"https:\/\/www.africa-press.net\/cameroun\/toutes-les-actualites\/plus-de-200-etudiants-entrepreneurs-beneficient-dun-accompagnement#breadcrumb"},"inLanguage":"fr-FR","potentialAction":[{"@type":"ReadAction","target":["https:\/\/www.africa-press.net\/cameroun\/toutes-les-actualites\/plus-de-200-etudiants-entrepreneurs-beneficient-dun-accompagnement"]}]},{"@type":"ImageObject","inLanguage":"fr-FR","@id":"https:\/\/www.africa-press.net\/cameroun\/toutes-les-actualites\/plus-de-200-etudiants-entrepreneurs-beneficient-dun-accompagnement#primaryimage","url":"https:\/\/static.africa-press.net\/cameroun\/sites\/57\/2024\/02\/sm_1706896007.448373.jpg","contentUrl":"https:\/\/static.africa-press.net\/cameroun\/sites\/57\/2024\/02\/sm_1706896007.448373.jpg","width":780,"height":440,"caption":"Plus de 200 E\u0301tudiants Entrepreneurs Be\u0301ne\u0301ficient D\u2019Un Accompagnement"},{"@type":"BreadcrumbList","@id":"https:\/\/www.africa-press.net\/cameroun\/toutes-les-actualites\/plus-de-200-etudiants-entrepreneurs-beneficient-dun-accompagnement#breadcrumb","itemListElement":[{"@type":"ListItem","position":1,"name":"Accueil","item":"https:\/\/www.africa-press.net\/cameroun\/"},{"@type":"ListItem","position":2,"name":"Plus de 200 E\u0301tudiants Entrepreneurs Be\u0301ne\u0301ficient D\u2019Un Accompagnement"}]},{"@type":"WebSite","@id":"https:\/\/www.africa-press.net\/cameroun\/#website","url":"https:\/\/www.africa-press.net\/cameroun\/","name":"Cameroun","description":"Just another Africa News Agency Sites site","potentialAction":[{"@type":"SearchAction","target":{"@type":"EntryPoint","urlTemplate":"https:\/\/www.africa-press.net\/cameroun\/?s={search_term_string}"},"query-input":{"@type":"PropertyValueSpecification","valueRequired":true,"valueName":"search_term_string"}}],"inLanguage":"fr-FR"},{"@type":"Person","@id":"https:\/\/www.africa-press.net\/cameroun\/#\/schema\/person\/2b1cf3cd81a31e3cd26889ca66d677f1","name":"cfeditorfr"}]}},"_links":{"self":[{"href":"https:\/\/www.africa-press.net\/cameroun\/wp-json\/wp\/v2\/posts\/61064","targetHints":{"allow":["GET"]}}],"collection":[{"href":"https:\/\/www.africa-press.net\/cameroun\/wp-json\/wp\/v2\/posts"}],"about":[{"href":"https:\/\/www.africa-press.net\/cameroun\/wp-json\/wp\/v2\/types\/post"}],"author":[{"embeddable":true,"href":"https:\/\/www.africa-press.net\/cameroun\/wp-json\/wp\/v2\/users\/82"}],"replies":[{"embeddable":true,"href":"https:\/\/www.africa-press.net\/cameroun\/wp-json\/wp\/v2\/comments?post=61064"}],"version-history":[{"count":0,"href":"https:\/\/www.africa-press.net\/cameroun\/wp-json\/wp\/v2\/posts\/61064\/revisions"}],"wp:featuredmedia":[{"embeddable":true,"href":"https:\/\/www.africa-press.net\/cameroun\/wp-json\/wp\/v2\/media\/61063"}],"wp:attachment":[{"href":"https:\/\/www.africa-press.net\/cameroun\/wp-json\/wp\/v2\/media?parent=61064"}],"wp:term":[{"taxonomy":"category","embeddable":true,"href":"https:\/\/www.africa-press.net\/cameroun\/wp-json\/wp\/v2\/categories?post=61064"},{"taxonomy":"post_tag","embeddable":true,"href":"https:\/\/www.africa-press.net\/cameroun\/wp-json\/wp\/v2\/tags?post=61064"}],"curies":[{"name":"wp","href":"https:\/\/api.w.org\/{rel}","templated":true}]}}