{"id":61066,"date":"2024-02-02T21:05:31","date_gmt":"2024-02-02T21:05:31","guid":{"rendered":"https:\/\/www.africa-press.net\/cameroun\/politique\/le-cameroun-organise-son-premier-camp-mondial-des-jeunes"},"modified":"2024-02-02T21:20:41","modified_gmt":"2024-02-02T21:20:41","slug":"le-cameroun-organise-son-premier-camp-mondial-des-jeunes","status":"publish","type":"post","link":"https:\/\/www.africa-press.net\/cameroun\/politique\/le-cameroun-organise-son-premier-camp-mondial-des-jeunes","title":{"rendered":"Le Cameroun Organise Son Premier Camp Mondial des Jeunes"},"content":{"rendered":"<p><span style=\"color: #ff6600\"><strong>Africa-Press &#8211; Cameroun. <\/strong><\/span><b>L\u2019e\u0301ve\u0301nement constitue l\u2019une des innovations de la onzaine de la jeunesse en cours sur l\u2019ensemble du territoire national depuis le 31 janvier dernier.<\/b><\/p>\n<p>La semaine de la jeunesse que le ministre de la Jeunesse et de l\u2019Education civique a ouvert le 1er fe\u0301vrier 2024 a\u0300 Nsem comprend plusieurs innovations. Parmi les activite\u0301s innovantes, figure l\u2019organisation du tout premier camp mondial de la jeunesse a\u0300 Yaounde\u0301, capitale du Cameroun. Du 07 au 10 fe\u0301vrier 2024, l\u2019e\u0301ve\u0301nement rassemblera environ 5 000 jeunes au stade Omnisports Ahmadou Ahidjo. Le camp est place\u0301 sous le patronage du chef de l\u2019Etat Paul Biya.<\/p>\n<p>Les 5 000 jeunes attendus viendront des 10 re\u0301gions du Cameroun, de la Core\u0301e, des pays de la sous-re\u0301gion Afrique centrale et de divers pays du monde. Il sera organise\u0301 sous la bannie\u0300re du Conseil national de la jeunesse du Cameroun en collaboration avec l\u2019ONG core\u0301enne Youth Fellowship. Le camp comporte des activite\u0301s de re\u0301armement moral, civique et entrepreneurial a\u0300 travers l\u2019e\u0301ducation au changement de mentalite\u0301s indispensable a\u0300 l\u2019ave\u0300nement de la Re\u0301publique exemplaire.<\/p>\n<p>Le programme de ce rassemblement pre\u0301voit des sessions de formation au changement de mentalite\u0301s, des confe\u0301rences, des acade\u0301mies de formation. Le forum de l\u2019e\u0301ducation et de l\u2019entrepreneuriat, des prestations artistiques et culturelles sont aussi au menu. Selon le ministre Mounouna Foutsou, \u00ab le meilleur orchestre mondial actuellement, Gracia, venu de Chore\u0301e \u00bb, y sera pre\u0301sent.<\/p>\n<p>Le camp connaitra son apothe\u0301ose le samedi 10 fe\u0301vrier. De\u0300s 14 heures le programme pre\u0301voit une grande soire\u0301e spectacle de re\u0301armement moral civique et entrepreneurial. Elle s\u2019articulera autour de la prie\u0300re de la jeunesse pour la paix et la se\u0301curite\u0301 au Cameroun, le gala de l\u2019excellence jeunesse, l\u2019e\u0301coute du message du chef de l\u2019Etat a\u0300 la jeunesse. Cette e\u0301coute sera suivie d\u2019autres prestations des stars de renom invite\u0301es. Les organisateurs pre\u0301cisent que l\u2019e\u0301ve\u0301nement est ouvert au public et la participation est gratuite. Ce camp se tiendra dans le cadre des activite\u0301s de <b>la 48e\u0300 e\u0301dition de la fe\u0302te de la jeunesse<\/b> qui se ce\u0301le\u0300bre <b>le 11 fe\u0301vrier 2024<\/b>.<\/p>\n<p><strong>Pour plus d&rsquo;informations et d&rsquo;analyses sur la <a href=\"https:\/\/www.africa-press.net\/cameroun\">Cameroun<\/a>, suivez <a href=\"https:\/\/www.africa-press.net\/\">Africa-Press<\/a><\/strong><\/p>\n","protected":false},"excerpt":{"rendered":"<p>Africa-Press &#8211; Cameroun. L\u2019e\u0301ve\u0301nement constitue l\u2019une des innovations de la onzaine de la jeunesse en cours sur l\u2019ensemble du territoire national depuis le 31 janvier dernier. La semaine de la jeunesse que le ministre de la Jeunesse et de l\u2019Education civique a ouvert le 1er fe\u0301vrier 2024 a\u0300 Nsem comprend plusieurs innovations. Parmi les activite\u0301s [&hellip;]<\/p>\n","protected":false},"author":82,"featured_media":61065,"comment_status":"open","ping_status":"closed","sticky":false,"template":"","format":"standard","meta":{"footnotes":""},"categories":[2,10],"tags":[36,50,49],"class_list":["post-61066","post","type-post","status-publish","format-standard","has-post-thumbnail","hentry","category-politique","category-toutes-les-actualites","tag-africa-press","tag-africa-press-cameroun","tag-cameroun"],"yoast_head":"<!-- This site is optimized with the Yoast SEO Premium plugin v26.1 (Yoast SEO v27.0) - https:\/\/yoast.com\/product\/yoast-seo-premium-wordpress\/ -->\n<title>Le Cameroun Organise Son Premier Camp Mondial des Jeunes - Cameroun<\/title>\n<meta name=\"description\" content=\"L\u2019e\u0301ve\u0301nement constitue l\u2019une des innovations de la onzaine de la jeunesse en cours sur l\u2019ensemble du territoire nati ...\" \/>\n<meta name=\"robots\" content=\"index, follow, max-snippet:-1, max-image-preview:large, max-video-preview:-1\" \/>\n<link rel=\"canonical\" href=\"https:\/\/www.africa-press.net\/cameroun\/politique\/le-cameroun-organise-son-premier-camp-mondial-des-jeunes\" \/>\n<meta property=\"og:locale\" content=\"fr_FR\" \/>\n<meta property=\"og:type\" content=\"article\" \/>\n<meta property=\"og:title\" content=\"Le Cameroun Organise Son Premier Camp Mondial des Jeunes\" \/>\n<meta property=\"og:description\" content=\"L\u2019e\u0301ve\u0301nement constitue l\u2019une des innovations de la onzaine de la jeunesse en cours sur l\u2019ensemble du territoire nati ...\" \/>\n<meta property=\"og:url\" content=\"https:\/\/www.africa-press.net\/cameroun\/politique\/le-cameroun-organise-son-premier-camp-mondial-des-jeunes\" \/>\n<meta property=\"og:site_name\" content=\"Cameroun\" \/>\n<meta property=\"article:published_time\" content=\"2024-02-02T21:05:31+00:00\" \/>\n<meta property=\"article:modified_time\" content=\"2024-02-02T21:20:41+00:00\" \/>\n<meta property=\"og:image\" content=\"https:\/\/static.africa-press.net\/cameroun\/sites\/57\/2024\/02\/sm_1706896071.672401.jpg\" \/>\n\t<meta property=\"og:image:width\" content=\"780\" \/>\n\t<meta property=\"og:image:height\" content=\"440\" \/>\n\t<meta property=\"og:image:type\" content=\"image\/jpeg\" \/>\n<meta name=\"author\" content=\"cfeditorfr\" \/>\n<meta name=\"twitter:card\" content=\"summary_large_image\" \/>\n<meta name=\"twitter:label1\" content=\"\u00c9crit par\" \/>\n\t<meta name=\"twitter:data1\" content=\"cfeditorfr\" \/>\n\t<meta name=\"twitter:label2\" content=\"Dur\u00e9e de lecture estim\u00e9e\" \/>\n\t<meta name=\"twitter:data2\" content=\"2 minutes\" \/>\n<script type=\"application\/ld+json\" class=\"yoast-schema-graph\">{\"@context\":\"https:\/\/schema.org\",\"@graph\":[{\"@type\":\"Article\",\"@id\":\"https:\/\/www.africa-press.net\/cameroun\/politique\/le-cameroun-organise-son-premier-camp-mondial-des-jeunes#article\",\"isPartOf\":{\"@id\":\"https:\/\/www.africa-press.net\/cameroun\/politique\/le-cameroun-organise-son-premier-camp-mondial-des-jeunes\"},\"author\":{\"name\":\"cfeditorfr\",\"@id\":\"https:\/\/www.africa-press.net\/cameroun\/#\/schema\/person\/2b1cf3cd81a31e3cd26889ca66d677f1\"},\"headline\":\"Le Cameroun Organise Son Premier Camp Mondial des Jeunes\",\"datePublished\":\"2024-02-02T21:05:31+00:00\",\"dateModified\":\"2024-02-02T21:20:41+00:00\",\"mainEntityOfPage\":{\"@id\":\"https:\/\/www.africa-press.net\/cameroun\/politique\/le-cameroun-organise-son-premier-camp-mondial-des-jeunes\"},\"wordCount\":405,\"commentCount\":0,\"image\":{\"@id\":\"https:\/\/www.africa-press.net\/cameroun\/politique\/le-cameroun-organise-son-premier-camp-mondial-des-jeunes#primaryimage\"},\"thumbnailUrl\":\"https:\/\/static.africa-press.net\/cameroun\/sites\/57\/2024\/02\/sm_1706896071.672401.jpg\",\"keywords\":[\"Africa Press\",\"Africa Press-Cameroun\",\"Cameroun\"],\"articleSection\":[\"Politique\",\"Toutes les actualit\u00e9s\"],\"inLanguage\":\"fr-FR\",\"potentialAction\":[{\"@type\":\"CommentAction\",\"name\":\"Comment\",\"target\":[\"https:\/\/www.africa-press.net\/cameroun\/politique\/le-cameroun-organise-son-premier-camp-mondial-des-jeunes#respond\"]}]},{\"@type\":\"WebPage\",\"@id\":\"https:\/\/www.africa-press.net\/cameroun\/politique\/le-cameroun-organise-son-premier-camp-mondial-des-jeunes\",\"url\":\"https:\/\/www.africa-press.net\/cameroun\/politique\/le-cameroun-organise-son-premier-camp-mondial-des-jeunes\",\"name\":\"Le Cameroun Organise Son Premier Camp Mondial des Jeunes - Cameroun\",\"isPartOf\":{\"@id\":\"https:\/\/www.africa-press.net\/cameroun\/#website\"},\"primaryImageOfPage\":{\"@id\":\"https:\/\/www.africa-press.net\/cameroun\/politique\/le-cameroun-organise-son-premier-camp-mondial-des-jeunes#primaryimage\"},\"image\":{\"@id\":\"https:\/\/www.africa-press.net\/cameroun\/politique\/le-cameroun-organise-son-premier-camp-mondial-des-jeunes#primaryimage\"},\"thumbnailUrl\":\"https:\/\/static.africa-press.net\/cameroun\/sites\/57\/2024\/02\/sm_1706896071.672401.jpg\",\"datePublished\":\"2024-02-02T21:05:31+00:00\",\"dateModified\":\"2024-02-02T21:20:41+00:00\",\"author\":{\"@id\":\"https:\/\/www.africa-press.net\/cameroun\/#\/schema\/person\/2b1cf3cd81a31e3cd26889ca66d677f1\"},\"description\":\"L\u2019e\u0301ve\u0301nement constitue l\u2019une des innovations de la onzaine de la jeunesse en cours sur l\u2019ensemble du territoire nati ...\",\"breadcrumb\":{\"@id\":\"https:\/\/www.africa-press.net\/cameroun\/politique\/le-cameroun-organise-son-premier-camp-mondial-des-jeunes#breadcrumb\"},\"inLanguage\":\"fr-FR\",\"potentialAction\":[{\"@type\":\"ReadAction\",\"target\":[\"https:\/\/www.africa-press.net\/cameroun\/politique\/le-cameroun-organise-son-premier-camp-mondial-des-jeunes\"]}]},{\"@type\":\"ImageObject\",\"inLanguage\":\"fr-FR\",\"@id\":\"https:\/\/www.africa-press.net\/cameroun\/politique\/le-cameroun-organise-son-premier-camp-mondial-des-jeunes#primaryimage\",\"url\":\"https:\/\/static.africa-press.net\/cameroun\/sites\/57\/2024\/02\/sm_1706896071.672401.jpg\",\"contentUrl\":\"https:\/\/static.africa-press.net\/cameroun\/sites\/57\/2024\/02\/sm_1706896071.672401.jpg\",\"width\":780,\"height\":440,\"caption\":\"Le Cameroun Organise Son Premier Camp Mondial des Jeunes\"},{\"@type\":\"BreadcrumbList\",\"@id\":\"https:\/\/www.africa-press.net\/cameroun\/politique\/le-cameroun-organise-son-premier-camp-mondial-des-jeunes#breadcrumb\",\"itemListElement\":[{\"@type\":\"ListItem\",\"position\":1,\"name\":\"Accueil\",\"item\":\"https:\/\/www.africa-press.net\/cameroun\/\"},{\"@type\":\"ListItem\",\"position\":2,\"name\":\"Le Cameroun Organise Son Premier Camp Mondial des Jeunes\"}]},{\"@type\":\"WebSite\",\"@id\":\"https:\/\/www.africa-press.net\/cameroun\/#website\",\"url\":\"https:\/\/www.africa-press.net\/cameroun\/\",\"name\":\"Cameroun\",\"description\":\"Just another Africa News Agency Sites site\",\"potentialAction\":[{\"@type\":\"SearchAction\",\"target\":{\"@type\":\"EntryPoint\",\"urlTemplate\":\"https:\/\/www.africa-press.net\/cameroun\/?s={search_term_string}\"},\"query-input\":{\"@type\":\"PropertyValueSpecification\",\"valueRequired\":true,\"valueName\":\"search_term_string\"}}],\"inLanguage\":\"fr-FR\"},{\"@type\":\"Person\",\"@id\":\"https:\/\/www.africa-press.net\/cameroun\/#\/schema\/person\/2b1cf3cd81a31e3cd26889ca66d677f1\",\"name\":\"cfeditorfr\"}]}<\/script>\n<!-- \/ Yoast SEO Premium plugin. -->","yoast_head_json":{"title":"Le Cameroun Organise Son Premier Camp Mondial des Jeunes - Cameroun","description":"L\u2019e\u0301ve\u0301nement constitue l\u2019une des innovations de la onzaine de la jeunesse en cours sur l\u2019ensemble du territoire nati ...","robots":{"index":"index","follow":"follow","max-snippet":"max-snippet:-1","max-image-preview":"max-image-preview:large","max-video-preview":"max-video-preview:-1"},"canonical":"https:\/\/www.africa-press.net\/cameroun\/politique\/le-cameroun-organise-son-premier-camp-mondial-des-jeunes","og_locale":"fr_FR","og_type":"article","og_title":"Le Cameroun Organise Son Premier Camp Mondial des Jeunes","og_description":"L\u2019e\u0301ve\u0301nement constitue l\u2019une des innovations de la onzaine de la jeunesse en cours sur l\u2019ensemble du territoire nati ...","og_url":"https:\/\/www.africa-press.net\/cameroun\/politique\/le-cameroun-organise-son-premier-camp-mondial-des-jeunes","og_site_name":"Cameroun","article_published_time":"2024-02-02T21:05:31+00:00","article_modified_time":"2024-02-02T21:20:41+00:00","og_image":[{"width":780,"height":440,"url":"https:\/\/static.africa-press.net\/cameroun\/sites\/57\/2024\/02\/sm_1706896071.672401.jpg","type":"image\/jpeg"}],"author":"cfeditorfr","twitter_card":"summary_large_image","twitter_misc":{"\u00c9crit par":"cfeditorfr","Dur\u00e9e de lecture estim\u00e9e":"2 minutes"},"schema":{"@context":"https:\/\/schema.org","@graph":[{"@type":"Article","@id":"https:\/\/www.africa-press.net\/cameroun\/politique\/le-cameroun-organise-son-premier-camp-mondial-des-jeunes#article","isPartOf":{"@id":"https:\/\/www.africa-press.net\/cameroun\/politique\/le-cameroun-organise-son-premier-camp-mondial-des-jeunes"},"author":{"name":"cfeditorfr","@id":"https:\/\/www.africa-press.net\/cameroun\/#\/schema\/person\/2b1cf3cd81a31e3cd26889ca66d677f1"},"headline":"Le Cameroun Organise Son Premier Camp Mondial des Jeunes","datePublished":"2024-02-02T21:05:31+00:00","dateModified":"2024-02-02T21:20:41+00:00","mainEntityOfPage":{"@id":"https:\/\/www.africa-press.net\/cameroun\/politique\/le-cameroun-organise-son-premier-camp-mondial-des-jeunes"},"wordCount":405,"commentCount":0,"image":{"@id":"https:\/\/www.africa-press.net\/cameroun\/politique\/le-cameroun-organise-son-premier-camp-mondial-des-jeunes#primaryimage"},"thumbnailUrl":"https:\/\/static.africa-press.net\/cameroun\/sites\/57\/2024\/02\/sm_1706896071.672401.jpg","keywords":["Africa Press","Africa Press-Cameroun","Cameroun"],"articleSection":["Politique","Toutes les actualit\u00e9s"],"inLanguage":"fr-FR","potentialAction":[{"@type":"CommentAction","name":"Comment","target":["https:\/\/www.africa-press.net\/cameroun\/politique\/le-cameroun-organise-son-premier-camp-mondial-des-jeunes#respond"]}]},{"@type":"WebPage","@id":"https:\/\/www.africa-press.net\/cameroun\/politique\/le-cameroun-organise-son-premier-camp-mondial-des-jeunes","url":"https:\/\/www.africa-press.net\/cameroun\/politique\/le-cameroun-organise-son-premier-camp-mondial-des-jeunes","name":"Le Cameroun Organise Son Premier Camp Mondial des Jeunes - Cameroun","isPartOf":{"@id":"https:\/\/www.africa-press.net\/cameroun\/#website"},"primaryImageOfPage":{"@id":"https:\/\/www.africa-press.net\/cameroun\/politique\/le-cameroun-organise-son-premier-camp-mondial-des-jeunes#primaryimage"},"image":{"@id":"https:\/\/www.africa-press.net\/cameroun\/politique\/le-cameroun-organise-son-premier-camp-mondial-des-jeunes#primaryimage"},"thumbnailUrl":"https:\/\/static.africa-press.net\/cameroun\/sites\/57\/2024\/02\/sm_1706896071.672401.jpg","datePublished":"2024-02-02T21:05:31+00:00","dateModified":"2024-02-02T21:20:41+00:00","author":{"@id":"https:\/\/www.africa-press.net\/cameroun\/#\/schema\/person\/2b1cf3cd81a31e3cd26889ca66d677f1"},"description":"L\u2019e\u0301ve\u0301nement constitue l\u2019une des innovations de la onzaine de la jeunesse en cours sur l\u2019ensemble du territoire nati ...","breadcrumb":{"@id":"https:\/\/www.africa-press.net\/cameroun\/politique\/le-cameroun-organise-son-premier-camp-mondial-des-jeunes#breadcrumb"},"inLanguage":"fr-FR","potentialAction":[{"@type":"ReadAction","target":["https:\/\/www.africa-press.net\/cameroun\/politique\/le-cameroun-organise-son-premier-camp-mondial-des-jeunes"]}]},{"@type":"ImageObject","inLanguage":"fr-FR","@id":"https:\/\/www.africa-press.net\/cameroun\/politique\/le-cameroun-organise-son-premier-camp-mondial-des-jeunes#primaryimage","url":"https:\/\/static.africa-press.net\/cameroun\/sites\/57\/2024\/02\/sm_1706896071.672401.jpg","contentUrl":"https:\/\/static.africa-press.net\/cameroun\/sites\/57\/2024\/02\/sm_1706896071.672401.jpg","width":780,"height":440,"caption":"Le Cameroun Organise Son Premier Camp Mondial des Jeunes"},{"@type":"BreadcrumbList","@id":"https:\/\/www.africa-press.net\/cameroun\/politique\/le-cameroun-organise-son-premier-camp-mondial-des-jeunes#breadcrumb","itemListElement":[{"@type":"ListItem","position":1,"name":"Accueil","item":"https:\/\/www.africa-press.net\/cameroun\/"},{"@type":"ListItem","position":2,"name":"Le Cameroun Organise Son Premier Camp Mondial des Jeunes"}]},{"@type":"WebSite","@id":"https:\/\/www.africa-press.net\/cameroun\/#website","url":"https:\/\/www.africa-press.net\/cameroun\/","name":"Cameroun","description":"Just another Africa News Agency Sites site","potentialAction":[{"@type":"SearchAction","target":{"@type":"EntryPoint","urlTemplate":"https:\/\/www.africa-press.net\/cameroun\/?s={search_term_string}"},"query-input":{"@type":"PropertyValueSpecification","valueRequired":true,"valueName":"search_term_string"}}],"inLanguage":"fr-FR"},{"@type":"Person","@id":"https:\/\/www.africa-press.net\/cameroun\/#\/schema\/person\/2b1cf3cd81a31e3cd26889ca66d677f1","name":"cfeditorfr"}]}},"_links":{"self":[{"href":"https:\/\/www.africa-press.net\/cameroun\/wp-json\/wp\/v2\/posts\/61066","targetHints":{"allow":["GET"]}}],"collection":[{"href":"https:\/\/www.africa-press.net\/cameroun\/wp-json\/wp\/v2\/posts"}],"about":[{"href":"https:\/\/www.africa-press.net\/cameroun\/wp-json\/wp\/v2\/types\/post"}],"author":[{"embeddable":true,"href":"https:\/\/www.africa-press.net\/cameroun\/wp-json\/wp\/v2\/users\/82"}],"replies":[{"embeddable":true,"href":"https:\/\/www.africa-press.net\/cameroun\/wp-json\/wp\/v2\/comments?post=61066"}],"version-history":[{"count":0,"href":"https:\/\/www.africa-press.net\/cameroun\/wp-json\/wp\/v2\/posts\/61066\/revisions"}],"wp:featuredmedia":[{"embeddable":true,"href":"https:\/\/www.africa-press.net\/cameroun\/wp-json\/wp\/v2\/media\/61065"}],"wp:attachment":[{"href":"https:\/\/www.africa-press.net\/cameroun\/wp-json\/wp\/v2\/media?parent=61066"}],"wp:term":[{"taxonomy":"category","embeddable":true,"href":"https:\/\/www.africa-press.net\/cameroun\/wp-json\/wp\/v2\/categories?post=61066"},{"taxonomy":"post_tag","embeddable":true,"href":"https:\/\/www.africa-press.net\/cameroun\/wp-json\/wp\/v2\/tags?post=61066"}],"curies":[{"name":"wp","href":"https:\/\/api.w.org\/{rel}","templated":true}]}}