{"id":61069,"date":"2024-02-02T21:05:47","date_gmt":"2024-02-02T21:05:47","guid":{"rendered":"https:\/\/www.africa-press.net\/cameroun\/politique\/salon-international-de-lartisanat-2024-le-cameroun-invite-lexpertise-tunisienne"},"modified":"2024-02-02T21:21:21","modified_gmt":"2024-02-02T21:21:21","slug":"salon-international-de-lartisanat-2024-le-cameroun-invite-lexpertise-tunisienne","status":"publish","type":"post","link":"https:\/\/www.africa-press.net\/cameroun\/economie\/salon-international-de-lartisanat-2024-le-cameroun-invite-lexpertise-tunisienne","title":{"rendered":"Salon International de L\u2019Artisanat 2024 : le Cameroun Invite L\u2019Expertise Tunisienne"},"content":{"rendered":"<p><span style=\"color: #ff6600\"><strong>Africa-Press &#8211; Cameroun. <\/strong><\/span><b>L\u2019information ressort de l\u2019audience accorde\u0301e le 1er fe\u0301vrier 2024 par Achille Bassilekin III a\u0300 S.E Karim Ben Becher, Ambassadeur de la Re\u0301publique Tunisienne au Cameroun.<\/b><\/p>\n<p>Le Ministre des Petites et Moyennes Entreprises, de l\u2019Economie Sociale et de l\u2019Artisanat Achille BASSILEKIN III a accorde\u0301 ce jeudi 1er fe\u0301vrier 2024 a\u0300 son Cabinet a\u0300 S.E KARIM BEN BECHER, Ambassadeur de la Re\u0301publique Tunisienne au Cameroun arrive\u0301 en fin de se\u0301jour.<\/p>\n<p>Au cours de l\u2019audience, le Ministre des PMEESA et l\u2019Ambassadeur ont convenu de la participation de la Tunisie comme \u00ab Pays Invite\u0301 d\u2019Honneur \u00bb a\u0300 la 8e\u0300me e\u0301dition du Salon International de l\u2019Artisanat du Cameroun (SIARC).<\/p>\n<p>A l\u2019occasion leministe\u0300re des PME a souligne\u0301 a\u0300 nouveau sa volonte\u0301 de tirer profit des avance\u0301es de la Tunisie dans le secteur des PMEESA a\u0300 travers la conclusion d\u2019un plan d\u2019action conjoint qui permettrait au Cameroun d\u2019acce\u0301der au savoir-faire et a\u0300 l\u2019expe\u0301rience tunisienne dans le domaine de la PME, notamment en ce qui concerne l\u2019encadrement et le de\u0301veloppement des start-up, la mobilisation des financements aupre\u0300s des partenaires du monde islamique, l\u2019expansion et l\u2019externalisation des activite\u0301s des entreprises a\u0300 travers l\u2019e-commerce.<\/p>\n<p>Aussi, la promotion et le de\u0301veloppement des structures d\u2019incubation et la diffusion de l\u2019innovation technologique aupre\u0300s des PME camerounaises ; de\u0301velopper les aptitudes des artisans camerounais dans les domaines ou\u0300 la Tunisie dispose d\u2019un avantage comparatif, notamment la tapisserie, la broderie et le tissage, d\u2019une part, et renforcer la compe\u0301titivite\u0301 des artisans et des Unite\u0301s de Productions Artisanales, d\u2019autre part et explorer le mode\u0300le d\u2019e\u0301conomie sociale de la Tunisie pour s\u2019approprier les forces et les opportunite\u0301s e\u0301ventuelles de celui-ci.<\/p>\n<p>Selon le ministe\u0300re des PME, cette rencontre a permis aux deux personnalite\u0301s de revisiter la coope\u0301ration sectorielle entre les deux pays. Plusieurs opportunite\u0301s et perspectives de coope\u0301ration dans le secteur des PMEESA existent entre le Cameroun et la Tunisie.<\/p>\n<p><strong>Pour plus d&rsquo;informations et d&rsquo;analyses sur la <a href=\"https:\/\/www.africa-press.net\/cameroun\">Cameroun<\/a>, suivez <a href=\"https:\/\/www.africa-press.net\/\">Africa-Press<\/a><\/strong><\/p>\n","protected":false},"excerpt":{"rendered":"<p>Africa-Press &#8211; Cameroun. L\u2019information ressort de l\u2019audience accorde\u0301e le 1er fe\u0301vrier 2024 par Achille Bassilekin III a\u0300 S.E Karim Ben Becher, Ambassadeur de la Re\u0301publique Tunisienne au Cameroun. Le Ministre des Petites et Moyennes Entreprises, de l\u2019Economie Sociale et de l\u2019Artisanat Achille BASSILEKIN III a accorde\u0301 ce jeudi 1er fe\u0301vrier 2024 a\u0300 son Cabinet a\u0300 [&hellip;]<\/p>\n","protected":false},"author":82,"featured_media":61067,"comment_status":"open","ping_status":"closed","sticky":false,"template":"","format":"standard","meta":{"footnotes":""},"categories":[3,10],"tags":[36,50,49],"class_list":["post-61069","post","type-post","status-publish","format-standard","has-post-thumbnail","hentry","category-economie","category-toutes-les-actualites","tag-africa-press","tag-africa-press-cameroun","tag-cameroun"],"yoast_head":"<!-- This site is optimized with the Yoast SEO Premium plugin v26.1 (Yoast SEO v27.0) - https:\/\/yoast.com\/product\/yoast-seo-premium-wordpress\/ -->\n<title>Salon International de L\u2019Artisanat 2024 : le Cameroun Invite L\u2019Expertise Tunisienne - Cameroun<\/title>\n<meta name=\"description\" content=\"L\u2019information ressort de l\u2019audience accorde\u0301e le 1er fe\u0301vrier 2024 par Achille Bassilekin III a\u0300 S.E Karim Ben Becher ...\" \/>\n<meta name=\"robots\" content=\"index, follow, max-snippet:-1, max-image-preview:large, max-video-preview:-1\" \/>\n<link rel=\"canonical\" href=\"https:\/\/www.africa-press.net\/cameroun\/economie\/salon-international-de-lartisanat-2024-le-cameroun-invite-lexpertise-tunisienne\" \/>\n<meta property=\"og:locale\" content=\"fr_FR\" \/>\n<meta property=\"og:type\" content=\"article\" \/>\n<meta property=\"og:title\" content=\"Salon International de L\u2019Artisanat 2024 : le Cameroun Invite L\u2019Expertise Tunisienne\" \/>\n<meta property=\"og:description\" content=\"L\u2019information ressort de l\u2019audience accorde\u0301e le 1er fe\u0301vrier 2024 par Achille Bassilekin III a\u0300 S.E Karim Ben Becher ...\" \/>\n<meta property=\"og:url\" content=\"https:\/\/www.africa-press.net\/cameroun\/economie\/salon-international-de-lartisanat-2024-le-cameroun-invite-lexpertise-tunisienne\" \/>\n<meta property=\"og:site_name\" content=\"Cameroun\" \/>\n<meta property=\"article:published_time\" content=\"2024-02-02T21:05:47+00:00\" \/>\n<meta property=\"article:modified_time\" content=\"2024-02-02T21:21:21+00:00\" \/>\n<meta property=\"og:image\" content=\"https:\/\/static.africa-press.net\/cameroun\/sites\/57\/2024\/02\/sm_1706896127.729234.jpg\" \/>\n\t<meta property=\"og:image:width\" content=\"780\" \/>\n\t<meta property=\"og:image:height\" content=\"440\" \/>\n\t<meta property=\"og:image:type\" content=\"image\/jpeg\" \/>\n<meta name=\"author\" content=\"cfeditorfr\" \/>\n<meta name=\"twitter:card\" content=\"summary_large_image\" \/>\n<meta name=\"twitter:label1\" content=\"\u00c9crit par\" \/>\n\t<meta name=\"twitter:data1\" content=\"cfeditorfr\" \/>\n\t<meta name=\"twitter:label2\" content=\"Dur\u00e9e de lecture estim\u00e9e\" \/>\n\t<meta name=\"twitter:data2\" content=\"2 minutes\" \/>\n<script type=\"application\/ld+json\" class=\"yoast-schema-graph\">{\"@context\":\"https:\/\/schema.org\",\"@graph\":[{\"@type\":\"Article\",\"@id\":\"https:\/\/www.africa-press.net\/cameroun\/economie\/salon-international-de-lartisanat-2024-le-cameroun-invite-lexpertise-tunisienne#article\",\"isPartOf\":{\"@id\":\"https:\/\/www.africa-press.net\/cameroun\/economie\/salon-international-de-lartisanat-2024-le-cameroun-invite-lexpertise-tunisienne\"},\"author\":{\"name\":\"cfeditorfr\",\"@id\":\"https:\/\/www.africa-press.net\/cameroun\/#\/schema\/person\/2b1cf3cd81a31e3cd26889ca66d677f1\"},\"headline\":\"Salon International de L\u2019Artisanat 2024 : le Cameroun Invite L\u2019Expertise Tunisienne\",\"datePublished\":\"2024-02-02T21:05:47+00:00\",\"dateModified\":\"2024-02-02T21:21:21+00:00\",\"mainEntityOfPage\":{\"@id\":\"https:\/\/www.africa-press.net\/cameroun\/economie\/salon-international-de-lartisanat-2024-le-cameroun-invite-lexpertise-tunisienne\"},\"wordCount\":378,\"commentCount\":0,\"image\":{\"@id\":\"https:\/\/www.africa-press.net\/cameroun\/economie\/salon-international-de-lartisanat-2024-le-cameroun-invite-lexpertise-tunisienne#primaryimage\"},\"thumbnailUrl\":\"https:\/\/static.africa-press.net\/cameroun\/sites\/57\/2024\/02\/sm_1706896127.729234.jpg\",\"keywords\":[\"Africa Press\",\"Africa Press-Cameroun\",\"Cameroun\"],\"articleSection\":[\"\u00c9conomie\",\"Toutes les actualit\u00e9s\"],\"inLanguage\":\"fr-FR\",\"potentialAction\":[{\"@type\":\"CommentAction\",\"name\":\"Comment\",\"target\":[\"https:\/\/www.africa-press.net\/cameroun\/economie\/salon-international-de-lartisanat-2024-le-cameroun-invite-lexpertise-tunisienne#respond\"]}]},{\"@type\":\"WebPage\",\"@id\":\"https:\/\/www.africa-press.net\/cameroun\/economie\/salon-international-de-lartisanat-2024-le-cameroun-invite-lexpertise-tunisienne\",\"url\":\"https:\/\/www.africa-press.net\/cameroun\/economie\/salon-international-de-lartisanat-2024-le-cameroun-invite-lexpertise-tunisienne\",\"name\":\"Salon International de L\u2019Artisanat 2024 : le Cameroun Invite L\u2019Expertise Tunisienne - Cameroun\",\"isPartOf\":{\"@id\":\"https:\/\/www.africa-press.net\/cameroun\/#website\"},\"primaryImageOfPage\":{\"@id\":\"https:\/\/www.africa-press.net\/cameroun\/economie\/salon-international-de-lartisanat-2024-le-cameroun-invite-lexpertise-tunisienne#primaryimage\"},\"image\":{\"@id\":\"https:\/\/www.africa-press.net\/cameroun\/economie\/salon-international-de-lartisanat-2024-le-cameroun-invite-lexpertise-tunisienne#primaryimage\"},\"thumbnailUrl\":\"https:\/\/static.africa-press.net\/cameroun\/sites\/57\/2024\/02\/sm_1706896127.729234.jpg\",\"datePublished\":\"2024-02-02T21:05:47+00:00\",\"dateModified\":\"2024-02-02T21:21:21+00:00\",\"author\":{\"@id\":\"https:\/\/www.africa-press.net\/cameroun\/#\/schema\/person\/2b1cf3cd81a31e3cd26889ca66d677f1\"},\"description\":\"L\u2019information ressort de l\u2019audience accorde\u0301e le 1er fe\u0301vrier 2024 par Achille Bassilekin III a\u0300 S.E Karim Ben Becher ...\",\"breadcrumb\":{\"@id\":\"https:\/\/www.africa-press.net\/cameroun\/economie\/salon-international-de-lartisanat-2024-le-cameroun-invite-lexpertise-tunisienne#breadcrumb\"},\"inLanguage\":\"fr-FR\",\"potentialAction\":[{\"@type\":\"ReadAction\",\"target\":[\"https:\/\/www.africa-press.net\/cameroun\/economie\/salon-international-de-lartisanat-2024-le-cameroun-invite-lexpertise-tunisienne\"]}]},{\"@type\":\"ImageObject\",\"inLanguage\":\"fr-FR\",\"@id\":\"https:\/\/www.africa-press.net\/cameroun\/economie\/salon-international-de-lartisanat-2024-le-cameroun-invite-lexpertise-tunisienne#primaryimage\",\"url\":\"https:\/\/static.africa-press.net\/cameroun\/sites\/57\/2024\/02\/sm_1706896127.729234.jpg\",\"contentUrl\":\"https:\/\/static.africa-press.net\/cameroun\/sites\/57\/2024\/02\/sm_1706896127.729234.jpg\",\"width\":780,\"height\":440,\"caption\":\"Salon International de L\u2019Artisanat 2024 : le Cameroun Invite L\u2019Expertise Tunisienne\"},{\"@type\":\"BreadcrumbList\",\"@id\":\"https:\/\/www.africa-press.net\/cameroun\/economie\/salon-international-de-lartisanat-2024-le-cameroun-invite-lexpertise-tunisienne#breadcrumb\",\"itemListElement\":[{\"@type\":\"ListItem\",\"position\":1,\"name\":\"Accueil\",\"item\":\"https:\/\/www.africa-press.net\/cameroun\/\"},{\"@type\":\"ListItem\",\"position\":2,\"name\":\"Salon International de L\u2019Artisanat 2024 : le Cameroun Invite L\u2019Expertise Tunisienne\"}]},{\"@type\":\"WebSite\",\"@id\":\"https:\/\/www.africa-press.net\/cameroun\/#website\",\"url\":\"https:\/\/www.africa-press.net\/cameroun\/\",\"name\":\"Cameroun\",\"description\":\"Just another Africa News Agency Sites site\",\"potentialAction\":[{\"@type\":\"SearchAction\",\"target\":{\"@type\":\"EntryPoint\",\"urlTemplate\":\"https:\/\/www.africa-press.net\/cameroun\/?s={search_term_string}\"},\"query-input\":{\"@type\":\"PropertyValueSpecification\",\"valueRequired\":true,\"valueName\":\"search_term_string\"}}],\"inLanguage\":\"fr-FR\"},{\"@type\":\"Person\",\"@id\":\"https:\/\/www.africa-press.net\/cameroun\/#\/schema\/person\/2b1cf3cd81a31e3cd26889ca66d677f1\",\"name\":\"cfeditorfr\"}]}<\/script>\n<!-- \/ Yoast SEO Premium plugin. -->","yoast_head_json":{"title":"Salon International de L\u2019Artisanat 2024 : le Cameroun Invite L\u2019Expertise Tunisienne - Cameroun","description":"L\u2019information ressort de l\u2019audience accorde\u0301e le 1er fe\u0301vrier 2024 par Achille Bassilekin III a\u0300 S.E Karim Ben Becher ...","robots":{"index":"index","follow":"follow","max-snippet":"max-snippet:-1","max-image-preview":"max-image-preview:large","max-video-preview":"max-video-preview:-1"},"canonical":"https:\/\/www.africa-press.net\/cameroun\/economie\/salon-international-de-lartisanat-2024-le-cameroun-invite-lexpertise-tunisienne","og_locale":"fr_FR","og_type":"article","og_title":"Salon International de L\u2019Artisanat 2024 : le Cameroun Invite L\u2019Expertise Tunisienne","og_description":"L\u2019information ressort de l\u2019audience accorde\u0301e le 1er fe\u0301vrier 2024 par Achille Bassilekin III a\u0300 S.E Karim Ben Becher ...","og_url":"https:\/\/www.africa-press.net\/cameroun\/economie\/salon-international-de-lartisanat-2024-le-cameroun-invite-lexpertise-tunisienne","og_site_name":"Cameroun","article_published_time":"2024-02-02T21:05:47+00:00","article_modified_time":"2024-02-02T21:21:21+00:00","og_image":[{"width":780,"height":440,"url":"https:\/\/static.africa-press.net\/cameroun\/sites\/57\/2024\/02\/sm_1706896127.729234.jpg","type":"image\/jpeg"}],"author":"cfeditorfr","twitter_card":"summary_large_image","twitter_misc":{"\u00c9crit par":"cfeditorfr","Dur\u00e9e de lecture estim\u00e9e":"2 minutes"},"schema":{"@context":"https:\/\/schema.org","@graph":[{"@type":"Article","@id":"https:\/\/www.africa-press.net\/cameroun\/economie\/salon-international-de-lartisanat-2024-le-cameroun-invite-lexpertise-tunisienne#article","isPartOf":{"@id":"https:\/\/www.africa-press.net\/cameroun\/economie\/salon-international-de-lartisanat-2024-le-cameroun-invite-lexpertise-tunisienne"},"author":{"name":"cfeditorfr","@id":"https:\/\/www.africa-press.net\/cameroun\/#\/schema\/person\/2b1cf3cd81a31e3cd26889ca66d677f1"},"headline":"Salon International de L\u2019Artisanat 2024 : le Cameroun Invite L\u2019Expertise Tunisienne","datePublished":"2024-02-02T21:05:47+00:00","dateModified":"2024-02-02T21:21:21+00:00","mainEntityOfPage":{"@id":"https:\/\/www.africa-press.net\/cameroun\/economie\/salon-international-de-lartisanat-2024-le-cameroun-invite-lexpertise-tunisienne"},"wordCount":378,"commentCount":0,"image":{"@id":"https:\/\/www.africa-press.net\/cameroun\/economie\/salon-international-de-lartisanat-2024-le-cameroun-invite-lexpertise-tunisienne#primaryimage"},"thumbnailUrl":"https:\/\/static.africa-press.net\/cameroun\/sites\/57\/2024\/02\/sm_1706896127.729234.jpg","keywords":["Africa Press","Africa Press-Cameroun","Cameroun"],"articleSection":["\u00c9conomie","Toutes les actualit\u00e9s"],"inLanguage":"fr-FR","potentialAction":[{"@type":"CommentAction","name":"Comment","target":["https:\/\/www.africa-press.net\/cameroun\/economie\/salon-international-de-lartisanat-2024-le-cameroun-invite-lexpertise-tunisienne#respond"]}]},{"@type":"WebPage","@id":"https:\/\/www.africa-press.net\/cameroun\/economie\/salon-international-de-lartisanat-2024-le-cameroun-invite-lexpertise-tunisienne","url":"https:\/\/www.africa-press.net\/cameroun\/economie\/salon-international-de-lartisanat-2024-le-cameroun-invite-lexpertise-tunisienne","name":"Salon International de L\u2019Artisanat 2024 : le Cameroun Invite L\u2019Expertise Tunisienne - Cameroun","isPartOf":{"@id":"https:\/\/www.africa-press.net\/cameroun\/#website"},"primaryImageOfPage":{"@id":"https:\/\/www.africa-press.net\/cameroun\/economie\/salon-international-de-lartisanat-2024-le-cameroun-invite-lexpertise-tunisienne#primaryimage"},"image":{"@id":"https:\/\/www.africa-press.net\/cameroun\/economie\/salon-international-de-lartisanat-2024-le-cameroun-invite-lexpertise-tunisienne#primaryimage"},"thumbnailUrl":"https:\/\/static.africa-press.net\/cameroun\/sites\/57\/2024\/02\/sm_1706896127.729234.jpg","datePublished":"2024-02-02T21:05:47+00:00","dateModified":"2024-02-02T21:21:21+00:00","author":{"@id":"https:\/\/www.africa-press.net\/cameroun\/#\/schema\/person\/2b1cf3cd81a31e3cd26889ca66d677f1"},"description":"L\u2019information ressort de l\u2019audience accorde\u0301e le 1er fe\u0301vrier 2024 par Achille Bassilekin III a\u0300 S.E Karim Ben Becher ...","breadcrumb":{"@id":"https:\/\/www.africa-press.net\/cameroun\/economie\/salon-international-de-lartisanat-2024-le-cameroun-invite-lexpertise-tunisienne#breadcrumb"},"inLanguage":"fr-FR","potentialAction":[{"@type":"ReadAction","target":["https:\/\/www.africa-press.net\/cameroun\/economie\/salon-international-de-lartisanat-2024-le-cameroun-invite-lexpertise-tunisienne"]}]},{"@type":"ImageObject","inLanguage":"fr-FR","@id":"https:\/\/www.africa-press.net\/cameroun\/economie\/salon-international-de-lartisanat-2024-le-cameroun-invite-lexpertise-tunisienne#primaryimage","url":"https:\/\/static.africa-press.net\/cameroun\/sites\/57\/2024\/02\/sm_1706896127.729234.jpg","contentUrl":"https:\/\/static.africa-press.net\/cameroun\/sites\/57\/2024\/02\/sm_1706896127.729234.jpg","width":780,"height":440,"caption":"Salon International de L\u2019Artisanat 2024 : le Cameroun Invite L\u2019Expertise Tunisienne"},{"@type":"BreadcrumbList","@id":"https:\/\/www.africa-press.net\/cameroun\/economie\/salon-international-de-lartisanat-2024-le-cameroun-invite-lexpertise-tunisienne#breadcrumb","itemListElement":[{"@type":"ListItem","position":1,"name":"Accueil","item":"https:\/\/www.africa-press.net\/cameroun\/"},{"@type":"ListItem","position":2,"name":"Salon International de L\u2019Artisanat 2024 : le Cameroun Invite L\u2019Expertise Tunisienne"}]},{"@type":"WebSite","@id":"https:\/\/www.africa-press.net\/cameroun\/#website","url":"https:\/\/www.africa-press.net\/cameroun\/","name":"Cameroun","description":"Just another Africa News Agency Sites site","potentialAction":[{"@type":"SearchAction","target":{"@type":"EntryPoint","urlTemplate":"https:\/\/www.africa-press.net\/cameroun\/?s={search_term_string}"},"query-input":{"@type":"PropertyValueSpecification","valueRequired":true,"valueName":"search_term_string"}}],"inLanguage":"fr-FR"},{"@type":"Person","@id":"https:\/\/www.africa-press.net\/cameroun\/#\/schema\/person\/2b1cf3cd81a31e3cd26889ca66d677f1","name":"cfeditorfr"}]}},"_links":{"self":[{"href":"https:\/\/www.africa-press.net\/cameroun\/wp-json\/wp\/v2\/posts\/61069","targetHints":{"allow":["GET"]}}],"collection":[{"href":"https:\/\/www.africa-press.net\/cameroun\/wp-json\/wp\/v2\/posts"}],"about":[{"href":"https:\/\/www.africa-press.net\/cameroun\/wp-json\/wp\/v2\/types\/post"}],"author":[{"embeddable":true,"href":"https:\/\/www.africa-press.net\/cameroun\/wp-json\/wp\/v2\/users\/82"}],"replies":[{"embeddable":true,"href":"https:\/\/www.africa-press.net\/cameroun\/wp-json\/wp\/v2\/comments?post=61069"}],"version-history":[{"count":0,"href":"https:\/\/www.africa-press.net\/cameroun\/wp-json\/wp\/v2\/posts\/61069\/revisions"}],"wp:featuredmedia":[{"embeddable":true,"href":"https:\/\/www.africa-press.net\/cameroun\/wp-json\/wp\/v2\/media\/61067"}],"wp:attachment":[{"href":"https:\/\/www.africa-press.net\/cameroun\/wp-json\/wp\/v2\/media?parent=61069"}],"wp:term":[{"taxonomy":"category","embeddable":true,"href":"https:\/\/www.africa-press.net\/cameroun\/wp-json\/wp\/v2\/categories?post=61069"},{"taxonomy":"post_tag","embeddable":true,"href":"https:\/\/www.africa-press.net\/cameroun\/wp-json\/wp\/v2\/tags?post=61069"}],"curies":[{"name":"wp","href":"https:\/\/api.w.org\/{rel}","templated":true}]}}