{"id":61077,"date":"2024-02-02T21:06:13","date_gmt":"2024-02-02T21:06:13","guid":{"rendered":"https:\/\/www.africa-press.net\/cameroun\/politique\/des-chargeurs-barrent-la-route-a-lentree-nord-de-yaounde"},"modified":"2024-02-02T21:23:17","modified_gmt":"2024-02-02T21:23:17","slug":"des-chargeurs-barrent-la-route-a-lentree-nord-de-yaounde","status":"publish","type":"post","link":"https:\/\/www.africa-press.net\/cameroun\/economie\/des-chargeurs-barrent-la-route-a-lentree-nord-de-yaounde","title":{"rendered":"Des Chargeurs Barrent la Route A\u0300 L\u2019entre\u0301e Nord de Yaounde\u0301"},"content":{"rendered":"<p><span style=\"color: #ff6600\"><strong>Africa-Press &#8211; Cameroun. <\/strong><\/span><b>Des chargeurs ont e\u0301rige\u0301 des barricades sur la route reliant la capitale aux villes de d\u2019Obala, Bafia ou encore Bafoussam ce 1er fe\u0301vrier 2024.<\/b><\/p>\n<p>La cole\u0300re des chargeurs de ve\u0301hicules faisant le transport routier des passagers entre Yaounde\u0301 et d\u2019autres villes de la re\u0301gion du Centre et de l\u2019Ouest ont observe\u0301 un mouvement d\u2019humeur ce jour. Selon des te\u0301moins ayant ve\u0301cu la sce\u0300ne, tout serait parti d\u2019une altercation entre ces chargeurs et des agents de la police municipale.<\/p>\n<p>Ces derniers ont effectue\u0301 une descente a\u0300 Olembe\u0301 pour contraindre les tenanciers des commerces de fortune a\u0300 quitter les lieux. Usant de leur autorite\u0301, ils ont voulu faire libe\u0301rer les espaces non de\u0301die\u0301s a\u0300 ce genre d\u2019activite\u0301s.<\/p>\n<p>Mais ils n\u2019ont pas re\u0301ussi a\u0300 se faire entendre et obe\u0301ir. S\u2019en est suivie une altercation et les personnes en cole\u0300re ont barre\u0301 la route. Entre le quartier Olembe et le quartier Nkozoa, ils ont paralyse\u0301 la circulation en barrant la route. L\u2019intervention des autorite\u0301s administratives et municipales aura e\u0301te\u0301 ne\u0301cessaire pour calmer la tension.<\/p>\n<p>Il convient ne\u0301anmoins de relever que les autorite\u0301s ont ame\u0301nage\u0301 la gare routie\u0300re d\u2019Olembe pour libe\u0301rer les emprises au niveau des quartiers Emana et Olembe\u0301 occupe\u0301 alors par des chargeurs. Elles ont contraint ces derniers a\u0300 occuper cette gare malgre\u0301 le cou\u0302t e\u0301leve\u0301 de la location. Cette exigence est aussi impose\u0301e aux personnes qui exercent de petits commerces autour de l\u2019activite\u0301 de transport. Mais nombreux ne s\u2019y conforment pas, se plaignant des prix e\u0301leve\u0301s.<\/p>\n<p><strong>Pour plus d&rsquo;informations et d&rsquo;analyses sur la <a href=\"https:\/\/www.africa-press.net\/cameroun\">Cameroun<\/a>, suivez <a href=\"https:\/\/www.africa-press.net\/\">Africa-Press<\/a><\/strong><\/p>\n","protected":false},"excerpt":{"rendered":"<p>Africa-Press &#8211; Cameroun. Des chargeurs ont e\u0301rige\u0301 des barricades sur la route reliant la capitale aux villes de d\u2019Obala, Bafia ou encore Bafoussam ce 1er fe\u0301vrier 2024. La cole\u0300re des chargeurs de ve\u0301hicules faisant le transport routier des passagers entre Yaounde\u0301 et d\u2019autres villes de la re\u0301gion du Centre et de l\u2019Ouest ont observe\u0301 un [&hellip;]<\/p>\n","protected":false},"author":82,"featured_media":61076,"comment_status":"open","ping_status":"closed","sticky":false,"template":"","format":"standard","meta":{"footnotes":""},"categories":[3,10],"tags":[36,50,49],"class_list":["post-61077","post","type-post","status-publish","format-standard","has-post-thumbnail","hentry","category-economie","category-toutes-les-actualites","tag-africa-press","tag-africa-press-cameroun","tag-cameroun"],"yoast_head":"<!-- This site is optimized with the Yoast SEO Premium plugin v26.1 (Yoast SEO v27.0) - https:\/\/yoast.com\/product\/yoast-seo-premium-wordpress\/ -->\n<title>Des Chargeurs Barrent la Route A\u0300 L\u2019entre\u0301e Nord de Yaounde\u0301 - Cameroun<\/title>\n<meta name=\"description\" content=\"Des chargeurs ont e\u0301rige\u0301 des barricades sur la route reliant la capitale aux villes de d\u2019Obala, Bafia ou encore Bafo ...\" \/>\n<meta name=\"robots\" content=\"index, follow, max-snippet:-1, max-image-preview:large, max-video-preview:-1\" \/>\n<link rel=\"canonical\" href=\"https:\/\/www.africa-press.net\/cameroun\/economie\/des-chargeurs-barrent-la-route-a-lentree-nord-de-yaounde\" \/>\n<meta property=\"og:locale\" content=\"fr_FR\" \/>\n<meta property=\"og:type\" content=\"article\" \/>\n<meta property=\"og:title\" content=\"Des Chargeurs Barrent la Route A\u0300 L\u2019entre\u0301e Nord de Yaounde\u0301\" \/>\n<meta property=\"og:description\" content=\"Des chargeurs ont e\u0301rige\u0301 des barricades sur la route reliant la capitale aux villes de d\u2019Obala, Bafia ou encore Bafo ...\" \/>\n<meta property=\"og:url\" content=\"https:\/\/www.africa-press.net\/cameroun\/economie\/des-chargeurs-barrent-la-route-a-lentree-nord-de-yaounde\" \/>\n<meta property=\"og:site_name\" content=\"Cameroun\" \/>\n<meta property=\"article:published_time\" content=\"2024-02-02T21:06:13+00:00\" \/>\n<meta property=\"article:modified_time\" content=\"2024-02-02T21:23:17+00:00\" \/>\n<meta property=\"og:image\" content=\"https:\/\/static.africa-press.net\/cameroun\/sites\/57\/2024\/02\/sm_1706896262.839284.jpg\" \/>\n\t<meta property=\"og:image:width\" content=\"780\" \/>\n\t<meta property=\"og:image:height\" content=\"440\" \/>\n\t<meta property=\"og:image:type\" content=\"image\/jpeg\" \/>\n<meta name=\"author\" content=\"cfeditorfr\" \/>\n<meta name=\"twitter:card\" content=\"summary_large_image\" \/>\n<meta name=\"twitter:label1\" content=\"\u00c9crit par\" \/>\n\t<meta name=\"twitter:data1\" content=\"cfeditorfr\" \/>\n\t<meta name=\"twitter:label2\" content=\"Dur\u00e9e de lecture estim\u00e9e\" \/>\n\t<meta name=\"twitter:data2\" content=\"1 minute\" \/>\n<script type=\"application\/ld+json\" class=\"yoast-schema-graph\">{\"@context\":\"https:\/\/schema.org\",\"@graph\":[{\"@type\":\"Article\",\"@id\":\"https:\/\/www.africa-press.net\/cameroun\/economie\/des-chargeurs-barrent-la-route-a-lentree-nord-de-yaounde#article\",\"isPartOf\":{\"@id\":\"https:\/\/www.africa-press.net\/cameroun\/economie\/des-chargeurs-barrent-la-route-a-lentree-nord-de-yaounde\"},\"author\":{\"name\":\"cfeditorfr\",\"@id\":\"https:\/\/www.africa-press.net\/cameroun\/#\/schema\/person\/2b1cf3cd81a31e3cd26889ca66d677f1\"},\"headline\":\"Des Chargeurs Barrent la Route A\u0300 L\u2019entre\u0301e Nord de Yaounde\u0301\",\"datePublished\":\"2024-02-02T21:06:13+00:00\",\"dateModified\":\"2024-02-02T21:23:17+00:00\",\"mainEntityOfPage\":{\"@id\":\"https:\/\/www.africa-press.net\/cameroun\/economie\/des-chargeurs-barrent-la-route-a-lentree-nord-de-yaounde\"},\"wordCount\":310,\"commentCount\":0,\"image\":{\"@id\":\"https:\/\/www.africa-press.net\/cameroun\/economie\/des-chargeurs-barrent-la-route-a-lentree-nord-de-yaounde#primaryimage\"},\"thumbnailUrl\":\"https:\/\/static.africa-press.net\/cameroun\/sites\/57\/2024\/02\/sm_1706896262.839284.jpg\",\"keywords\":[\"Africa Press\",\"Africa Press-Cameroun\",\"Cameroun\"],\"articleSection\":[\"\u00c9conomie\",\"Toutes les actualit\u00e9s\"],\"inLanguage\":\"fr-FR\",\"potentialAction\":[{\"@type\":\"CommentAction\",\"name\":\"Comment\",\"target\":[\"https:\/\/www.africa-press.net\/cameroun\/economie\/des-chargeurs-barrent-la-route-a-lentree-nord-de-yaounde#respond\"]}]},{\"@type\":\"WebPage\",\"@id\":\"https:\/\/www.africa-press.net\/cameroun\/economie\/des-chargeurs-barrent-la-route-a-lentree-nord-de-yaounde\",\"url\":\"https:\/\/www.africa-press.net\/cameroun\/economie\/des-chargeurs-barrent-la-route-a-lentree-nord-de-yaounde\",\"name\":\"Des Chargeurs Barrent la Route A\u0300 L\u2019entre\u0301e Nord de Yaounde\u0301 - Cameroun\",\"isPartOf\":{\"@id\":\"https:\/\/www.africa-press.net\/cameroun\/#website\"},\"primaryImageOfPage\":{\"@id\":\"https:\/\/www.africa-press.net\/cameroun\/economie\/des-chargeurs-barrent-la-route-a-lentree-nord-de-yaounde#primaryimage\"},\"image\":{\"@id\":\"https:\/\/www.africa-press.net\/cameroun\/economie\/des-chargeurs-barrent-la-route-a-lentree-nord-de-yaounde#primaryimage\"},\"thumbnailUrl\":\"https:\/\/static.africa-press.net\/cameroun\/sites\/57\/2024\/02\/sm_1706896262.839284.jpg\",\"datePublished\":\"2024-02-02T21:06:13+00:00\",\"dateModified\":\"2024-02-02T21:23:17+00:00\",\"author\":{\"@id\":\"https:\/\/www.africa-press.net\/cameroun\/#\/schema\/person\/2b1cf3cd81a31e3cd26889ca66d677f1\"},\"description\":\"Des chargeurs ont e\u0301rige\u0301 des barricades sur la route reliant la capitale aux villes de d\u2019Obala, Bafia ou encore Bafo ...\",\"breadcrumb\":{\"@id\":\"https:\/\/www.africa-press.net\/cameroun\/economie\/des-chargeurs-barrent-la-route-a-lentree-nord-de-yaounde#breadcrumb\"},\"inLanguage\":\"fr-FR\",\"potentialAction\":[{\"@type\":\"ReadAction\",\"target\":[\"https:\/\/www.africa-press.net\/cameroun\/economie\/des-chargeurs-barrent-la-route-a-lentree-nord-de-yaounde\"]}]},{\"@type\":\"ImageObject\",\"inLanguage\":\"fr-FR\",\"@id\":\"https:\/\/www.africa-press.net\/cameroun\/economie\/des-chargeurs-barrent-la-route-a-lentree-nord-de-yaounde#primaryimage\",\"url\":\"https:\/\/static.africa-press.net\/cameroun\/sites\/57\/2024\/02\/sm_1706896262.839284.jpg\",\"contentUrl\":\"https:\/\/static.africa-press.net\/cameroun\/sites\/57\/2024\/02\/sm_1706896262.839284.jpg\",\"width\":780,\"height\":440,\"caption\":\"Des Chargeurs Barrent la Route A\u0300 L\u2019entre\u0301e Nord de Yaounde\u0301\"},{\"@type\":\"BreadcrumbList\",\"@id\":\"https:\/\/www.africa-press.net\/cameroun\/economie\/des-chargeurs-barrent-la-route-a-lentree-nord-de-yaounde#breadcrumb\",\"itemListElement\":[{\"@type\":\"ListItem\",\"position\":1,\"name\":\"Accueil\",\"item\":\"https:\/\/www.africa-press.net\/cameroun\/\"},{\"@type\":\"ListItem\",\"position\":2,\"name\":\"Des Chargeurs Barrent la Route A\u0300 L\u2019entre\u0301e Nord de Yaounde\u0301\"}]},{\"@type\":\"WebSite\",\"@id\":\"https:\/\/www.africa-press.net\/cameroun\/#website\",\"url\":\"https:\/\/www.africa-press.net\/cameroun\/\",\"name\":\"Cameroun\",\"description\":\"Just another Africa News Agency Sites site\",\"potentialAction\":[{\"@type\":\"SearchAction\",\"target\":{\"@type\":\"EntryPoint\",\"urlTemplate\":\"https:\/\/www.africa-press.net\/cameroun\/?s={search_term_string}\"},\"query-input\":{\"@type\":\"PropertyValueSpecification\",\"valueRequired\":true,\"valueName\":\"search_term_string\"}}],\"inLanguage\":\"fr-FR\"},{\"@type\":\"Person\",\"@id\":\"https:\/\/www.africa-press.net\/cameroun\/#\/schema\/person\/2b1cf3cd81a31e3cd26889ca66d677f1\",\"name\":\"cfeditorfr\"}]}<\/script>\n<!-- \/ Yoast SEO Premium plugin. -->","yoast_head_json":{"title":"Des Chargeurs Barrent la Route A\u0300 L\u2019entre\u0301e Nord de Yaounde\u0301 - Cameroun","description":"Des chargeurs ont e\u0301rige\u0301 des barricades sur la route reliant la capitale aux villes de d\u2019Obala, Bafia ou encore Bafo ...","robots":{"index":"index","follow":"follow","max-snippet":"max-snippet:-1","max-image-preview":"max-image-preview:large","max-video-preview":"max-video-preview:-1"},"canonical":"https:\/\/www.africa-press.net\/cameroun\/economie\/des-chargeurs-barrent-la-route-a-lentree-nord-de-yaounde","og_locale":"fr_FR","og_type":"article","og_title":"Des Chargeurs Barrent la Route A\u0300 L\u2019entre\u0301e Nord de Yaounde\u0301","og_description":"Des chargeurs ont e\u0301rige\u0301 des barricades sur la route reliant la capitale aux villes de d\u2019Obala, Bafia ou encore Bafo ...","og_url":"https:\/\/www.africa-press.net\/cameroun\/economie\/des-chargeurs-barrent-la-route-a-lentree-nord-de-yaounde","og_site_name":"Cameroun","article_published_time":"2024-02-02T21:06:13+00:00","article_modified_time":"2024-02-02T21:23:17+00:00","og_image":[{"width":780,"height":440,"url":"https:\/\/static.africa-press.net\/cameroun\/sites\/57\/2024\/02\/sm_1706896262.839284.jpg","type":"image\/jpeg"}],"author":"cfeditorfr","twitter_card":"summary_large_image","twitter_misc":{"\u00c9crit par":"cfeditorfr","Dur\u00e9e de lecture estim\u00e9e":"1 minute"},"schema":{"@context":"https:\/\/schema.org","@graph":[{"@type":"Article","@id":"https:\/\/www.africa-press.net\/cameroun\/economie\/des-chargeurs-barrent-la-route-a-lentree-nord-de-yaounde#article","isPartOf":{"@id":"https:\/\/www.africa-press.net\/cameroun\/economie\/des-chargeurs-barrent-la-route-a-lentree-nord-de-yaounde"},"author":{"name":"cfeditorfr","@id":"https:\/\/www.africa-press.net\/cameroun\/#\/schema\/person\/2b1cf3cd81a31e3cd26889ca66d677f1"},"headline":"Des Chargeurs Barrent la Route A\u0300 L\u2019entre\u0301e Nord de Yaounde\u0301","datePublished":"2024-02-02T21:06:13+00:00","dateModified":"2024-02-02T21:23:17+00:00","mainEntityOfPage":{"@id":"https:\/\/www.africa-press.net\/cameroun\/economie\/des-chargeurs-barrent-la-route-a-lentree-nord-de-yaounde"},"wordCount":310,"commentCount":0,"image":{"@id":"https:\/\/www.africa-press.net\/cameroun\/economie\/des-chargeurs-barrent-la-route-a-lentree-nord-de-yaounde#primaryimage"},"thumbnailUrl":"https:\/\/static.africa-press.net\/cameroun\/sites\/57\/2024\/02\/sm_1706896262.839284.jpg","keywords":["Africa Press","Africa Press-Cameroun","Cameroun"],"articleSection":["\u00c9conomie","Toutes les actualit\u00e9s"],"inLanguage":"fr-FR","potentialAction":[{"@type":"CommentAction","name":"Comment","target":["https:\/\/www.africa-press.net\/cameroun\/economie\/des-chargeurs-barrent-la-route-a-lentree-nord-de-yaounde#respond"]}]},{"@type":"WebPage","@id":"https:\/\/www.africa-press.net\/cameroun\/economie\/des-chargeurs-barrent-la-route-a-lentree-nord-de-yaounde","url":"https:\/\/www.africa-press.net\/cameroun\/economie\/des-chargeurs-barrent-la-route-a-lentree-nord-de-yaounde","name":"Des Chargeurs Barrent la Route A\u0300 L\u2019entre\u0301e Nord de Yaounde\u0301 - Cameroun","isPartOf":{"@id":"https:\/\/www.africa-press.net\/cameroun\/#website"},"primaryImageOfPage":{"@id":"https:\/\/www.africa-press.net\/cameroun\/economie\/des-chargeurs-barrent-la-route-a-lentree-nord-de-yaounde#primaryimage"},"image":{"@id":"https:\/\/www.africa-press.net\/cameroun\/economie\/des-chargeurs-barrent-la-route-a-lentree-nord-de-yaounde#primaryimage"},"thumbnailUrl":"https:\/\/static.africa-press.net\/cameroun\/sites\/57\/2024\/02\/sm_1706896262.839284.jpg","datePublished":"2024-02-02T21:06:13+00:00","dateModified":"2024-02-02T21:23:17+00:00","author":{"@id":"https:\/\/www.africa-press.net\/cameroun\/#\/schema\/person\/2b1cf3cd81a31e3cd26889ca66d677f1"},"description":"Des chargeurs ont e\u0301rige\u0301 des barricades sur la route reliant la capitale aux villes de d\u2019Obala, Bafia ou encore Bafo ...","breadcrumb":{"@id":"https:\/\/www.africa-press.net\/cameroun\/economie\/des-chargeurs-barrent-la-route-a-lentree-nord-de-yaounde#breadcrumb"},"inLanguage":"fr-FR","potentialAction":[{"@type":"ReadAction","target":["https:\/\/www.africa-press.net\/cameroun\/economie\/des-chargeurs-barrent-la-route-a-lentree-nord-de-yaounde"]}]},{"@type":"ImageObject","inLanguage":"fr-FR","@id":"https:\/\/www.africa-press.net\/cameroun\/economie\/des-chargeurs-barrent-la-route-a-lentree-nord-de-yaounde#primaryimage","url":"https:\/\/static.africa-press.net\/cameroun\/sites\/57\/2024\/02\/sm_1706896262.839284.jpg","contentUrl":"https:\/\/static.africa-press.net\/cameroun\/sites\/57\/2024\/02\/sm_1706896262.839284.jpg","width":780,"height":440,"caption":"Des Chargeurs Barrent la Route A\u0300 L\u2019entre\u0301e Nord de Yaounde\u0301"},{"@type":"BreadcrumbList","@id":"https:\/\/www.africa-press.net\/cameroun\/economie\/des-chargeurs-barrent-la-route-a-lentree-nord-de-yaounde#breadcrumb","itemListElement":[{"@type":"ListItem","position":1,"name":"Accueil","item":"https:\/\/www.africa-press.net\/cameroun\/"},{"@type":"ListItem","position":2,"name":"Des Chargeurs Barrent la Route A\u0300 L\u2019entre\u0301e Nord de Yaounde\u0301"}]},{"@type":"WebSite","@id":"https:\/\/www.africa-press.net\/cameroun\/#website","url":"https:\/\/www.africa-press.net\/cameroun\/","name":"Cameroun","description":"Just another Africa News Agency Sites site","potentialAction":[{"@type":"SearchAction","target":{"@type":"EntryPoint","urlTemplate":"https:\/\/www.africa-press.net\/cameroun\/?s={search_term_string}"},"query-input":{"@type":"PropertyValueSpecification","valueRequired":true,"valueName":"search_term_string"}}],"inLanguage":"fr-FR"},{"@type":"Person","@id":"https:\/\/www.africa-press.net\/cameroun\/#\/schema\/person\/2b1cf3cd81a31e3cd26889ca66d677f1","name":"cfeditorfr"}]}},"_links":{"self":[{"href":"https:\/\/www.africa-press.net\/cameroun\/wp-json\/wp\/v2\/posts\/61077","targetHints":{"allow":["GET"]}}],"collection":[{"href":"https:\/\/www.africa-press.net\/cameroun\/wp-json\/wp\/v2\/posts"}],"about":[{"href":"https:\/\/www.africa-press.net\/cameroun\/wp-json\/wp\/v2\/types\/post"}],"author":[{"embeddable":true,"href":"https:\/\/www.africa-press.net\/cameroun\/wp-json\/wp\/v2\/users\/82"}],"replies":[{"embeddable":true,"href":"https:\/\/www.africa-press.net\/cameroun\/wp-json\/wp\/v2\/comments?post=61077"}],"version-history":[{"count":0,"href":"https:\/\/www.africa-press.net\/cameroun\/wp-json\/wp\/v2\/posts\/61077\/revisions"}],"wp:featuredmedia":[{"embeddable":true,"href":"https:\/\/www.africa-press.net\/cameroun\/wp-json\/wp\/v2\/media\/61076"}],"wp:attachment":[{"href":"https:\/\/www.africa-press.net\/cameroun\/wp-json\/wp\/v2\/media?parent=61077"}],"wp:term":[{"taxonomy":"category","embeddable":true,"href":"https:\/\/www.africa-press.net\/cameroun\/wp-json\/wp\/v2\/categories?post=61077"},{"taxonomy":"post_tag","embeddable":true,"href":"https:\/\/www.africa-press.net\/cameroun\/wp-json\/wp\/v2\/tags?post=61077"}],"curies":[{"name":"wp","href":"https:\/\/api.w.org\/{rel}","templated":true}]}}