{"id":61086,"date":"2024-02-02T21:06:36","date_gmt":"2024-02-02T21:06:36","guid":{"rendered":"https:\/\/www.africa-press.net\/cameroun\/politique\/cooperation-economique-litalie-annonce-un-plan-de-6-milliards-de-dollars-pour-renforcer-son-partenariat-avec-lafrique"},"modified":"2024-02-02T21:26:05","modified_gmt":"2024-02-02T21:26:05","slug":"cooperation-economique-litalie-annonce-un-plan-de-6-milliards-de-dollars-pour-renforcer-son-partenariat-avec-lafrique","status":"publish","type":"post","link":"https:\/\/www.africa-press.net\/cameroun\/economie\/cooperation-economique-litalie-annonce-un-plan-de-6-milliards-de-dollars-pour-renforcer-son-partenariat-avec-lafrique","title":{"rendered":"Coop\u00e9ration \u00c9conomique : L\u2019Italie Annonce un Plan de 6 Milliards de Dollars pour Renforcer Son Partenariat avec L\u2019Afrique"},"content":{"rendered":"<p><span style=\"color: #ff6600\"><strong>Africa-Press &#8211; Cameroun. <\/strong><\/span><b>L\u2019annonce a e\u0301te\u0301 faite au Sommet Italie-Afrique a\u0300 Rome en pre\u0301sence de 25 dirigeants africains et responsables de l\u2019Union europe\u0301enne.<\/b><\/p>\n<p>Le gouvernement italien a de\u0301voile\u0301 lundi a\u0300 Rome un plan de pre\u0300s de 6 milliards de dollars ame\u0301ricains pour soutenir le de\u0301veloppement de l\u2019Afrique, lors d\u2019un sommet Italie-Afrique. Le pre\u0301sident du Groupe de la Banque africaine de de\u0301veloppement, Akinwumi Adesina (www.AfDB.org), s\u2019est joint a\u0300 25 dirigeants africains et responsables de l\u2019Union europe\u0301enne lors du sommet.<\/p>\n<p>Ce sommet, qui s\u2019est tenu alors que l\u2019Italie assume la pre\u0301sidence du G7 a\u0300 partir de ce mois-ci et qui pre\u0301ce\u0300de de quelques semaines le 37e sommet ordinaire de l\u2019Union africaine a\u0300 Addis-Abeba, a e\u0301te\u0301 l\u2019occasion pour la Premie\u0300re ministre italienne Georgia Meloni de lancer un appel en faveur d\u2019un nouveau partenariat italien avec l\u2019Afrique.<\/p>\n<p>\u00ab Nous pensons qu\u2019il est possible d\u2019envisager et d\u2019e\u0301crire un nouveau chapitre dans l\u2019histoire de nos relations, une coope\u0301ration entre e\u0301gaux, loin de toute imposition pre\u0301datrice ou position charitable a\u0300 l\u2019e\u0301gard de l\u2019Afrique, a de\u0301clare\u0301 Mme Meloni. L\u2019Italie est naturellement encline a\u0300 e\u0302tre un pont entre l\u2019Afrique et l\u2019Europe. Le monde ne peut pas penser a\u0300 l\u2019avenir sans penser a\u0300 l\u2019Afrique \u00bb.<\/p>\n<p>La dirigeante italienne a annonce\u0301 diverses initiatives destine\u0301es a\u0300 renforcer les liens e\u0301conomiques et a\u0300 cre\u0301er un po\u0302le e\u0301nerge\u0301tique pour l\u2019Europe, tout en freinant l\u2019e\u0301migration africaine vers l\u2019Europe. Ces initiatives comprennent un engagement initial de 5,5 milliards d\u2019euros (5,95 milliards de dollars), garanties comprises.<\/p>\n<p>Les dirigeants africains qui ont pris la parole lors du sommet e\u0301taient le pre\u0301sident en exercice de l\u2019Union africaine et pre\u0301sident des Comores, Azali Assoumani, le pre\u0301sident du Se\u0301ne\u0301gal, Macky Sall, le pre\u0301sident du Ghana, Nana Akufo-Addo, le pre\u0301sident du Kenya, William Ruto, le pre\u0301sident de la Re\u0301publique du Congo, Denis Sassou-Nguesso, et le pre\u0301sident de la Somalie, Hassan Sheikh Mohamud. Les autres chefs d\u2019E\u0301tat et de gouvernement e\u0301taient le pre\u0301sident Emmerson Mnangagwa du Zimbabwe, le pre\u0301sident Kais Saied de Tunisie, le pre\u0301sident Filipe Nyusi du Mozambique, le pre\u0301sident Isaias Afwerki de l\u2019E\u0301rythre\u0301e, le Premier ministre Abiy Ahmed d\u2019E\u0301thiopie et le Premier ministre Ulisses Correa e Silva du Cabo Verde.<\/p>\n<p>Parmi les autres personnalite\u0301s pre\u0301sentes figuraient la secre\u0301taire ge\u0301ne\u0301rale adjointe des Nations unies, Amina Mohammed, la directrice ge\u0301ne\u0301rale du Fonds mone\u0301taire international, Kristalina Georgieva et le pre\u0301sident du Conseil europe\u0301en, Charles Michel.<\/p>\n<p><strong>Pour plus d&rsquo;informations et d&rsquo;analyses sur la <a href=\"https:\/\/www.africa-press.net\/cameroun\">Cameroun<\/a>, suivez <a href=\"https:\/\/www.africa-press.net\/\">Africa-Press<\/a><\/strong><\/p>\n","protected":false},"excerpt":{"rendered":"<p>Africa-Press &#8211; Cameroun. L\u2019annonce a e\u0301te\u0301 faite au Sommet Italie-Afrique a\u0300 Rome en pre\u0301sence de 25 dirigeants africains et responsables de l\u2019Union europe\u0301enne. Le gouvernement italien a de\u0301voile\u0301 lundi a\u0300 Rome un plan de pre\u0300s de 6 milliards de dollars ame\u0301ricains pour soutenir le de\u0301veloppement de l\u2019Afrique, lors d\u2019un sommet Italie-Afrique. Le pre\u0301sident du Groupe [&hellip;]<\/p>\n","protected":false},"author":82,"featured_media":61084,"comment_status":"open","ping_status":"closed","sticky":false,"template":"","format":"standard","meta":{"footnotes":""},"categories":[3,10],"tags":[36,50,49],"class_list":["post-61086","post","type-post","status-publish","format-standard","has-post-thumbnail","hentry","category-economie","category-toutes-les-actualites","tag-africa-press","tag-africa-press-cameroun","tag-cameroun"],"yoast_head":"<!-- This site is optimized with the Yoast SEO Premium plugin v26.1 (Yoast SEO v27.0) - https:\/\/yoast.com\/product\/yoast-seo-premium-wordpress\/ -->\n<title>Coop\u00e9ration \u00c9conomique : L\u2019Italie Annonce un Plan de 6 Milliards de Dollars pour Renforcer Son Partenariat avec L\u2019Afrique - Cameroun<\/title>\n<meta name=\"description\" content=\"L\u2019annonce a e\u0301te\u0301 faite au Sommet Italie-Afrique a\u0300 Rome en pre\u0301sence de 25 dirigeants africains et responsables de l ...\" \/>\n<meta name=\"robots\" content=\"index, follow, max-snippet:-1, max-image-preview:large, max-video-preview:-1\" \/>\n<link rel=\"canonical\" href=\"https:\/\/www.africa-press.net\/cameroun\/economie\/cooperation-economique-litalie-annonce-un-plan-de-6-milliards-de-dollars-pour-renforcer-son-partenariat-avec-lafrique\" \/>\n<meta property=\"og:locale\" content=\"fr_FR\" \/>\n<meta property=\"og:type\" content=\"article\" \/>\n<meta property=\"og:title\" content=\"Coop\u00e9ration \u00c9conomique : L\u2019Italie Annonce un Plan de 6 Milliards de Dollars pour Renforcer Son Partenariat avec L\u2019Afrique\" \/>\n<meta property=\"og:description\" content=\"L\u2019annonce a e\u0301te\u0301 faite au Sommet Italie-Afrique a\u0300 Rome en pre\u0301sence de 25 dirigeants africains et responsables de l ...\" \/>\n<meta property=\"og:url\" content=\"https:\/\/www.africa-press.net\/cameroun\/economie\/cooperation-economique-litalie-annonce-un-plan-de-6-milliards-de-dollars-pour-renforcer-son-partenariat-avec-lafrique\" \/>\n<meta property=\"og:site_name\" content=\"Cameroun\" \/>\n<meta property=\"article:published_time\" content=\"2024-02-02T21:06:36+00:00\" \/>\n<meta property=\"article:modified_time\" content=\"2024-02-02T21:26:05+00:00\" \/>\n<meta property=\"og:image\" content=\"https:\/\/static.africa-press.net\/cameroun\/sites\/57\/2024\/02\/sm_1706896358.533561.jpg\" \/>\n\t<meta property=\"og:image:width\" content=\"780\" \/>\n\t<meta property=\"og:image:height\" content=\"440\" \/>\n\t<meta property=\"og:image:type\" content=\"image\/jpeg\" \/>\n<meta name=\"author\" content=\"cfeditorfr\" \/>\n<meta name=\"twitter:card\" content=\"summary_large_image\" \/>\n<meta name=\"twitter:label1\" content=\"\u00c9crit par\" \/>\n\t<meta name=\"twitter:data1\" content=\"cfeditorfr\" \/>\n\t<meta name=\"twitter:label2\" content=\"Dur\u00e9e de lecture estim\u00e9e\" \/>\n\t<meta name=\"twitter:data2\" content=\"2 minutes\" \/>\n<script type=\"application\/ld+json\" class=\"yoast-schema-graph\">{\"@context\":\"https:\/\/schema.org\",\"@graph\":[{\"@type\":\"Article\",\"@id\":\"https:\/\/www.africa-press.net\/cameroun\/economie\/cooperation-economique-litalie-annonce-un-plan-de-6-milliards-de-dollars-pour-renforcer-son-partenariat-avec-lafrique#article\",\"isPartOf\":{\"@id\":\"https:\/\/www.africa-press.net\/cameroun\/economie\/cooperation-economique-litalie-annonce-un-plan-de-6-milliards-de-dollars-pour-renforcer-son-partenariat-avec-lafrique\"},\"author\":{\"name\":\"cfeditorfr\",\"@id\":\"https:\/\/www.africa-press.net\/cameroun\/#\/schema\/person\/2b1cf3cd81a31e3cd26889ca66d677f1\"},\"headline\":\"Coop\u00e9ration \u00c9conomique : L\u2019Italie Annonce un Plan de 6 Milliards de Dollars pour Renforcer Son Partenariat avec L\u2019Afrique\",\"datePublished\":\"2024-02-02T21:06:36+00:00\",\"dateModified\":\"2024-02-02T21:26:05+00:00\",\"mainEntityOfPage\":{\"@id\":\"https:\/\/www.africa-press.net\/cameroun\/economie\/cooperation-economique-litalie-annonce-un-plan-de-6-milliards-de-dollars-pour-renforcer-son-partenariat-avec-lafrique\"},\"wordCount\":497,\"commentCount\":0,\"image\":{\"@id\":\"https:\/\/www.africa-press.net\/cameroun\/economie\/cooperation-economique-litalie-annonce-un-plan-de-6-milliards-de-dollars-pour-renforcer-son-partenariat-avec-lafrique#primaryimage\"},\"thumbnailUrl\":\"https:\/\/static.africa-press.net\/cameroun\/sites\/57\/2024\/02\/sm_1706896358.533561.jpg\",\"keywords\":[\"Africa Press\",\"Africa Press-Cameroun\",\"Cameroun\"],\"articleSection\":[\"\u00c9conomie\",\"Toutes les actualit\u00e9s\"],\"inLanguage\":\"fr-FR\",\"potentialAction\":[{\"@type\":\"CommentAction\",\"name\":\"Comment\",\"target\":[\"https:\/\/www.africa-press.net\/cameroun\/economie\/cooperation-economique-litalie-annonce-un-plan-de-6-milliards-de-dollars-pour-renforcer-son-partenariat-avec-lafrique#respond\"]}]},{\"@type\":\"WebPage\",\"@id\":\"https:\/\/www.africa-press.net\/cameroun\/economie\/cooperation-economique-litalie-annonce-un-plan-de-6-milliards-de-dollars-pour-renforcer-son-partenariat-avec-lafrique\",\"url\":\"https:\/\/www.africa-press.net\/cameroun\/economie\/cooperation-economique-litalie-annonce-un-plan-de-6-milliards-de-dollars-pour-renforcer-son-partenariat-avec-lafrique\",\"name\":\"Coop\u00e9ration \u00c9conomique : L\u2019Italie Annonce un Plan de 6 Milliards de Dollars pour Renforcer Son Partenariat avec L\u2019Afrique - Cameroun\",\"isPartOf\":{\"@id\":\"https:\/\/www.africa-press.net\/cameroun\/#website\"},\"primaryImageOfPage\":{\"@id\":\"https:\/\/www.africa-press.net\/cameroun\/economie\/cooperation-economique-litalie-annonce-un-plan-de-6-milliards-de-dollars-pour-renforcer-son-partenariat-avec-lafrique#primaryimage\"},\"image\":{\"@id\":\"https:\/\/www.africa-press.net\/cameroun\/economie\/cooperation-economique-litalie-annonce-un-plan-de-6-milliards-de-dollars-pour-renforcer-son-partenariat-avec-lafrique#primaryimage\"},\"thumbnailUrl\":\"https:\/\/static.africa-press.net\/cameroun\/sites\/57\/2024\/02\/sm_1706896358.533561.jpg\",\"datePublished\":\"2024-02-02T21:06:36+00:00\",\"dateModified\":\"2024-02-02T21:26:05+00:00\",\"author\":{\"@id\":\"https:\/\/www.africa-press.net\/cameroun\/#\/schema\/person\/2b1cf3cd81a31e3cd26889ca66d677f1\"},\"description\":\"L\u2019annonce a e\u0301te\u0301 faite au Sommet Italie-Afrique a\u0300 Rome en pre\u0301sence de 25 dirigeants africains et responsables de l ...\",\"breadcrumb\":{\"@id\":\"https:\/\/www.africa-press.net\/cameroun\/economie\/cooperation-economique-litalie-annonce-un-plan-de-6-milliards-de-dollars-pour-renforcer-son-partenariat-avec-lafrique#breadcrumb\"},\"inLanguage\":\"fr-FR\",\"potentialAction\":[{\"@type\":\"ReadAction\",\"target\":[\"https:\/\/www.africa-press.net\/cameroun\/economie\/cooperation-economique-litalie-annonce-un-plan-de-6-milliards-de-dollars-pour-renforcer-son-partenariat-avec-lafrique\"]}]},{\"@type\":\"ImageObject\",\"inLanguage\":\"fr-FR\",\"@id\":\"https:\/\/www.africa-press.net\/cameroun\/economie\/cooperation-economique-litalie-annonce-un-plan-de-6-milliards-de-dollars-pour-renforcer-son-partenariat-avec-lafrique#primaryimage\",\"url\":\"https:\/\/static.africa-press.net\/cameroun\/sites\/57\/2024\/02\/sm_1706896358.533561.jpg\",\"contentUrl\":\"https:\/\/static.africa-press.net\/cameroun\/sites\/57\/2024\/02\/sm_1706896358.533561.jpg\",\"width\":780,\"height\":440,\"caption\":\"Coop\u00e9ration \u00c9conomique : L\u2019Italie Annonce un Plan de 6 Milliards de Dollars pour Renforcer Son Partenariat avec L\u2019Afrique\"},{\"@type\":\"BreadcrumbList\",\"@id\":\"https:\/\/www.africa-press.net\/cameroun\/economie\/cooperation-economique-litalie-annonce-un-plan-de-6-milliards-de-dollars-pour-renforcer-son-partenariat-avec-lafrique#breadcrumb\",\"itemListElement\":[{\"@type\":\"ListItem\",\"position\":1,\"name\":\"Accueil\",\"item\":\"https:\/\/www.africa-press.net\/cameroun\/\"},{\"@type\":\"ListItem\",\"position\":2,\"name\":\"Coop\u00e9ration \u00c9conomique : L\u2019Italie Annonce un Plan de 6 Milliards de Dollars pour Renforcer Son Partenariat avec L\u2019Afrique\"}]},{\"@type\":\"WebSite\",\"@id\":\"https:\/\/www.africa-press.net\/cameroun\/#website\",\"url\":\"https:\/\/www.africa-press.net\/cameroun\/\",\"name\":\"Cameroun\",\"description\":\"Just another Africa News Agency Sites site\",\"potentialAction\":[{\"@type\":\"SearchAction\",\"target\":{\"@type\":\"EntryPoint\",\"urlTemplate\":\"https:\/\/www.africa-press.net\/cameroun\/?s={search_term_string}\"},\"query-input\":{\"@type\":\"PropertyValueSpecification\",\"valueRequired\":true,\"valueName\":\"search_term_string\"}}],\"inLanguage\":\"fr-FR\"},{\"@type\":\"Person\",\"@id\":\"https:\/\/www.africa-press.net\/cameroun\/#\/schema\/person\/2b1cf3cd81a31e3cd26889ca66d677f1\",\"name\":\"cfeditorfr\"}]}<\/script>\n<!-- \/ Yoast SEO Premium plugin. -->","yoast_head_json":{"title":"Coop\u00e9ration \u00c9conomique : L\u2019Italie Annonce un Plan de 6 Milliards de Dollars pour Renforcer Son Partenariat avec L\u2019Afrique - Cameroun","description":"L\u2019annonce a e\u0301te\u0301 faite au Sommet Italie-Afrique a\u0300 Rome en pre\u0301sence de 25 dirigeants africains et responsables de l ...","robots":{"index":"index","follow":"follow","max-snippet":"max-snippet:-1","max-image-preview":"max-image-preview:large","max-video-preview":"max-video-preview:-1"},"canonical":"https:\/\/www.africa-press.net\/cameroun\/economie\/cooperation-economique-litalie-annonce-un-plan-de-6-milliards-de-dollars-pour-renforcer-son-partenariat-avec-lafrique","og_locale":"fr_FR","og_type":"article","og_title":"Coop\u00e9ration \u00c9conomique : L\u2019Italie Annonce un Plan de 6 Milliards de Dollars pour Renforcer Son Partenariat avec L\u2019Afrique","og_description":"L\u2019annonce a e\u0301te\u0301 faite au Sommet Italie-Afrique a\u0300 Rome en pre\u0301sence de 25 dirigeants africains et responsables de l ...","og_url":"https:\/\/www.africa-press.net\/cameroun\/economie\/cooperation-economique-litalie-annonce-un-plan-de-6-milliards-de-dollars-pour-renforcer-son-partenariat-avec-lafrique","og_site_name":"Cameroun","article_published_time":"2024-02-02T21:06:36+00:00","article_modified_time":"2024-02-02T21:26:05+00:00","og_image":[{"width":780,"height":440,"url":"https:\/\/static.africa-press.net\/cameroun\/sites\/57\/2024\/02\/sm_1706896358.533561.jpg","type":"image\/jpeg"}],"author":"cfeditorfr","twitter_card":"summary_large_image","twitter_misc":{"\u00c9crit par":"cfeditorfr","Dur\u00e9e de lecture estim\u00e9e":"2 minutes"},"schema":{"@context":"https:\/\/schema.org","@graph":[{"@type":"Article","@id":"https:\/\/www.africa-press.net\/cameroun\/economie\/cooperation-economique-litalie-annonce-un-plan-de-6-milliards-de-dollars-pour-renforcer-son-partenariat-avec-lafrique#article","isPartOf":{"@id":"https:\/\/www.africa-press.net\/cameroun\/economie\/cooperation-economique-litalie-annonce-un-plan-de-6-milliards-de-dollars-pour-renforcer-son-partenariat-avec-lafrique"},"author":{"name":"cfeditorfr","@id":"https:\/\/www.africa-press.net\/cameroun\/#\/schema\/person\/2b1cf3cd81a31e3cd26889ca66d677f1"},"headline":"Coop\u00e9ration \u00c9conomique : L\u2019Italie Annonce un Plan de 6 Milliards de Dollars pour Renforcer Son Partenariat avec L\u2019Afrique","datePublished":"2024-02-02T21:06:36+00:00","dateModified":"2024-02-02T21:26:05+00:00","mainEntityOfPage":{"@id":"https:\/\/www.africa-press.net\/cameroun\/economie\/cooperation-economique-litalie-annonce-un-plan-de-6-milliards-de-dollars-pour-renforcer-son-partenariat-avec-lafrique"},"wordCount":497,"commentCount":0,"image":{"@id":"https:\/\/www.africa-press.net\/cameroun\/economie\/cooperation-economique-litalie-annonce-un-plan-de-6-milliards-de-dollars-pour-renforcer-son-partenariat-avec-lafrique#primaryimage"},"thumbnailUrl":"https:\/\/static.africa-press.net\/cameroun\/sites\/57\/2024\/02\/sm_1706896358.533561.jpg","keywords":["Africa Press","Africa Press-Cameroun","Cameroun"],"articleSection":["\u00c9conomie","Toutes les actualit\u00e9s"],"inLanguage":"fr-FR","potentialAction":[{"@type":"CommentAction","name":"Comment","target":["https:\/\/www.africa-press.net\/cameroun\/economie\/cooperation-economique-litalie-annonce-un-plan-de-6-milliards-de-dollars-pour-renforcer-son-partenariat-avec-lafrique#respond"]}]},{"@type":"WebPage","@id":"https:\/\/www.africa-press.net\/cameroun\/economie\/cooperation-economique-litalie-annonce-un-plan-de-6-milliards-de-dollars-pour-renforcer-son-partenariat-avec-lafrique","url":"https:\/\/www.africa-press.net\/cameroun\/economie\/cooperation-economique-litalie-annonce-un-plan-de-6-milliards-de-dollars-pour-renforcer-son-partenariat-avec-lafrique","name":"Coop\u00e9ration \u00c9conomique : L\u2019Italie Annonce un Plan de 6 Milliards de Dollars pour Renforcer Son Partenariat avec L\u2019Afrique - Cameroun","isPartOf":{"@id":"https:\/\/www.africa-press.net\/cameroun\/#website"},"primaryImageOfPage":{"@id":"https:\/\/www.africa-press.net\/cameroun\/economie\/cooperation-economique-litalie-annonce-un-plan-de-6-milliards-de-dollars-pour-renforcer-son-partenariat-avec-lafrique#primaryimage"},"image":{"@id":"https:\/\/www.africa-press.net\/cameroun\/economie\/cooperation-economique-litalie-annonce-un-plan-de-6-milliards-de-dollars-pour-renforcer-son-partenariat-avec-lafrique#primaryimage"},"thumbnailUrl":"https:\/\/static.africa-press.net\/cameroun\/sites\/57\/2024\/02\/sm_1706896358.533561.jpg","datePublished":"2024-02-02T21:06:36+00:00","dateModified":"2024-02-02T21:26:05+00:00","author":{"@id":"https:\/\/www.africa-press.net\/cameroun\/#\/schema\/person\/2b1cf3cd81a31e3cd26889ca66d677f1"},"description":"L\u2019annonce a e\u0301te\u0301 faite au Sommet Italie-Afrique a\u0300 Rome en pre\u0301sence de 25 dirigeants africains et responsables de l ...","breadcrumb":{"@id":"https:\/\/www.africa-press.net\/cameroun\/economie\/cooperation-economique-litalie-annonce-un-plan-de-6-milliards-de-dollars-pour-renforcer-son-partenariat-avec-lafrique#breadcrumb"},"inLanguage":"fr-FR","potentialAction":[{"@type":"ReadAction","target":["https:\/\/www.africa-press.net\/cameroun\/economie\/cooperation-economique-litalie-annonce-un-plan-de-6-milliards-de-dollars-pour-renforcer-son-partenariat-avec-lafrique"]}]},{"@type":"ImageObject","inLanguage":"fr-FR","@id":"https:\/\/www.africa-press.net\/cameroun\/economie\/cooperation-economique-litalie-annonce-un-plan-de-6-milliards-de-dollars-pour-renforcer-son-partenariat-avec-lafrique#primaryimage","url":"https:\/\/static.africa-press.net\/cameroun\/sites\/57\/2024\/02\/sm_1706896358.533561.jpg","contentUrl":"https:\/\/static.africa-press.net\/cameroun\/sites\/57\/2024\/02\/sm_1706896358.533561.jpg","width":780,"height":440,"caption":"Coop\u00e9ration \u00c9conomique : L\u2019Italie Annonce un Plan de 6 Milliards de Dollars pour Renforcer Son Partenariat avec L\u2019Afrique"},{"@type":"BreadcrumbList","@id":"https:\/\/www.africa-press.net\/cameroun\/economie\/cooperation-economique-litalie-annonce-un-plan-de-6-milliards-de-dollars-pour-renforcer-son-partenariat-avec-lafrique#breadcrumb","itemListElement":[{"@type":"ListItem","position":1,"name":"Accueil","item":"https:\/\/www.africa-press.net\/cameroun\/"},{"@type":"ListItem","position":2,"name":"Coop\u00e9ration \u00c9conomique : L\u2019Italie Annonce un Plan de 6 Milliards de Dollars pour Renforcer Son Partenariat avec L\u2019Afrique"}]},{"@type":"WebSite","@id":"https:\/\/www.africa-press.net\/cameroun\/#website","url":"https:\/\/www.africa-press.net\/cameroun\/","name":"Cameroun","description":"Just another Africa News Agency Sites site","potentialAction":[{"@type":"SearchAction","target":{"@type":"EntryPoint","urlTemplate":"https:\/\/www.africa-press.net\/cameroun\/?s={search_term_string}"},"query-input":{"@type":"PropertyValueSpecification","valueRequired":true,"valueName":"search_term_string"}}],"inLanguage":"fr-FR"},{"@type":"Person","@id":"https:\/\/www.africa-press.net\/cameroun\/#\/schema\/person\/2b1cf3cd81a31e3cd26889ca66d677f1","name":"cfeditorfr"}]}},"_links":{"self":[{"href":"https:\/\/www.africa-press.net\/cameroun\/wp-json\/wp\/v2\/posts\/61086","targetHints":{"allow":["GET"]}}],"collection":[{"href":"https:\/\/www.africa-press.net\/cameroun\/wp-json\/wp\/v2\/posts"}],"about":[{"href":"https:\/\/www.africa-press.net\/cameroun\/wp-json\/wp\/v2\/types\/post"}],"author":[{"embeddable":true,"href":"https:\/\/www.africa-press.net\/cameroun\/wp-json\/wp\/v2\/users\/82"}],"replies":[{"embeddable":true,"href":"https:\/\/www.africa-press.net\/cameroun\/wp-json\/wp\/v2\/comments?post=61086"}],"version-history":[{"count":0,"href":"https:\/\/www.africa-press.net\/cameroun\/wp-json\/wp\/v2\/posts\/61086\/revisions"}],"wp:featuredmedia":[{"embeddable":true,"href":"https:\/\/www.africa-press.net\/cameroun\/wp-json\/wp\/v2\/media\/61084"}],"wp:attachment":[{"href":"https:\/\/www.africa-press.net\/cameroun\/wp-json\/wp\/v2\/media?parent=61086"}],"wp:term":[{"taxonomy":"category","embeddable":true,"href":"https:\/\/www.africa-press.net\/cameroun\/wp-json\/wp\/v2\/categories?post=61086"},{"taxonomy":"post_tag","embeddable":true,"href":"https:\/\/www.africa-press.net\/cameroun\/wp-json\/wp\/v2\/tags?post=61086"}],"curies":[{"name":"wp","href":"https:\/\/api.w.org\/{rel}","templated":true}]}}