{"id":61124,"date":"2024-02-03T12:40:46","date_gmt":"2024-02-03T12:40:46","guid":{"rendered":"https:\/\/www.africa-press.net\/cameroun\/politique\/amenagement-des-terres-agricoles-lespagnol-incatema-decroche-un-marche-de-52-milliards-de-fcfa-au-cameroun"},"modified":"2024-02-04T13:19:54","modified_gmt":"2024-02-04T13:19:54","slug":"amenagement-des-terres-agricoles-lespagnol-incatema-decroche-un-marche-de-52-milliards-de-fcfa-au-cameroun","status":"publish","type":"post","link":"https:\/\/www.africa-press.net\/cameroun\/economie\/amenagement-des-terres-agricoles-lespagnol-incatema-decroche-un-marche-de-52-milliards-de-fcfa-au-cameroun","title":{"rendered":"Am\u00e9nagement des terres agricoles : l\u2019Espagnol Incatema d\u00e9croche un march\u00e9 de 52 milliards de FCFA au Cameroun"},"content":{"rendered":"<p><span style=\"color: #ff6600\"><strong>Africa-Press &#8211; Cameroun. <\/strong><\/span>Investir au Cameroun) &#8211; L\u2019entreprise espagnole Incatema vient de de\u0301crocher un marche\u0301 de gre\u0301 a\u0300 gre\u0301 de pre\u0300s de 52 milliards de FCFA pour la mise en \u0153uvre du projet d\u2019ame\u0301nagement de 15 280 ha de terres agricoles dans les de\u0301partements du Mbe\u0301re\u0301, de la Vina et du Faro et De\u0301o dans la re\u0301gion de l\u2019Adamaoua, a-t-on appris lors de la ce\u0301re\u0301monie de signature des conventions de financement de ce projet. En effet, le 30 janvier 2024, le ministre de l\u2019E\u0301conomie, de la Planification et de l\u2019Ame\u0301nagement du territoire (Minepat), Alamine Ousmane Mey, et le directeur exe\u0301cutif de la Standard Chartered Bank de Londres, Mustapha Sajjad Hussain, ont signe\u0301 deux accords pre\u0302ts pour le financement de projet. Il s\u2019agit d\u2019un cre\u0301dit acheteur (cre\u0301dit accorde\u0301 par la banque du fournisseur pour financer un projet) d\u2019environ 50 milliards de FCFA et d\u2019un cre\u0301dit commercial d\u2019environ 2 milliards de FCFA.<\/p>\n<p>Incatema se pre\u0301sente comme \u00ab une entreprise espagnole de conseil, inge\u0301nierie et exe\u0301cution de projets a\u0300 vocation internationale, ayant pour objectif de contribuer au progre\u0300s et a\u0300 ame\u0301liorer la qualite\u0301 de vie dans les pays ou\u0300 elle est pre\u0301sente \u00bb. Elle dit posse\u0301der des filiales en Angola, Hai\u0308ti, Re\u0301publique dominicaine et au Royaume-Uni. Selon le Minepat, son marche\u0301 consiste en la construction d\u2019un syste\u0300me d\u2019irrigation d\u2019importantes surfaces cultivables, de re\u0301aliser 100 km de routes, de cre\u0301er plusieurs unite\u0301s de production et d\u2019acheter divers e\u0301quipements agricoles. Il est e\u0301galement pre\u0301vu l\u2019e\u0301laboration d\u2019une e\u0301tude financie\u0300re permettant de garantir l\u2019emploi des jeunes et de faciliter la commercialisation des produits agropastoraux.<\/p>\n<p>\u00ab Je me re\u0301jouis que l\u2019entreprise Incatema, partenaire technique charge\u0301e de l\u2019exe\u0301cution des travaux, veillera a\u0300 prote\u0301ger scrupuleusement les cours d\u2019eau de la zone d\u2019influence du projet dans la re\u0301gion de l\u2019Adamaoua. (&#8230;) De me\u0302me, la production de l\u2019e\u0301lectricite\u0301 a\u0300 base de la biomasse, dans le but d\u2019atte\u0301nuer les exigences du projet en termes de consommation de l\u2019e\u0301nergie, occupe une place de choix dans le cahier de charge du partenaire technique \u00bb, comple\u0300te Alamine Ousmane Mey.<\/p>\n<p>Le projet, dont la date de de\u0301marrage n\u2019est pas encore connue, s\u2019inscrit dans le cadre du volet ame\u0301nagement du territoire du Plan d\u2019urgence pour l\u2019acce\u0301le\u0301ration de la croissance e\u0301conomique (Planut). \u00ab Il contribuera a\u0300 renforcer la se\u0301curite\u0301 alimentaire et a\u0300 ame\u0301liorer la croissance e\u0301conomique du pays, tout en prenant en compte les engagements pris par le Cameroun dans la lutte contre le changement climatique au titre de sa contribution de\u0301termine\u0301e au niveau national (CDBN) \u00bb, a de\u0301clare\u0301 Alamine Ousmane Mey. Concre\u0300tement, a\u0300 moyen terme, il devrait permettre d\u2019accroitre les capacite\u0301s et la productivite\u0301 d\u2019une agriculture nationale re\u0301siliente face aux changements climatiques et a\u0300 long terme, de \u00ab de\u0301velopper une agriculture de seconde ge\u0301ne\u0301ration intelligente, combinant judicieusement l\u2019exigence de transformation structurelle avec celle de pre\u0301servation de l\u2019environnement \u00bb.<\/p>\n<p>D\u2019apre\u0300s l\u2019analyse du Cadre Harmonise\u0301 (outil d\u2019analyse de la vulne\u0301rabilite\u0301 des populations a\u0300 l\u2019inse\u0301curite\u0301 alimentaire et nutritionnelle) de mars 2023, 11% de la population camerounaise reste encore confronte\u0301e a\u0300 une inse\u0301curite\u0301 alimentaire aigue\u0308. Ce qui repre\u0301sente pre\u0300s de 3 millions de personnes re\u0301parties principalement entre les re\u0301gions de l\u2019Extre\u0302me-Nord, du Nord-Ouest et du Sud-Ouest.<\/p>\n<p><b>Fre\u0301de\u0301ric Nonos<\/b><\/p>\n<p><strong>Pour plus d&rsquo;informations et d&rsquo;analyses sur la <a href=\"https:\/\/www.africa-press.net\/cameroun\">Cameroun<\/a>, suivez <a href=\"https:\/\/www.africa-press.net\/\">Africa-Press<\/a><\/strong><\/p>\n","protected":false},"excerpt":{"rendered":"<p>Africa-Press &#8211; Cameroun. Investir au Cameroun) &#8211; L\u2019entreprise espagnole Incatema vient de de\u0301crocher un marche\u0301 de gre\u0301 a\u0300 gre\u0301 de pre\u0300s de 52 milliards de FCFA pour la mise en \u0153uvre du projet d\u2019ame\u0301nagement de 15 280 ha de terres agricoles dans les de\u0301partements du Mbe\u0301re\u0301, de la Vina et du Faro et De\u0301o dans [&hellip;]<\/p>\n","protected":false},"author":82,"featured_media":61123,"comment_status":"open","ping_status":"closed","sticky":false,"template":"","format":"standard","meta":{"footnotes":""},"categories":[3,10],"tags":[36,50,49],"class_list":["post-61124","post","type-post","status-publish","format-standard","has-post-thumbnail","hentry","category-economie","category-toutes-les-actualites","tag-africa-press","tag-africa-press-cameroun","tag-cameroun"],"yoast_head":"<!-- This site is optimized with the Yoast SEO Premium plugin v26.1 (Yoast SEO v27.0) - https:\/\/yoast.com\/product\/yoast-seo-premium-wordpress\/ -->\n<title>Am\u00e9nagement des terres agricoles : l\u2019Espagnol Incatema d\u00e9croche un march\u00e9 de 52 milliards de FCFA au Cameroun - Cameroun<\/title>\n<meta name=\"description\" content=\"Investir au Cameroun) - L\u2019entreprise espagnole Incatema vient de de\u0301crocher un marche\u0301 de gre\u0301 a\u0300 gre\u0301 de pre\u0300s de 52 mi ...\" \/>\n<meta name=\"robots\" content=\"index, follow, max-snippet:-1, max-image-preview:large, max-video-preview:-1\" \/>\n<link rel=\"canonical\" href=\"https:\/\/www.africa-press.net\/cameroun\/economie\/amenagement-des-terres-agricoles-lespagnol-incatema-decroche-un-marche-de-52-milliards-de-fcfa-au-cameroun\" \/>\n<meta property=\"og:locale\" content=\"fr_FR\" \/>\n<meta property=\"og:type\" content=\"article\" \/>\n<meta property=\"og:title\" content=\"Am\u00e9nagement des terres agricoles : l\u2019Espagnol Incatema d\u00e9croche un march\u00e9 de 52 milliards de FCFA au Cameroun\" \/>\n<meta property=\"og:description\" content=\"Investir au Cameroun) - L\u2019entreprise espagnole Incatema vient de de\u0301crocher un marche\u0301 de gre\u0301 a\u0300 gre\u0301 de pre\u0300s de 52 mi ...\" \/>\n<meta property=\"og:url\" content=\"https:\/\/www.africa-press.net\/cameroun\/economie\/amenagement-des-terres-agricoles-lespagnol-incatema-decroche-un-marche-de-52-milliards-de-fcfa-au-cameroun\" \/>\n<meta property=\"og:site_name\" content=\"Cameroun\" \/>\n<meta property=\"article:published_time\" content=\"2024-02-03T12:40:46+00:00\" \/>\n<meta property=\"article:modified_time\" content=\"2024-02-04T13:19:54+00:00\" \/>\n<meta property=\"og:image\" content=\"https:\/\/static.africa-press.net\/cameroun\/sites\/57\/2024\/02\/sm_1707039897.286765.jpg\" \/>\n\t<meta property=\"og:image:width\" content=\"720\" \/>\n\t<meta property=\"og:image:height\" content=\"479\" \/>\n\t<meta property=\"og:image:type\" content=\"image\/jpeg\" \/>\n<meta name=\"author\" content=\"cfeditorfr\" \/>\n<meta name=\"twitter:card\" content=\"summary_large_image\" \/>\n<meta name=\"twitter:label1\" content=\"\u00c9crit par\" \/>\n\t<meta name=\"twitter:data1\" content=\"cfeditorfr\" \/>\n\t<meta name=\"twitter:label2\" content=\"Dur\u00e9e de lecture estim\u00e9e\" \/>\n\t<meta name=\"twitter:data2\" content=\"3 minutes\" \/>\n<script type=\"application\/ld+json\" class=\"yoast-schema-graph\">{\"@context\":\"https:\/\/schema.org\",\"@graph\":[{\"@type\":\"Article\",\"@id\":\"https:\/\/www.africa-press.net\/cameroun\/economie\/amenagement-des-terres-agricoles-lespagnol-incatema-decroche-un-marche-de-52-milliards-de-fcfa-au-cameroun#article\",\"isPartOf\":{\"@id\":\"https:\/\/www.africa-press.net\/cameroun\/economie\/amenagement-des-terres-agricoles-lespagnol-incatema-decroche-un-marche-de-52-milliards-de-fcfa-au-cameroun\"},\"author\":{\"name\":\"cfeditorfr\",\"@id\":\"https:\/\/www.africa-press.net\/cameroun\/#\/schema\/person\/2b1cf3cd81a31e3cd26889ca66d677f1\"},\"headline\":\"Am\u00e9nagement des terres agricoles : l\u2019Espagnol Incatema d\u00e9croche un march\u00e9 de 52 milliards de FCFA au Cameroun\",\"datePublished\":\"2024-02-03T12:40:46+00:00\",\"dateModified\":\"2024-02-04T13:19:54+00:00\",\"mainEntityOfPage\":{\"@id\":\"https:\/\/www.africa-press.net\/cameroun\/economie\/amenagement-des-terres-agricoles-lespagnol-incatema-decroche-un-marche-de-52-milliards-de-fcfa-au-cameroun\"},\"wordCount\":639,\"commentCount\":0,\"image\":{\"@id\":\"https:\/\/www.africa-press.net\/cameroun\/economie\/amenagement-des-terres-agricoles-lespagnol-incatema-decroche-un-marche-de-52-milliards-de-fcfa-au-cameroun#primaryimage\"},\"thumbnailUrl\":\"https:\/\/static.africa-press.net\/cameroun\/sites\/57\/2024\/02\/sm_1707039897.286765.jpg\",\"keywords\":[\"Africa Press\",\"Africa Press-Cameroun\",\"Cameroun\"],\"articleSection\":[\"\u00c9conomie\",\"Toutes les actualit\u00e9s\"],\"inLanguage\":\"fr-FR\",\"potentialAction\":[{\"@type\":\"CommentAction\",\"name\":\"Comment\",\"target\":[\"https:\/\/www.africa-press.net\/cameroun\/economie\/amenagement-des-terres-agricoles-lespagnol-incatema-decroche-un-marche-de-52-milliards-de-fcfa-au-cameroun#respond\"]}]},{\"@type\":\"WebPage\",\"@id\":\"https:\/\/www.africa-press.net\/cameroun\/economie\/amenagement-des-terres-agricoles-lespagnol-incatema-decroche-un-marche-de-52-milliards-de-fcfa-au-cameroun\",\"url\":\"https:\/\/www.africa-press.net\/cameroun\/economie\/amenagement-des-terres-agricoles-lespagnol-incatema-decroche-un-marche-de-52-milliards-de-fcfa-au-cameroun\",\"name\":\"Am\u00e9nagement des terres agricoles : l\u2019Espagnol Incatema d\u00e9croche un march\u00e9 de 52 milliards de FCFA au Cameroun - Cameroun\",\"isPartOf\":{\"@id\":\"https:\/\/www.africa-press.net\/cameroun\/#website\"},\"primaryImageOfPage\":{\"@id\":\"https:\/\/www.africa-press.net\/cameroun\/economie\/amenagement-des-terres-agricoles-lespagnol-incatema-decroche-un-marche-de-52-milliards-de-fcfa-au-cameroun#primaryimage\"},\"image\":{\"@id\":\"https:\/\/www.africa-press.net\/cameroun\/economie\/amenagement-des-terres-agricoles-lespagnol-incatema-decroche-un-marche-de-52-milliards-de-fcfa-au-cameroun#primaryimage\"},\"thumbnailUrl\":\"https:\/\/static.africa-press.net\/cameroun\/sites\/57\/2024\/02\/sm_1707039897.286765.jpg\",\"datePublished\":\"2024-02-03T12:40:46+00:00\",\"dateModified\":\"2024-02-04T13:19:54+00:00\",\"author\":{\"@id\":\"https:\/\/www.africa-press.net\/cameroun\/#\/schema\/person\/2b1cf3cd81a31e3cd26889ca66d677f1\"},\"description\":\"Investir au Cameroun) - L\u2019entreprise espagnole Incatema vient de de\u0301crocher un marche\u0301 de gre\u0301 a\u0300 gre\u0301 de pre\u0300s de 52 mi ...\",\"breadcrumb\":{\"@id\":\"https:\/\/www.africa-press.net\/cameroun\/economie\/amenagement-des-terres-agricoles-lespagnol-incatema-decroche-un-marche-de-52-milliards-de-fcfa-au-cameroun#breadcrumb\"},\"inLanguage\":\"fr-FR\",\"potentialAction\":[{\"@type\":\"ReadAction\",\"target\":[\"https:\/\/www.africa-press.net\/cameroun\/economie\/amenagement-des-terres-agricoles-lespagnol-incatema-decroche-un-marche-de-52-milliards-de-fcfa-au-cameroun\"]}]},{\"@type\":\"ImageObject\",\"inLanguage\":\"fr-FR\",\"@id\":\"https:\/\/www.africa-press.net\/cameroun\/economie\/amenagement-des-terres-agricoles-lespagnol-incatema-decroche-un-marche-de-52-milliards-de-fcfa-au-cameroun#primaryimage\",\"url\":\"https:\/\/static.africa-press.net\/cameroun\/sites\/57\/2024\/02\/sm_1707039897.286765.jpg\",\"contentUrl\":\"https:\/\/static.africa-press.net\/cameroun\/sites\/57\/2024\/02\/sm_1707039897.286765.jpg\",\"width\":720,\"height\":479,\"caption\":\"Am\u00e9nagement des terres agricoles : l\u2019Espagnol Incatema d\u00e9croche un march\u00e9 de 52 milliards de FCFA au Cameroun\"},{\"@type\":\"BreadcrumbList\",\"@id\":\"https:\/\/www.africa-press.net\/cameroun\/economie\/amenagement-des-terres-agricoles-lespagnol-incatema-decroche-un-marche-de-52-milliards-de-fcfa-au-cameroun#breadcrumb\",\"itemListElement\":[{\"@type\":\"ListItem\",\"position\":1,\"name\":\"Accueil\",\"item\":\"https:\/\/www.africa-press.net\/cameroun\/\"},{\"@type\":\"ListItem\",\"position\":2,\"name\":\"Am\u00e9nagement des terres agricoles : l\u2019Espagnol Incatema d\u00e9croche un march\u00e9 de 52 milliards de FCFA au Cameroun\"}]},{\"@type\":\"WebSite\",\"@id\":\"https:\/\/www.africa-press.net\/cameroun\/#website\",\"url\":\"https:\/\/www.africa-press.net\/cameroun\/\",\"name\":\"Cameroun\",\"description\":\"Just another Africa News Agency Sites site\",\"potentialAction\":[{\"@type\":\"SearchAction\",\"target\":{\"@type\":\"EntryPoint\",\"urlTemplate\":\"https:\/\/www.africa-press.net\/cameroun\/?s={search_term_string}\"},\"query-input\":{\"@type\":\"PropertyValueSpecification\",\"valueRequired\":true,\"valueName\":\"search_term_string\"}}],\"inLanguage\":\"fr-FR\"},{\"@type\":\"Person\",\"@id\":\"https:\/\/www.africa-press.net\/cameroun\/#\/schema\/person\/2b1cf3cd81a31e3cd26889ca66d677f1\",\"name\":\"cfeditorfr\"}]}<\/script>\n<!-- \/ Yoast SEO Premium plugin. -->","yoast_head_json":{"title":"Am\u00e9nagement des terres agricoles : l\u2019Espagnol Incatema d\u00e9croche un march\u00e9 de 52 milliards de FCFA au Cameroun - Cameroun","description":"Investir au Cameroun) - L\u2019entreprise espagnole Incatema vient de de\u0301crocher un marche\u0301 de gre\u0301 a\u0300 gre\u0301 de pre\u0300s de 52 mi ...","robots":{"index":"index","follow":"follow","max-snippet":"max-snippet:-1","max-image-preview":"max-image-preview:large","max-video-preview":"max-video-preview:-1"},"canonical":"https:\/\/www.africa-press.net\/cameroun\/economie\/amenagement-des-terres-agricoles-lespagnol-incatema-decroche-un-marche-de-52-milliards-de-fcfa-au-cameroun","og_locale":"fr_FR","og_type":"article","og_title":"Am\u00e9nagement des terres agricoles : l\u2019Espagnol Incatema d\u00e9croche un march\u00e9 de 52 milliards de FCFA au Cameroun","og_description":"Investir au Cameroun) - L\u2019entreprise espagnole Incatema vient de de\u0301crocher un marche\u0301 de gre\u0301 a\u0300 gre\u0301 de pre\u0300s de 52 mi ...","og_url":"https:\/\/www.africa-press.net\/cameroun\/economie\/amenagement-des-terres-agricoles-lespagnol-incatema-decroche-un-marche-de-52-milliards-de-fcfa-au-cameroun","og_site_name":"Cameroun","article_published_time":"2024-02-03T12:40:46+00:00","article_modified_time":"2024-02-04T13:19:54+00:00","og_image":[{"width":720,"height":479,"url":"https:\/\/static.africa-press.net\/cameroun\/sites\/57\/2024\/02\/sm_1707039897.286765.jpg","type":"image\/jpeg"}],"author":"cfeditorfr","twitter_card":"summary_large_image","twitter_misc":{"\u00c9crit par":"cfeditorfr","Dur\u00e9e de lecture estim\u00e9e":"3 minutes"},"schema":{"@context":"https:\/\/schema.org","@graph":[{"@type":"Article","@id":"https:\/\/www.africa-press.net\/cameroun\/economie\/amenagement-des-terres-agricoles-lespagnol-incatema-decroche-un-marche-de-52-milliards-de-fcfa-au-cameroun#article","isPartOf":{"@id":"https:\/\/www.africa-press.net\/cameroun\/economie\/amenagement-des-terres-agricoles-lespagnol-incatema-decroche-un-marche-de-52-milliards-de-fcfa-au-cameroun"},"author":{"name":"cfeditorfr","@id":"https:\/\/www.africa-press.net\/cameroun\/#\/schema\/person\/2b1cf3cd81a31e3cd26889ca66d677f1"},"headline":"Am\u00e9nagement des terres agricoles : l\u2019Espagnol Incatema d\u00e9croche un march\u00e9 de 52 milliards de FCFA au Cameroun","datePublished":"2024-02-03T12:40:46+00:00","dateModified":"2024-02-04T13:19:54+00:00","mainEntityOfPage":{"@id":"https:\/\/www.africa-press.net\/cameroun\/economie\/amenagement-des-terres-agricoles-lespagnol-incatema-decroche-un-marche-de-52-milliards-de-fcfa-au-cameroun"},"wordCount":639,"commentCount":0,"image":{"@id":"https:\/\/www.africa-press.net\/cameroun\/economie\/amenagement-des-terres-agricoles-lespagnol-incatema-decroche-un-marche-de-52-milliards-de-fcfa-au-cameroun#primaryimage"},"thumbnailUrl":"https:\/\/static.africa-press.net\/cameroun\/sites\/57\/2024\/02\/sm_1707039897.286765.jpg","keywords":["Africa Press","Africa Press-Cameroun","Cameroun"],"articleSection":["\u00c9conomie","Toutes les actualit\u00e9s"],"inLanguage":"fr-FR","potentialAction":[{"@type":"CommentAction","name":"Comment","target":["https:\/\/www.africa-press.net\/cameroun\/economie\/amenagement-des-terres-agricoles-lespagnol-incatema-decroche-un-marche-de-52-milliards-de-fcfa-au-cameroun#respond"]}]},{"@type":"WebPage","@id":"https:\/\/www.africa-press.net\/cameroun\/economie\/amenagement-des-terres-agricoles-lespagnol-incatema-decroche-un-marche-de-52-milliards-de-fcfa-au-cameroun","url":"https:\/\/www.africa-press.net\/cameroun\/economie\/amenagement-des-terres-agricoles-lespagnol-incatema-decroche-un-marche-de-52-milliards-de-fcfa-au-cameroun","name":"Am\u00e9nagement des terres agricoles : l\u2019Espagnol Incatema d\u00e9croche un march\u00e9 de 52 milliards de FCFA au Cameroun - Cameroun","isPartOf":{"@id":"https:\/\/www.africa-press.net\/cameroun\/#website"},"primaryImageOfPage":{"@id":"https:\/\/www.africa-press.net\/cameroun\/economie\/amenagement-des-terres-agricoles-lespagnol-incatema-decroche-un-marche-de-52-milliards-de-fcfa-au-cameroun#primaryimage"},"image":{"@id":"https:\/\/www.africa-press.net\/cameroun\/economie\/amenagement-des-terres-agricoles-lespagnol-incatema-decroche-un-marche-de-52-milliards-de-fcfa-au-cameroun#primaryimage"},"thumbnailUrl":"https:\/\/static.africa-press.net\/cameroun\/sites\/57\/2024\/02\/sm_1707039897.286765.jpg","datePublished":"2024-02-03T12:40:46+00:00","dateModified":"2024-02-04T13:19:54+00:00","author":{"@id":"https:\/\/www.africa-press.net\/cameroun\/#\/schema\/person\/2b1cf3cd81a31e3cd26889ca66d677f1"},"description":"Investir au Cameroun) - L\u2019entreprise espagnole Incatema vient de de\u0301crocher un marche\u0301 de gre\u0301 a\u0300 gre\u0301 de pre\u0300s de 52 mi ...","breadcrumb":{"@id":"https:\/\/www.africa-press.net\/cameroun\/economie\/amenagement-des-terres-agricoles-lespagnol-incatema-decroche-un-marche-de-52-milliards-de-fcfa-au-cameroun#breadcrumb"},"inLanguage":"fr-FR","potentialAction":[{"@type":"ReadAction","target":["https:\/\/www.africa-press.net\/cameroun\/economie\/amenagement-des-terres-agricoles-lespagnol-incatema-decroche-un-marche-de-52-milliards-de-fcfa-au-cameroun"]}]},{"@type":"ImageObject","inLanguage":"fr-FR","@id":"https:\/\/www.africa-press.net\/cameroun\/economie\/amenagement-des-terres-agricoles-lespagnol-incatema-decroche-un-marche-de-52-milliards-de-fcfa-au-cameroun#primaryimage","url":"https:\/\/static.africa-press.net\/cameroun\/sites\/57\/2024\/02\/sm_1707039897.286765.jpg","contentUrl":"https:\/\/static.africa-press.net\/cameroun\/sites\/57\/2024\/02\/sm_1707039897.286765.jpg","width":720,"height":479,"caption":"Am\u00e9nagement des terres agricoles : l\u2019Espagnol Incatema d\u00e9croche un march\u00e9 de 52 milliards de FCFA au Cameroun"},{"@type":"BreadcrumbList","@id":"https:\/\/www.africa-press.net\/cameroun\/economie\/amenagement-des-terres-agricoles-lespagnol-incatema-decroche-un-marche-de-52-milliards-de-fcfa-au-cameroun#breadcrumb","itemListElement":[{"@type":"ListItem","position":1,"name":"Accueil","item":"https:\/\/www.africa-press.net\/cameroun\/"},{"@type":"ListItem","position":2,"name":"Am\u00e9nagement des terres agricoles : l\u2019Espagnol Incatema d\u00e9croche un march\u00e9 de 52 milliards de FCFA au Cameroun"}]},{"@type":"WebSite","@id":"https:\/\/www.africa-press.net\/cameroun\/#website","url":"https:\/\/www.africa-press.net\/cameroun\/","name":"Cameroun","description":"Just another Africa News Agency Sites site","potentialAction":[{"@type":"SearchAction","target":{"@type":"EntryPoint","urlTemplate":"https:\/\/www.africa-press.net\/cameroun\/?s={search_term_string}"},"query-input":{"@type":"PropertyValueSpecification","valueRequired":true,"valueName":"search_term_string"}}],"inLanguage":"fr-FR"},{"@type":"Person","@id":"https:\/\/www.africa-press.net\/cameroun\/#\/schema\/person\/2b1cf3cd81a31e3cd26889ca66d677f1","name":"cfeditorfr"}]}},"_links":{"self":[{"href":"https:\/\/www.africa-press.net\/cameroun\/wp-json\/wp\/v2\/posts\/61124","targetHints":{"allow":["GET"]}}],"collection":[{"href":"https:\/\/www.africa-press.net\/cameroun\/wp-json\/wp\/v2\/posts"}],"about":[{"href":"https:\/\/www.africa-press.net\/cameroun\/wp-json\/wp\/v2\/types\/post"}],"author":[{"embeddable":true,"href":"https:\/\/www.africa-press.net\/cameroun\/wp-json\/wp\/v2\/users\/82"}],"replies":[{"embeddable":true,"href":"https:\/\/www.africa-press.net\/cameroun\/wp-json\/wp\/v2\/comments?post=61124"}],"version-history":[{"count":0,"href":"https:\/\/www.africa-press.net\/cameroun\/wp-json\/wp\/v2\/posts\/61124\/revisions"}],"wp:featuredmedia":[{"embeddable":true,"href":"https:\/\/www.africa-press.net\/cameroun\/wp-json\/wp\/v2\/media\/61123"}],"wp:attachment":[{"href":"https:\/\/www.africa-press.net\/cameroun\/wp-json\/wp\/v2\/media?parent=61124"}],"wp:term":[{"taxonomy":"category","embeddable":true,"href":"https:\/\/www.africa-press.net\/cameroun\/wp-json\/wp\/v2\/categories?post=61124"},{"taxonomy":"post_tag","embeddable":true,"href":"https:\/\/www.africa-press.net\/cameroun\/wp-json\/wp\/v2\/tags?post=61124"}],"curies":[{"name":"wp","href":"https:\/\/api.w.org\/{rel}","templated":true}]}}