{"id":61150,"date":"2024-02-05T21:40:09","date_gmt":"2024-02-05T21:40:09","guid":{"rendered":"https:\/\/www.africa-press.net\/cameroun\/politique\/presidentielle-2025-au-cameroun-des-alliances-de-lopposition-font-la-cour-a-cabral-libii"},"modified":"2024-02-06T00:57:48","modified_gmt":"2024-02-06T00:57:48","slug":"presidentielle-2025-au-cameroun-des-alliances-de-lopposition-font-la-cour-a-cabral-libii","status":"publish","type":"post","link":"https:\/\/www.africa-press.net\/cameroun\/politique\/presidentielle-2025-au-cameroun-des-alliances-de-lopposition-font-la-cour-a-cabral-libii","title":{"rendered":"Pr\u00e9sidentielle 2025 au Cameroun : des Alliances de L\u2019Opposition Font la Cour \u00e0 Cabral Libii"},"content":{"rendered":"<p><span style=\"color: #ff6600\"><strong>Africa-Press &#8211; Cameroun. <\/strong><\/span><b>Dans leur e\u0301lan de mutualiser les efforts pour vaincre le camp pre\u0301sidentiel, deux alliances sont a\u0300 la recherche de l\u2019adhe\u0301sion de Cabral Libii, candidat de\u0301clare\u0301 3e\u0300 a\u0300 l\u2019e\u0301lection de 2018.<\/b><br \/>\n<b>Cabral Libii<\/b>, le pre\u0301sident national du Parti camerounais pour la re\u0301conciliation nationale, se\u0301duit les partisans des deux <b>alliances de l\u2019opposition<\/b>. L\u2019Alliance politique pour le changement (<b>APC<\/b>) coordonne\u0301e par le de\u0301pute\u0301 Jean-Michel Nintcheu et l\u2019Alliance politique pour la transition (<b>APT<\/b>) conduite par Olivier Bile, candidat recale\u0301 en 2018, se rapprochent chacune de Cabral Libii. Le candidat de\u0301clare\u0301 3e\u0300 a\u0300 l\u2019e\u0301lection du 07 octobre 2018 a tenu la semaine dernie\u0300re, le 30 janvier 2024, une rencontre avec le chef de file de l\u2019APT. Ce dernier lui a soumis le document de strate\u0301gie qu\u2019il propose pour une alliance qui gagne.<\/p>\n<p>A l\u2019issue de cette rencontre, le plus jeune candidat a\u0300 la pre\u0301sidentielle de 2018 a publie\u0301 sur les re\u0301seaux sociaux la de\u0301marche qu\u2019il e\u0301pouse. Celle-ci rejette l\u2019option d\u2019un candidat acquis d\u2019office en raison de ses performances en 2018. Ce candidat est Maurice Kamto, soutenu par l\u2019APC. Cabral Libii, conscient du poids qu\u2019il pe\u0300se au sein de l\u2019opposition camerounaise, n\u2019est pas favorable a\u0300 la de\u0301marche de l\u2019APC. Il propose une e\u0301lection a\u0300 la base, laquelle permettra aux hommes politiques de choisir le candidat qui pourra mieux porter les chances de l\u2019opposition a\u0300 la prochaine pre\u0301sidentielle.<\/p>\n<p>Ainsi, les tractations se poursuivent a\u0300 moins de deux ans de la tenue de l\u2019e\u0301lection. Au regard de l\u2019histoire de l\u2019alliance des partis d\u2019opposition au Cameroun, la formation d\u2019un seul bloc est difficile. L\u2019ope\u0301ration a re\u0301ussi en 1992 autour de Ni John Fru Ndi. Ce dernier a recueilli 36% des suffrages contre le candidat de\u0301clare\u0301 e\u0301lu, Paul Biya, avec 40% des voix. Cette anne\u0301e-la\u0300, l\u2019opposition a remporte\u0301 la majorite\u0301 des sie\u0300ges au Parlement (Assemble\u0301e nationale) 92 de\u0301pute\u0301s, contre le parti pre\u0301sidentiel 88 de\u0301pute\u0301s. Il aura fallu que le RDPC be\u0301ne\u0301ficie du ralliement du MDR avec ses 6 de\u0301pute\u0301s pour renverser cette force.<\/p>\n<p><strong>Pour plus d&rsquo;informations et d&rsquo;analyses sur la <a href=\"https:\/\/www.africa-press.net\/cameroun\">Cameroun<\/a>, suivez <a href=\"https:\/\/www.africa-press.net\/\">Africa-Press<\/a><\/strong><\/p>\n","protected":false},"excerpt":{"rendered":"<p>Africa-Press &#8211; Cameroun. Dans leur e\u0301lan de mutualiser les efforts pour vaincre le camp pre\u0301sidentiel, deux alliances sont a\u0300 la recherche de l\u2019adhe\u0301sion de Cabral Libii, candidat de\u0301clare\u0301 3e\u0300 a\u0300 l\u2019e\u0301lection de 2018. Cabral Libii, le pre\u0301sident national du Parti camerounais pour la re\u0301conciliation nationale, se\u0301duit les partisans des deux alliances de l\u2019opposition. L\u2019Alliance politique [&hellip;]<\/p>\n","protected":false},"author":82,"featured_media":61149,"comment_status":"open","ping_status":"closed","sticky":false,"template":"","format":"standard","meta":{"footnotes":""},"categories":[2,10],"tags":[36,50,49],"class_list":["post-61150","post","type-post","status-publish","format-standard","has-post-thumbnail","hentry","category-politique","category-toutes-les-actualites","tag-africa-press","tag-africa-press-cameroun","tag-cameroun"],"yoast_head":"<!-- This site is optimized with the Yoast SEO Premium plugin v26.1 (Yoast SEO v27.0) - https:\/\/yoast.com\/product\/yoast-seo-premium-wordpress\/ -->\n<title>Pr\u00e9sidentielle 2025 au Cameroun : des Alliances de L\u2019Opposition Font la Cour \u00e0 Cabral Libii - Cameroun<\/title>\n<meta name=\"description\" content=\"Dans leur e\u0301lan de mutualiser les efforts pour vaincre le camp pre\u0301sidentiel, deux alliances sont a\u0300 la recherche de ...\" \/>\n<meta name=\"robots\" content=\"index, follow, max-snippet:-1, max-image-preview:large, max-video-preview:-1\" \/>\n<link rel=\"canonical\" href=\"https:\/\/www.africa-press.net\/cameroun\/politique\/presidentielle-2025-au-cameroun-des-alliances-de-lopposition-font-la-cour-a-cabral-libii\" \/>\n<meta property=\"og:locale\" content=\"fr_FR\" \/>\n<meta property=\"og:type\" content=\"article\" \/>\n<meta property=\"og:title\" content=\"Pr\u00e9sidentielle 2025 au Cameroun : des Alliances de L\u2019Opposition Font la Cour \u00e0 Cabral Libii\" \/>\n<meta property=\"og:description\" content=\"Dans leur e\u0301lan de mutualiser les efforts pour vaincre le camp pre\u0301sidentiel, deux alliances sont a\u0300 la recherche de ...\" \/>\n<meta property=\"og:url\" content=\"https:\/\/www.africa-press.net\/cameroun\/politique\/presidentielle-2025-au-cameroun-des-alliances-de-lopposition-font-la-cour-a-cabral-libii\" \/>\n<meta property=\"og:site_name\" content=\"Cameroun\" \/>\n<meta property=\"article:published_time\" content=\"2024-02-05T21:40:09+00:00\" \/>\n<meta property=\"article:modified_time\" content=\"2024-02-06T00:57:48+00:00\" \/>\n<meta property=\"og:image\" content=\"https:\/\/static.africa-press.net\/cameroun\/sites\/57\/2024\/02\/sm_1707168327.795598.jpg\" \/>\n\t<meta property=\"og:image:width\" content=\"780\" \/>\n\t<meta property=\"og:image:height\" content=\"440\" \/>\n\t<meta property=\"og:image:type\" content=\"image\/jpeg\" \/>\n<meta name=\"author\" content=\"cfeditorfr\" \/>\n<meta name=\"twitter:card\" content=\"summary_large_image\" \/>\n<meta name=\"twitter:label1\" content=\"\u00c9crit par\" \/>\n\t<meta name=\"twitter:data1\" content=\"cfeditorfr\" \/>\n\t<meta name=\"twitter:label2\" content=\"Dur\u00e9e de lecture estim\u00e9e\" \/>\n\t<meta name=\"twitter:data2\" content=\"2 minutes\" \/>\n<script type=\"application\/ld+json\" class=\"yoast-schema-graph\">{\"@context\":\"https:\/\/schema.org\",\"@graph\":[{\"@type\":\"Article\",\"@id\":\"https:\/\/www.africa-press.net\/cameroun\/politique\/presidentielle-2025-au-cameroun-des-alliances-de-lopposition-font-la-cour-a-cabral-libii#article\",\"isPartOf\":{\"@id\":\"https:\/\/www.africa-press.net\/cameroun\/politique\/presidentielle-2025-au-cameroun-des-alliances-de-lopposition-font-la-cour-a-cabral-libii\"},\"author\":{\"name\":\"cfeditorfr\",\"@id\":\"https:\/\/www.africa-press.net\/cameroun\/#\/schema\/person\/2b1cf3cd81a31e3cd26889ca66d677f1\"},\"headline\":\"Pr\u00e9sidentielle 2025 au Cameroun : des Alliances de L\u2019Opposition Font la Cour \u00e0 Cabral Libii\",\"datePublished\":\"2024-02-05T21:40:09+00:00\",\"dateModified\":\"2024-02-06T00:57:48+00:00\",\"mainEntityOfPage\":{\"@id\":\"https:\/\/www.africa-press.net\/cameroun\/politique\/presidentielle-2025-au-cameroun-des-alliances-de-lopposition-font-la-cour-a-cabral-libii\"},\"wordCount\":403,\"commentCount\":0,\"image\":{\"@id\":\"https:\/\/www.africa-press.net\/cameroun\/politique\/presidentielle-2025-au-cameroun-des-alliances-de-lopposition-font-la-cour-a-cabral-libii#primaryimage\"},\"thumbnailUrl\":\"https:\/\/static.africa-press.net\/cameroun\/sites\/57\/2024\/02\/sm_1707168327.795598.jpg\",\"keywords\":[\"Africa Press\",\"Africa Press-Cameroun\",\"Cameroun\"],\"articleSection\":[\"Politique\",\"Toutes les actualit\u00e9s\"],\"inLanguage\":\"fr-FR\",\"potentialAction\":[{\"@type\":\"CommentAction\",\"name\":\"Comment\",\"target\":[\"https:\/\/www.africa-press.net\/cameroun\/politique\/presidentielle-2025-au-cameroun-des-alliances-de-lopposition-font-la-cour-a-cabral-libii#respond\"]}]},{\"@type\":\"WebPage\",\"@id\":\"https:\/\/www.africa-press.net\/cameroun\/politique\/presidentielle-2025-au-cameroun-des-alliances-de-lopposition-font-la-cour-a-cabral-libii\",\"url\":\"https:\/\/www.africa-press.net\/cameroun\/politique\/presidentielle-2025-au-cameroun-des-alliances-de-lopposition-font-la-cour-a-cabral-libii\",\"name\":\"Pr\u00e9sidentielle 2025 au Cameroun : des Alliances de L\u2019Opposition Font la Cour \u00e0 Cabral Libii - Cameroun\",\"isPartOf\":{\"@id\":\"https:\/\/www.africa-press.net\/cameroun\/#website\"},\"primaryImageOfPage\":{\"@id\":\"https:\/\/www.africa-press.net\/cameroun\/politique\/presidentielle-2025-au-cameroun-des-alliances-de-lopposition-font-la-cour-a-cabral-libii#primaryimage\"},\"image\":{\"@id\":\"https:\/\/www.africa-press.net\/cameroun\/politique\/presidentielle-2025-au-cameroun-des-alliances-de-lopposition-font-la-cour-a-cabral-libii#primaryimage\"},\"thumbnailUrl\":\"https:\/\/static.africa-press.net\/cameroun\/sites\/57\/2024\/02\/sm_1707168327.795598.jpg\",\"datePublished\":\"2024-02-05T21:40:09+00:00\",\"dateModified\":\"2024-02-06T00:57:48+00:00\",\"author\":{\"@id\":\"https:\/\/www.africa-press.net\/cameroun\/#\/schema\/person\/2b1cf3cd81a31e3cd26889ca66d677f1\"},\"description\":\"Dans leur e\u0301lan de mutualiser les efforts pour vaincre le camp pre\u0301sidentiel, deux alliances sont a\u0300 la recherche de ...\",\"breadcrumb\":{\"@id\":\"https:\/\/www.africa-press.net\/cameroun\/politique\/presidentielle-2025-au-cameroun-des-alliances-de-lopposition-font-la-cour-a-cabral-libii#breadcrumb\"},\"inLanguage\":\"fr-FR\",\"potentialAction\":[{\"@type\":\"ReadAction\",\"target\":[\"https:\/\/www.africa-press.net\/cameroun\/politique\/presidentielle-2025-au-cameroun-des-alliances-de-lopposition-font-la-cour-a-cabral-libii\"]}]},{\"@type\":\"ImageObject\",\"inLanguage\":\"fr-FR\",\"@id\":\"https:\/\/www.africa-press.net\/cameroun\/politique\/presidentielle-2025-au-cameroun-des-alliances-de-lopposition-font-la-cour-a-cabral-libii#primaryimage\",\"url\":\"https:\/\/static.africa-press.net\/cameroun\/sites\/57\/2024\/02\/sm_1707168327.795598.jpg\",\"contentUrl\":\"https:\/\/static.africa-press.net\/cameroun\/sites\/57\/2024\/02\/sm_1707168327.795598.jpg\",\"width\":780,\"height\":440,\"caption\":\"Pr\u00e9sidentielle 2025 au Cameroun : des Alliances de L\u2019Opposition Font la Cour \u00e0 Cabral Libii\"},{\"@type\":\"BreadcrumbList\",\"@id\":\"https:\/\/www.africa-press.net\/cameroun\/politique\/presidentielle-2025-au-cameroun-des-alliances-de-lopposition-font-la-cour-a-cabral-libii#breadcrumb\",\"itemListElement\":[{\"@type\":\"ListItem\",\"position\":1,\"name\":\"Accueil\",\"item\":\"https:\/\/www.africa-press.net\/cameroun\/\"},{\"@type\":\"ListItem\",\"position\":2,\"name\":\"Pr\u00e9sidentielle 2025 au Cameroun : des Alliances de L\u2019Opposition Font la Cour \u00e0 Cabral Libii\"}]},{\"@type\":\"WebSite\",\"@id\":\"https:\/\/www.africa-press.net\/cameroun\/#website\",\"url\":\"https:\/\/www.africa-press.net\/cameroun\/\",\"name\":\"Cameroun\",\"description\":\"Just another Africa News Agency Sites site\",\"potentialAction\":[{\"@type\":\"SearchAction\",\"target\":{\"@type\":\"EntryPoint\",\"urlTemplate\":\"https:\/\/www.africa-press.net\/cameroun\/?s={search_term_string}\"},\"query-input\":{\"@type\":\"PropertyValueSpecification\",\"valueRequired\":true,\"valueName\":\"search_term_string\"}}],\"inLanguage\":\"fr-FR\"},{\"@type\":\"Person\",\"@id\":\"https:\/\/www.africa-press.net\/cameroun\/#\/schema\/person\/2b1cf3cd81a31e3cd26889ca66d677f1\",\"name\":\"cfeditorfr\"}]}<\/script>\n<!-- \/ Yoast SEO Premium plugin. -->","yoast_head_json":{"title":"Pr\u00e9sidentielle 2025 au Cameroun : des Alliances de L\u2019Opposition Font la Cour \u00e0 Cabral Libii - Cameroun","description":"Dans leur e\u0301lan de mutualiser les efforts pour vaincre le camp pre\u0301sidentiel, deux alliances sont a\u0300 la recherche de ...","robots":{"index":"index","follow":"follow","max-snippet":"max-snippet:-1","max-image-preview":"max-image-preview:large","max-video-preview":"max-video-preview:-1"},"canonical":"https:\/\/www.africa-press.net\/cameroun\/politique\/presidentielle-2025-au-cameroun-des-alliances-de-lopposition-font-la-cour-a-cabral-libii","og_locale":"fr_FR","og_type":"article","og_title":"Pr\u00e9sidentielle 2025 au Cameroun : des Alliances de L\u2019Opposition Font la Cour \u00e0 Cabral Libii","og_description":"Dans leur e\u0301lan de mutualiser les efforts pour vaincre le camp pre\u0301sidentiel, deux alliances sont a\u0300 la recherche de ...","og_url":"https:\/\/www.africa-press.net\/cameroun\/politique\/presidentielle-2025-au-cameroun-des-alliances-de-lopposition-font-la-cour-a-cabral-libii","og_site_name":"Cameroun","article_published_time":"2024-02-05T21:40:09+00:00","article_modified_time":"2024-02-06T00:57:48+00:00","og_image":[{"width":780,"height":440,"url":"https:\/\/static.africa-press.net\/cameroun\/sites\/57\/2024\/02\/sm_1707168327.795598.jpg","type":"image\/jpeg"}],"author":"cfeditorfr","twitter_card":"summary_large_image","twitter_misc":{"\u00c9crit par":"cfeditorfr","Dur\u00e9e de lecture estim\u00e9e":"2 minutes"},"schema":{"@context":"https:\/\/schema.org","@graph":[{"@type":"Article","@id":"https:\/\/www.africa-press.net\/cameroun\/politique\/presidentielle-2025-au-cameroun-des-alliances-de-lopposition-font-la-cour-a-cabral-libii#article","isPartOf":{"@id":"https:\/\/www.africa-press.net\/cameroun\/politique\/presidentielle-2025-au-cameroun-des-alliances-de-lopposition-font-la-cour-a-cabral-libii"},"author":{"name":"cfeditorfr","@id":"https:\/\/www.africa-press.net\/cameroun\/#\/schema\/person\/2b1cf3cd81a31e3cd26889ca66d677f1"},"headline":"Pr\u00e9sidentielle 2025 au Cameroun : des Alliances de L\u2019Opposition Font la Cour \u00e0 Cabral Libii","datePublished":"2024-02-05T21:40:09+00:00","dateModified":"2024-02-06T00:57:48+00:00","mainEntityOfPage":{"@id":"https:\/\/www.africa-press.net\/cameroun\/politique\/presidentielle-2025-au-cameroun-des-alliances-de-lopposition-font-la-cour-a-cabral-libii"},"wordCount":403,"commentCount":0,"image":{"@id":"https:\/\/www.africa-press.net\/cameroun\/politique\/presidentielle-2025-au-cameroun-des-alliances-de-lopposition-font-la-cour-a-cabral-libii#primaryimage"},"thumbnailUrl":"https:\/\/static.africa-press.net\/cameroun\/sites\/57\/2024\/02\/sm_1707168327.795598.jpg","keywords":["Africa Press","Africa Press-Cameroun","Cameroun"],"articleSection":["Politique","Toutes les actualit\u00e9s"],"inLanguage":"fr-FR","potentialAction":[{"@type":"CommentAction","name":"Comment","target":["https:\/\/www.africa-press.net\/cameroun\/politique\/presidentielle-2025-au-cameroun-des-alliances-de-lopposition-font-la-cour-a-cabral-libii#respond"]}]},{"@type":"WebPage","@id":"https:\/\/www.africa-press.net\/cameroun\/politique\/presidentielle-2025-au-cameroun-des-alliances-de-lopposition-font-la-cour-a-cabral-libii","url":"https:\/\/www.africa-press.net\/cameroun\/politique\/presidentielle-2025-au-cameroun-des-alliances-de-lopposition-font-la-cour-a-cabral-libii","name":"Pr\u00e9sidentielle 2025 au Cameroun : des Alliances de L\u2019Opposition Font la Cour \u00e0 Cabral Libii - Cameroun","isPartOf":{"@id":"https:\/\/www.africa-press.net\/cameroun\/#website"},"primaryImageOfPage":{"@id":"https:\/\/www.africa-press.net\/cameroun\/politique\/presidentielle-2025-au-cameroun-des-alliances-de-lopposition-font-la-cour-a-cabral-libii#primaryimage"},"image":{"@id":"https:\/\/www.africa-press.net\/cameroun\/politique\/presidentielle-2025-au-cameroun-des-alliances-de-lopposition-font-la-cour-a-cabral-libii#primaryimage"},"thumbnailUrl":"https:\/\/static.africa-press.net\/cameroun\/sites\/57\/2024\/02\/sm_1707168327.795598.jpg","datePublished":"2024-02-05T21:40:09+00:00","dateModified":"2024-02-06T00:57:48+00:00","author":{"@id":"https:\/\/www.africa-press.net\/cameroun\/#\/schema\/person\/2b1cf3cd81a31e3cd26889ca66d677f1"},"description":"Dans leur e\u0301lan de mutualiser les efforts pour vaincre le camp pre\u0301sidentiel, deux alliances sont a\u0300 la recherche de ...","breadcrumb":{"@id":"https:\/\/www.africa-press.net\/cameroun\/politique\/presidentielle-2025-au-cameroun-des-alliances-de-lopposition-font-la-cour-a-cabral-libii#breadcrumb"},"inLanguage":"fr-FR","potentialAction":[{"@type":"ReadAction","target":["https:\/\/www.africa-press.net\/cameroun\/politique\/presidentielle-2025-au-cameroun-des-alliances-de-lopposition-font-la-cour-a-cabral-libii"]}]},{"@type":"ImageObject","inLanguage":"fr-FR","@id":"https:\/\/www.africa-press.net\/cameroun\/politique\/presidentielle-2025-au-cameroun-des-alliances-de-lopposition-font-la-cour-a-cabral-libii#primaryimage","url":"https:\/\/static.africa-press.net\/cameroun\/sites\/57\/2024\/02\/sm_1707168327.795598.jpg","contentUrl":"https:\/\/static.africa-press.net\/cameroun\/sites\/57\/2024\/02\/sm_1707168327.795598.jpg","width":780,"height":440,"caption":"Pr\u00e9sidentielle 2025 au Cameroun : des Alliances de L\u2019Opposition Font la Cour \u00e0 Cabral Libii"},{"@type":"BreadcrumbList","@id":"https:\/\/www.africa-press.net\/cameroun\/politique\/presidentielle-2025-au-cameroun-des-alliances-de-lopposition-font-la-cour-a-cabral-libii#breadcrumb","itemListElement":[{"@type":"ListItem","position":1,"name":"Accueil","item":"https:\/\/www.africa-press.net\/cameroun\/"},{"@type":"ListItem","position":2,"name":"Pr\u00e9sidentielle 2025 au Cameroun : des Alliances de L\u2019Opposition Font la Cour \u00e0 Cabral Libii"}]},{"@type":"WebSite","@id":"https:\/\/www.africa-press.net\/cameroun\/#website","url":"https:\/\/www.africa-press.net\/cameroun\/","name":"Cameroun","description":"Just another Africa News Agency Sites site","potentialAction":[{"@type":"SearchAction","target":{"@type":"EntryPoint","urlTemplate":"https:\/\/www.africa-press.net\/cameroun\/?s={search_term_string}"},"query-input":{"@type":"PropertyValueSpecification","valueRequired":true,"valueName":"search_term_string"}}],"inLanguage":"fr-FR"},{"@type":"Person","@id":"https:\/\/www.africa-press.net\/cameroun\/#\/schema\/person\/2b1cf3cd81a31e3cd26889ca66d677f1","name":"cfeditorfr"}]}},"_links":{"self":[{"href":"https:\/\/www.africa-press.net\/cameroun\/wp-json\/wp\/v2\/posts\/61150","targetHints":{"allow":["GET"]}}],"collection":[{"href":"https:\/\/www.africa-press.net\/cameroun\/wp-json\/wp\/v2\/posts"}],"about":[{"href":"https:\/\/www.africa-press.net\/cameroun\/wp-json\/wp\/v2\/types\/post"}],"author":[{"embeddable":true,"href":"https:\/\/www.africa-press.net\/cameroun\/wp-json\/wp\/v2\/users\/82"}],"replies":[{"embeddable":true,"href":"https:\/\/www.africa-press.net\/cameroun\/wp-json\/wp\/v2\/comments?post=61150"}],"version-history":[{"count":0,"href":"https:\/\/www.africa-press.net\/cameroun\/wp-json\/wp\/v2\/posts\/61150\/revisions"}],"wp:featuredmedia":[{"embeddable":true,"href":"https:\/\/www.africa-press.net\/cameroun\/wp-json\/wp\/v2\/media\/61149"}],"wp:attachment":[{"href":"https:\/\/www.africa-press.net\/cameroun\/wp-json\/wp\/v2\/media?parent=61150"}],"wp:term":[{"taxonomy":"category","embeddable":true,"href":"https:\/\/www.africa-press.net\/cameroun\/wp-json\/wp\/v2\/categories?post=61150"},{"taxonomy":"post_tag","embeddable":true,"href":"https:\/\/www.africa-press.net\/cameroun\/wp-json\/wp\/v2\/tags?post=61150"}],"curies":[{"name":"wp","href":"https:\/\/api.w.org\/{rel}","templated":true}]}}