{"id":61173,"date":"2024-02-08T12:46:02","date_gmt":"2024-02-08T12:46:02","guid":{"rendered":"https:\/\/www.africa-press.net\/cameroun\/politique\/nouveau-gouverneur-a-la-beac-la-conference-des-chefs-detat-annoncee-demain"},"modified":"2024-02-08T13:01:16","modified_gmt":"2024-02-08T13:01:16","slug":"nouveau-gouverneur-a-la-beac-la-conference-des-chefs-detat-annoncee-demain","status":"publish","type":"post","link":"https:\/\/www.africa-press.net\/cameroun\/politique\/nouveau-gouverneur-a-la-beac-la-conference-des-chefs-detat-annoncee-demain","title":{"rendered":"Nouveau Gouverneur \u00e0 la BEAC : la Conf\u00e9rence des Chefs D\u2019Etat Annonc\u00e9e Demain"},"content":{"rendered":"<p><span style=\"color: #ff6600\"><strong>Africa-Press &#8211; Cameroun. <\/strong><\/span><b>Suivant le principe de rotation, Abbas Tolli sera remplace\u0301 par un ressortissant de la Re\u0301publique Centrafricaine.<\/b><\/p>\n<p>Le gouverneur de la Banque des E\u0301tats de l\u2019Afrique centrale (Beac), Abbas Mahamat Tolli a acheve\u0301 son mandat de sept ans non renouvelables a\u0300 la te\u0302te de la banque centrale des pays de la Cemac. Cette transition devrait entrai\u0302ner des changements dans la configuration actuelle du gouvernement de la Beac, conforme\u0301ment au principe de rotation par pays et par ordre alphabe\u0301tique pour les postes cle\u0301s<b>.<\/b><br \/>\n<b>Transition avec tension<\/b><\/p>\n<p>Le Camerounais Euge\u0300ne Nsom, directeur ge\u0301ne\u0301ral du contro\u0302le ge\u0301ne\u0301ral a sorti une note pour rappeler la vacance de poste du gouverneur de la BEAC en raison de la fin du mandat d\u2019Abbas Tolli. \u00ab (&#8230;) en application des dispositions des articles 51 aline\u0301as 3 et 51.4 des statuts, le mandat de sept ans non renouvelables de monsieur Abbas Mahamat Tolli, commence\u0301 le 6 fe\u0301vrier 2017, s\u2019ache\u0300ve le 6 fe\u0301vrier 2024. A\u0300 cette date, monsieur Abbas Mahamat Tolli n\u2019a plus de mandat et d\u2019habilitation le\u0301gale a\u0300 e\u0302tre repre\u0301sentant du pays dont il est originaire au sein du gouvernement de la Beac. Il y a donc vacance du poste de gouverneur de la Beac, et ce, de\u0300s le 7 fe\u0301vrier 2024 au matin \u00bb, a e\u0301crit le directeur ge\u0301ne\u0301ral du contro\u0302le ge\u0301ne\u0301ral de la Beac.<\/p>\n<p>Une sortie qui n\u2019a pas laisse\u0301 Abbas Tolli indiffe\u0301rent, puisqu\u2019en re\u0301action il a son tour e\u0301crit au vice-gouverneur, au secre\u0301taire ge\u0301ne\u0301ral et aux directeurs ge\u0301ne\u0301raux pour marquer son indignation. \u00ab Depuis un certain temps, le DGCG de\u0301passe de manie\u0300re re\u0301pe\u0301titive les limites de ses compe\u0301tences et empie\u0300te sur les responsabilite\u0301s re\u0301serve\u0301es au Gouverneur et au Vice-gouverneur par les statuts de la banque&#8230; \u00bb<\/p>\n<p>\u00ab&#8230;La nomination du gouverneur de la Beac rele\u0300ve exclusivement de la compe\u0301tence de la confe\u0301rence des Chefs d\u2019E\u0301tat de la Cemac. La proce\u0301dure de passation des charges est clairement e\u0301tablie et sera assure\u0301e par le pre\u0301sident du comite\u0301 ministe\u0301riel de l\u2019UMAC. Il n\u2019appartient donc pas au DGCG de cre\u0301er ses propres normes au sein de la banque centrale \u00bb, souligne le Tchadien qui devrait d\u2019ici peu ce\u0301der son sie\u0300ge a\u0300 la Re\u0301publique Centrafricaine selon le principe de rotation de la Beac.<\/p>\n<p>La confe\u0301rence des Chefs d\u2019E\u0301tat de la Cemac sera donc tenue demain 09 fe\u0301vrier 2024 par visioconfe\u0301rence.<\/p>\n<p><strong>Pour plus d&rsquo;informations et d&rsquo;analyses sur la <a href=\"https:\/\/www.africa-press.net\/cameroun\">Cameroun<\/a>, suivez <a href=\"https:\/\/www.africa-press.net\/\">Africa-Press<\/a><\/strong><\/p>\n","protected":false},"excerpt":{"rendered":"<p>Africa-Press &#8211; Cameroun. Suivant le principe de rotation, Abbas Tolli sera remplace\u0301 par un ressortissant de la Re\u0301publique Centrafricaine. Le gouverneur de la Banque des E\u0301tats de l\u2019Afrique centrale (Beac), Abbas Mahamat Tolli a acheve\u0301 son mandat de sept ans non renouvelables a\u0300 la te\u0302te de la banque centrale des pays de la Cemac. Cette [&hellip;]<\/p>\n","protected":false},"author":82,"featured_media":61172,"comment_status":"open","ping_status":"closed","sticky":false,"template":"","format":"standard","meta":{"footnotes":""},"categories":[2,10],"tags":[36,50,49],"class_list":["post-61173","post","type-post","status-publish","format-standard","has-post-thumbnail","hentry","category-politique","category-toutes-les-actualites","tag-africa-press","tag-africa-press-cameroun","tag-cameroun"],"yoast_head":"<!-- This site is optimized with the Yoast SEO Premium plugin v26.1 (Yoast SEO v27.0) - https:\/\/yoast.com\/product\/yoast-seo-premium-wordpress\/ -->\n<title>Nouveau Gouverneur \u00e0 la BEAC : la Conf\u00e9rence des Chefs D\u2019Etat Annonc\u00e9e Demain - Cameroun<\/title>\n<meta name=\"description\" content=\"Suivant le principe de rotation, Abbas Tolli sera remplace\u0301 par un ressortissant de la Re\u0301publique Centrafricaine.&lt;\/b ...\" \/>\n<meta name=\"robots\" content=\"index, follow, max-snippet:-1, max-image-preview:large, max-video-preview:-1\" \/>\n<link rel=\"canonical\" href=\"https:\/\/www.africa-press.net\/cameroun\/politique\/nouveau-gouverneur-a-la-beac-la-conference-des-chefs-detat-annoncee-demain\" \/>\n<meta property=\"og:locale\" content=\"fr_FR\" \/>\n<meta property=\"og:type\" content=\"article\" \/>\n<meta property=\"og:title\" content=\"Nouveau Gouverneur \u00e0 la BEAC : la Conf\u00e9rence des Chefs D\u2019Etat Annonc\u00e9e Demain\" \/>\n<meta property=\"og:description\" content=\"Suivant le principe de rotation, Abbas Tolli sera remplace\u0301 par un ressortissant de la Re\u0301publique Centrafricaine.&lt;\/b ...\" \/>\n<meta property=\"og:url\" content=\"https:\/\/www.africa-press.net\/cameroun\/politique\/nouveau-gouverneur-a-la-beac-la-conference-des-chefs-detat-annoncee-demain\" \/>\n<meta property=\"og:site_name\" content=\"Cameroun\" \/>\n<meta property=\"article:published_time\" content=\"2024-02-08T12:46:02+00:00\" \/>\n<meta property=\"article:modified_time\" content=\"2024-02-08T13:01:16+00:00\" \/>\n<meta property=\"og:image\" content=\"https:\/\/static.africa-press.net\/cameroun\/sites\/57\/2024\/02\/sm_1707384582.879823.jpg\" \/>\n\t<meta property=\"og:image:width\" content=\"780\" \/>\n\t<meta property=\"og:image:height\" content=\"440\" \/>\n\t<meta property=\"og:image:type\" content=\"image\/jpeg\" \/>\n<meta name=\"author\" content=\"cfeditorfr\" \/>\n<meta name=\"twitter:card\" content=\"summary_large_image\" \/>\n<meta name=\"twitter:label1\" content=\"\u00c9crit par\" \/>\n\t<meta name=\"twitter:data1\" content=\"cfeditorfr\" \/>\n\t<meta name=\"twitter:label2\" content=\"Dur\u00e9e de lecture estim\u00e9e\" \/>\n\t<meta name=\"twitter:data2\" content=\"3 minutes\" \/>\n<script type=\"application\/ld+json\" class=\"yoast-schema-graph\">{\"@context\":\"https:\/\/schema.org\",\"@graph\":[{\"@type\":\"Article\",\"@id\":\"https:\/\/www.africa-press.net\/cameroun\/politique\/nouveau-gouverneur-a-la-beac-la-conference-des-chefs-detat-annoncee-demain#article\",\"isPartOf\":{\"@id\":\"https:\/\/www.africa-press.net\/cameroun\/politique\/nouveau-gouverneur-a-la-beac-la-conference-des-chefs-detat-annoncee-demain\"},\"author\":{\"name\":\"cfeditorfr\",\"@id\":\"https:\/\/www.africa-press.net\/cameroun\/#\/schema\/person\/2b1cf3cd81a31e3cd26889ca66d677f1\"},\"headline\":\"Nouveau Gouverneur \u00e0 la BEAC : la Conf\u00e9rence des Chefs D\u2019Etat Annonc\u00e9e Demain\",\"datePublished\":\"2024-02-08T12:46:02+00:00\",\"dateModified\":\"2024-02-08T13:01:16+00:00\",\"mainEntityOfPage\":{\"@id\":\"https:\/\/www.africa-press.net\/cameroun\/politique\/nouveau-gouverneur-a-la-beac-la-conference-des-chefs-detat-annoncee-demain\"},\"wordCount\":464,\"commentCount\":0,\"image\":{\"@id\":\"https:\/\/www.africa-press.net\/cameroun\/politique\/nouveau-gouverneur-a-la-beac-la-conference-des-chefs-detat-annoncee-demain#primaryimage\"},\"thumbnailUrl\":\"https:\/\/static.africa-press.net\/cameroun\/sites\/57\/2024\/02\/sm_1707384582.879823.jpg\",\"keywords\":[\"Africa Press\",\"Africa Press-Cameroun\",\"Cameroun\"],\"articleSection\":[\"Politique\",\"Toutes les actualit\u00e9s\"],\"inLanguage\":\"fr-FR\",\"potentialAction\":[{\"@type\":\"CommentAction\",\"name\":\"Comment\",\"target\":[\"https:\/\/www.africa-press.net\/cameroun\/politique\/nouveau-gouverneur-a-la-beac-la-conference-des-chefs-detat-annoncee-demain#respond\"]}]},{\"@type\":\"WebPage\",\"@id\":\"https:\/\/www.africa-press.net\/cameroun\/politique\/nouveau-gouverneur-a-la-beac-la-conference-des-chefs-detat-annoncee-demain\",\"url\":\"https:\/\/www.africa-press.net\/cameroun\/politique\/nouveau-gouverneur-a-la-beac-la-conference-des-chefs-detat-annoncee-demain\",\"name\":\"Nouveau Gouverneur \u00e0 la BEAC : la Conf\u00e9rence des Chefs D\u2019Etat Annonc\u00e9e Demain - Cameroun\",\"isPartOf\":{\"@id\":\"https:\/\/www.africa-press.net\/cameroun\/#website\"},\"primaryImageOfPage\":{\"@id\":\"https:\/\/www.africa-press.net\/cameroun\/politique\/nouveau-gouverneur-a-la-beac-la-conference-des-chefs-detat-annoncee-demain#primaryimage\"},\"image\":{\"@id\":\"https:\/\/www.africa-press.net\/cameroun\/politique\/nouveau-gouverneur-a-la-beac-la-conference-des-chefs-detat-annoncee-demain#primaryimage\"},\"thumbnailUrl\":\"https:\/\/static.africa-press.net\/cameroun\/sites\/57\/2024\/02\/sm_1707384582.879823.jpg\",\"datePublished\":\"2024-02-08T12:46:02+00:00\",\"dateModified\":\"2024-02-08T13:01:16+00:00\",\"author\":{\"@id\":\"https:\/\/www.africa-press.net\/cameroun\/#\/schema\/person\/2b1cf3cd81a31e3cd26889ca66d677f1\"},\"description\":\"Suivant le principe de rotation, Abbas Tolli sera remplace\u0301 par un ressortissant de la Re\u0301publique Centrafricaine.&lt;\/b ...\",\"breadcrumb\":{\"@id\":\"https:\/\/www.africa-press.net\/cameroun\/politique\/nouveau-gouverneur-a-la-beac-la-conference-des-chefs-detat-annoncee-demain#breadcrumb\"},\"inLanguage\":\"fr-FR\",\"potentialAction\":[{\"@type\":\"ReadAction\",\"target\":[\"https:\/\/www.africa-press.net\/cameroun\/politique\/nouveau-gouverneur-a-la-beac-la-conference-des-chefs-detat-annoncee-demain\"]}]},{\"@type\":\"ImageObject\",\"inLanguage\":\"fr-FR\",\"@id\":\"https:\/\/www.africa-press.net\/cameroun\/politique\/nouveau-gouverneur-a-la-beac-la-conference-des-chefs-detat-annoncee-demain#primaryimage\",\"url\":\"https:\/\/static.africa-press.net\/cameroun\/sites\/57\/2024\/02\/sm_1707384582.879823.jpg\",\"contentUrl\":\"https:\/\/static.africa-press.net\/cameroun\/sites\/57\/2024\/02\/sm_1707384582.879823.jpg\",\"width\":780,\"height\":440,\"caption\":\"Nouveau Gouverneur \u00e0 la BEAC : la Conf\u00e9rence des Chefs D\u2019Etat Annonc\u00e9e Demain\"},{\"@type\":\"BreadcrumbList\",\"@id\":\"https:\/\/www.africa-press.net\/cameroun\/politique\/nouveau-gouverneur-a-la-beac-la-conference-des-chefs-detat-annoncee-demain#breadcrumb\",\"itemListElement\":[{\"@type\":\"ListItem\",\"position\":1,\"name\":\"Accueil\",\"item\":\"https:\/\/www.africa-press.net\/cameroun\/\"},{\"@type\":\"ListItem\",\"position\":2,\"name\":\"Nouveau Gouverneur \u00e0 la BEAC : la Conf\u00e9rence des Chefs D\u2019Etat Annonc\u00e9e Demain\"}]},{\"@type\":\"WebSite\",\"@id\":\"https:\/\/www.africa-press.net\/cameroun\/#website\",\"url\":\"https:\/\/www.africa-press.net\/cameroun\/\",\"name\":\"Cameroun\",\"description\":\"Just another Africa News Agency Sites site\",\"potentialAction\":[{\"@type\":\"SearchAction\",\"target\":{\"@type\":\"EntryPoint\",\"urlTemplate\":\"https:\/\/www.africa-press.net\/cameroun\/?s={search_term_string}\"},\"query-input\":{\"@type\":\"PropertyValueSpecification\",\"valueRequired\":true,\"valueName\":\"search_term_string\"}}],\"inLanguage\":\"fr-FR\"},{\"@type\":\"Person\",\"@id\":\"https:\/\/www.africa-press.net\/cameroun\/#\/schema\/person\/2b1cf3cd81a31e3cd26889ca66d677f1\",\"name\":\"cfeditorfr\"}]}<\/script>\n<!-- \/ Yoast SEO Premium plugin. -->","yoast_head_json":{"title":"Nouveau Gouverneur \u00e0 la BEAC : la Conf\u00e9rence des Chefs D\u2019Etat Annonc\u00e9e Demain - Cameroun","description":"Suivant le principe de rotation, Abbas Tolli sera remplace\u0301 par un ressortissant de la Re\u0301publique Centrafricaine.&lt;\/b ...","robots":{"index":"index","follow":"follow","max-snippet":"max-snippet:-1","max-image-preview":"max-image-preview:large","max-video-preview":"max-video-preview:-1"},"canonical":"https:\/\/www.africa-press.net\/cameroun\/politique\/nouveau-gouverneur-a-la-beac-la-conference-des-chefs-detat-annoncee-demain","og_locale":"fr_FR","og_type":"article","og_title":"Nouveau Gouverneur \u00e0 la BEAC : la Conf\u00e9rence des Chefs D\u2019Etat Annonc\u00e9e Demain","og_description":"Suivant le principe de rotation, Abbas Tolli sera remplace\u0301 par un ressortissant de la Re\u0301publique Centrafricaine.&lt;\/b ...","og_url":"https:\/\/www.africa-press.net\/cameroun\/politique\/nouveau-gouverneur-a-la-beac-la-conference-des-chefs-detat-annoncee-demain","og_site_name":"Cameroun","article_published_time":"2024-02-08T12:46:02+00:00","article_modified_time":"2024-02-08T13:01:16+00:00","og_image":[{"width":780,"height":440,"url":"https:\/\/static.africa-press.net\/cameroun\/sites\/57\/2024\/02\/sm_1707384582.879823.jpg","type":"image\/jpeg"}],"author":"cfeditorfr","twitter_card":"summary_large_image","twitter_misc":{"\u00c9crit par":"cfeditorfr","Dur\u00e9e de lecture estim\u00e9e":"3 minutes"},"schema":{"@context":"https:\/\/schema.org","@graph":[{"@type":"Article","@id":"https:\/\/www.africa-press.net\/cameroun\/politique\/nouveau-gouverneur-a-la-beac-la-conference-des-chefs-detat-annoncee-demain#article","isPartOf":{"@id":"https:\/\/www.africa-press.net\/cameroun\/politique\/nouveau-gouverneur-a-la-beac-la-conference-des-chefs-detat-annoncee-demain"},"author":{"name":"cfeditorfr","@id":"https:\/\/www.africa-press.net\/cameroun\/#\/schema\/person\/2b1cf3cd81a31e3cd26889ca66d677f1"},"headline":"Nouveau Gouverneur \u00e0 la BEAC : la Conf\u00e9rence des Chefs D\u2019Etat Annonc\u00e9e Demain","datePublished":"2024-02-08T12:46:02+00:00","dateModified":"2024-02-08T13:01:16+00:00","mainEntityOfPage":{"@id":"https:\/\/www.africa-press.net\/cameroun\/politique\/nouveau-gouverneur-a-la-beac-la-conference-des-chefs-detat-annoncee-demain"},"wordCount":464,"commentCount":0,"image":{"@id":"https:\/\/www.africa-press.net\/cameroun\/politique\/nouveau-gouverneur-a-la-beac-la-conference-des-chefs-detat-annoncee-demain#primaryimage"},"thumbnailUrl":"https:\/\/static.africa-press.net\/cameroun\/sites\/57\/2024\/02\/sm_1707384582.879823.jpg","keywords":["Africa Press","Africa Press-Cameroun","Cameroun"],"articleSection":["Politique","Toutes les actualit\u00e9s"],"inLanguage":"fr-FR","potentialAction":[{"@type":"CommentAction","name":"Comment","target":["https:\/\/www.africa-press.net\/cameroun\/politique\/nouveau-gouverneur-a-la-beac-la-conference-des-chefs-detat-annoncee-demain#respond"]}]},{"@type":"WebPage","@id":"https:\/\/www.africa-press.net\/cameroun\/politique\/nouveau-gouverneur-a-la-beac-la-conference-des-chefs-detat-annoncee-demain","url":"https:\/\/www.africa-press.net\/cameroun\/politique\/nouveau-gouverneur-a-la-beac-la-conference-des-chefs-detat-annoncee-demain","name":"Nouveau Gouverneur \u00e0 la BEAC : la Conf\u00e9rence des Chefs D\u2019Etat Annonc\u00e9e Demain - Cameroun","isPartOf":{"@id":"https:\/\/www.africa-press.net\/cameroun\/#website"},"primaryImageOfPage":{"@id":"https:\/\/www.africa-press.net\/cameroun\/politique\/nouveau-gouverneur-a-la-beac-la-conference-des-chefs-detat-annoncee-demain#primaryimage"},"image":{"@id":"https:\/\/www.africa-press.net\/cameroun\/politique\/nouveau-gouverneur-a-la-beac-la-conference-des-chefs-detat-annoncee-demain#primaryimage"},"thumbnailUrl":"https:\/\/static.africa-press.net\/cameroun\/sites\/57\/2024\/02\/sm_1707384582.879823.jpg","datePublished":"2024-02-08T12:46:02+00:00","dateModified":"2024-02-08T13:01:16+00:00","author":{"@id":"https:\/\/www.africa-press.net\/cameroun\/#\/schema\/person\/2b1cf3cd81a31e3cd26889ca66d677f1"},"description":"Suivant le principe de rotation, Abbas Tolli sera remplace\u0301 par un ressortissant de la Re\u0301publique Centrafricaine.&lt;\/b ...","breadcrumb":{"@id":"https:\/\/www.africa-press.net\/cameroun\/politique\/nouveau-gouverneur-a-la-beac-la-conference-des-chefs-detat-annoncee-demain#breadcrumb"},"inLanguage":"fr-FR","potentialAction":[{"@type":"ReadAction","target":["https:\/\/www.africa-press.net\/cameroun\/politique\/nouveau-gouverneur-a-la-beac-la-conference-des-chefs-detat-annoncee-demain"]}]},{"@type":"ImageObject","inLanguage":"fr-FR","@id":"https:\/\/www.africa-press.net\/cameroun\/politique\/nouveau-gouverneur-a-la-beac-la-conference-des-chefs-detat-annoncee-demain#primaryimage","url":"https:\/\/static.africa-press.net\/cameroun\/sites\/57\/2024\/02\/sm_1707384582.879823.jpg","contentUrl":"https:\/\/static.africa-press.net\/cameroun\/sites\/57\/2024\/02\/sm_1707384582.879823.jpg","width":780,"height":440,"caption":"Nouveau Gouverneur \u00e0 la BEAC : la Conf\u00e9rence des Chefs D\u2019Etat Annonc\u00e9e Demain"},{"@type":"BreadcrumbList","@id":"https:\/\/www.africa-press.net\/cameroun\/politique\/nouveau-gouverneur-a-la-beac-la-conference-des-chefs-detat-annoncee-demain#breadcrumb","itemListElement":[{"@type":"ListItem","position":1,"name":"Accueil","item":"https:\/\/www.africa-press.net\/cameroun\/"},{"@type":"ListItem","position":2,"name":"Nouveau Gouverneur \u00e0 la BEAC : la Conf\u00e9rence des Chefs D\u2019Etat Annonc\u00e9e Demain"}]},{"@type":"WebSite","@id":"https:\/\/www.africa-press.net\/cameroun\/#website","url":"https:\/\/www.africa-press.net\/cameroun\/","name":"Cameroun","description":"Just another Africa News Agency Sites site","potentialAction":[{"@type":"SearchAction","target":{"@type":"EntryPoint","urlTemplate":"https:\/\/www.africa-press.net\/cameroun\/?s={search_term_string}"},"query-input":{"@type":"PropertyValueSpecification","valueRequired":true,"valueName":"search_term_string"}}],"inLanguage":"fr-FR"},{"@type":"Person","@id":"https:\/\/www.africa-press.net\/cameroun\/#\/schema\/person\/2b1cf3cd81a31e3cd26889ca66d677f1","name":"cfeditorfr"}]}},"_links":{"self":[{"href":"https:\/\/www.africa-press.net\/cameroun\/wp-json\/wp\/v2\/posts\/61173","targetHints":{"allow":["GET"]}}],"collection":[{"href":"https:\/\/www.africa-press.net\/cameroun\/wp-json\/wp\/v2\/posts"}],"about":[{"href":"https:\/\/www.africa-press.net\/cameroun\/wp-json\/wp\/v2\/types\/post"}],"author":[{"embeddable":true,"href":"https:\/\/www.africa-press.net\/cameroun\/wp-json\/wp\/v2\/users\/82"}],"replies":[{"embeddable":true,"href":"https:\/\/www.africa-press.net\/cameroun\/wp-json\/wp\/v2\/comments?post=61173"}],"version-history":[{"count":0,"href":"https:\/\/www.africa-press.net\/cameroun\/wp-json\/wp\/v2\/posts\/61173\/revisions"}],"wp:featuredmedia":[{"embeddable":true,"href":"https:\/\/www.africa-press.net\/cameroun\/wp-json\/wp\/v2\/media\/61172"}],"wp:attachment":[{"href":"https:\/\/www.africa-press.net\/cameroun\/wp-json\/wp\/v2\/media?parent=61173"}],"wp:term":[{"taxonomy":"category","embeddable":true,"href":"https:\/\/www.africa-press.net\/cameroun\/wp-json\/wp\/v2\/categories?post=61173"},{"taxonomy":"post_tag","embeddable":true,"href":"https:\/\/www.africa-press.net\/cameroun\/wp-json\/wp\/v2\/tags?post=61173"}],"curies":[{"name":"wp","href":"https:\/\/api.w.org\/{rel}","templated":true}]}}