{"id":61180,"date":"2024-02-08T12:46:45","date_gmt":"2024-02-08T12:46:45","guid":{"rendered":"https:\/\/www.africa-press.net\/cameroun\/politique\/les-defis-qui-attendent-olivier-baman-a-la-tete-dalios-finance"},"modified":"2024-02-08T13:03:23","modified_gmt":"2024-02-08T13:03:23","slug":"les-defis-qui-attendent-olivier-baman-a-la-tete-dalios-finance","status":"publish","type":"post","link":"https:\/\/www.africa-press.net\/cameroun\/politique\/les-defis-qui-attendent-olivier-baman-a-la-tete-dalios-finance","title":{"rendered":"Les De\u0301fis qui Attendent Olivier Baman A\u0300 la Te\u0302Te D\u2019Alios Finance"},"content":{"rendered":"<p><span style=\"color: #ff6600\"><strong>Africa-Press &#8211; Cameroun. <\/strong><\/span><b>Olivier Baman jusqu\u2019alors directeur ge\u0301ne\u0301ral adjoint (DGA) d\u2019Alios Finance Cameroun est le nouveau directeur ge\u0301ne\u0301ral (DG) de la filiale camerounaise de Cre\u0301dit d\u2019Afrique Groupe.<\/b><\/p>\n<p>Alios Finance Cameroun a un nouveau Directeur Ge\u0301ne\u0301ral. Il s\u2019agit d\u2019Olivier Baman qui e\u0301tait jusqu\u2019alors l\u2019adjoint du poste suscite\u0301. Il remplace a\u0300 ce poste Georges James Ndzutue Fotso qui a e\u0301galement occupe\u0301 le poste de DGA de cet e\u0301tablissement de cre\u0301dit-bail en 2017 avant d\u2019en devenir le DG quelques mois plus tard.<\/p>\n<p><b>Les de\u0301fis<\/b><\/p>\n<p>Entre autres missions qui attendent <b>le nouveau promu <\/b>a\u0300 la te\u0302te de Alios Finance Cameroun, il y a le plan de de\u0301veloppement 2021-2025 adopte\u0301 par la banque. Ce plan vise a\u0300 renforcer la compe\u0301titivite\u0301 de l\u2019offre et la prise de risque chez Alios Finance Cameroun, pour consolider son leadership sectoriel.<\/p>\n<p>Les orientations strate\u0301giques cle\u0301s de ce plan de de\u0301veloppement 2021-2025, sont entre autres, la consolidation du de\u0301veloppement commercial ; la diversification des sources de refinancement ; la valorisation du capital humain ; l\u2019organisation et la qualite\u0301 de service, tout comme le renforcement de la politique de risque. Pour ses objectifs fixe\u0301s dans ce plan de de\u0301veloppement, Alios Finance Cameroun dit cibler les entreprises en activite\u0301 depuis au moins un an ; les secteurs d\u2019activite\u0301 porteurs, tout en comptant sur la bonne moralite\u0301 des promoteurs et les fondamentaux solides.<\/p>\n<p><b>Qui est l\u2019homme ?<\/b><\/p>\n<p>Baman a de\u0301marre\u0301 sa carrie\u0300re au sein d\u2019Alios Finance en 2005 et a occupe\u0301 depuis lors diffe\u0301rentes fonctions sur le pe\u0301rime\u0300tre du de\u0301veloppement commercial et du marketing. Avant de rejoindre Alios Finance, Olivier Baman avait travaille\u0301 dans les secteurs de la grande distribution et de la micro-finance au Cameroun.<\/p>\n<p>Le cursus acade\u0301mique du nouveau DG d\u2019Alios Finance Cameroun indique qu\u2019il est diplo\u0302me\u0301 en gestion des entreprises et administrations de l\u2019Institut universitaire de technologies de l\u2019universite\u0301 de Douala, au Cameroun. Olivier Baman est titulaire d\u2019une certification en finance d\u2019entreprise de l\u2019Association of Chartered Certified Accountants (ACCA) et d\u2019un Master of Business Administration (MBA) en marketing de l\u2019Edinburgh Business School (Heriot Watt University), tous obtenus au Royaume Uni. L\u2019ancien directeur commercial d\u2019Alios Finance Cameroun a e\u0301te\u0301 nomme\u0301 DGA de cette institution financie\u0300re en juin 2019.<\/p>\n<p><strong>Pour plus d&rsquo;informations et d&rsquo;analyses sur la <a href=\"https:\/\/www.africa-press.net\/cameroun\">Cameroun<\/a>, suivez <a href=\"https:\/\/www.africa-press.net\/\">Africa-Press<\/a><\/strong><\/p>\n","protected":false},"excerpt":{"rendered":"<p>Africa-Press &#8211; Cameroun. Olivier Baman jusqu\u2019alors directeur ge\u0301ne\u0301ral adjoint (DGA) d\u2019Alios Finance Cameroun est le nouveau directeur ge\u0301ne\u0301ral (DG) de la filiale camerounaise de Cre\u0301dit d\u2019Afrique Groupe. Alios Finance Cameroun a un nouveau Directeur Ge\u0301ne\u0301ral. Il s\u2019agit d\u2019Olivier Baman qui e\u0301tait jusqu\u2019alors l\u2019adjoint du poste suscite\u0301. Il remplace a\u0300 ce poste Georges James Ndzutue Fotso [&hellip;]<\/p>\n","protected":false},"author":82,"featured_media":61179,"comment_status":"open","ping_status":"closed","sticky":false,"template":"","format":"standard","meta":{"footnotes":""},"categories":[2,10],"tags":[36,50,49],"class_list":["post-61180","post","type-post","status-publish","format-standard","has-post-thumbnail","hentry","category-politique","category-toutes-les-actualites","tag-africa-press","tag-africa-press-cameroun","tag-cameroun"],"yoast_head":"<!-- This site is optimized with the Yoast SEO Premium plugin v26.1 (Yoast SEO v27.0) - https:\/\/yoast.com\/product\/yoast-seo-premium-wordpress\/ -->\n<title>Les De\u0301fis qui Attendent Olivier Baman A\u0300 la Te\u0302Te D\u2019Alios Finance - Cameroun<\/title>\n<meta name=\"description\" content=\"Olivier Baman jusqu\u2019alors directeur ge\u0301ne\u0301ral adjoint (DGA) d\u2019Alios Finance Cameroun est le nouveau directeur ge\u0301ne\u0301r ...\" \/>\n<meta name=\"robots\" content=\"index, follow, max-snippet:-1, max-image-preview:large, max-video-preview:-1\" \/>\n<link rel=\"canonical\" href=\"https:\/\/www.africa-press.net\/cameroun\/politique\/les-defis-qui-attendent-olivier-baman-a-la-tete-dalios-finance\" \/>\n<meta property=\"og:locale\" content=\"fr_FR\" \/>\n<meta property=\"og:type\" content=\"article\" \/>\n<meta property=\"og:title\" content=\"Les De\u0301fis qui Attendent Olivier Baman A\u0300 la Te\u0302Te D\u2019Alios Finance\" \/>\n<meta property=\"og:description\" content=\"Olivier Baman jusqu\u2019alors directeur ge\u0301ne\u0301ral adjoint (DGA) d\u2019Alios Finance Cameroun est le nouveau directeur ge\u0301ne\u0301r ...\" \/>\n<meta property=\"og:url\" content=\"https:\/\/www.africa-press.net\/cameroun\/politique\/les-defis-qui-attendent-olivier-baman-a-la-tete-dalios-finance\" \/>\n<meta property=\"og:site_name\" content=\"Cameroun\" \/>\n<meta property=\"article:published_time\" content=\"2024-02-08T12:46:45+00:00\" \/>\n<meta property=\"article:modified_time\" content=\"2024-02-08T13:03:23+00:00\" \/>\n<meta property=\"og:image\" content=\"https:\/\/static.africa-press.net\/cameroun\/sites\/57\/2024\/02\/sm_1707384690.026415.jpg\" \/>\n\t<meta property=\"og:image:width\" content=\"780\" \/>\n\t<meta property=\"og:image:height\" content=\"440\" \/>\n\t<meta property=\"og:image:type\" content=\"image\/jpeg\" \/>\n<meta name=\"author\" content=\"cfeditorfr\" \/>\n<meta name=\"twitter:card\" content=\"summary_large_image\" \/>\n<meta name=\"twitter:label1\" content=\"\u00c9crit par\" \/>\n\t<meta name=\"twitter:data1\" content=\"cfeditorfr\" \/>\n\t<meta name=\"twitter:label2\" content=\"Dur\u00e9e de lecture estim\u00e9e\" \/>\n\t<meta name=\"twitter:data2\" content=\"2 minutes\" \/>\n<script type=\"application\/ld+json\" class=\"yoast-schema-graph\">{\"@context\":\"https:\/\/schema.org\",\"@graph\":[{\"@type\":\"Article\",\"@id\":\"https:\/\/www.africa-press.net\/cameroun\/politique\/les-defis-qui-attendent-olivier-baman-a-la-tete-dalios-finance#article\",\"isPartOf\":{\"@id\":\"https:\/\/www.africa-press.net\/cameroun\/politique\/les-defis-qui-attendent-olivier-baman-a-la-tete-dalios-finance\"},\"author\":{\"name\":\"cfeditorfr\",\"@id\":\"https:\/\/www.africa-press.net\/cameroun\/#\/schema\/person\/2b1cf3cd81a31e3cd26889ca66d677f1\"},\"headline\":\"Les De\u0301fis qui Attendent Olivier Baman A\u0300 la Te\u0302Te D\u2019Alios Finance\",\"datePublished\":\"2024-02-08T12:46:45+00:00\",\"dateModified\":\"2024-02-08T13:03:23+00:00\",\"mainEntityOfPage\":{\"@id\":\"https:\/\/www.africa-press.net\/cameroun\/politique\/les-defis-qui-attendent-olivier-baman-a-la-tete-dalios-finance\"},\"wordCount\":429,\"commentCount\":0,\"image\":{\"@id\":\"https:\/\/www.africa-press.net\/cameroun\/politique\/les-defis-qui-attendent-olivier-baman-a-la-tete-dalios-finance#primaryimage\"},\"thumbnailUrl\":\"https:\/\/static.africa-press.net\/cameroun\/sites\/57\/2024\/02\/sm_1707384690.026415.jpg\",\"keywords\":[\"Africa Press\",\"Africa Press-Cameroun\",\"Cameroun\"],\"articleSection\":[\"Politique\",\"Toutes les actualit\u00e9s\"],\"inLanguage\":\"fr-FR\",\"potentialAction\":[{\"@type\":\"CommentAction\",\"name\":\"Comment\",\"target\":[\"https:\/\/www.africa-press.net\/cameroun\/politique\/les-defis-qui-attendent-olivier-baman-a-la-tete-dalios-finance#respond\"]}]},{\"@type\":\"WebPage\",\"@id\":\"https:\/\/www.africa-press.net\/cameroun\/politique\/les-defis-qui-attendent-olivier-baman-a-la-tete-dalios-finance\",\"url\":\"https:\/\/www.africa-press.net\/cameroun\/politique\/les-defis-qui-attendent-olivier-baman-a-la-tete-dalios-finance\",\"name\":\"Les De\u0301fis qui Attendent Olivier Baman A\u0300 la Te\u0302Te D\u2019Alios Finance - Cameroun\",\"isPartOf\":{\"@id\":\"https:\/\/www.africa-press.net\/cameroun\/#website\"},\"primaryImageOfPage\":{\"@id\":\"https:\/\/www.africa-press.net\/cameroun\/politique\/les-defis-qui-attendent-olivier-baman-a-la-tete-dalios-finance#primaryimage\"},\"image\":{\"@id\":\"https:\/\/www.africa-press.net\/cameroun\/politique\/les-defis-qui-attendent-olivier-baman-a-la-tete-dalios-finance#primaryimage\"},\"thumbnailUrl\":\"https:\/\/static.africa-press.net\/cameroun\/sites\/57\/2024\/02\/sm_1707384690.026415.jpg\",\"datePublished\":\"2024-02-08T12:46:45+00:00\",\"dateModified\":\"2024-02-08T13:03:23+00:00\",\"author\":{\"@id\":\"https:\/\/www.africa-press.net\/cameroun\/#\/schema\/person\/2b1cf3cd81a31e3cd26889ca66d677f1\"},\"description\":\"Olivier Baman jusqu\u2019alors directeur ge\u0301ne\u0301ral adjoint (DGA) d\u2019Alios Finance Cameroun est le nouveau directeur ge\u0301ne\u0301r ...\",\"breadcrumb\":{\"@id\":\"https:\/\/www.africa-press.net\/cameroun\/politique\/les-defis-qui-attendent-olivier-baman-a-la-tete-dalios-finance#breadcrumb\"},\"inLanguage\":\"fr-FR\",\"potentialAction\":[{\"@type\":\"ReadAction\",\"target\":[\"https:\/\/www.africa-press.net\/cameroun\/politique\/les-defis-qui-attendent-olivier-baman-a-la-tete-dalios-finance\"]}]},{\"@type\":\"ImageObject\",\"inLanguage\":\"fr-FR\",\"@id\":\"https:\/\/www.africa-press.net\/cameroun\/politique\/les-defis-qui-attendent-olivier-baman-a-la-tete-dalios-finance#primaryimage\",\"url\":\"https:\/\/static.africa-press.net\/cameroun\/sites\/57\/2024\/02\/sm_1707384690.026415.jpg\",\"contentUrl\":\"https:\/\/static.africa-press.net\/cameroun\/sites\/57\/2024\/02\/sm_1707384690.026415.jpg\",\"width\":780,\"height\":440,\"caption\":\"Les De\u0301fis qui Attendent Olivier Baman A\u0300 la Te\u0302Te D\u2019Alios Finance\"},{\"@type\":\"BreadcrumbList\",\"@id\":\"https:\/\/www.africa-press.net\/cameroun\/politique\/les-defis-qui-attendent-olivier-baman-a-la-tete-dalios-finance#breadcrumb\",\"itemListElement\":[{\"@type\":\"ListItem\",\"position\":1,\"name\":\"Accueil\",\"item\":\"https:\/\/www.africa-press.net\/cameroun\/\"},{\"@type\":\"ListItem\",\"position\":2,\"name\":\"Les De\u0301fis qui Attendent Olivier Baman A\u0300 la Te\u0302Te D\u2019Alios Finance\"}]},{\"@type\":\"WebSite\",\"@id\":\"https:\/\/www.africa-press.net\/cameroun\/#website\",\"url\":\"https:\/\/www.africa-press.net\/cameroun\/\",\"name\":\"Cameroun\",\"description\":\"Just another Africa News Agency Sites site\",\"potentialAction\":[{\"@type\":\"SearchAction\",\"target\":{\"@type\":\"EntryPoint\",\"urlTemplate\":\"https:\/\/www.africa-press.net\/cameroun\/?s={search_term_string}\"},\"query-input\":{\"@type\":\"PropertyValueSpecification\",\"valueRequired\":true,\"valueName\":\"search_term_string\"}}],\"inLanguage\":\"fr-FR\"},{\"@type\":\"Person\",\"@id\":\"https:\/\/www.africa-press.net\/cameroun\/#\/schema\/person\/2b1cf3cd81a31e3cd26889ca66d677f1\",\"name\":\"cfeditorfr\"}]}<\/script>\n<!-- \/ Yoast SEO Premium plugin. -->","yoast_head_json":{"title":"Les De\u0301fis qui Attendent Olivier Baman A\u0300 la Te\u0302Te D\u2019Alios Finance - Cameroun","description":"Olivier Baman jusqu\u2019alors directeur ge\u0301ne\u0301ral adjoint (DGA) d\u2019Alios Finance Cameroun est le nouveau directeur ge\u0301ne\u0301r ...","robots":{"index":"index","follow":"follow","max-snippet":"max-snippet:-1","max-image-preview":"max-image-preview:large","max-video-preview":"max-video-preview:-1"},"canonical":"https:\/\/www.africa-press.net\/cameroun\/politique\/les-defis-qui-attendent-olivier-baman-a-la-tete-dalios-finance","og_locale":"fr_FR","og_type":"article","og_title":"Les De\u0301fis qui Attendent Olivier Baman A\u0300 la Te\u0302Te D\u2019Alios Finance","og_description":"Olivier Baman jusqu\u2019alors directeur ge\u0301ne\u0301ral adjoint (DGA) d\u2019Alios Finance Cameroun est le nouveau directeur ge\u0301ne\u0301r ...","og_url":"https:\/\/www.africa-press.net\/cameroun\/politique\/les-defis-qui-attendent-olivier-baman-a-la-tete-dalios-finance","og_site_name":"Cameroun","article_published_time":"2024-02-08T12:46:45+00:00","article_modified_time":"2024-02-08T13:03:23+00:00","og_image":[{"width":780,"height":440,"url":"https:\/\/static.africa-press.net\/cameroun\/sites\/57\/2024\/02\/sm_1707384690.026415.jpg","type":"image\/jpeg"}],"author":"cfeditorfr","twitter_card":"summary_large_image","twitter_misc":{"\u00c9crit par":"cfeditorfr","Dur\u00e9e de lecture estim\u00e9e":"2 minutes"},"schema":{"@context":"https:\/\/schema.org","@graph":[{"@type":"Article","@id":"https:\/\/www.africa-press.net\/cameroun\/politique\/les-defis-qui-attendent-olivier-baman-a-la-tete-dalios-finance#article","isPartOf":{"@id":"https:\/\/www.africa-press.net\/cameroun\/politique\/les-defis-qui-attendent-olivier-baman-a-la-tete-dalios-finance"},"author":{"name":"cfeditorfr","@id":"https:\/\/www.africa-press.net\/cameroun\/#\/schema\/person\/2b1cf3cd81a31e3cd26889ca66d677f1"},"headline":"Les De\u0301fis qui Attendent Olivier Baman A\u0300 la Te\u0302Te D\u2019Alios Finance","datePublished":"2024-02-08T12:46:45+00:00","dateModified":"2024-02-08T13:03:23+00:00","mainEntityOfPage":{"@id":"https:\/\/www.africa-press.net\/cameroun\/politique\/les-defis-qui-attendent-olivier-baman-a-la-tete-dalios-finance"},"wordCount":429,"commentCount":0,"image":{"@id":"https:\/\/www.africa-press.net\/cameroun\/politique\/les-defis-qui-attendent-olivier-baman-a-la-tete-dalios-finance#primaryimage"},"thumbnailUrl":"https:\/\/static.africa-press.net\/cameroun\/sites\/57\/2024\/02\/sm_1707384690.026415.jpg","keywords":["Africa Press","Africa Press-Cameroun","Cameroun"],"articleSection":["Politique","Toutes les actualit\u00e9s"],"inLanguage":"fr-FR","potentialAction":[{"@type":"CommentAction","name":"Comment","target":["https:\/\/www.africa-press.net\/cameroun\/politique\/les-defis-qui-attendent-olivier-baman-a-la-tete-dalios-finance#respond"]}]},{"@type":"WebPage","@id":"https:\/\/www.africa-press.net\/cameroun\/politique\/les-defis-qui-attendent-olivier-baman-a-la-tete-dalios-finance","url":"https:\/\/www.africa-press.net\/cameroun\/politique\/les-defis-qui-attendent-olivier-baman-a-la-tete-dalios-finance","name":"Les De\u0301fis qui Attendent Olivier Baman A\u0300 la Te\u0302Te D\u2019Alios Finance - Cameroun","isPartOf":{"@id":"https:\/\/www.africa-press.net\/cameroun\/#website"},"primaryImageOfPage":{"@id":"https:\/\/www.africa-press.net\/cameroun\/politique\/les-defis-qui-attendent-olivier-baman-a-la-tete-dalios-finance#primaryimage"},"image":{"@id":"https:\/\/www.africa-press.net\/cameroun\/politique\/les-defis-qui-attendent-olivier-baman-a-la-tete-dalios-finance#primaryimage"},"thumbnailUrl":"https:\/\/static.africa-press.net\/cameroun\/sites\/57\/2024\/02\/sm_1707384690.026415.jpg","datePublished":"2024-02-08T12:46:45+00:00","dateModified":"2024-02-08T13:03:23+00:00","author":{"@id":"https:\/\/www.africa-press.net\/cameroun\/#\/schema\/person\/2b1cf3cd81a31e3cd26889ca66d677f1"},"description":"Olivier Baman jusqu\u2019alors directeur ge\u0301ne\u0301ral adjoint (DGA) d\u2019Alios Finance Cameroun est le nouveau directeur ge\u0301ne\u0301r ...","breadcrumb":{"@id":"https:\/\/www.africa-press.net\/cameroun\/politique\/les-defis-qui-attendent-olivier-baman-a-la-tete-dalios-finance#breadcrumb"},"inLanguage":"fr-FR","potentialAction":[{"@type":"ReadAction","target":["https:\/\/www.africa-press.net\/cameroun\/politique\/les-defis-qui-attendent-olivier-baman-a-la-tete-dalios-finance"]}]},{"@type":"ImageObject","inLanguage":"fr-FR","@id":"https:\/\/www.africa-press.net\/cameroun\/politique\/les-defis-qui-attendent-olivier-baman-a-la-tete-dalios-finance#primaryimage","url":"https:\/\/static.africa-press.net\/cameroun\/sites\/57\/2024\/02\/sm_1707384690.026415.jpg","contentUrl":"https:\/\/static.africa-press.net\/cameroun\/sites\/57\/2024\/02\/sm_1707384690.026415.jpg","width":780,"height":440,"caption":"Les De\u0301fis qui Attendent Olivier Baman A\u0300 la Te\u0302Te D\u2019Alios Finance"},{"@type":"BreadcrumbList","@id":"https:\/\/www.africa-press.net\/cameroun\/politique\/les-defis-qui-attendent-olivier-baman-a-la-tete-dalios-finance#breadcrumb","itemListElement":[{"@type":"ListItem","position":1,"name":"Accueil","item":"https:\/\/www.africa-press.net\/cameroun\/"},{"@type":"ListItem","position":2,"name":"Les De\u0301fis qui Attendent Olivier Baman A\u0300 la Te\u0302Te D\u2019Alios Finance"}]},{"@type":"WebSite","@id":"https:\/\/www.africa-press.net\/cameroun\/#website","url":"https:\/\/www.africa-press.net\/cameroun\/","name":"Cameroun","description":"Just another Africa News Agency Sites site","potentialAction":[{"@type":"SearchAction","target":{"@type":"EntryPoint","urlTemplate":"https:\/\/www.africa-press.net\/cameroun\/?s={search_term_string}"},"query-input":{"@type":"PropertyValueSpecification","valueRequired":true,"valueName":"search_term_string"}}],"inLanguage":"fr-FR"},{"@type":"Person","@id":"https:\/\/www.africa-press.net\/cameroun\/#\/schema\/person\/2b1cf3cd81a31e3cd26889ca66d677f1","name":"cfeditorfr"}]}},"_links":{"self":[{"href":"https:\/\/www.africa-press.net\/cameroun\/wp-json\/wp\/v2\/posts\/61180","targetHints":{"allow":["GET"]}}],"collection":[{"href":"https:\/\/www.africa-press.net\/cameroun\/wp-json\/wp\/v2\/posts"}],"about":[{"href":"https:\/\/www.africa-press.net\/cameroun\/wp-json\/wp\/v2\/types\/post"}],"author":[{"embeddable":true,"href":"https:\/\/www.africa-press.net\/cameroun\/wp-json\/wp\/v2\/users\/82"}],"replies":[{"embeddable":true,"href":"https:\/\/www.africa-press.net\/cameroun\/wp-json\/wp\/v2\/comments?post=61180"}],"version-history":[{"count":0,"href":"https:\/\/www.africa-press.net\/cameroun\/wp-json\/wp\/v2\/posts\/61180\/revisions"}],"wp:featuredmedia":[{"embeddable":true,"href":"https:\/\/www.africa-press.net\/cameroun\/wp-json\/wp\/v2\/media\/61179"}],"wp:attachment":[{"href":"https:\/\/www.africa-press.net\/cameroun\/wp-json\/wp\/v2\/media?parent=61180"}],"wp:term":[{"taxonomy":"category","embeddable":true,"href":"https:\/\/www.africa-press.net\/cameroun\/wp-json\/wp\/v2\/categories?post=61180"},{"taxonomy":"post_tag","embeddable":true,"href":"https:\/\/www.africa-press.net\/cameroun\/wp-json\/wp\/v2\/tags?post=61180"}],"curies":[{"name":"wp","href":"https:\/\/api.w.org\/{rel}","templated":true}]}}