{"id":61183,"date":"2024-02-08T12:46:59","date_gmt":"2024-02-08T12:46:59","guid":{"rendered":"https:\/\/www.africa-press.net\/cameroun\/politique\/cameroun-fete-de-la-jeunesse-les-parlementaires-jeunes-en-formation-a-yaounde"},"modified":"2024-02-08T13:04:01","modified_gmt":"2024-02-08T13:04:01","slug":"cameroun-fete-de-la-jeunesse-les-parlementaires-jeunes-en-formation-a-yaounde","status":"publish","type":"post","link":"https:\/\/www.africa-press.net\/cameroun\/politique\/cameroun-fete-de-la-jeunesse-les-parlementaires-jeunes-en-formation-a-yaounde","title":{"rendered":"Cameroun-f\u00eate de la Jeunesse : les Parlementaires Jeunes en Formation \u00e0 Yaound\u00e9"},"content":{"rendered":"<p><span style=\"color: #ff6600\"><strong>Africa-Press &#8211; Cameroun. <\/strong><\/span><b>Le ministre de la Jeunesse et de l\u2019Education civique, Mounouna Foutsou, a ouvert la session de formation de deux jours le mercredi 07 fe\u0301vrier au Muse\u0301e national.<\/b><\/p>\n<p>Les parlementaires jeunes du Cameroun suivent depuis mercredi dernier une formation en re\u0301armement civil, moral et entrepreneurial au Muse\u0301e national a\u0300 Yaounde\u0301. La session de formation re\u0301unit les 180 de\u0301pute\u0301s juniors et les 100 se\u0301nateurs jeunes. Elle pre\u0301pare les jeunes a\u0300 une meilleure participation au de\u0301veloppement local et a\u0300 la promotion de la paix. Car, pour la pre\u0301sidente du Conseil national de la jeunesse du Cameroun, Fadimatou Iyawa, \u00ab il est impe\u0301rieux que nous les jeunes nous fassions entendre nos voix et participions, car ce pays se construit avec nous \u00bb.<\/p>\n<p>Cette session a pour objectif de \u00ab de\u0301velopper l\u2019esprit patriotique et civique en ces parlementaires jeunes et a\u0300 les outiller sur leur ro\u0302le au sein de leurs communaute\u0301s en tant qu\u2019agents de relai de la bonne information aupre\u0300s de leurs conge\u0301ne\u0300res \u00bb, pre\u0301cise le ministre de la Jeunesse et de l\u2019Education civique, Mounouna Foutsou.<\/p>\n<p>Les jeunes repre\u0301sentants des communaute\u0301s rec\u0327oivent depuis hier des enseignements qu\u2019ils iront transmettre a\u0300 leur retour. \u00ab C\u2019est lorsque vous rentrerez que votre travail de parlementaires jeunes va de\u0301buter. Nous allons vous e\u0301valuer jusqu\u2019a\u0300 la fin de votre mandat \u00bb, a de\u0301clare\u0301 Joshua Osih, coordonnateur du re\u0301seau des parlementaires Espe\u0301rance jeunesse a\u0300 l\u2019Assemble\u0301e nationale.<\/p>\n<p>La session de Re\u0301amorce en cours s\u2019inscrit dans le cadre de la tenue de la session parlementaire jeune. Celle-ci se de\u0301roule dans le cadre des activite\u0301s de la onzaine de la jeunesse en pre\u0301lude a\u0300 la 48e\u0300 e\u0301dition de la fe\u0302te de la jeunesse qui aura lieu le 11 fe\u0301vrier 2024. Le gouvernement a de\u0301voile\u0301 <b>the\u0300me de l\u2019e\u0301dition 2024<\/b> il y a quelque temps.<\/p>\n<p><strong>Pour plus d&rsquo;informations et d&rsquo;analyses sur la <a href=\"https:\/\/www.africa-press.net\/cameroun\">Cameroun<\/a>, suivez <a href=\"https:\/\/www.africa-press.net\/\">Africa-Press<\/a><\/strong><\/p>\n","protected":false},"excerpt":{"rendered":"<p>Africa-Press &#8211; Cameroun. Le ministre de la Jeunesse et de l\u2019Education civique, Mounouna Foutsou, a ouvert la session de formation de deux jours le mercredi 07 fe\u0301vrier au Muse\u0301e national. Les parlementaires jeunes du Cameroun suivent depuis mercredi dernier une formation en re\u0301armement civil, moral et entrepreneurial au Muse\u0301e national a\u0300 Yaounde\u0301. La session de [&hellip;]<\/p>\n","protected":false},"author":82,"featured_media":61182,"comment_status":"open","ping_status":"closed","sticky":false,"template":"","format":"standard","meta":{"footnotes":""},"categories":[2,10],"tags":[36,50,49],"class_list":["post-61183","post","type-post","status-publish","format-standard","has-post-thumbnail","hentry","category-politique","category-toutes-les-actualites","tag-africa-press","tag-africa-press-cameroun","tag-cameroun"],"yoast_head":"<!-- This site is optimized with the Yoast SEO Premium plugin v26.1 (Yoast SEO v27.0) - https:\/\/yoast.com\/product\/yoast-seo-premium-wordpress\/ -->\n<title>Cameroun-f\u00eate de la Jeunesse : les Parlementaires Jeunes en Formation \u00e0 Yaound\u00e9 - Cameroun<\/title>\n<meta name=\"description\" content=\"Le ministre de la Jeunesse et de l\u2019Education civique, Mounouna Foutsou, a ouvert la session de formation de deux jour ...\" \/>\n<meta name=\"robots\" content=\"index, follow, max-snippet:-1, max-image-preview:large, max-video-preview:-1\" \/>\n<link rel=\"canonical\" href=\"https:\/\/www.africa-press.net\/cameroun\/politique\/cameroun-fete-de-la-jeunesse-les-parlementaires-jeunes-en-formation-a-yaounde\" \/>\n<meta property=\"og:locale\" content=\"fr_FR\" \/>\n<meta property=\"og:type\" content=\"article\" \/>\n<meta property=\"og:title\" content=\"Cameroun-f\u00eate de la Jeunesse : les Parlementaires Jeunes en Formation \u00e0 Yaound\u00e9\" \/>\n<meta property=\"og:description\" content=\"Le ministre de la Jeunesse et de l\u2019Education civique, Mounouna Foutsou, a ouvert la session de formation de deux jour ...\" \/>\n<meta property=\"og:url\" content=\"https:\/\/www.africa-press.net\/cameroun\/politique\/cameroun-fete-de-la-jeunesse-les-parlementaires-jeunes-en-formation-a-yaounde\" \/>\n<meta property=\"og:site_name\" content=\"Cameroun\" \/>\n<meta property=\"article:published_time\" content=\"2024-02-08T12:46:59+00:00\" \/>\n<meta property=\"article:modified_time\" content=\"2024-02-08T13:04:01+00:00\" \/>\n<meta property=\"og:image\" content=\"https:\/\/static.africa-press.net\/cameroun\/sites\/57\/2024\/02\/sm_1707384732.704385.jpg\" \/>\n\t<meta property=\"og:image:width\" content=\"780\" \/>\n\t<meta property=\"og:image:height\" content=\"440\" \/>\n\t<meta property=\"og:image:type\" content=\"image\/jpeg\" \/>\n<meta name=\"author\" content=\"cfeditorfr\" \/>\n<meta name=\"twitter:card\" content=\"summary_large_image\" \/>\n<meta name=\"twitter:label1\" content=\"\u00c9crit par\" \/>\n\t<meta name=\"twitter:data1\" content=\"cfeditorfr\" \/>\n\t<meta name=\"twitter:label2\" content=\"Dur\u00e9e de lecture estim\u00e9e\" \/>\n\t<meta name=\"twitter:data2\" content=\"2 minutes\" \/>\n<script type=\"application\/ld+json\" class=\"yoast-schema-graph\">{\"@context\":\"https:\/\/schema.org\",\"@graph\":[{\"@type\":\"Article\",\"@id\":\"https:\/\/www.africa-press.net\/cameroun\/politique\/cameroun-fete-de-la-jeunesse-les-parlementaires-jeunes-en-formation-a-yaounde#article\",\"isPartOf\":{\"@id\":\"https:\/\/www.africa-press.net\/cameroun\/politique\/cameroun-fete-de-la-jeunesse-les-parlementaires-jeunes-en-formation-a-yaounde\"},\"author\":{\"name\":\"cfeditorfr\",\"@id\":\"https:\/\/www.africa-press.net\/cameroun\/#\/schema\/person\/2b1cf3cd81a31e3cd26889ca66d677f1\"},\"headline\":\"Cameroun-f\u00eate de la Jeunesse : les Parlementaires Jeunes en Formation \u00e0 Yaound\u00e9\",\"datePublished\":\"2024-02-08T12:46:59+00:00\",\"dateModified\":\"2024-02-08T13:04:01+00:00\",\"mainEntityOfPage\":{\"@id\":\"https:\/\/www.africa-press.net\/cameroun\/politique\/cameroun-fete-de-la-jeunesse-les-parlementaires-jeunes-en-formation-a-yaounde\"},\"wordCount\":352,\"commentCount\":0,\"image\":{\"@id\":\"https:\/\/www.africa-press.net\/cameroun\/politique\/cameroun-fete-de-la-jeunesse-les-parlementaires-jeunes-en-formation-a-yaounde#primaryimage\"},\"thumbnailUrl\":\"https:\/\/static.africa-press.net\/cameroun\/sites\/57\/2024\/02\/sm_1707384732.704385.jpg\",\"keywords\":[\"Africa Press\",\"Africa Press-Cameroun\",\"Cameroun\"],\"articleSection\":[\"Politique\",\"Toutes les actualit\u00e9s\"],\"inLanguage\":\"fr-FR\",\"potentialAction\":[{\"@type\":\"CommentAction\",\"name\":\"Comment\",\"target\":[\"https:\/\/www.africa-press.net\/cameroun\/politique\/cameroun-fete-de-la-jeunesse-les-parlementaires-jeunes-en-formation-a-yaounde#respond\"]}]},{\"@type\":\"WebPage\",\"@id\":\"https:\/\/www.africa-press.net\/cameroun\/politique\/cameroun-fete-de-la-jeunesse-les-parlementaires-jeunes-en-formation-a-yaounde\",\"url\":\"https:\/\/www.africa-press.net\/cameroun\/politique\/cameroun-fete-de-la-jeunesse-les-parlementaires-jeunes-en-formation-a-yaounde\",\"name\":\"Cameroun-f\u00eate de la Jeunesse : les Parlementaires Jeunes en Formation \u00e0 Yaound\u00e9 - Cameroun\",\"isPartOf\":{\"@id\":\"https:\/\/www.africa-press.net\/cameroun\/#website\"},\"primaryImageOfPage\":{\"@id\":\"https:\/\/www.africa-press.net\/cameroun\/politique\/cameroun-fete-de-la-jeunesse-les-parlementaires-jeunes-en-formation-a-yaounde#primaryimage\"},\"image\":{\"@id\":\"https:\/\/www.africa-press.net\/cameroun\/politique\/cameroun-fete-de-la-jeunesse-les-parlementaires-jeunes-en-formation-a-yaounde#primaryimage\"},\"thumbnailUrl\":\"https:\/\/static.africa-press.net\/cameroun\/sites\/57\/2024\/02\/sm_1707384732.704385.jpg\",\"datePublished\":\"2024-02-08T12:46:59+00:00\",\"dateModified\":\"2024-02-08T13:04:01+00:00\",\"author\":{\"@id\":\"https:\/\/www.africa-press.net\/cameroun\/#\/schema\/person\/2b1cf3cd81a31e3cd26889ca66d677f1\"},\"description\":\"Le ministre de la Jeunesse et de l\u2019Education civique, Mounouna Foutsou, a ouvert la session de formation de deux jour ...\",\"breadcrumb\":{\"@id\":\"https:\/\/www.africa-press.net\/cameroun\/politique\/cameroun-fete-de-la-jeunesse-les-parlementaires-jeunes-en-formation-a-yaounde#breadcrumb\"},\"inLanguage\":\"fr-FR\",\"potentialAction\":[{\"@type\":\"ReadAction\",\"target\":[\"https:\/\/www.africa-press.net\/cameroun\/politique\/cameroun-fete-de-la-jeunesse-les-parlementaires-jeunes-en-formation-a-yaounde\"]}]},{\"@type\":\"ImageObject\",\"inLanguage\":\"fr-FR\",\"@id\":\"https:\/\/www.africa-press.net\/cameroun\/politique\/cameroun-fete-de-la-jeunesse-les-parlementaires-jeunes-en-formation-a-yaounde#primaryimage\",\"url\":\"https:\/\/static.africa-press.net\/cameroun\/sites\/57\/2024\/02\/sm_1707384732.704385.jpg\",\"contentUrl\":\"https:\/\/static.africa-press.net\/cameroun\/sites\/57\/2024\/02\/sm_1707384732.704385.jpg\",\"width\":780,\"height\":440,\"caption\":\"Cameroun-f\u00eate de la Jeunesse : les Parlementaires Jeunes en Formation \u00e0 Yaound\u00e9\"},{\"@type\":\"BreadcrumbList\",\"@id\":\"https:\/\/www.africa-press.net\/cameroun\/politique\/cameroun-fete-de-la-jeunesse-les-parlementaires-jeunes-en-formation-a-yaounde#breadcrumb\",\"itemListElement\":[{\"@type\":\"ListItem\",\"position\":1,\"name\":\"Accueil\",\"item\":\"https:\/\/www.africa-press.net\/cameroun\/\"},{\"@type\":\"ListItem\",\"position\":2,\"name\":\"Cameroun-f\u00eate de la Jeunesse : les Parlementaires Jeunes en Formation \u00e0 Yaound\u00e9\"}]},{\"@type\":\"WebSite\",\"@id\":\"https:\/\/www.africa-press.net\/cameroun\/#website\",\"url\":\"https:\/\/www.africa-press.net\/cameroun\/\",\"name\":\"Cameroun\",\"description\":\"Just another Africa News Agency Sites site\",\"potentialAction\":[{\"@type\":\"SearchAction\",\"target\":{\"@type\":\"EntryPoint\",\"urlTemplate\":\"https:\/\/www.africa-press.net\/cameroun\/?s={search_term_string}\"},\"query-input\":{\"@type\":\"PropertyValueSpecification\",\"valueRequired\":true,\"valueName\":\"search_term_string\"}}],\"inLanguage\":\"fr-FR\"},{\"@type\":\"Person\",\"@id\":\"https:\/\/www.africa-press.net\/cameroun\/#\/schema\/person\/2b1cf3cd81a31e3cd26889ca66d677f1\",\"name\":\"cfeditorfr\"}]}<\/script>\n<!-- \/ Yoast SEO Premium plugin. -->","yoast_head_json":{"title":"Cameroun-f\u00eate de la Jeunesse : les Parlementaires Jeunes en Formation \u00e0 Yaound\u00e9 - Cameroun","description":"Le ministre de la Jeunesse et de l\u2019Education civique, Mounouna Foutsou, a ouvert la session de formation de deux jour ...","robots":{"index":"index","follow":"follow","max-snippet":"max-snippet:-1","max-image-preview":"max-image-preview:large","max-video-preview":"max-video-preview:-1"},"canonical":"https:\/\/www.africa-press.net\/cameroun\/politique\/cameroun-fete-de-la-jeunesse-les-parlementaires-jeunes-en-formation-a-yaounde","og_locale":"fr_FR","og_type":"article","og_title":"Cameroun-f\u00eate de la Jeunesse : les Parlementaires Jeunes en Formation \u00e0 Yaound\u00e9","og_description":"Le ministre de la Jeunesse et de l\u2019Education civique, Mounouna Foutsou, a ouvert la session de formation de deux jour ...","og_url":"https:\/\/www.africa-press.net\/cameroun\/politique\/cameroun-fete-de-la-jeunesse-les-parlementaires-jeunes-en-formation-a-yaounde","og_site_name":"Cameroun","article_published_time":"2024-02-08T12:46:59+00:00","article_modified_time":"2024-02-08T13:04:01+00:00","og_image":[{"width":780,"height":440,"url":"https:\/\/static.africa-press.net\/cameroun\/sites\/57\/2024\/02\/sm_1707384732.704385.jpg","type":"image\/jpeg"}],"author":"cfeditorfr","twitter_card":"summary_large_image","twitter_misc":{"\u00c9crit par":"cfeditorfr","Dur\u00e9e de lecture estim\u00e9e":"2 minutes"},"schema":{"@context":"https:\/\/schema.org","@graph":[{"@type":"Article","@id":"https:\/\/www.africa-press.net\/cameroun\/politique\/cameroun-fete-de-la-jeunesse-les-parlementaires-jeunes-en-formation-a-yaounde#article","isPartOf":{"@id":"https:\/\/www.africa-press.net\/cameroun\/politique\/cameroun-fete-de-la-jeunesse-les-parlementaires-jeunes-en-formation-a-yaounde"},"author":{"name":"cfeditorfr","@id":"https:\/\/www.africa-press.net\/cameroun\/#\/schema\/person\/2b1cf3cd81a31e3cd26889ca66d677f1"},"headline":"Cameroun-f\u00eate de la Jeunesse : les Parlementaires Jeunes en Formation \u00e0 Yaound\u00e9","datePublished":"2024-02-08T12:46:59+00:00","dateModified":"2024-02-08T13:04:01+00:00","mainEntityOfPage":{"@id":"https:\/\/www.africa-press.net\/cameroun\/politique\/cameroun-fete-de-la-jeunesse-les-parlementaires-jeunes-en-formation-a-yaounde"},"wordCount":352,"commentCount":0,"image":{"@id":"https:\/\/www.africa-press.net\/cameroun\/politique\/cameroun-fete-de-la-jeunesse-les-parlementaires-jeunes-en-formation-a-yaounde#primaryimage"},"thumbnailUrl":"https:\/\/static.africa-press.net\/cameroun\/sites\/57\/2024\/02\/sm_1707384732.704385.jpg","keywords":["Africa Press","Africa Press-Cameroun","Cameroun"],"articleSection":["Politique","Toutes les actualit\u00e9s"],"inLanguage":"fr-FR","potentialAction":[{"@type":"CommentAction","name":"Comment","target":["https:\/\/www.africa-press.net\/cameroun\/politique\/cameroun-fete-de-la-jeunesse-les-parlementaires-jeunes-en-formation-a-yaounde#respond"]}]},{"@type":"WebPage","@id":"https:\/\/www.africa-press.net\/cameroun\/politique\/cameroun-fete-de-la-jeunesse-les-parlementaires-jeunes-en-formation-a-yaounde","url":"https:\/\/www.africa-press.net\/cameroun\/politique\/cameroun-fete-de-la-jeunesse-les-parlementaires-jeunes-en-formation-a-yaounde","name":"Cameroun-f\u00eate de la Jeunesse : les Parlementaires Jeunes en Formation \u00e0 Yaound\u00e9 - Cameroun","isPartOf":{"@id":"https:\/\/www.africa-press.net\/cameroun\/#website"},"primaryImageOfPage":{"@id":"https:\/\/www.africa-press.net\/cameroun\/politique\/cameroun-fete-de-la-jeunesse-les-parlementaires-jeunes-en-formation-a-yaounde#primaryimage"},"image":{"@id":"https:\/\/www.africa-press.net\/cameroun\/politique\/cameroun-fete-de-la-jeunesse-les-parlementaires-jeunes-en-formation-a-yaounde#primaryimage"},"thumbnailUrl":"https:\/\/static.africa-press.net\/cameroun\/sites\/57\/2024\/02\/sm_1707384732.704385.jpg","datePublished":"2024-02-08T12:46:59+00:00","dateModified":"2024-02-08T13:04:01+00:00","author":{"@id":"https:\/\/www.africa-press.net\/cameroun\/#\/schema\/person\/2b1cf3cd81a31e3cd26889ca66d677f1"},"description":"Le ministre de la Jeunesse et de l\u2019Education civique, Mounouna Foutsou, a ouvert la session de formation de deux jour ...","breadcrumb":{"@id":"https:\/\/www.africa-press.net\/cameroun\/politique\/cameroun-fete-de-la-jeunesse-les-parlementaires-jeunes-en-formation-a-yaounde#breadcrumb"},"inLanguage":"fr-FR","potentialAction":[{"@type":"ReadAction","target":["https:\/\/www.africa-press.net\/cameroun\/politique\/cameroun-fete-de-la-jeunesse-les-parlementaires-jeunes-en-formation-a-yaounde"]}]},{"@type":"ImageObject","inLanguage":"fr-FR","@id":"https:\/\/www.africa-press.net\/cameroun\/politique\/cameroun-fete-de-la-jeunesse-les-parlementaires-jeunes-en-formation-a-yaounde#primaryimage","url":"https:\/\/static.africa-press.net\/cameroun\/sites\/57\/2024\/02\/sm_1707384732.704385.jpg","contentUrl":"https:\/\/static.africa-press.net\/cameroun\/sites\/57\/2024\/02\/sm_1707384732.704385.jpg","width":780,"height":440,"caption":"Cameroun-f\u00eate de la Jeunesse : les Parlementaires Jeunes en Formation \u00e0 Yaound\u00e9"},{"@type":"BreadcrumbList","@id":"https:\/\/www.africa-press.net\/cameroun\/politique\/cameroun-fete-de-la-jeunesse-les-parlementaires-jeunes-en-formation-a-yaounde#breadcrumb","itemListElement":[{"@type":"ListItem","position":1,"name":"Accueil","item":"https:\/\/www.africa-press.net\/cameroun\/"},{"@type":"ListItem","position":2,"name":"Cameroun-f\u00eate de la Jeunesse : les Parlementaires Jeunes en Formation \u00e0 Yaound\u00e9"}]},{"@type":"WebSite","@id":"https:\/\/www.africa-press.net\/cameroun\/#website","url":"https:\/\/www.africa-press.net\/cameroun\/","name":"Cameroun","description":"Just another Africa News Agency Sites site","potentialAction":[{"@type":"SearchAction","target":{"@type":"EntryPoint","urlTemplate":"https:\/\/www.africa-press.net\/cameroun\/?s={search_term_string}"},"query-input":{"@type":"PropertyValueSpecification","valueRequired":true,"valueName":"search_term_string"}}],"inLanguage":"fr-FR"},{"@type":"Person","@id":"https:\/\/www.africa-press.net\/cameroun\/#\/schema\/person\/2b1cf3cd81a31e3cd26889ca66d677f1","name":"cfeditorfr"}]}},"_links":{"self":[{"href":"https:\/\/www.africa-press.net\/cameroun\/wp-json\/wp\/v2\/posts\/61183","targetHints":{"allow":["GET"]}}],"collection":[{"href":"https:\/\/www.africa-press.net\/cameroun\/wp-json\/wp\/v2\/posts"}],"about":[{"href":"https:\/\/www.africa-press.net\/cameroun\/wp-json\/wp\/v2\/types\/post"}],"author":[{"embeddable":true,"href":"https:\/\/www.africa-press.net\/cameroun\/wp-json\/wp\/v2\/users\/82"}],"replies":[{"embeddable":true,"href":"https:\/\/www.africa-press.net\/cameroun\/wp-json\/wp\/v2\/comments?post=61183"}],"version-history":[{"count":0,"href":"https:\/\/www.africa-press.net\/cameroun\/wp-json\/wp\/v2\/posts\/61183\/revisions"}],"wp:featuredmedia":[{"embeddable":true,"href":"https:\/\/www.africa-press.net\/cameroun\/wp-json\/wp\/v2\/media\/61182"}],"wp:attachment":[{"href":"https:\/\/www.africa-press.net\/cameroun\/wp-json\/wp\/v2\/media?parent=61183"}],"wp:term":[{"taxonomy":"category","embeddable":true,"href":"https:\/\/www.africa-press.net\/cameroun\/wp-json\/wp\/v2\/categories?post=61183"},{"taxonomy":"post_tag","embeddable":true,"href":"https:\/\/www.africa-press.net\/cameroun\/wp-json\/wp\/v2\/tags?post=61183"}],"curies":[{"name":"wp","href":"https:\/\/api.w.org\/{rel}","templated":true}]}}