{"id":61186,"date":"2024-02-08T12:47:06","date_gmt":"2024-02-08T12:47:06","guid":{"rendered":"https:\/\/www.africa-press.net\/cameroun\/politique\/cemac-abbas-tolli-soppose-a-la-vacance-de-poste-du-gouverneur-de-la-beac-exclusif"},"modified":"2024-02-08T13:04:34","modified_gmt":"2024-02-08T13:04:34","slug":"cemac-abbas-tolli-soppose-a-la-vacance-de-poste-du-gouverneur-de-la-beac-exclusif","status":"publish","type":"post","link":"https:\/\/www.africa-press.net\/cameroun\/economie\/cemac-abbas-tolli-soppose-a-la-vacance-de-poste-du-gouverneur-de-la-beac-exclusif","title":{"rendered":"Cemac : Abbas Tolli S\u2019Oppose \u00e0 la Vacance de Poste du Gouverneur de la BEAC (Exclusif)"},"content":{"rendered":"<p><span style=\"color: #ff6600\"><strong>Africa-Press &#8211; Cameroun. <\/strong><\/span><b>Le directeur ge\u0301ne\u0301ral du contro\u0302le de la BEAC, Euge\u0300ne Nsom, a signe\u0301 une note annonc\u0327ant la vacance du poste de gouverneur a\u0300 la BEAC. Une note d\u2019Abbas Tolli vient demander l\u2019annulation de celle de Nsom.<\/b><\/p>\n<p>Bras de fer a\u0300 la te\u0302te de la BEAC. Le Tchadien Mahamat Abbas Tolli, qui a occupe\u0301 le poste de gouverneur de la BEAC pendant sept ans, devrait officiellement quitter ses fonctions le 06 fe\u0301vrier 2024 a\u0300 l\u2019expiration de son mandat. D\u2019ailleurs une note du directeur ge\u0301ne\u0301ral du contro\u0302le de la BEAC, Euge\u0300ne Nsom, annonc\u0327ant la vacance du poste de gouverneur a\u0300 la BEAC conforme\u0301ment aux statuts de l\u2019institution financie\u0300re est en circulation depuis un jour.<\/p>\n<p>Ainsi, le Pre\u0301sident de la Confe\u0301rence des Chefs d\u2019E\u0301tats de la CEMAC, a\u0300 travers son Pre\u0301sident de l\u2019e\u0301poque, Son Excellence, Monsieur Teodoro Obiang Nguema Mbasogo, a signe\u0301 une de\u0301cision N\u00b007\/16-CEMAC-CCE du 30 janvier 2016 nommant monsieur Abbas Mahamat Tolli au poste de Gouverneur de la BEAC \u00ab pour un mandat de sept ans non renouvelable \u00bb, \u00ab a\u0300 compter de la date effective de prise de service \u00bb qui, dans le cas d\u2019espe\u0300ce est le 6 fe\u0301vrier 2017, comme l\u2019attestent les documents de passation des pouvoirs entre monsieur Abaga Nchama Lucas, Gouverneur sortant et Abbas Mahamat Tolli, le Gouverneur entrant, effectue\u0301s sous la houlette de la Direction Ge\u0301ne\u0301rale du Contro\u0302le Ge\u0301ne\u0301ral.<\/p>\n<p>\u00ab De fait, en application des dispositions des articles 51 aline\u0301a 3 et 51.4 des Statuts, le mandat de sept ans non renouvelables d\u2019Abbas Tolli commence\u0301 le 06 fe\u0301vrier 2017, s\u2019ache\u0300ve le 6 fe\u0301vrier 2024. A cette date, Monsieur Abbas Mahamat Tolli, n\u2019a plus de mandat et d\u2019habilitation le\u0301gale a\u0300 e\u0302tre repre\u0301sentant du pays dont il est originaire au sein du Gouvernement de la BEAC. Il y a donc vacance du poste du Gouverneur de la BEAC, et ce, de\u0300s le 7 fe\u0301vrier 2024 au matin \u00bb, a e\u0301crit Euge\u0300ne Nsom au Vice-Gouverneur ; au Secre\u0301taire Ge\u0301ne\u0301ral ; au Directeur Ge\u0301ne\u0301ral de l\u2019Exploitation.<\/p>\n<p><b>Abbas Tolli s\u2019oppose<\/b><\/p>\n<p>Une lettre d\u2019Abbas Tolli adresse\u0301e auVice-gouverneur, au Secre\u0301taire ge\u0301ne\u0301ral et aux directeurs ge\u0301ne\u0301raux vient demander l\u2019annulation de celle du Camerounais Nsom. \u00ab Je m\u2019adresse a\u0300 vous afin de vous informer que la lettre n*052\/DGCG\/2024 e\u0301manent du directeur ge\u0301ne\u0301ral du contro\u0302le ge\u0301ne\u0301ral (DGCG) et traitant de la cessation des activite\u0301s du gouverneur de la Beac est nulle et non avenue \u00bb, a-t-il e\u0301crit.<\/p>\n<p>\u00ab Depuis un certain temps, le DGCG de\u0301passe de manie\u0300re re\u0301pe\u0301titive les limites de ses compe\u0301tences et empie\u0300te sur les responsabilite\u0301s re\u0301serve\u0301es au Gouverneur et au vice-gouverneur par les statuts de la banque ce comportement autoritaire se manifeste par des actes et des initiatives contraires au bon sens ainsi qu\u2019aux re\u0300gles d\u2019e\u0301thique et de la de\u0301ontologie professionnelle de la banque centrale \u00bb, de\u0301plore-t-il.<\/p>\n<p>Il va plus loin dans sa note, \u00ab la nomination du gouverneur de la Beac rele\u0300ve exclusivement de la compe\u0301tence de la confe\u0301rence des Chefs d\u2019E\u0301tat de la Cemac. La proce\u0301dure de passation des charges est clairement e\u0301tablie et sera assure\u0301e par le pre\u0301sident du comite\u0301 ministe\u0301riel de l\u2019UMAC. Il n\u2019appartient donc pas au DGCG de cre\u0301er ses propres normes au sein de la banque centrale \u00bb, souligne le Tchadien qui devrait d\u2019ici peu ce\u0301der son sie\u0300ge a\u0300 la Re\u0301publique Centrafricaine selon le principe de rotation de la Beac.<\/p>\n<p>Me\u0302me si Abbas Tolli sait qu\u2019il va biento\u0302t arre\u0302ter de signer les billets de banque de la sous-re\u0301gion, il demande a\u0300 son DGCG de suivre la proce\u0301dure. \u00ab Jusqu\u2019a\u0300 pre\u0301sent aucun responsable institutionnel de la CEMAC n\u2019a quitte\u0301 ses fonctions sans que la confe\u0301rence des chefs d\u2019E\u0301tat n\u2019ait pre\u0301alablement nomme\u0301 son remplac\u0327ant \u00bb, souligne-t-il.<\/p>\n<p>\u00ab Par conse\u0301quent ce courrier qui s\u2019inscrit dans une se\u0301rie de provocations re\u0301currentes sera soumis aux organes compe\u0301tents de la banque, lesquels examinent de\u0301ja\u0300 des situations similaires dont il est a\u0300 l\u2019origine, survenues dans des conditions analogues, dans le but de re\u0301tablir un climat de se\u0301re\u0301nite\u0301 durable au sein de notre institution \u00bb, menace Abbas Tolli.<\/p>\n<p><strong>Pour plus d&rsquo;informations et d&rsquo;analyses sur la <a href=\"https:\/\/www.africa-press.net\/cameroun\">Cameroun<\/a>, suivez <a href=\"https:\/\/www.africa-press.net\/\">Africa-Press<\/a><\/strong><\/p>\n","protected":false},"excerpt":{"rendered":"<p>Africa-Press &#8211; Cameroun. Le directeur ge\u0301ne\u0301ral du contro\u0302le de la BEAC, Euge\u0300ne Nsom, a signe\u0301 une note annonc\u0327ant la vacance du poste de gouverneur a\u0300 la BEAC. Une note d\u2019Abbas Tolli vient demander l\u2019annulation de celle de Nsom. Bras de fer a\u0300 la te\u0302te de la BEAC. Le Tchadien Mahamat Abbas Tolli, qui a occupe\u0301 [&hellip;]<\/p>\n","protected":false},"author":82,"featured_media":61184,"comment_status":"open","ping_status":"closed","sticky":false,"template":"","format":"standard","meta":{"footnotes":""},"categories":[3,10],"tags":[36,50,49],"class_list":["post-61186","post","type-post","status-publish","format-standard","has-post-thumbnail","hentry","category-economie","category-toutes-les-actualites","tag-africa-press","tag-africa-press-cameroun","tag-cameroun"],"yoast_head":"<!-- This site is optimized with the Yoast SEO Premium plugin v26.1 (Yoast SEO v27.0) - https:\/\/yoast.com\/product\/yoast-seo-premium-wordpress\/ -->\n<title>Cemac : Abbas Tolli S\u2019Oppose \u00e0 la Vacance de Poste du Gouverneur de la BEAC (Exclusif) - Cameroun<\/title>\n<meta name=\"description\" content=\"Le directeur ge\u0301ne\u0301ral du contro\u0302le de la BEAC, Euge\u0300ne Nsom, a signe\u0301 une note annonc\u0327ant la vacance du poste de gou ...\" \/>\n<meta name=\"robots\" content=\"index, follow, max-snippet:-1, max-image-preview:large, max-video-preview:-1\" \/>\n<link rel=\"canonical\" href=\"https:\/\/www.africa-press.net\/cameroun\/economie\/cemac-abbas-tolli-soppose-a-la-vacance-de-poste-du-gouverneur-de-la-beac-exclusif\" \/>\n<meta property=\"og:locale\" content=\"fr_FR\" \/>\n<meta property=\"og:type\" content=\"article\" \/>\n<meta property=\"og:title\" content=\"Cemac : Abbas Tolli S\u2019Oppose \u00e0 la Vacance de Poste du Gouverneur de la BEAC (Exclusif)\" \/>\n<meta property=\"og:description\" content=\"Le directeur ge\u0301ne\u0301ral du contro\u0302le de la BEAC, Euge\u0300ne Nsom, a signe\u0301 une note annonc\u0327ant la vacance du poste de gou ...\" \/>\n<meta property=\"og:url\" content=\"https:\/\/www.africa-press.net\/cameroun\/economie\/cemac-abbas-tolli-soppose-a-la-vacance-de-poste-du-gouverneur-de-la-beac-exclusif\" \/>\n<meta property=\"og:site_name\" content=\"Cameroun\" \/>\n<meta property=\"article:published_time\" content=\"2024-02-08T12:47:06+00:00\" \/>\n<meta property=\"article:modified_time\" content=\"2024-02-08T13:04:34+00:00\" \/>\n<meta property=\"og:image\" content=\"https:\/\/static.africa-press.net\/cameroun\/sites\/57\/2024\/02\/sm_1707384770.31575.jpg\" \/>\n\t<meta property=\"og:image:width\" content=\"780\" \/>\n\t<meta property=\"og:image:height\" content=\"440\" \/>\n\t<meta property=\"og:image:type\" content=\"image\/jpeg\" \/>\n<meta name=\"author\" content=\"cfeditorfr\" \/>\n<meta name=\"twitter:card\" content=\"summary_large_image\" \/>\n<meta name=\"twitter:label1\" content=\"\u00c9crit par\" \/>\n\t<meta name=\"twitter:data1\" content=\"cfeditorfr\" \/>\n\t<meta name=\"twitter:label2\" content=\"Dur\u00e9e de lecture estim\u00e9e\" \/>\n\t<meta name=\"twitter:data2\" content=\"4 minutes\" \/>\n<script type=\"application\/ld+json\" class=\"yoast-schema-graph\">{\"@context\":\"https:\/\/schema.org\",\"@graph\":[{\"@type\":\"Article\",\"@id\":\"https:\/\/www.africa-press.net\/cameroun\/economie\/cemac-abbas-tolli-soppose-a-la-vacance-de-poste-du-gouverneur-de-la-beac-exclusif#article\",\"isPartOf\":{\"@id\":\"https:\/\/www.africa-press.net\/cameroun\/economie\/cemac-abbas-tolli-soppose-a-la-vacance-de-poste-du-gouverneur-de-la-beac-exclusif\"},\"author\":{\"name\":\"cfeditorfr\",\"@id\":\"https:\/\/www.africa-press.net\/cameroun\/#\/schema\/person\/2b1cf3cd81a31e3cd26889ca66d677f1\"},\"headline\":\"Cemac : Abbas Tolli S\u2019Oppose \u00e0 la Vacance de Poste du Gouverneur de la BEAC (Exclusif)\",\"datePublished\":\"2024-02-08T12:47:06+00:00\",\"dateModified\":\"2024-02-08T13:04:34+00:00\",\"mainEntityOfPage\":{\"@id\":\"https:\/\/www.africa-press.net\/cameroun\/economie\/cemac-abbas-tolli-soppose-a-la-vacance-de-poste-du-gouverneur-de-la-beac-exclusif\"},\"wordCount\":784,\"commentCount\":0,\"image\":{\"@id\":\"https:\/\/www.africa-press.net\/cameroun\/economie\/cemac-abbas-tolli-soppose-a-la-vacance-de-poste-du-gouverneur-de-la-beac-exclusif#primaryimage\"},\"thumbnailUrl\":\"https:\/\/static.africa-press.net\/cameroun\/sites\/57\/2024\/02\/sm_1707384770.31575.jpg\",\"keywords\":[\"Africa Press\",\"Africa Press-Cameroun\",\"Cameroun\"],\"articleSection\":[\"\u00c9conomie\",\"Toutes les actualit\u00e9s\"],\"inLanguage\":\"fr-FR\",\"potentialAction\":[{\"@type\":\"CommentAction\",\"name\":\"Comment\",\"target\":[\"https:\/\/www.africa-press.net\/cameroun\/economie\/cemac-abbas-tolli-soppose-a-la-vacance-de-poste-du-gouverneur-de-la-beac-exclusif#respond\"]}]},{\"@type\":\"WebPage\",\"@id\":\"https:\/\/www.africa-press.net\/cameroun\/economie\/cemac-abbas-tolli-soppose-a-la-vacance-de-poste-du-gouverneur-de-la-beac-exclusif\",\"url\":\"https:\/\/www.africa-press.net\/cameroun\/economie\/cemac-abbas-tolli-soppose-a-la-vacance-de-poste-du-gouverneur-de-la-beac-exclusif\",\"name\":\"Cemac : Abbas Tolli S\u2019Oppose \u00e0 la Vacance de Poste du Gouverneur de la BEAC (Exclusif) - Cameroun\",\"isPartOf\":{\"@id\":\"https:\/\/www.africa-press.net\/cameroun\/#website\"},\"primaryImageOfPage\":{\"@id\":\"https:\/\/www.africa-press.net\/cameroun\/economie\/cemac-abbas-tolli-soppose-a-la-vacance-de-poste-du-gouverneur-de-la-beac-exclusif#primaryimage\"},\"image\":{\"@id\":\"https:\/\/www.africa-press.net\/cameroun\/economie\/cemac-abbas-tolli-soppose-a-la-vacance-de-poste-du-gouverneur-de-la-beac-exclusif#primaryimage\"},\"thumbnailUrl\":\"https:\/\/static.africa-press.net\/cameroun\/sites\/57\/2024\/02\/sm_1707384770.31575.jpg\",\"datePublished\":\"2024-02-08T12:47:06+00:00\",\"dateModified\":\"2024-02-08T13:04:34+00:00\",\"author\":{\"@id\":\"https:\/\/www.africa-press.net\/cameroun\/#\/schema\/person\/2b1cf3cd81a31e3cd26889ca66d677f1\"},\"description\":\"Le directeur ge\u0301ne\u0301ral du contro\u0302le de la BEAC, Euge\u0300ne Nsom, a signe\u0301 une note annonc\u0327ant la vacance du poste de gou ...\",\"breadcrumb\":{\"@id\":\"https:\/\/www.africa-press.net\/cameroun\/economie\/cemac-abbas-tolli-soppose-a-la-vacance-de-poste-du-gouverneur-de-la-beac-exclusif#breadcrumb\"},\"inLanguage\":\"fr-FR\",\"potentialAction\":[{\"@type\":\"ReadAction\",\"target\":[\"https:\/\/www.africa-press.net\/cameroun\/economie\/cemac-abbas-tolli-soppose-a-la-vacance-de-poste-du-gouverneur-de-la-beac-exclusif\"]}]},{\"@type\":\"ImageObject\",\"inLanguage\":\"fr-FR\",\"@id\":\"https:\/\/www.africa-press.net\/cameroun\/economie\/cemac-abbas-tolli-soppose-a-la-vacance-de-poste-du-gouverneur-de-la-beac-exclusif#primaryimage\",\"url\":\"https:\/\/static.africa-press.net\/cameroun\/sites\/57\/2024\/02\/sm_1707384770.31575.jpg\",\"contentUrl\":\"https:\/\/static.africa-press.net\/cameroun\/sites\/57\/2024\/02\/sm_1707384770.31575.jpg\",\"width\":780,\"height\":440,\"caption\":\"Cemac : Abbas Tolli S\u2019Oppose \u00e0 la Vacance de Poste du Gouverneur de la BEAC (Exclusif)\"},{\"@type\":\"BreadcrumbList\",\"@id\":\"https:\/\/www.africa-press.net\/cameroun\/economie\/cemac-abbas-tolli-soppose-a-la-vacance-de-poste-du-gouverneur-de-la-beac-exclusif#breadcrumb\",\"itemListElement\":[{\"@type\":\"ListItem\",\"position\":1,\"name\":\"Accueil\",\"item\":\"https:\/\/www.africa-press.net\/cameroun\/\"},{\"@type\":\"ListItem\",\"position\":2,\"name\":\"Cemac : Abbas Tolli S\u2019Oppose \u00e0 la Vacance de Poste du Gouverneur de la BEAC (Exclusif)\"}]},{\"@type\":\"WebSite\",\"@id\":\"https:\/\/www.africa-press.net\/cameroun\/#website\",\"url\":\"https:\/\/www.africa-press.net\/cameroun\/\",\"name\":\"Cameroun\",\"description\":\"Just another Africa News Agency Sites site\",\"potentialAction\":[{\"@type\":\"SearchAction\",\"target\":{\"@type\":\"EntryPoint\",\"urlTemplate\":\"https:\/\/www.africa-press.net\/cameroun\/?s={search_term_string}\"},\"query-input\":{\"@type\":\"PropertyValueSpecification\",\"valueRequired\":true,\"valueName\":\"search_term_string\"}}],\"inLanguage\":\"fr-FR\"},{\"@type\":\"Person\",\"@id\":\"https:\/\/www.africa-press.net\/cameroun\/#\/schema\/person\/2b1cf3cd81a31e3cd26889ca66d677f1\",\"name\":\"cfeditorfr\"}]}<\/script>\n<!-- \/ Yoast SEO Premium plugin. -->","yoast_head_json":{"title":"Cemac : Abbas Tolli S\u2019Oppose \u00e0 la Vacance de Poste du Gouverneur de la BEAC (Exclusif) - Cameroun","description":"Le directeur ge\u0301ne\u0301ral du contro\u0302le de la BEAC, Euge\u0300ne Nsom, a signe\u0301 une note annonc\u0327ant la vacance du poste de gou ...","robots":{"index":"index","follow":"follow","max-snippet":"max-snippet:-1","max-image-preview":"max-image-preview:large","max-video-preview":"max-video-preview:-1"},"canonical":"https:\/\/www.africa-press.net\/cameroun\/economie\/cemac-abbas-tolli-soppose-a-la-vacance-de-poste-du-gouverneur-de-la-beac-exclusif","og_locale":"fr_FR","og_type":"article","og_title":"Cemac : Abbas Tolli S\u2019Oppose \u00e0 la Vacance de Poste du Gouverneur de la BEAC (Exclusif)","og_description":"Le directeur ge\u0301ne\u0301ral du contro\u0302le de la BEAC, Euge\u0300ne Nsom, a signe\u0301 une note annonc\u0327ant la vacance du poste de gou ...","og_url":"https:\/\/www.africa-press.net\/cameroun\/economie\/cemac-abbas-tolli-soppose-a-la-vacance-de-poste-du-gouverneur-de-la-beac-exclusif","og_site_name":"Cameroun","article_published_time":"2024-02-08T12:47:06+00:00","article_modified_time":"2024-02-08T13:04:34+00:00","og_image":[{"width":780,"height":440,"url":"https:\/\/static.africa-press.net\/cameroun\/sites\/57\/2024\/02\/sm_1707384770.31575.jpg","type":"image\/jpeg"}],"author":"cfeditorfr","twitter_card":"summary_large_image","twitter_misc":{"\u00c9crit par":"cfeditorfr","Dur\u00e9e de lecture estim\u00e9e":"4 minutes"},"schema":{"@context":"https:\/\/schema.org","@graph":[{"@type":"Article","@id":"https:\/\/www.africa-press.net\/cameroun\/economie\/cemac-abbas-tolli-soppose-a-la-vacance-de-poste-du-gouverneur-de-la-beac-exclusif#article","isPartOf":{"@id":"https:\/\/www.africa-press.net\/cameroun\/economie\/cemac-abbas-tolli-soppose-a-la-vacance-de-poste-du-gouverneur-de-la-beac-exclusif"},"author":{"name":"cfeditorfr","@id":"https:\/\/www.africa-press.net\/cameroun\/#\/schema\/person\/2b1cf3cd81a31e3cd26889ca66d677f1"},"headline":"Cemac : Abbas Tolli S\u2019Oppose \u00e0 la Vacance de Poste du Gouverneur de la BEAC (Exclusif)","datePublished":"2024-02-08T12:47:06+00:00","dateModified":"2024-02-08T13:04:34+00:00","mainEntityOfPage":{"@id":"https:\/\/www.africa-press.net\/cameroun\/economie\/cemac-abbas-tolli-soppose-a-la-vacance-de-poste-du-gouverneur-de-la-beac-exclusif"},"wordCount":784,"commentCount":0,"image":{"@id":"https:\/\/www.africa-press.net\/cameroun\/economie\/cemac-abbas-tolli-soppose-a-la-vacance-de-poste-du-gouverneur-de-la-beac-exclusif#primaryimage"},"thumbnailUrl":"https:\/\/static.africa-press.net\/cameroun\/sites\/57\/2024\/02\/sm_1707384770.31575.jpg","keywords":["Africa Press","Africa Press-Cameroun","Cameroun"],"articleSection":["\u00c9conomie","Toutes les actualit\u00e9s"],"inLanguage":"fr-FR","potentialAction":[{"@type":"CommentAction","name":"Comment","target":["https:\/\/www.africa-press.net\/cameroun\/economie\/cemac-abbas-tolli-soppose-a-la-vacance-de-poste-du-gouverneur-de-la-beac-exclusif#respond"]}]},{"@type":"WebPage","@id":"https:\/\/www.africa-press.net\/cameroun\/economie\/cemac-abbas-tolli-soppose-a-la-vacance-de-poste-du-gouverneur-de-la-beac-exclusif","url":"https:\/\/www.africa-press.net\/cameroun\/economie\/cemac-abbas-tolli-soppose-a-la-vacance-de-poste-du-gouverneur-de-la-beac-exclusif","name":"Cemac : Abbas Tolli S\u2019Oppose \u00e0 la Vacance de Poste du Gouverneur de la BEAC (Exclusif) - Cameroun","isPartOf":{"@id":"https:\/\/www.africa-press.net\/cameroun\/#website"},"primaryImageOfPage":{"@id":"https:\/\/www.africa-press.net\/cameroun\/economie\/cemac-abbas-tolli-soppose-a-la-vacance-de-poste-du-gouverneur-de-la-beac-exclusif#primaryimage"},"image":{"@id":"https:\/\/www.africa-press.net\/cameroun\/economie\/cemac-abbas-tolli-soppose-a-la-vacance-de-poste-du-gouverneur-de-la-beac-exclusif#primaryimage"},"thumbnailUrl":"https:\/\/static.africa-press.net\/cameroun\/sites\/57\/2024\/02\/sm_1707384770.31575.jpg","datePublished":"2024-02-08T12:47:06+00:00","dateModified":"2024-02-08T13:04:34+00:00","author":{"@id":"https:\/\/www.africa-press.net\/cameroun\/#\/schema\/person\/2b1cf3cd81a31e3cd26889ca66d677f1"},"description":"Le directeur ge\u0301ne\u0301ral du contro\u0302le de la BEAC, Euge\u0300ne Nsom, a signe\u0301 une note annonc\u0327ant la vacance du poste de gou ...","breadcrumb":{"@id":"https:\/\/www.africa-press.net\/cameroun\/economie\/cemac-abbas-tolli-soppose-a-la-vacance-de-poste-du-gouverneur-de-la-beac-exclusif#breadcrumb"},"inLanguage":"fr-FR","potentialAction":[{"@type":"ReadAction","target":["https:\/\/www.africa-press.net\/cameroun\/economie\/cemac-abbas-tolli-soppose-a-la-vacance-de-poste-du-gouverneur-de-la-beac-exclusif"]}]},{"@type":"ImageObject","inLanguage":"fr-FR","@id":"https:\/\/www.africa-press.net\/cameroun\/economie\/cemac-abbas-tolli-soppose-a-la-vacance-de-poste-du-gouverneur-de-la-beac-exclusif#primaryimage","url":"https:\/\/static.africa-press.net\/cameroun\/sites\/57\/2024\/02\/sm_1707384770.31575.jpg","contentUrl":"https:\/\/static.africa-press.net\/cameroun\/sites\/57\/2024\/02\/sm_1707384770.31575.jpg","width":780,"height":440,"caption":"Cemac : Abbas Tolli S\u2019Oppose \u00e0 la Vacance de Poste du Gouverneur de la BEAC (Exclusif)"},{"@type":"BreadcrumbList","@id":"https:\/\/www.africa-press.net\/cameroun\/economie\/cemac-abbas-tolli-soppose-a-la-vacance-de-poste-du-gouverneur-de-la-beac-exclusif#breadcrumb","itemListElement":[{"@type":"ListItem","position":1,"name":"Accueil","item":"https:\/\/www.africa-press.net\/cameroun\/"},{"@type":"ListItem","position":2,"name":"Cemac : Abbas Tolli S\u2019Oppose \u00e0 la Vacance de Poste du Gouverneur de la BEAC (Exclusif)"}]},{"@type":"WebSite","@id":"https:\/\/www.africa-press.net\/cameroun\/#website","url":"https:\/\/www.africa-press.net\/cameroun\/","name":"Cameroun","description":"Just another Africa News Agency Sites site","potentialAction":[{"@type":"SearchAction","target":{"@type":"EntryPoint","urlTemplate":"https:\/\/www.africa-press.net\/cameroun\/?s={search_term_string}"},"query-input":{"@type":"PropertyValueSpecification","valueRequired":true,"valueName":"search_term_string"}}],"inLanguage":"fr-FR"},{"@type":"Person","@id":"https:\/\/www.africa-press.net\/cameroun\/#\/schema\/person\/2b1cf3cd81a31e3cd26889ca66d677f1","name":"cfeditorfr"}]}},"_links":{"self":[{"href":"https:\/\/www.africa-press.net\/cameroun\/wp-json\/wp\/v2\/posts\/61186","targetHints":{"allow":["GET"]}}],"collection":[{"href":"https:\/\/www.africa-press.net\/cameroun\/wp-json\/wp\/v2\/posts"}],"about":[{"href":"https:\/\/www.africa-press.net\/cameroun\/wp-json\/wp\/v2\/types\/post"}],"author":[{"embeddable":true,"href":"https:\/\/www.africa-press.net\/cameroun\/wp-json\/wp\/v2\/users\/82"}],"replies":[{"embeddable":true,"href":"https:\/\/www.africa-press.net\/cameroun\/wp-json\/wp\/v2\/comments?post=61186"}],"version-history":[{"count":0,"href":"https:\/\/www.africa-press.net\/cameroun\/wp-json\/wp\/v2\/posts\/61186\/revisions"}],"wp:featuredmedia":[{"embeddable":true,"href":"https:\/\/www.africa-press.net\/cameroun\/wp-json\/wp\/v2\/media\/61184"}],"wp:attachment":[{"href":"https:\/\/www.africa-press.net\/cameroun\/wp-json\/wp\/v2\/media?parent=61186"}],"wp:term":[{"taxonomy":"category","embeddable":true,"href":"https:\/\/www.africa-press.net\/cameroun\/wp-json\/wp\/v2\/categories?post=61186"},{"taxonomy":"post_tag","embeddable":true,"href":"https:\/\/www.africa-press.net\/cameroun\/wp-json\/wp\/v2\/tags?post=61186"}],"curies":[{"name":"wp","href":"https:\/\/api.w.org\/{rel}","templated":true}]}}