{"id":61192,"date":"2024-02-08T12:47:24","date_gmt":"2024-02-08T12:47:24","guid":{"rendered":"https:\/\/www.africa-press.net\/cameroun\/politique\/le-sous-prefet-de-bamenda-2-est-libre"},"modified":"2024-02-08T13:05:51","modified_gmt":"2024-02-08T13:05:51","slug":"le-sous-prefet-de-bamenda-2-est-libre","status":"publish","type":"post","link":"https:\/\/www.africa-press.net\/cameroun\/politique\/le-sous-prefet-de-bamenda-2-est-libre","title":{"rendered":"Le Sous-pre\u0301fet de Bamenda 2 Est Libre"},"content":{"rendered":"<p><span style=\"color: #ff6600\"><strong>Africa-Press &#8211; Cameroun. <\/strong><\/span><b>La libe\u0301ration de Nicholas Nkongho Manchang enleve\u0301 le 06 fe\u0301vrier sur la route de Nkambe\u0300 est rendue publique ce mercredi.<\/b><\/p>\n<p>L\u2019administrateur civil aura passe\u0301 environ 24 heures en captivite\u0301. De sources me\u0301diatiques, le sous-pre\u0301fet de Bamenda 2 est de nouveau libre. Dans une publication, JDC annonce son enle\u0300vement dans la localite\u0301 de Ntumbaw, sur la route de Nkambe\u0300, avec cinq autres personnalite\u0301s, des de\u0301le\u0301gue\u0301s d\u2019arrondissement en l\u2019occurrence. Des se\u0301paratistes du groupe Red Dragons les ont conduits vers un lieu inconnu. Les autorite\u0301s ont ouvert une enque\u0302te et engage\u0301 les Forces de de\u0301fense et de se\u0301curite\u0301 a\u0300 la recherche des ravisseurs.<\/p>\n<p>Ce mercredi, nous apprenons par nos confre\u0300res de 237Online, la libe\u0301ration du sous-pre\u0301fet de Bamenda 2, Nicholas Nkongho. Le patron de l\u2019arrondissement a e\u0301te\u0301 libe\u0301re\u0301 par ses ravisseurs. Revenu dans son unite\u0301 de commandement, il a be\u0301ne\u0301ficie\u0301 de l\u2019accueil de ses colle\u0300gues et autres collaborateurs selon les images publie\u0301es. Sa libe\u0301ration est l\u2019\u0153uvre des Forces de de\u0301fense et de se\u0301curite\u0301. Cependant, l\u2019on ne sait pas par quel proce\u0301de\u0301 l\u2019administrateur a e\u0301te\u0301 libe\u0301re\u0301.<\/p>\n<p>A l\u2019observation, les se\u0301paratistes pratiquent les enle\u0300vements pour demander des ranc\u0327ons, lesquelles contribuent a\u0300 renforcer leurs finances ou encore leurs e\u0301quipements logistiques. Ils ont souvent exige\u0301 de fortes sommes d\u2019argent en e\u0301change de la remise en liberte\u0301 de certains otages.<\/p>\n<p><strong>Pour plus d&rsquo;informations et d&rsquo;analyses sur la <a href=\"https:\/\/www.africa-press.net\/cameroun\">Cameroun<\/a>, suivez <a href=\"https:\/\/www.africa-press.net\/\">Africa-Press<\/a><\/strong><\/p>\n","protected":false},"excerpt":{"rendered":"<p>Africa-Press &#8211; Cameroun. La libe\u0301ration de Nicholas Nkongho Manchang enleve\u0301 le 06 fe\u0301vrier sur la route de Nkambe\u0300 est rendue publique ce mercredi. L\u2019administrateur civil aura passe\u0301 environ 24 heures en captivite\u0301. De sources me\u0301diatiques, le sous-pre\u0301fet de Bamenda 2 est de nouveau libre. Dans une publication, JDC annonce son enle\u0300vement dans la localite\u0301 de [&hellip;]<\/p>\n","protected":false},"author":82,"featured_media":61190,"comment_status":"open","ping_status":"closed","sticky":false,"template":"","format":"standard","meta":{"footnotes":""},"categories":[2,10],"tags":[36,50,49],"class_list":["post-61192","post","type-post","status-publish","format-standard","has-post-thumbnail","hentry","category-politique","category-toutes-les-actualites","tag-africa-press","tag-africa-press-cameroun","tag-cameroun"],"yoast_head":"<!-- This site is optimized with the Yoast SEO Premium plugin v26.1 (Yoast SEO v27.0) - https:\/\/yoast.com\/product\/yoast-seo-premium-wordpress\/ -->\n<title>Le Sous-pre\u0301fet de Bamenda 2 Est Libre - Cameroun<\/title>\n<meta name=\"description\" content=\"La libe\u0301ration de Nicholas Nkongho Manchang enleve\u0301 le 06 fe\u0301vrier sur la route de Nkambe\u0300 est rendue publique ce mer ...\" \/>\n<meta name=\"robots\" content=\"index, follow, max-snippet:-1, max-image-preview:large, max-video-preview:-1\" \/>\n<link rel=\"canonical\" href=\"https:\/\/www.africa-press.net\/cameroun\/politique\/le-sous-prefet-de-bamenda-2-est-libre\" \/>\n<meta property=\"og:locale\" content=\"fr_FR\" \/>\n<meta property=\"og:type\" content=\"article\" \/>\n<meta property=\"og:title\" content=\"Le Sous-pre\u0301fet de Bamenda 2 Est Libre\" \/>\n<meta property=\"og:description\" content=\"La libe\u0301ration de Nicholas Nkongho Manchang enleve\u0301 le 06 fe\u0301vrier sur la route de Nkambe\u0300 est rendue publique ce mer ...\" \/>\n<meta property=\"og:url\" content=\"https:\/\/www.africa-press.net\/cameroun\/politique\/le-sous-prefet-de-bamenda-2-est-libre\" \/>\n<meta property=\"og:site_name\" content=\"Cameroun\" \/>\n<meta property=\"article:published_time\" content=\"2024-02-08T12:47:24+00:00\" \/>\n<meta property=\"article:modified_time\" content=\"2024-02-08T13:05:51+00:00\" \/>\n<meta property=\"og:image\" content=\"https:\/\/static.africa-press.net\/cameroun\/sites\/57\/2024\/02\/sm_1707384830.522059.jpg\" \/>\n\t<meta property=\"og:image:width\" content=\"780\" \/>\n\t<meta property=\"og:image:height\" content=\"440\" \/>\n\t<meta property=\"og:image:type\" content=\"image\/jpeg\" \/>\n<meta name=\"author\" content=\"cfeditorfr\" \/>\n<meta name=\"twitter:card\" content=\"summary_large_image\" \/>\n<meta name=\"twitter:label1\" content=\"\u00c9crit par\" \/>\n\t<meta name=\"twitter:data1\" content=\"cfeditorfr\" \/>\n\t<meta name=\"twitter:label2\" content=\"Dur\u00e9e de lecture estim\u00e9e\" \/>\n\t<meta name=\"twitter:data2\" content=\"1 minute\" \/>\n<script type=\"application\/ld+json\" class=\"yoast-schema-graph\">{\"@context\":\"https:\/\/schema.org\",\"@graph\":[{\"@type\":\"Article\",\"@id\":\"https:\/\/www.africa-press.net\/cameroun\/politique\/le-sous-prefet-de-bamenda-2-est-libre#article\",\"isPartOf\":{\"@id\":\"https:\/\/www.africa-press.net\/cameroun\/politique\/le-sous-prefet-de-bamenda-2-est-libre\"},\"author\":{\"name\":\"cfeditorfr\",\"@id\":\"https:\/\/www.africa-press.net\/cameroun\/#\/schema\/person\/2b1cf3cd81a31e3cd26889ca66d677f1\"},\"headline\":\"Le Sous-pre\u0301fet de Bamenda 2 Est Libre\",\"datePublished\":\"2024-02-08T12:47:24+00:00\",\"dateModified\":\"2024-02-08T13:05:51+00:00\",\"mainEntityOfPage\":{\"@id\":\"https:\/\/www.africa-press.net\/cameroun\/politique\/le-sous-prefet-de-bamenda-2-est-libre\"},\"wordCount\":274,\"commentCount\":0,\"image\":{\"@id\":\"https:\/\/www.africa-press.net\/cameroun\/politique\/le-sous-prefet-de-bamenda-2-est-libre#primaryimage\"},\"thumbnailUrl\":\"https:\/\/static.africa-press.net\/cameroun\/sites\/57\/2024\/02\/sm_1707384830.522059.jpg\",\"keywords\":[\"Africa Press\",\"Africa Press-Cameroun\",\"Cameroun\"],\"articleSection\":[\"Politique\",\"Toutes les actualit\u00e9s\"],\"inLanguage\":\"fr-FR\",\"potentialAction\":[{\"@type\":\"CommentAction\",\"name\":\"Comment\",\"target\":[\"https:\/\/www.africa-press.net\/cameroun\/politique\/le-sous-prefet-de-bamenda-2-est-libre#respond\"]}]},{\"@type\":\"WebPage\",\"@id\":\"https:\/\/www.africa-press.net\/cameroun\/politique\/le-sous-prefet-de-bamenda-2-est-libre\",\"url\":\"https:\/\/www.africa-press.net\/cameroun\/politique\/le-sous-prefet-de-bamenda-2-est-libre\",\"name\":\"Le Sous-pre\u0301fet de Bamenda 2 Est Libre - Cameroun\",\"isPartOf\":{\"@id\":\"https:\/\/www.africa-press.net\/cameroun\/#website\"},\"primaryImageOfPage\":{\"@id\":\"https:\/\/www.africa-press.net\/cameroun\/politique\/le-sous-prefet-de-bamenda-2-est-libre#primaryimage\"},\"image\":{\"@id\":\"https:\/\/www.africa-press.net\/cameroun\/politique\/le-sous-prefet-de-bamenda-2-est-libre#primaryimage\"},\"thumbnailUrl\":\"https:\/\/static.africa-press.net\/cameroun\/sites\/57\/2024\/02\/sm_1707384830.522059.jpg\",\"datePublished\":\"2024-02-08T12:47:24+00:00\",\"dateModified\":\"2024-02-08T13:05:51+00:00\",\"author\":{\"@id\":\"https:\/\/www.africa-press.net\/cameroun\/#\/schema\/person\/2b1cf3cd81a31e3cd26889ca66d677f1\"},\"description\":\"La libe\u0301ration de Nicholas Nkongho Manchang enleve\u0301 le 06 fe\u0301vrier sur la route de Nkambe\u0300 est rendue publique ce mer ...\",\"breadcrumb\":{\"@id\":\"https:\/\/www.africa-press.net\/cameroun\/politique\/le-sous-prefet-de-bamenda-2-est-libre#breadcrumb\"},\"inLanguage\":\"fr-FR\",\"potentialAction\":[{\"@type\":\"ReadAction\",\"target\":[\"https:\/\/www.africa-press.net\/cameroun\/politique\/le-sous-prefet-de-bamenda-2-est-libre\"]}]},{\"@type\":\"ImageObject\",\"inLanguage\":\"fr-FR\",\"@id\":\"https:\/\/www.africa-press.net\/cameroun\/politique\/le-sous-prefet-de-bamenda-2-est-libre#primaryimage\",\"url\":\"https:\/\/static.africa-press.net\/cameroun\/sites\/57\/2024\/02\/sm_1707384830.522059.jpg\",\"contentUrl\":\"https:\/\/static.africa-press.net\/cameroun\/sites\/57\/2024\/02\/sm_1707384830.522059.jpg\",\"width\":780,\"height\":440,\"caption\":\"Le Sous-pre\u0301fet de Bamenda 2 Est Libre\"},{\"@type\":\"BreadcrumbList\",\"@id\":\"https:\/\/www.africa-press.net\/cameroun\/politique\/le-sous-prefet-de-bamenda-2-est-libre#breadcrumb\",\"itemListElement\":[{\"@type\":\"ListItem\",\"position\":1,\"name\":\"Accueil\",\"item\":\"https:\/\/www.africa-press.net\/cameroun\/\"},{\"@type\":\"ListItem\",\"position\":2,\"name\":\"Le Sous-pre\u0301fet de Bamenda 2 Est Libre\"}]},{\"@type\":\"WebSite\",\"@id\":\"https:\/\/www.africa-press.net\/cameroun\/#website\",\"url\":\"https:\/\/www.africa-press.net\/cameroun\/\",\"name\":\"Cameroun\",\"description\":\"Just another Africa News Agency Sites site\",\"potentialAction\":[{\"@type\":\"SearchAction\",\"target\":{\"@type\":\"EntryPoint\",\"urlTemplate\":\"https:\/\/www.africa-press.net\/cameroun\/?s={search_term_string}\"},\"query-input\":{\"@type\":\"PropertyValueSpecification\",\"valueRequired\":true,\"valueName\":\"search_term_string\"}}],\"inLanguage\":\"fr-FR\"},{\"@type\":\"Person\",\"@id\":\"https:\/\/www.africa-press.net\/cameroun\/#\/schema\/person\/2b1cf3cd81a31e3cd26889ca66d677f1\",\"name\":\"cfeditorfr\"}]}<\/script>\n<!-- \/ Yoast SEO Premium plugin. -->","yoast_head_json":{"title":"Le Sous-pre\u0301fet de Bamenda 2 Est Libre - Cameroun","description":"La libe\u0301ration de Nicholas Nkongho Manchang enleve\u0301 le 06 fe\u0301vrier sur la route de Nkambe\u0300 est rendue publique ce mer ...","robots":{"index":"index","follow":"follow","max-snippet":"max-snippet:-1","max-image-preview":"max-image-preview:large","max-video-preview":"max-video-preview:-1"},"canonical":"https:\/\/www.africa-press.net\/cameroun\/politique\/le-sous-prefet-de-bamenda-2-est-libre","og_locale":"fr_FR","og_type":"article","og_title":"Le Sous-pre\u0301fet de Bamenda 2 Est Libre","og_description":"La libe\u0301ration de Nicholas Nkongho Manchang enleve\u0301 le 06 fe\u0301vrier sur la route de Nkambe\u0300 est rendue publique ce mer ...","og_url":"https:\/\/www.africa-press.net\/cameroun\/politique\/le-sous-prefet-de-bamenda-2-est-libre","og_site_name":"Cameroun","article_published_time":"2024-02-08T12:47:24+00:00","article_modified_time":"2024-02-08T13:05:51+00:00","og_image":[{"width":780,"height":440,"url":"https:\/\/static.africa-press.net\/cameroun\/sites\/57\/2024\/02\/sm_1707384830.522059.jpg","type":"image\/jpeg"}],"author":"cfeditorfr","twitter_card":"summary_large_image","twitter_misc":{"\u00c9crit par":"cfeditorfr","Dur\u00e9e de lecture estim\u00e9e":"1 minute"},"schema":{"@context":"https:\/\/schema.org","@graph":[{"@type":"Article","@id":"https:\/\/www.africa-press.net\/cameroun\/politique\/le-sous-prefet-de-bamenda-2-est-libre#article","isPartOf":{"@id":"https:\/\/www.africa-press.net\/cameroun\/politique\/le-sous-prefet-de-bamenda-2-est-libre"},"author":{"name":"cfeditorfr","@id":"https:\/\/www.africa-press.net\/cameroun\/#\/schema\/person\/2b1cf3cd81a31e3cd26889ca66d677f1"},"headline":"Le Sous-pre\u0301fet de Bamenda 2 Est Libre","datePublished":"2024-02-08T12:47:24+00:00","dateModified":"2024-02-08T13:05:51+00:00","mainEntityOfPage":{"@id":"https:\/\/www.africa-press.net\/cameroun\/politique\/le-sous-prefet-de-bamenda-2-est-libre"},"wordCount":274,"commentCount":0,"image":{"@id":"https:\/\/www.africa-press.net\/cameroun\/politique\/le-sous-prefet-de-bamenda-2-est-libre#primaryimage"},"thumbnailUrl":"https:\/\/static.africa-press.net\/cameroun\/sites\/57\/2024\/02\/sm_1707384830.522059.jpg","keywords":["Africa Press","Africa Press-Cameroun","Cameroun"],"articleSection":["Politique","Toutes les actualit\u00e9s"],"inLanguage":"fr-FR","potentialAction":[{"@type":"CommentAction","name":"Comment","target":["https:\/\/www.africa-press.net\/cameroun\/politique\/le-sous-prefet-de-bamenda-2-est-libre#respond"]}]},{"@type":"WebPage","@id":"https:\/\/www.africa-press.net\/cameroun\/politique\/le-sous-prefet-de-bamenda-2-est-libre","url":"https:\/\/www.africa-press.net\/cameroun\/politique\/le-sous-prefet-de-bamenda-2-est-libre","name":"Le Sous-pre\u0301fet de Bamenda 2 Est Libre - Cameroun","isPartOf":{"@id":"https:\/\/www.africa-press.net\/cameroun\/#website"},"primaryImageOfPage":{"@id":"https:\/\/www.africa-press.net\/cameroun\/politique\/le-sous-prefet-de-bamenda-2-est-libre#primaryimage"},"image":{"@id":"https:\/\/www.africa-press.net\/cameroun\/politique\/le-sous-prefet-de-bamenda-2-est-libre#primaryimage"},"thumbnailUrl":"https:\/\/static.africa-press.net\/cameroun\/sites\/57\/2024\/02\/sm_1707384830.522059.jpg","datePublished":"2024-02-08T12:47:24+00:00","dateModified":"2024-02-08T13:05:51+00:00","author":{"@id":"https:\/\/www.africa-press.net\/cameroun\/#\/schema\/person\/2b1cf3cd81a31e3cd26889ca66d677f1"},"description":"La libe\u0301ration de Nicholas Nkongho Manchang enleve\u0301 le 06 fe\u0301vrier sur la route de Nkambe\u0300 est rendue publique ce mer ...","breadcrumb":{"@id":"https:\/\/www.africa-press.net\/cameroun\/politique\/le-sous-prefet-de-bamenda-2-est-libre#breadcrumb"},"inLanguage":"fr-FR","potentialAction":[{"@type":"ReadAction","target":["https:\/\/www.africa-press.net\/cameroun\/politique\/le-sous-prefet-de-bamenda-2-est-libre"]}]},{"@type":"ImageObject","inLanguage":"fr-FR","@id":"https:\/\/www.africa-press.net\/cameroun\/politique\/le-sous-prefet-de-bamenda-2-est-libre#primaryimage","url":"https:\/\/static.africa-press.net\/cameroun\/sites\/57\/2024\/02\/sm_1707384830.522059.jpg","contentUrl":"https:\/\/static.africa-press.net\/cameroun\/sites\/57\/2024\/02\/sm_1707384830.522059.jpg","width":780,"height":440,"caption":"Le Sous-pre\u0301fet de Bamenda 2 Est Libre"},{"@type":"BreadcrumbList","@id":"https:\/\/www.africa-press.net\/cameroun\/politique\/le-sous-prefet-de-bamenda-2-est-libre#breadcrumb","itemListElement":[{"@type":"ListItem","position":1,"name":"Accueil","item":"https:\/\/www.africa-press.net\/cameroun\/"},{"@type":"ListItem","position":2,"name":"Le Sous-pre\u0301fet de Bamenda 2 Est Libre"}]},{"@type":"WebSite","@id":"https:\/\/www.africa-press.net\/cameroun\/#website","url":"https:\/\/www.africa-press.net\/cameroun\/","name":"Cameroun","description":"Just another Africa News Agency Sites site","potentialAction":[{"@type":"SearchAction","target":{"@type":"EntryPoint","urlTemplate":"https:\/\/www.africa-press.net\/cameroun\/?s={search_term_string}"},"query-input":{"@type":"PropertyValueSpecification","valueRequired":true,"valueName":"search_term_string"}}],"inLanguage":"fr-FR"},{"@type":"Person","@id":"https:\/\/www.africa-press.net\/cameroun\/#\/schema\/person\/2b1cf3cd81a31e3cd26889ca66d677f1","name":"cfeditorfr"}]}},"_links":{"self":[{"href":"https:\/\/www.africa-press.net\/cameroun\/wp-json\/wp\/v2\/posts\/61192","targetHints":{"allow":["GET"]}}],"collection":[{"href":"https:\/\/www.africa-press.net\/cameroun\/wp-json\/wp\/v2\/posts"}],"about":[{"href":"https:\/\/www.africa-press.net\/cameroun\/wp-json\/wp\/v2\/types\/post"}],"author":[{"embeddable":true,"href":"https:\/\/www.africa-press.net\/cameroun\/wp-json\/wp\/v2\/users\/82"}],"replies":[{"embeddable":true,"href":"https:\/\/www.africa-press.net\/cameroun\/wp-json\/wp\/v2\/comments?post=61192"}],"version-history":[{"count":0,"href":"https:\/\/www.africa-press.net\/cameroun\/wp-json\/wp\/v2\/posts\/61192\/revisions"}],"wp:featuredmedia":[{"embeddable":true,"href":"https:\/\/www.africa-press.net\/cameroun\/wp-json\/wp\/v2\/media\/61190"}],"wp:attachment":[{"href":"https:\/\/www.africa-press.net\/cameroun\/wp-json\/wp\/v2\/media?parent=61192"}],"wp:term":[{"taxonomy":"category","embeddable":true,"href":"https:\/\/www.africa-press.net\/cameroun\/wp-json\/wp\/v2\/categories?post=61192"},{"taxonomy":"post_tag","embeddable":true,"href":"https:\/\/www.africa-press.net\/cameroun\/wp-json\/wp\/v2\/tags?post=61192"}],"curies":[{"name":"wp","href":"https:\/\/api.w.org\/{rel}","templated":true}]}}