{"id":61194,"date":"2024-02-08T12:47:44","date_gmt":"2024-02-08T12:47:44","guid":{"rendered":"https:\/\/www.africa-press.net\/cameroun\/politique\/secteur-petrolier-armel-simondin-pdg-de-perenco-cameroun-devient-le-nouveau-directeur-general-du-groupe"},"modified":"2024-02-08T13:06:21","modified_gmt":"2024-02-08T13:06:21","slug":"secteur-petrolier-armel-simondin-pdg-de-perenco-cameroun-devient-le-nouveau-directeur-general-du-groupe","status":"publish","type":"post","link":"https:\/\/www.africa-press.net\/cameroun\/politique\/secteur-petrolier-armel-simondin-pdg-de-perenco-cameroun-devient-le-nouveau-directeur-general-du-groupe","title":{"rendered":"Secteur P\u00e9trolier : Armel Simondin, PDG de Perenco Cameroun Devient le Nouveau Directeur G\u00e9n\u00e9ral du Groupe"},"content":{"rendered":"<p><span style=\"color: #ff6600\"><strong>Africa-Press &#8211; Cameroun. <\/strong><\/span><b>Armel Simondin, nomme\u0301 mardi 6 fe\u0301vrier 2024 directeur ge\u0301ne\u0301ral de Perenco, prendra ses nouvelles fonctions le 15 mars.<\/b><\/p>\n<p>Armel Simondin, jusqu\u2019ici PDG de Perenco Cameroun est le nouveau PDG de Perenco SA, a\u0300 compter du 15 mars 2024. Simondi remplacera Benoi\u0302t de la Fouchardie\u0300re. Promu au conseil d\u2019administration de la maison me\u0300re du groupe pe\u0301trolier cumulant ses fonctions de directeur de la filiale du groupe de\u0301nomme\u0301e Dixstone.<\/p>\n<p>Cette dernie\u0300re est charge\u0301e de fournir tous les services pe\u0301troliers et gaziers, notamment le forage, l\u2019exploitation forestie\u0300re, la pose de canalisations, la conception et la construction de plateformes, la gestion du site et le de\u0301mante\u0300lement.<\/p>\n<p>Simondin posse\u0300de une vaste expe\u0301rience dans l\u2019industrie pe\u0301trolie\u0300re et gazie\u0300re, ayant passe\u0301 la premie\u0300re partie de sa carrie\u0300re chez la supermajor franc\u0327aise TotalEnergies avant de rejoindre Perenco en 2011. Avant d\u2019e\u0302tre nomme\u0301 directeur ge\u0301ne\u0301ral, Simondin a e\u0301te\u0301 directeur forage du groupe, puis directeur ge\u0301ne\u0301ral des ope\u0301rations de Perenco au Cameroun.<\/p>\n<p>Il est diplo\u0302me\u0301 de Centrale Lyon et de l\u2019E\u0301cole nationale supe\u0301rieure du pe\u0301trole et des moteurs (ENSPM, devenue depuis IFP School). Entre\u0301 chez Perenco en 2011 apre\u0300s avoir travaille\u0301 pour Total et McDermott, il dirigeait pre\u0301ce\u0301demment Perenco Cameroun.<\/p>\n<p>Franc\u0327ois Perrodo, Pre\u0301sident du Conseil d\u2019Administration de Perenco, a de\u0301clare\u0301 a\u0300 cette occasion: \u00ab un long chemin a e\u0301te\u0301 parcouru depuis 2016, date a\u0300 laquelle j\u2019ai nomme\u0301 Benoi\u0302t au poste de Directeur Ge\u0301ne\u0301ral. Nous avons dirige\u0301 l\u2019entreprise avec succe\u0300s dans des moments difficiles tels que la chute du prix du Brent et la pande\u0301mie, pour rendre le Groupe plus fort que jamais avec un niveau record de re\u0301serves 2P, des records de se\u0301curite\u0301, des succe\u0300s en exploration et des carnets de commandes de projets, y compris le projet phare de Cape Lopez LNG. Un nouveau chapitre s\u2019ouvre de\u0301sormais avec ses propres de\u0301fis. Nous ne nous reposerons jamais sur nos lauriers et nous devons re\u0301gulie\u0300rement nous re\u0301inventer en y insufflant une nouvelle e\u0301nergie \u00bb.<\/p>\n<p>Cre\u0301e\u0301 il y a trente ans, Perenco est un producteur inde\u0301pendant d\u2019hydrocarbures implique\u0301 sur l\u2019ensemble du cycle de vie des projets, de l\u2019exploration au de\u0301mante\u0300lement. La production brute est supe\u0301rieure a\u0300 510 000 bep.<\/p>\n<p><strong>Pour plus d&rsquo;informations et d&rsquo;analyses sur la <a href=\"https:\/\/www.africa-press.net\/cameroun\">Cameroun<\/a>, suivez <a href=\"https:\/\/www.africa-press.net\/\">Africa-Press<\/a><\/strong><\/p>\n","protected":false},"excerpt":{"rendered":"<p>Africa-Press &#8211; Cameroun. Armel Simondin, nomme\u0301 mardi 6 fe\u0301vrier 2024 directeur ge\u0301ne\u0301ral de Perenco, prendra ses nouvelles fonctions le 15 mars. Armel Simondin, jusqu\u2019ici PDG de Perenco Cameroun est le nouveau PDG de Perenco SA, a\u0300 compter du 15 mars 2024. Simondi remplacera Benoi\u0302t de la Fouchardie\u0300re. Promu au conseil d\u2019administration de la maison me\u0300re [&hellip;]<\/p>\n","protected":false},"author":82,"featured_media":61193,"comment_status":"open","ping_status":"closed","sticky":false,"template":"","format":"standard","meta":{"footnotes":""},"categories":[2,10],"tags":[36,50,49],"class_list":["post-61194","post","type-post","status-publish","format-standard","has-post-thumbnail","hentry","category-politique","category-toutes-les-actualites","tag-africa-press","tag-africa-press-cameroun","tag-cameroun"],"yoast_head":"<!-- This site is optimized with the Yoast SEO Premium plugin v26.1 (Yoast SEO v27.0) - https:\/\/yoast.com\/product\/yoast-seo-premium-wordpress\/ -->\n<title>Secteur P\u00e9trolier : Armel Simondin, PDG de Perenco Cameroun Devient le Nouveau Directeur G\u00e9n\u00e9ral du Groupe - Cameroun<\/title>\n<meta name=\"description\" content=\"Armel Simondin, nomme\u0301 mardi 6 fe\u0301vrier 2024 directeur ge\u0301ne\u0301ral de Perenco, prendra ses nouvelles fonctions le 15 ma ...\" \/>\n<meta name=\"robots\" content=\"index, follow, max-snippet:-1, max-image-preview:large, max-video-preview:-1\" \/>\n<link rel=\"canonical\" href=\"https:\/\/www.africa-press.net\/cameroun\/politique\/secteur-petrolier-armel-simondin-pdg-de-perenco-cameroun-devient-le-nouveau-directeur-general-du-groupe\" \/>\n<meta property=\"og:locale\" content=\"fr_FR\" \/>\n<meta property=\"og:type\" content=\"article\" \/>\n<meta property=\"og:title\" content=\"Secteur P\u00e9trolier : Armel Simondin, PDG de Perenco Cameroun Devient le Nouveau Directeur G\u00e9n\u00e9ral du Groupe\" \/>\n<meta property=\"og:description\" content=\"Armel Simondin, nomme\u0301 mardi 6 fe\u0301vrier 2024 directeur ge\u0301ne\u0301ral de Perenco, prendra ses nouvelles fonctions le 15 ma ...\" \/>\n<meta property=\"og:url\" content=\"https:\/\/www.africa-press.net\/cameroun\/politique\/secteur-petrolier-armel-simondin-pdg-de-perenco-cameroun-devient-le-nouveau-directeur-general-du-groupe\" \/>\n<meta property=\"og:site_name\" content=\"Cameroun\" \/>\n<meta property=\"article:published_time\" content=\"2024-02-08T12:47:44+00:00\" \/>\n<meta property=\"article:modified_time\" content=\"2024-02-08T13:06:21+00:00\" \/>\n<meta property=\"og:image\" content=\"https:\/\/static.africa-press.net\/cameroun\/sites\/57\/2024\/02\/sm_1707384862.129154.jpg\" \/>\n\t<meta property=\"og:image:width\" content=\"780\" \/>\n\t<meta property=\"og:image:height\" content=\"440\" \/>\n\t<meta property=\"og:image:type\" content=\"image\/jpeg\" \/>\n<meta name=\"author\" content=\"cfeditorfr\" \/>\n<meta name=\"twitter:card\" content=\"summary_large_image\" \/>\n<meta name=\"twitter:label1\" content=\"\u00c9crit par\" \/>\n\t<meta name=\"twitter:data1\" content=\"cfeditorfr\" \/>\n\t<meta name=\"twitter:label2\" content=\"Dur\u00e9e de lecture estim\u00e9e\" \/>\n\t<meta name=\"twitter:data2\" content=\"2 minutes\" \/>\n<script type=\"application\/ld+json\" class=\"yoast-schema-graph\">{\"@context\":\"https:\/\/schema.org\",\"@graph\":[{\"@type\":\"Article\",\"@id\":\"https:\/\/www.africa-press.net\/cameroun\/politique\/secteur-petrolier-armel-simondin-pdg-de-perenco-cameroun-devient-le-nouveau-directeur-general-du-groupe#article\",\"isPartOf\":{\"@id\":\"https:\/\/www.africa-press.net\/cameroun\/politique\/secteur-petrolier-armel-simondin-pdg-de-perenco-cameroun-devient-le-nouveau-directeur-general-du-groupe\"},\"author\":{\"name\":\"cfeditorfr\",\"@id\":\"https:\/\/www.africa-press.net\/cameroun\/#\/schema\/person\/2b1cf3cd81a31e3cd26889ca66d677f1\"},\"headline\":\"Secteur P\u00e9trolier : Armel Simondin, PDG de Perenco Cameroun Devient le Nouveau Directeur G\u00e9n\u00e9ral du Groupe\",\"datePublished\":\"2024-02-08T12:47:44+00:00\",\"dateModified\":\"2024-02-08T13:06:21+00:00\",\"mainEntityOfPage\":{\"@id\":\"https:\/\/www.africa-press.net\/cameroun\/politique\/secteur-petrolier-armel-simondin-pdg-de-perenco-cameroun-devient-le-nouveau-directeur-general-du-groupe\"},\"wordCount\":441,\"commentCount\":0,\"image\":{\"@id\":\"https:\/\/www.africa-press.net\/cameroun\/politique\/secteur-petrolier-armel-simondin-pdg-de-perenco-cameroun-devient-le-nouveau-directeur-general-du-groupe#primaryimage\"},\"thumbnailUrl\":\"https:\/\/static.africa-press.net\/cameroun\/sites\/57\/2024\/02\/sm_1707384862.129154.jpg\",\"keywords\":[\"Africa Press\",\"Africa Press-Cameroun\",\"Cameroun\"],\"articleSection\":[\"Politique\",\"Toutes les actualit\u00e9s\"],\"inLanguage\":\"fr-FR\",\"potentialAction\":[{\"@type\":\"CommentAction\",\"name\":\"Comment\",\"target\":[\"https:\/\/www.africa-press.net\/cameroun\/politique\/secteur-petrolier-armel-simondin-pdg-de-perenco-cameroun-devient-le-nouveau-directeur-general-du-groupe#respond\"]}]},{\"@type\":\"WebPage\",\"@id\":\"https:\/\/www.africa-press.net\/cameroun\/politique\/secteur-petrolier-armel-simondin-pdg-de-perenco-cameroun-devient-le-nouveau-directeur-general-du-groupe\",\"url\":\"https:\/\/www.africa-press.net\/cameroun\/politique\/secteur-petrolier-armel-simondin-pdg-de-perenco-cameroun-devient-le-nouveau-directeur-general-du-groupe\",\"name\":\"Secteur P\u00e9trolier : Armel Simondin, PDG de Perenco Cameroun Devient le Nouveau Directeur G\u00e9n\u00e9ral du Groupe - Cameroun\",\"isPartOf\":{\"@id\":\"https:\/\/www.africa-press.net\/cameroun\/#website\"},\"primaryImageOfPage\":{\"@id\":\"https:\/\/www.africa-press.net\/cameroun\/politique\/secteur-petrolier-armel-simondin-pdg-de-perenco-cameroun-devient-le-nouveau-directeur-general-du-groupe#primaryimage\"},\"image\":{\"@id\":\"https:\/\/www.africa-press.net\/cameroun\/politique\/secteur-petrolier-armel-simondin-pdg-de-perenco-cameroun-devient-le-nouveau-directeur-general-du-groupe#primaryimage\"},\"thumbnailUrl\":\"https:\/\/static.africa-press.net\/cameroun\/sites\/57\/2024\/02\/sm_1707384862.129154.jpg\",\"datePublished\":\"2024-02-08T12:47:44+00:00\",\"dateModified\":\"2024-02-08T13:06:21+00:00\",\"author\":{\"@id\":\"https:\/\/www.africa-press.net\/cameroun\/#\/schema\/person\/2b1cf3cd81a31e3cd26889ca66d677f1\"},\"description\":\"Armel Simondin, nomme\u0301 mardi 6 fe\u0301vrier 2024 directeur ge\u0301ne\u0301ral de Perenco, prendra ses nouvelles fonctions le 15 ma ...\",\"breadcrumb\":{\"@id\":\"https:\/\/www.africa-press.net\/cameroun\/politique\/secteur-petrolier-armel-simondin-pdg-de-perenco-cameroun-devient-le-nouveau-directeur-general-du-groupe#breadcrumb\"},\"inLanguage\":\"fr-FR\",\"potentialAction\":[{\"@type\":\"ReadAction\",\"target\":[\"https:\/\/www.africa-press.net\/cameroun\/politique\/secteur-petrolier-armel-simondin-pdg-de-perenco-cameroun-devient-le-nouveau-directeur-general-du-groupe\"]}]},{\"@type\":\"ImageObject\",\"inLanguage\":\"fr-FR\",\"@id\":\"https:\/\/www.africa-press.net\/cameroun\/politique\/secteur-petrolier-armel-simondin-pdg-de-perenco-cameroun-devient-le-nouveau-directeur-general-du-groupe#primaryimage\",\"url\":\"https:\/\/static.africa-press.net\/cameroun\/sites\/57\/2024\/02\/sm_1707384862.129154.jpg\",\"contentUrl\":\"https:\/\/static.africa-press.net\/cameroun\/sites\/57\/2024\/02\/sm_1707384862.129154.jpg\",\"width\":780,\"height\":440,\"caption\":\"Secteur P\u00e9trolier : Armel Simondin, PDG de Perenco Cameroun Devient le Nouveau Directeur G\u00e9n\u00e9ral du Groupe\"},{\"@type\":\"BreadcrumbList\",\"@id\":\"https:\/\/www.africa-press.net\/cameroun\/politique\/secteur-petrolier-armel-simondin-pdg-de-perenco-cameroun-devient-le-nouveau-directeur-general-du-groupe#breadcrumb\",\"itemListElement\":[{\"@type\":\"ListItem\",\"position\":1,\"name\":\"Accueil\",\"item\":\"https:\/\/www.africa-press.net\/cameroun\/\"},{\"@type\":\"ListItem\",\"position\":2,\"name\":\"Secteur P\u00e9trolier : Armel Simondin, PDG de Perenco Cameroun Devient le Nouveau Directeur G\u00e9n\u00e9ral du Groupe\"}]},{\"@type\":\"WebSite\",\"@id\":\"https:\/\/www.africa-press.net\/cameroun\/#website\",\"url\":\"https:\/\/www.africa-press.net\/cameroun\/\",\"name\":\"Cameroun\",\"description\":\"Just another Africa News Agency Sites site\",\"potentialAction\":[{\"@type\":\"SearchAction\",\"target\":{\"@type\":\"EntryPoint\",\"urlTemplate\":\"https:\/\/www.africa-press.net\/cameroun\/?s={search_term_string}\"},\"query-input\":{\"@type\":\"PropertyValueSpecification\",\"valueRequired\":true,\"valueName\":\"search_term_string\"}}],\"inLanguage\":\"fr-FR\"},{\"@type\":\"Person\",\"@id\":\"https:\/\/www.africa-press.net\/cameroun\/#\/schema\/person\/2b1cf3cd81a31e3cd26889ca66d677f1\",\"name\":\"cfeditorfr\"}]}<\/script>\n<!-- \/ Yoast SEO Premium plugin. -->","yoast_head_json":{"title":"Secteur P\u00e9trolier : Armel Simondin, PDG de Perenco Cameroun Devient le Nouveau Directeur G\u00e9n\u00e9ral du Groupe - Cameroun","description":"Armel Simondin, nomme\u0301 mardi 6 fe\u0301vrier 2024 directeur ge\u0301ne\u0301ral de Perenco, prendra ses nouvelles fonctions le 15 ma ...","robots":{"index":"index","follow":"follow","max-snippet":"max-snippet:-1","max-image-preview":"max-image-preview:large","max-video-preview":"max-video-preview:-1"},"canonical":"https:\/\/www.africa-press.net\/cameroun\/politique\/secteur-petrolier-armel-simondin-pdg-de-perenco-cameroun-devient-le-nouveau-directeur-general-du-groupe","og_locale":"fr_FR","og_type":"article","og_title":"Secteur P\u00e9trolier : Armel Simondin, PDG de Perenco Cameroun Devient le Nouveau Directeur G\u00e9n\u00e9ral du Groupe","og_description":"Armel Simondin, nomme\u0301 mardi 6 fe\u0301vrier 2024 directeur ge\u0301ne\u0301ral de Perenco, prendra ses nouvelles fonctions le 15 ma ...","og_url":"https:\/\/www.africa-press.net\/cameroun\/politique\/secteur-petrolier-armel-simondin-pdg-de-perenco-cameroun-devient-le-nouveau-directeur-general-du-groupe","og_site_name":"Cameroun","article_published_time":"2024-02-08T12:47:44+00:00","article_modified_time":"2024-02-08T13:06:21+00:00","og_image":[{"width":780,"height":440,"url":"https:\/\/static.africa-press.net\/cameroun\/sites\/57\/2024\/02\/sm_1707384862.129154.jpg","type":"image\/jpeg"}],"author":"cfeditorfr","twitter_card":"summary_large_image","twitter_misc":{"\u00c9crit par":"cfeditorfr","Dur\u00e9e de lecture estim\u00e9e":"2 minutes"},"schema":{"@context":"https:\/\/schema.org","@graph":[{"@type":"Article","@id":"https:\/\/www.africa-press.net\/cameroun\/politique\/secteur-petrolier-armel-simondin-pdg-de-perenco-cameroun-devient-le-nouveau-directeur-general-du-groupe#article","isPartOf":{"@id":"https:\/\/www.africa-press.net\/cameroun\/politique\/secteur-petrolier-armel-simondin-pdg-de-perenco-cameroun-devient-le-nouveau-directeur-general-du-groupe"},"author":{"name":"cfeditorfr","@id":"https:\/\/www.africa-press.net\/cameroun\/#\/schema\/person\/2b1cf3cd81a31e3cd26889ca66d677f1"},"headline":"Secteur P\u00e9trolier : Armel Simondin, PDG de Perenco Cameroun Devient le Nouveau Directeur G\u00e9n\u00e9ral du Groupe","datePublished":"2024-02-08T12:47:44+00:00","dateModified":"2024-02-08T13:06:21+00:00","mainEntityOfPage":{"@id":"https:\/\/www.africa-press.net\/cameroun\/politique\/secteur-petrolier-armel-simondin-pdg-de-perenco-cameroun-devient-le-nouveau-directeur-general-du-groupe"},"wordCount":441,"commentCount":0,"image":{"@id":"https:\/\/www.africa-press.net\/cameroun\/politique\/secteur-petrolier-armel-simondin-pdg-de-perenco-cameroun-devient-le-nouveau-directeur-general-du-groupe#primaryimage"},"thumbnailUrl":"https:\/\/static.africa-press.net\/cameroun\/sites\/57\/2024\/02\/sm_1707384862.129154.jpg","keywords":["Africa Press","Africa Press-Cameroun","Cameroun"],"articleSection":["Politique","Toutes les actualit\u00e9s"],"inLanguage":"fr-FR","potentialAction":[{"@type":"CommentAction","name":"Comment","target":["https:\/\/www.africa-press.net\/cameroun\/politique\/secteur-petrolier-armel-simondin-pdg-de-perenco-cameroun-devient-le-nouveau-directeur-general-du-groupe#respond"]}]},{"@type":"WebPage","@id":"https:\/\/www.africa-press.net\/cameroun\/politique\/secteur-petrolier-armel-simondin-pdg-de-perenco-cameroun-devient-le-nouveau-directeur-general-du-groupe","url":"https:\/\/www.africa-press.net\/cameroun\/politique\/secteur-petrolier-armel-simondin-pdg-de-perenco-cameroun-devient-le-nouveau-directeur-general-du-groupe","name":"Secteur P\u00e9trolier : Armel Simondin, PDG de Perenco Cameroun Devient le Nouveau Directeur G\u00e9n\u00e9ral du Groupe - Cameroun","isPartOf":{"@id":"https:\/\/www.africa-press.net\/cameroun\/#website"},"primaryImageOfPage":{"@id":"https:\/\/www.africa-press.net\/cameroun\/politique\/secteur-petrolier-armel-simondin-pdg-de-perenco-cameroun-devient-le-nouveau-directeur-general-du-groupe#primaryimage"},"image":{"@id":"https:\/\/www.africa-press.net\/cameroun\/politique\/secteur-petrolier-armel-simondin-pdg-de-perenco-cameroun-devient-le-nouveau-directeur-general-du-groupe#primaryimage"},"thumbnailUrl":"https:\/\/static.africa-press.net\/cameroun\/sites\/57\/2024\/02\/sm_1707384862.129154.jpg","datePublished":"2024-02-08T12:47:44+00:00","dateModified":"2024-02-08T13:06:21+00:00","author":{"@id":"https:\/\/www.africa-press.net\/cameroun\/#\/schema\/person\/2b1cf3cd81a31e3cd26889ca66d677f1"},"description":"Armel Simondin, nomme\u0301 mardi 6 fe\u0301vrier 2024 directeur ge\u0301ne\u0301ral de Perenco, prendra ses nouvelles fonctions le 15 ma ...","breadcrumb":{"@id":"https:\/\/www.africa-press.net\/cameroun\/politique\/secteur-petrolier-armel-simondin-pdg-de-perenco-cameroun-devient-le-nouveau-directeur-general-du-groupe#breadcrumb"},"inLanguage":"fr-FR","potentialAction":[{"@type":"ReadAction","target":["https:\/\/www.africa-press.net\/cameroun\/politique\/secteur-petrolier-armel-simondin-pdg-de-perenco-cameroun-devient-le-nouveau-directeur-general-du-groupe"]}]},{"@type":"ImageObject","inLanguage":"fr-FR","@id":"https:\/\/www.africa-press.net\/cameroun\/politique\/secteur-petrolier-armel-simondin-pdg-de-perenco-cameroun-devient-le-nouveau-directeur-general-du-groupe#primaryimage","url":"https:\/\/static.africa-press.net\/cameroun\/sites\/57\/2024\/02\/sm_1707384862.129154.jpg","contentUrl":"https:\/\/static.africa-press.net\/cameroun\/sites\/57\/2024\/02\/sm_1707384862.129154.jpg","width":780,"height":440,"caption":"Secteur P\u00e9trolier : Armel Simondin, PDG de Perenco Cameroun Devient le Nouveau Directeur G\u00e9n\u00e9ral du Groupe"},{"@type":"BreadcrumbList","@id":"https:\/\/www.africa-press.net\/cameroun\/politique\/secteur-petrolier-armel-simondin-pdg-de-perenco-cameroun-devient-le-nouveau-directeur-general-du-groupe#breadcrumb","itemListElement":[{"@type":"ListItem","position":1,"name":"Accueil","item":"https:\/\/www.africa-press.net\/cameroun\/"},{"@type":"ListItem","position":2,"name":"Secteur P\u00e9trolier : Armel Simondin, PDG de Perenco Cameroun Devient le Nouveau Directeur G\u00e9n\u00e9ral du Groupe"}]},{"@type":"WebSite","@id":"https:\/\/www.africa-press.net\/cameroun\/#website","url":"https:\/\/www.africa-press.net\/cameroun\/","name":"Cameroun","description":"Just another Africa News Agency Sites site","potentialAction":[{"@type":"SearchAction","target":{"@type":"EntryPoint","urlTemplate":"https:\/\/www.africa-press.net\/cameroun\/?s={search_term_string}"},"query-input":{"@type":"PropertyValueSpecification","valueRequired":true,"valueName":"search_term_string"}}],"inLanguage":"fr-FR"},{"@type":"Person","@id":"https:\/\/www.africa-press.net\/cameroun\/#\/schema\/person\/2b1cf3cd81a31e3cd26889ca66d677f1","name":"cfeditorfr"}]}},"_links":{"self":[{"href":"https:\/\/www.africa-press.net\/cameroun\/wp-json\/wp\/v2\/posts\/61194","targetHints":{"allow":["GET"]}}],"collection":[{"href":"https:\/\/www.africa-press.net\/cameroun\/wp-json\/wp\/v2\/posts"}],"about":[{"href":"https:\/\/www.africa-press.net\/cameroun\/wp-json\/wp\/v2\/types\/post"}],"author":[{"embeddable":true,"href":"https:\/\/www.africa-press.net\/cameroun\/wp-json\/wp\/v2\/users\/82"}],"replies":[{"embeddable":true,"href":"https:\/\/www.africa-press.net\/cameroun\/wp-json\/wp\/v2\/comments?post=61194"}],"version-history":[{"count":0,"href":"https:\/\/www.africa-press.net\/cameroun\/wp-json\/wp\/v2\/posts\/61194\/revisions"}],"wp:featuredmedia":[{"embeddable":true,"href":"https:\/\/www.africa-press.net\/cameroun\/wp-json\/wp\/v2\/media\/61193"}],"wp:attachment":[{"href":"https:\/\/www.africa-press.net\/cameroun\/wp-json\/wp\/v2\/media?parent=61194"}],"wp:term":[{"taxonomy":"category","embeddable":true,"href":"https:\/\/www.africa-press.net\/cameroun\/wp-json\/wp\/v2\/categories?post=61194"},{"taxonomy":"post_tag","embeddable":true,"href":"https:\/\/www.africa-press.net\/cameroun\/wp-json\/wp\/v2\/tags?post=61194"}],"curies":[{"name":"wp","href":"https:\/\/api.w.org\/{rel}","templated":true}]}}