{"id":61220,"date":"2024-02-07T12:49:12","date_gmt":"2024-02-07T12:49:12","guid":{"rendered":"https:\/\/www.africa-press.net\/cameroun\/politique\/en-plein-imbroglio-judiciaire-mtn-nomme-ebenezer-essoka-a-la-tete-de-son-conseil-dadministration-au-cameroun"},"modified":"2024-02-08T13:12:27","modified_gmt":"2024-02-08T13:12:27","slug":"en-plein-imbroglio-judiciaire-mtn-nomme-ebenezer-essoka-a-la-tete-de-son-conseil-dadministration-au-cameroun","status":"publish","type":"post","link":"https:\/\/www.africa-press.net\/cameroun\/economie\/en-plein-imbroglio-judiciaire-mtn-nomme-ebenezer-essoka-a-la-tete-de-son-conseil-dadministration-au-cameroun","title":{"rendered":"En Plein Imbroglio Judiciaire, MTN Nomme Ebenezer Essoka \u00e0 la T\u00eate de Son Conseil D\u2019Administration au Cameroun"},"content":{"rendered":"<p><span style=\"color: #ff6600\"><strong>Africa-Press &#8211; Cameroun. <\/strong><\/span>Investir au Cameroun) &#8211; Un nouveau pre\u0301sident a e\u0301te\u0301 nomme\u0301 a\u0300 la te\u0302te du conseil d\u2019administration de MTN au Cameroun. Il s\u2019agit de Ebenezer Essoka (photo). Ce dernier remplace Colin Mukete, en poste depuis la cre\u0301ation de la filiale camerounaise du ge\u0301ant sud-africain des te\u0301le\u0301coms MTN en 2002, qui a manifeste\u0301 son intention de quitter ses fonctions en 2024. Le changement a\u0300 la te\u0302te de MTN Cameroon a e\u0301te\u0301 de\u0301cide\u0301 au cours d\u2019une session du conseil d\u2019administration du groupe le 2 fe\u0301vrier a\u0300 Johannesburg en Afrique du Sud, indique l\u2019ope\u0301rateur dans un communique\u0301 publie\u0301 a\u0300 cet effet.<\/p>\n<p>Le nouveau PCA Ebenezer Essoka est un expert en finance bien connu du secteur bancaire africain qui posse\u0300de plus de 30 ans d\u2019expe\u0301rience et d\u2019expertise en entreprise, re\u0301sultant de son mandat au sein de divers conseils d\u2019administration (UBA et SCB notamment) et de son passage a\u0300 la Standard Chartered Bank ou\u0300 il a e\u0301te\u0301 vice-pre\u0301sident pour l\u2019Afrique et PDG Afrique du Sud et Afrique australe (2008-2013), ainsi que PDG Afrique centrale et occidentale. Il prend les re\u0302nes du conseil d\u2019administration dans un contexte ou\u0300 MTN est en pleine bataille judiciaire pour la leve\u0301e de la saisie de ses comptes bloque\u0301s depuis septembre 2022, dans le cadre de l\u2019affaire qui l\u2019oppose au milliardaire camerounais Baba Danpullo.<\/p>\n<p>L\u2019affaire a connu un nouveau rebondissement le 22 de\u0301cembre 2023 lorsque la Cour d\u2019appel du Littoral a ordonne\u0301 un sursis a\u0300 exe\u0301cution de l\u2019ordonnance de re\u0301fe\u0301re\u0301 par laquelle il avait e\u0301te\u0301 fait injonction a\u0300 la Socie\u0301te\u0301 commerciale de banque (SCB Cameroun, filiale du groupe marocain Attijariwafa Bank) de transfe\u0301rer, au profit du greffier en chef du tribunal de premie\u0300re instance (TPI) de Douala Bonanjo, les fonds appartenant a\u0300 MTN. La bataille judiciaire devrait se poursuivre en 2024, dans la mesure ou\u0300 la Cour d\u2019appel du Littoral devrait e\u0301galement se prononcer sur les cas se rapportant aux autres banques, a\u0300 savoir Afriland First Bank, UBA et Ecobank. Un dossier que Ebenezer Essoka devra suivre avec attention.<\/p>\n<p>Malgre\u0301 le gel de ses avoirs par la justice camerounaise, l\u2019activite\u0301 de MTN au Cameroun s\u2019est toutefois maintenue sur une tendance haussie\u0300re. Selon les re\u0301sultats de l\u2019entreprise au premier semestre 2023, consulte\u0301s par Investir au Cameroun, l\u2019ope\u0301rateur a re\u0301alise\u0301 un chiffre d\u2019affaires de 156 milliards de FCFA, en hausse de 9,2% par rapport a\u0300 la me\u0302me pe\u0301riode en 2022. La socie\u0301te\u0301, qui revendique une position dominante dans le secteur des te\u0301le\u0301communications au Cameroun (51,6% des parts de marche\u0301), a annonce\u0301 une valeur ajoute\u0301e (re\u0301sultat brut d\u2019exploitation) de 56,8 milliards de FCFA, en augmentation de 12,4% par rapport a\u0300 la me\u0302me pe\u0301riode en 2022. Il s\u2019agit de la meilleure performance de la pe\u0301riode parmi toutes les filiales de MTN des pays francophones d\u2019Afrique de l\u2019Ouest et du Centre, bien que le chiffre d\u2019affaires le plus e\u0301leve\u0301 (171,8 milliards de FCFA) ait e\u0301te\u0301 re\u0301alise\u0301 en Co\u0302te d\u2019Ivoire.<\/p>\n<p>Ebenezer Essoka a donc la mission de continuer cette croissance, impulse\u0301e sous le \u00ab leadership \u00bb de son pre\u0301de\u0301cesseur. \u00ab Cela a e\u0301te\u0301 un grand honneur de travailler et de servir aux co\u0302te\u0301s de M. Mukete. Son leadership et sa gestion exemplaires du conseil d\u2019administration et de l\u2019entreprise ont e\u0301te\u0301 une source d\u2019inspiration. Elle nous encourage a\u0300 continuer a\u0300 faire davantage dans notre que\u0302te de solutions nume\u0301riques pour le progre\u0300s de l\u2019Afrique. Le Cameroun est l\u2019un des marche\u0301s cle\u0301s du groupe MTN sur le continent, dont nous nous engageons a\u0300 promouvoir le progre\u0300s nume\u0301rique pendant de nombreuses anne\u0301es a\u0300 venir. Nous sommes impatients de poursuivre ce travail avec M. Essoka \u00bb, a de\u0301clare\u0301 Jonas Mcebisi, pre\u0301sident du conseil d\u2019administration du groupe, cite\u0301 dans le communique\u0301 susmentionne\u0301.<\/p>\n<p><strong>Pour plus d&rsquo;informations et d&rsquo;analyses sur la <a href=\"https:\/\/www.africa-press.net\/cameroun\">Cameroun<\/a>, suivez <a href=\"https:\/\/www.africa-press.net\/\">Africa-Press<\/a><\/strong><\/p>\n","protected":false},"excerpt":{"rendered":"<p>Africa-Press &#8211; Cameroun. Investir au Cameroun) &#8211; Un nouveau pre\u0301sident a e\u0301te\u0301 nomme\u0301 a\u0300 la te\u0302te du conseil d\u2019administration de MTN au Cameroun. Il s\u2019agit de Ebenezer Essoka (photo). Ce dernier remplace Colin Mukete, en poste depuis la cre\u0301ation de la filiale camerounaise du ge\u0301ant sud-africain des te\u0301le\u0301coms MTN en 2002, qui a manifeste\u0301 son [&hellip;]<\/p>\n","protected":false},"author":82,"featured_media":61218,"comment_status":"open","ping_status":"closed","sticky":false,"template":"","format":"standard","meta":{"footnotes":""},"categories":[3,10],"tags":[36,50,49],"class_list":["post-61220","post","type-post","status-publish","format-standard","has-post-thumbnail","hentry","category-economie","category-toutes-les-actualites","tag-africa-press","tag-africa-press-cameroun","tag-cameroun"],"yoast_head":"<!-- This site is optimized with the Yoast SEO Premium plugin v26.1 (Yoast SEO v27.0) - https:\/\/yoast.com\/product\/yoast-seo-premium-wordpress\/ -->\n<title>En Plein Imbroglio Judiciaire, MTN Nomme Ebenezer Essoka \u00e0 la T\u00eate de Son Conseil D\u2019Administration au Cameroun - Cameroun<\/title>\n<meta name=\"description\" content=\"Investir au Cameroun) - Un nouveau pre\u0301sident a e\u0301te\u0301 nomme\u0301 a\u0300 la te\u0302te du conseil d\u2019administration de MTN au Cameroun. ...\" \/>\n<meta name=\"robots\" content=\"index, follow, max-snippet:-1, max-image-preview:large, max-video-preview:-1\" \/>\n<link rel=\"canonical\" href=\"https:\/\/www.africa-press.net\/cameroun\/economie\/en-plein-imbroglio-judiciaire-mtn-nomme-ebenezer-essoka-a-la-tete-de-son-conseil-dadministration-au-cameroun\" \/>\n<meta property=\"og:locale\" content=\"fr_FR\" \/>\n<meta property=\"og:type\" content=\"article\" \/>\n<meta property=\"og:title\" content=\"En Plein Imbroglio Judiciaire, MTN Nomme Ebenezer Essoka \u00e0 la T\u00eate de Son Conseil D\u2019Administration au Cameroun\" \/>\n<meta property=\"og:description\" content=\"Investir au Cameroun) - Un nouveau pre\u0301sident a e\u0301te\u0301 nomme\u0301 a\u0300 la te\u0302te du conseil d\u2019administration de MTN au Cameroun. ...\" \/>\n<meta property=\"og:url\" content=\"https:\/\/www.africa-press.net\/cameroun\/economie\/en-plein-imbroglio-judiciaire-mtn-nomme-ebenezer-essoka-a-la-tete-de-son-conseil-dadministration-au-cameroun\" \/>\n<meta property=\"og:site_name\" content=\"Cameroun\" \/>\n<meta property=\"article:published_time\" content=\"2024-02-07T12:49:12+00:00\" \/>\n<meta property=\"article:modified_time\" content=\"2024-02-08T13:12:27+00:00\" \/>\n<meta property=\"og:image\" content=\"https:\/\/static.africa-press.net\/cameroun\/sites\/57\/2024\/02\/sm_1707385147.638681.jpg\" \/>\n\t<meta property=\"og:image:width\" content=\"720\" \/>\n\t<meta property=\"og:image:height\" content=\"480\" \/>\n\t<meta property=\"og:image:type\" content=\"image\/jpeg\" \/>\n<meta name=\"author\" content=\"cfeditorfr\" \/>\n<meta name=\"twitter:card\" content=\"summary_large_image\" \/>\n<meta name=\"twitter:label1\" content=\"\u00c9crit par\" \/>\n\t<meta name=\"twitter:data1\" content=\"cfeditorfr\" \/>\n\t<meta name=\"twitter:label2\" content=\"Dur\u00e9e de lecture estim\u00e9e\" \/>\n\t<meta name=\"twitter:data2\" content=\"3 minutes\" \/>\n<script type=\"application\/ld+json\" class=\"yoast-schema-graph\">{\"@context\":\"https:\/\/schema.org\",\"@graph\":[{\"@type\":\"Article\",\"@id\":\"https:\/\/www.africa-press.net\/cameroun\/economie\/en-plein-imbroglio-judiciaire-mtn-nomme-ebenezer-essoka-a-la-tete-de-son-conseil-dadministration-au-cameroun#article\",\"isPartOf\":{\"@id\":\"https:\/\/www.africa-press.net\/cameroun\/economie\/en-plein-imbroglio-judiciaire-mtn-nomme-ebenezer-essoka-a-la-tete-de-son-conseil-dadministration-au-cameroun\"},\"author\":{\"name\":\"cfeditorfr\",\"@id\":\"https:\/\/www.africa-press.net\/cameroun\/#\/schema\/person\/2b1cf3cd81a31e3cd26889ca66d677f1\"},\"headline\":\"En Plein Imbroglio Judiciaire, MTN Nomme Ebenezer Essoka \u00e0 la T\u00eate de Son Conseil D\u2019Administration au Cameroun\",\"datePublished\":\"2024-02-07T12:49:12+00:00\",\"dateModified\":\"2024-02-08T13:12:27+00:00\",\"mainEntityOfPage\":{\"@id\":\"https:\/\/www.africa-press.net\/cameroun\/economie\/en-plein-imbroglio-judiciaire-mtn-nomme-ebenezer-essoka-a-la-tete-de-son-conseil-dadministration-au-cameroun\"},\"wordCount\":708,\"commentCount\":0,\"image\":{\"@id\":\"https:\/\/www.africa-press.net\/cameroun\/economie\/en-plein-imbroglio-judiciaire-mtn-nomme-ebenezer-essoka-a-la-tete-de-son-conseil-dadministration-au-cameroun#primaryimage\"},\"thumbnailUrl\":\"https:\/\/static.africa-press.net\/cameroun\/sites\/57\/2024\/02\/sm_1707385147.638681.jpg\",\"keywords\":[\"Africa Press\",\"Africa Press-Cameroun\",\"Cameroun\"],\"articleSection\":[\"\u00c9conomie\",\"Toutes les actualit\u00e9s\"],\"inLanguage\":\"fr-FR\",\"potentialAction\":[{\"@type\":\"CommentAction\",\"name\":\"Comment\",\"target\":[\"https:\/\/www.africa-press.net\/cameroun\/economie\/en-plein-imbroglio-judiciaire-mtn-nomme-ebenezer-essoka-a-la-tete-de-son-conseil-dadministration-au-cameroun#respond\"]}]},{\"@type\":\"WebPage\",\"@id\":\"https:\/\/www.africa-press.net\/cameroun\/economie\/en-plein-imbroglio-judiciaire-mtn-nomme-ebenezer-essoka-a-la-tete-de-son-conseil-dadministration-au-cameroun\",\"url\":\"https:\/\/www.africa-press.net\/cameroun\/economie\/en-plein-imbroglio-judiciaire-mtn-nomme-ebenezer-essoka-a-la-tete-de-son-conseil-dadministration-au-cameroun\",\"name\":\"En Plein Imbroglio Judiciaire, MTN Nomme Ebenezer Essoka \u00e0 la T\u00eate de Son Conseil D\u2019Administration au Cameroun - Cameroun\",\"isPartOf\":{\"@id\":\"https:\/\/www.africa-press.net\/cameroun\/#website\"},\"primaryImageOfPage\":{\"@id\":\"https:\/\/www.africa-press.net\/cameroun\/economie\/en-plein-imbroglio-judiciaire-mtn-nomme-ebenezer-essoka-a-la-tete-de-son-conseil-dadministration-au-cameroun#primaryimage\"},\"image\":{\"@id\":\"https:\/\/www.africa-press.net\/cameroun\/economie\/en-plein-imbroglio-judiciaire-mtn-nomme-ebenezer-essoka-a-la-tete-de-son-conseil-dadministration-au-cameroun#primaryimage\"},\"thumbnailUrl\":\"https:\/\/static.africa-press.net\/cameroun\/sites\/57\/2024\/02\/sm_1707385147.638681.jpg\",\"datePublished\":\"2024-02-07T12:49:12+00:00\",\"dateModified\":\"2024-02-08T13:12:27+00:00\",\"author\":{\"@id\":\"https:\/\/www.africa-press.net\/cameroun\/#\/schema\/person\/2b1cf3cd81a31e3cd26889ca66d677f1\"},\"description\":\"Investir au Cameroun) - Un nouveau pre\u0301sident a e\u0301te\u0301 nomme\u0301 a\u0300 la te\u0302te du conseil d\u2019administration de MTN au Cameroun. ...\",\"breadcrumb\":{\"@id\":\"https:\/\/www.africa-press.net\/cameroun\/economie\/en-plein-imbroglio-judiciaire-mtn-nomme-ebenezer-essoka-a-la-tete-de-son-conseil-dadministration-au-cameroun#breadcrumb\"},\"inLanguage\":\"fr-FR\",\"potentialAction\":[{\"@type\":\"ReadAction\",\"target\":[\"https:\/\/www.africa-press.net\/cameroun\/economie\/en-plein-imbroglio-judiciaire-mtn-nomme-ebenezer-essoka-a-la-tete-de-son-conseil-dadministration-au-cameroun\"]}]},{\"@type\":\"ImageObject\",\"inLanguage\":\"fr-FR\",\"@id\":\"https:\/\/www.africa-press.net\/cameroun\/economie\/en-plein-imbroglio-judiciaire-mtn-nomme-ebenezer-essoka-a-la-tete-de-son-conseil-dadministration-au-cameroun#primaryimage\",\"url\":\"https:\/\/static.africa-press.net\/cameroun\/sites\/57\/2024\/02\/sm_1707385147.638681.jpg\",\"contentUrl\":\"https:\/\/static.africa-press.net\/cameroun\/sites\/57\/2024\/02\/sm_1707385147.638681.jpg\",\"width\":720,\"height\":480,\"caption\":\"En Plein Imbroglio Judiciaire, MTN Nomme Ebenezer Essoka \u00e0 la T\u00eate de Son Conseil D\u2019Administration au Cameroun\"},{\"@type\":\"BreadcrumbList\",\"@id\":\"https:\/\/www.africa-press.net\/cameroun\/economie\/en-plein-imbroglio-judiciaire-mtn-nomme-ebenezer-essoka-a-la-tete-de-son-conseil-dadministration-au-cameroun#breadcrumb\",\"itemListElement\":[{\"@type\":\"ListItem\",\"position\":1,\"name\":\"Accueil\",\"item\":\"https:\/\/www.africa-press.net\/cameroun\/\"},{\"@type\":\"ListItem\",\"position\":2,\"name\":\"En Plein Imbroglio Judiciaire, MTN Nomme Ebenezer Essoka \u00e0 la T\u00eate de Son Conseil D\u2019Administration au Cameroun\"}]},{\"@type\":\"WebSite\",\"@id\":\"https:\/\/www.africa-press.net\/cameroun\/#website\",\"url\":\"https:\/\/www.africa-press.net\/cameroun\/\",\"name\":\"Cameroun\",\"description\":\"Just another Africa News Agency Sites site\",\"potentialAction\":[{\"@type\":\"SearchAction\",\"target\":{\"@type\":\"EntryPoint\",\"urlTemplate\":\"https:\/\/www.africa-press.net\/cameroun\/?s={search_term_string}\"},\"query-input\":{\"@type\":\"PropertyValueSpecification\",\"valueRequired\":true,\"valueName\":\"search_term_string\"}}],\"inLanguage\":\"fr-FR\"},{\"@type\":\"Person\",\"@id\":\"https:\/\/www.africa-press.net\/cameroun\/#\/schema\/person\/2b1cf3cd81a31e3cd26889ca66d677f1\",\"name\":\"cfeditorfr\"}]}<\/script>\n<!-- \/ Yoast SEO Premium plugin. -->","yoast_head_json":{"title":"En Plein Imbroglio Judiciaire, MTN Nomme Ebenezer Essoka \u00e0 la T\u00eate de Son Conseil D\u2019Administration au Cameroun - Cameroun","description":"Investir au Cameroun) - Un nouveau pre\u0301sident a e\u0301te\u0301 nomme\u0301 a\u0300 la te\u0302te du conseil d\u2019administration de MTN au Cameroun. ...","robots":{"index":"index","follow":"follow","max-snippet":"max-snippet:-1","max-image-preview":"max-image-preview:large","max-video-preview":"max-video-preview:-1"},"canonical":"https:\/\/www.africa-press.net\/cameroun\/economie\/en-plein-imbroglio-judiciaire-mtn-nomme-ebenezer-essoka-a-la-tete-de-son-conseil-dadministration-au-cameroun","og_locale":"fr_FR","og_type":"article","og_title":"En Plein Imbroglio Judiciaire, MTN Nomme Ebenezer Essoka \u00e0 la T\u00eate de Son Conseil D\u2019Administration au Cameroun","og_description":"Investir au Cameroun) - Un nouveau pre\u0301sident a e\u0301te\u0301 nomme\u0301 a\u0300 la te\u0302te du conseil d\u2019administration de MTN au Cameroun. ...","og_url":"https:\/\/www.africa-press.net\/cameroun\/economie\/en-plein-imbroglio-judiciaire-mtn-nomme-ebenezer-essoka-a-la-tete-de-son-conseil-dadministration-au-cameroun","og_site_name":"Cameroun","article_published_time":"2024-02-07T12:49:12+00:00","article_modified_time":"2024-02-08T13:12:27+00:00","og_image":[{"width":720,"height":480,"url":"https:\/\/static.africa-press.net\/cameroun\/sites\/57\/2024\/02\/sm_1707385147.638681.jpg","type":"image\/jpeg"}],"author":"cfeditorfr","twitter_card":"summary_large_image","twitter_misc":{"\u00c9crit par":"cfeditorfr","Dur\u00e9e de lecture estim\u00e9e":"3 minutes"},"schema":{"@context":"https:\/\/schema.org","@graph":[{"@type":"Article","@id":"https:\/\/www.africa-press.net\/cameroun\/economie\/en-plein-imbroglio-judiciaire-mtn-nomme-ebenezer-essoka-a-la-tete-de-son-conseil-dadministration-au-cameroun#article","isPartOf":{"@id":"https:\/\/www.africa-press.net\/cameroun\/economie\/en-plein-imbroglio-judiciaire-mtn-nomme-ebenezer-essoka-a-la-tete-de-son-conseil-dadministration-au-cameroun"},"author":{"name":"cfeditorfr","@id":"https:\/\/www.africa-press.net\/cameroun\/#\/schema\/person\/2b1cf3cd81a31e3cd26889ca66d677f1"},"headline":"En Plein Imbroglio Judiciaire, MTN Nomme Ebenezer Essoka \u00e0 la T\u00eate de Son Conseil D\u2019Administration au Cameroun","datePublished":"2024-02-07T12:49:12+00:00","dateModified":"2024-02-08T13:12:27+00:00","mainEntityOfPage":{"@id":"https:\/\/www.africa-press.net\/cameroun\/economie\/en-plein-imbroglio-judiciaire-mtn-nomme-ebenezer-essoka-a-la-tete-de-son-conseil-dadministration-au-cameroun"},"wordCount":708,"commentCount":0,"image":{"@id":"https:\/\/www.africa-press.net\/cameroun\/economie\/en-plein-imbroglio-judiciaire-mtn-nomme-ebenezer-essoka-a-la-tete-de-son-conseil-dadministration-au-cameroun#primaryimage"},"thumbnailUrl":"https:\/\/static.africa-press.net\/cameroun\/sites\/57\/2024\/02\/sm_1707385147.638681.jpg","keywords":["Africa Press","Africa Press-Cameroun","Cameroun"],"articleSection":["\u00c9conomie","Toutes les actualit\u00e9s"],"inLanguage":"fr-FR","potentialAction":[{"@type":"CommentAction","name":"Comment","target":["https:\/\/www.africa-press.net\/cameroun\/economie\/en-plein-imbroglio-judiciaire-mtn-nomme-ebenezer-essoka-a-la-tete-de-son-conseil-dadministration-au-cameroun#respond"]}]},{"@type":"WebPage","@id":"https:\/\/www.africa-press.net\/cameroun\/economie\/en-plein-imbroglio-judiciaire-mtn-nomme-ebenezer-essoka-a-la-tete-de-son-conseil-dadministration-au-cameroun","url":"https:\/\/www.africa-press.net\/cameroun\/economie\/en-plein-imbroglio-judiciaire-mtn-nomme-ebenezer-essoka-a-la-tete-de-son-conseil-dadministration-au-cameroun","name":"En Plein Imbroglio Judiciaire, MTN Nomme Ebenezer Essoka \u00e0 la T\u00eate de Son Conseil D\u2019Administration au Cameroun - Cameroun","isPartOf":{"@id":"https:\/\/www.africa-press.net\/cameroun\/#website"},"primaryImageOfPage":{"@id":"https:\/\/www.africa-press.net\/cameroun\/economie\/en-plein-imbroglio-judiciaire-mtn-nomme-ebenezer-essoka-a-la-tete-de-son-conseil-dadministration-au-cameroun#primaryimage"},"image":{"@id":"https:\/\/www.africa-press.net\/cameroun\/economie\/en-plein-imbroglio-judiciaire-mtn-nomme-ebenezer-essoka-a-la-tete-de-son-conseil-dadministration-au-cameroun#primaryimage"},"thumbnailUrl":"https:\/\/static.africa-press.net\/cameroun\/sites\/57\/2024\/02\/sm_1707385147.638681.jpg","datePublished":"2024-02-07T12:49:12+00:00","dateModified":"2024-02-08T13:12:27+00:00","author":{"@id":"https:\/\/www.africa-press.net\/cameroun\/#\/schema\/person\/2b1cf3cd81a31e3cd26889ca66d677f1"},"description":"Investir au Cameroun) - Un nouveau pre\u0301sident a e\u0301te\u0301 nomme\u0301 a\u0300 la te\u0302te du conseil d\u2019administration de MTN au Cameroun. ...","breadcrumb":{"@id":"https:\/\/www.africa-press.net\/cameroun\/economie\/en-plein-imbroglio-judiciaire-mtn-nomme-ebenezer-essoka-a-la-tete-de-son-conseil-dadministration-au-cameroun#breadcrumb"},"inLanguage":"fr-FR","potentialAction":[{"@type":"ReadAction","target":["https:\/\/www.africa-press.net\/cameroun\/economie\/en-plein-imbroglio-judiciaire-mtn-nomme-ebenezer-essoka-a-la-tete-de-son-conseil-dadministration-au-cameroun"]}]},{"@type":"ImageObject","inLanguage":"fr-FR","@id":"https:\/\/www.africa-press.net\/cameroun\/economie\/en-plein-imbroglio-judiciaire-mtn-nomme-ebenezer-essoka-a-la-tete-de-son-conseil-dadministration-au-cameroun#primaryimage","url":"https:\/\/static.africa-press.net\/cameroun\/sites\/57\/2024\/02\/sm_1707385147.638681.jpg","contentUrl":"https:\/\/static.africa-press.net\/cameroun\/sites\/57\/2024\/02\/sm_1707385147.638681.jpg","width":720,"height":480,"caption":"En Plein Imbroglio Judiciaire, MTN Nomme Ebenezer Essoka \u00e0 la T\u00eate de Son Conseil D\u2019Administration au Cameroun"},{"@type":"BreadcrumbList","@id":"https:\/\/www.africa-press.net\/cameroun\/economie\/en-plein-imbroglio-judiciaire-mtn-nomme-ebenezer-essoka-a-la-tete-de-son-conseil-dadministration-au-cameroun#breadcrumb","itemListElement":[{"@type":"ListItem","position":1,"name":"Accueil","item":"https:\/\/www.africa-press.net\/cameroun\/"},{"@type":"ListItem","position":2,"name":"En Plein Imbroglio Judiciaire, MTN Nomme Ebenezer Essoka \u00e0 la T\u00eate de Son Conseil D\u2019Administration au Cameroun"}]},{"@type":"WebSite","@id":"https:\/\/www.africa-press.net\/cameroun\/#website","url":"https:\/\/www.africa-press.net\/cameroun\/","name":"Cameroun","description":"Just another Africa News Agency Sites site","potentialAction":[{"@type":"SearchAction","target":{"@type":"EntryPoint","urlTemplate":"https:\/\/www.africa-press.net\/cameroun\/?s={search_term_string}"},"query-input":{"@type":"PropertyValueSpecification","valueRequired":true,"valueName":"search_term_string"}}],"inLanguage":"fr-FR"},{"@type":"Person","@id":"https:\/\/www.africa-press.net\/cameroun\/#\/schema\/person\/2b1cf3cd81a31e3cd26889ca66d677f1","name":"cfeditorfr"}]}},"_links":{"self":[{"href":"https:\/\/www.africa-press.net\/cameroun\/wp-json\/wp\/v2\/posts\/61220","targetHints":{"allow":["GET"]}}],"collection":[{"href":"https:\/\/www.africa-press.net\/cameroun\/wp-json\/wp\/v2\/posts"}],"about":[{"href":"https:\/\/www.africa-press.net\/cameroun\/wp-json\/wp\/v2\/types\/post"}],"author":[{"embeddable":true,"href":"https:\/\/www.africa-press.net\/cameroun\/wp-json\/wp\/v2\/users\/82"}],"replies":[{"embeddable":true,"href":"https:\/\/www.africa-press.net\/cameroun\/wp-json\/wp\/v2\/comments?post=61220"}],"version-history":[{"count":0,"href":"https:\/\/www.africa-press.net\/cameroun\/wp-json\/wp\/v2\/posts\/61220\/revisions"}],"wp:featuredmedia":[{"embeddable":true,"href":"https:\/\/www.africa-press.net\/cameroun\/wp-json\/wp\/v2\/media\/61218"}],"wp:attachment":[{"href":"https:\/\/www.africa-press.net\/cameroun\/wp-json\/wp\/v2\/media?parent=61220"}],"wp:term":[{"taxonomy":"category","embeddable":true,"href":"https:\/\/www.africa-press.net\/cameroun\/wp-json\/wp\/v2\/categories?post=61220"},{"taxonomy":"post_tag","embeddable":true,"href":"https:\/\/www.africa-press.net\/cameroun\/wp-json\/wp\/v2\/tags?post=61220"}],"curies":[{"name":"wp","href":"https:\/\/api.w.org\/{rel}","templated":true}]}}