{"id":61225,"date":"2024-02-07T12:49:34","date_gmt":"2024-02-07T12:49:34","guid":{"rendered":"https:\/\/www.africa-press.net\/cameroun\/politique\/les-chefs-dentreprises-du-cameroun-ont-le-moral-bas-alerte-la-chambre-de-commerce"},"modified":"2024-02-08T13:13:23","modified_gmt":"2024-02-08T13:13:23","slug":"les-chefs-dentreprises-du-cameroun-ont-le-moral-bas-alerte-la-chambre-de-commerce","status":"publish","type":"post","link":"https:\/\/www.africa-press.net\/cameroun\/economie\/les-chefs-dentreprises-du-cameroun-ont-le-moral-bas-alerte-la-chambre-de-commerce","title":{"rendered":"Les Chefs D\u2019Entreprises du Cameroun Ont le Moral Bas, Alerte la Chambre de Commerce"},"content":{"rendered":"<p><span style=\"color: #ff6600\"><strong>Africa-Press &#8211; Cameroun. <\/strong><\/span>Investir au Cameroun) &#8211; D\u2019apre\u0300s la note de conjoncture du premier semestre 2023, publie\u0301e le 25 janvier 2024 par la Chambre de commerce, d\u2019industrie, des mines et de l\u2019artisanat (CCIMA), le moral des chefs d\u2019entreprises est bas. Particulie\u0300rement en cause: la baisse du chiffre d\u2019affaires, les conditions d\u2019approvisionnement difficiles, la baisse des be\u0301ne\u0301fices et les tensions de tre\u0301sorerie, liste le document.<\/p>\n<p>Sur 300 entreprises sonde\u0301es dans les dix re\u0301gions du pays, 249 entreprises ont apporte\u0301 des re\u0301ponses juge\u0301es comple\u0300tes et fiables, la base de sondage e\u0301tant issue des de\u0301clarations statistiques et fiscales de 2015, indique la CCIMA qui n\u2019a pas pre\u0301cise\u0301 les dates de ce sondage. Il en ressort que le chiffre d\u2019affaires est globalement en baisse dans tous les secteurs d\u2019activite\u0301 au premier semestre 2023.<\/p>\n<p>Cette baisse du chiffre d\u2019affaires est ressentie par 32,2% des dirigeants des entreprises du secteur des services, 45,4% pour ceux du commerce et 28,6% pour les patrons de l\u2019industrie. A\u0300 cela, s\u2019ajoutent des conditions d\u2019approvisionnement difficiles qui s\u2019expliquent par des cou\u0302ts d\u2019importation e\u0301leve\u0301s et d\u2019e\u0301nergie. Conse\u0301quence, 72,7% des chefs d\u2019entreprises du secteur des industries et de l\u2019artisanat estiment que les cou\u0302ts d\u2019e\u0301nergie et de matie\u0300res premie\u0300res approvisionne\u0301es sur le marche\u0301 local pe\u0300sent sur les cou\u0302ts de production. Une situation qui a conduit a\u0300 une hausse globale des prix de vente.<\/p>\n<p>La tendance ge\u0301ne\u0301rale de baisse des be\u0301ne\u0301fices s\u2019est ressentie dans tous les secteurs d\u2019activite\u0301, souligne la CCIMA, qui pre\u0301cise que plus de \u00ab 75% des artisans, 63,6% des commerc\u0327ants, 57,5% des responsables du secteur des services et 50% des industriels affirment que les be\u0301ne\u0301fices ont baisse\u0301 au premier semestre 2023 \u00bb. Ces derniers e\u0301voquent par ailleurs des tensions de tre\u0301sorerie qui sont a\u0300 mettre en relation avec le rallongement des de\u0301lais de re\u0300glement et de paiement.<\/p>\n<p>Globalement, le climat des affaires a e\u0301te\u0301 juge\u0301 de\u0301favorable dans les tous les secteurs et les ope\u0301rateurs e\u0301conomiques anticipent une situation globalement similaire au second semestre 2023, projette la CCIMA.<\/p>\n<p><b>Fre\u0301de\u0301ric Nonos<\/b><\/p>\n<p><strong>Pour plus d&rsquo;informations et d&rsquo;analyses sur la <a href=\"https:\/\/www.africa-press.net\/cameroun\">Cameroun<\/a>, suivez <a href=\"https:\/\/www.africa-press.net\/\">Africa-Press<\/a><\/strong><\/p>\n","protected":false},"excerpt":{"rendered":"<p>Africa-Press &#8211; Cameroun. Investir au Cameroun) &#8211; D\u2019apre\u0300s la note de conjoncture du premier semestre 2023, publie\u0301e le 25 janvier 2024 par la Chambre de commerce, d\u2019industrie, des mines et de l\u2019artisanat (CCIMA), le moral des chefs d\u2019entreprises est bas. Particulie\u0300rement en cause: la baisse du chiffre d\u2019affaires, les conditions d\u2019approvisionnement difficiles, la baisse des [&hellip;]<\/p>\n","protected":false},"author":82,"featured_media":61224,"comment_status":"open","ping_status":"closed","sticky":false,"template":"","format":"standard","meta":{"footnotes":""},"categories":[3,10],"tags":[36,50,49],"class_list":["post-61225","post","type-post","status-publish","format-standard","has-post-thumbnail","hentry","category-economie","category-toutes-les-actualites","tag-africa-press","tag-africa-press-cameroun","tag-cameroun"],"yoast_head":"<!-- This site is optimized with the Yoast SEO Premium plugin v26.1 (Yoast SEO v27.0) - https:\/\/yoast.com\/product\/yoast-seo-premium-wordpress\/ -->\n<title>Les Chefs D\u2019Entreprises du Cameroun Ont le Moral Bas, Alerte la Chambre de Commerce - Cameroun<\/title>\n<meta name=\"description\" content=\"Investir au Cameroun) - D\u2019apre\u0300s la note de conjoncture du premier semestre 2023, publie\u0301e le 25 janvier 2024 par la Cha ...\" \/>\n<meta name=\"robots\" content=\"index, follow, max-snippet:-1, max-image-preview:large, max-video-preview:-1\" \/>\n<link rel=\"canonical\" href=\"https:\/\/www.africa-press.net\/cameroun\/economie\/les-chefs-dentreprises-du-cameroun-ont-le-moral-bas-alerte-la-chambre-de-commerce\" \/>\n<meta property=\"og:locale\" content=\"fr_FR\" \/>\n<meta property=\"og:type\" content=\"article\" \/>\n<meta property=\"og:title\" content=\"Les Chefs D\u2019Entreprises du Cameroun Ont le Moral Bas, Alerte la Chambre de Commerce\" \/>\n<meta property=\"og:description\" content=\"Investir au Cameroun) - D\u2019apre\u0300s la note de conjoncture du premier semestre 2023, publie\u0301e le 25 janvier 2024 par la Cha ...\" \/>\n<meta property=\"og:url\" content=\"https:\/\/www.africa-press.net\/cameroun\/economie\/les-chefs-dentreprises-du-cameroun-ont-le-moral-bas-alerte-la-chambre-de-commerce\" \/>\n<meta property=\"og:site_name\" content=\"Cameroun\" \/>\n<meta property=\"article:published_time\" content=\"2024-02-07T12:49:34+00:00\" \/>\n<meta property=\"article:modified_time\" content=\"2024-02-08T13:13:23+00:00\" \/>\n<meta property=\"og:image\" content=\"https:\/\/static.africa-press.net\/cameroun\/sites\/57\/2024\/02\/sm_1707385207.106721.jpg\" \/>\n\t<meta property=\"og:image:width\" content=\"720\" \/>\n\t<meta property=\"og:image:height\" content=\"479\" \/>\n\t<meta property=\"og:image:type\" content=\"image\/jpeg\" \/>\n<meta name=\"author\" content=\"cfeditorfr\" \/>\n<meta name=\"twitter:card\" content=\"summary_large_image\" \/>\n<meta name=\"twitter:label1\" content=\"\u00c9crit par\" \/>\n\t<meta name=\"twitter:data1\" content=\"cfeditorfr\" \/>\n\t<meta name=\"twitter:label2\" content=\"Dur\u00e9e de lecture estim\u00e9e\" \/>\n\t<meta name=\"twitter:data2\" content=\"2 minutes\" \/>\n<script type=\"application\/ld+json\" class=\"yoast-schema-graph\">{\"@context\":\"https:\/\/schema.org\",\"@graph\":[{\"@type\":\"Article\",\"@id\":\"https:\/\/www.africa-press.net\/cameroun\/economie\/les-chefs-dentreprises-du-cameroun-ont-le-moral-bas-alerte-la-chambre-de-commerce#article\",\"isPartOf\":{\"@id\":\"https:\/\/www.africa-press.net\/cameroun\/economie\/les-chefs-dentreprises-du-cameroun-ont-le-moral-bas-alerte-la-chambre-de-commerce\"},\"author\":{\"name\":\"cfeditorfr\",\"@id\":\"https:\/\/www.africa-press.net\/cameroun\/#\/schema\/person\/2b1cf3cd81a31e3cd26889ca66d677f1\"},\"headline\":\"Les Chefs D\u2019Entreprises du Cameroun Ont le Moral Bas, Alerte la Chambre de Commerce\",\"datePublished\":\"2024-02-07T12:49:34+00:00\",\"dateModified\":\"2024-02-08T13:13:23+00:00\",\"mainEntityOfPage\":{\"@id\":\"https:\/\/www.africa-press.net\/cameroun\/economie\/les-chefs-dentreprises-du-cameroun-ont-le-moral-bas-alerte-la-chambre-de-commerce\"},\"wordCount\":400,\"commentCount\":0,\"image\":{\"@id\":\"https:\/\/www.africa-press.net\/cameroun\/economie\/les-chefs-dentreprises-du-cameroun-ont-le-moral-bas-alerte-la-chambre-de-commerce#primaryimage\"},\"thumbnailUrl\":\"https:\/\/static.africa-press.net\/cameroun\/sites\/57\/2024\/02\/sm_1707385207.106721.jpg\",\"keywords\":[\"Africa Press\",\"Africa Press-Cameroun\",\"Cameroun\"],\"articleSection\":[\"\u00c9conomie\",\"Toutes les actualit\u00e9s\"],\"inLanguage\":\"fr-FR\",\"potentialAction\":[{\"@type\":\"CommentAction\",\"name\":\"Comment\",\"target\":[\"https:\/\/www.africa-press.net\/cameroun\/economie\/les-chefs-dentreprises-du-cameroun-ont-le-moral-bas-alerte-la-chambre-de-commerce#respond\"]}]},{\"@type\":\"WebPage\",\"@id\":\"https:\/\/www.africa-press.net\/cameroun\/economie\/les-chefs-dentreprises-du-cameroun-ont-le-moral-bas-alerte-la-chambre-de-commerce\",\"url\":\"https:\/\/www.africa-press.net\/cameroun\/economie\/les-chefs-dentreprises-du-cameroun-ont-le-moral-bas-alerte-la-chambre-de-commerce\",\"name\":\"Les Chefs D\u2019Entreprises du Cameroun Ont le Moral Bas, Alerte la Chambre de Commerce - Cameroun\",\"isPartOf\":{\"@id\":\"https:\/\/www.africa-press.net\/cameroun\/#website\"},\"primaryImageOfPage\":{\"@id\":\"https:\/\/www.africa-press.net\/cameroun\/economie\/les-chefs-dentreprises-du-cameroun-ont-le-moral-bas-alerte-la-chambre-de-commerce#primaryimage\"},\"image\":{\"@id\":\"https:\/\/www.africa-press.net\/cameroun\/economie\/les-chefs-dentreprises-du-cameroun-ont-le-moral-bas-alerte-la-chambre-de-commerce#primaryimage\"},\"thumbnailUrl\":\"https:\/\/static.africa-press.net\/cameroun\/sites\/57\/2024\/02\/sm_1707385207.106721.jpg\",\"datePublished\":\"2024-02-07T12:49:34+00:00\",\"dateModified\":\"2024-02-08T13:13:23+00:00\",\"author\":{\"@id\":\"https:\/\/www.africa-press.net\/cameroun\/#\/schema\/person\/2b1cf3cd81a31e3cd26889ca66d677f1\"},\"description\":\"Investir au Cameroun) - D\u2019apre\u0300s la note de conjoncture du premier semestre 2023, publie\u0301e le 25 janvier 2024 par la Cha ...\",\"breadcrumb\":{\"@id\":\"https:\/\/www.africa-press.net\/cameroun\/economie\/les-chefs-dentreprises-du-cameroun-ont-le-moral-bas-alerte-la-chambre-de-commerce#breadcrumb\"},\"inLanguage\":\"fr-FR\",\"potentialAction\":[{\"@type\":\"ReadAction\",\"target\":[\"https:\/\/www.africa-press.net\/cameroun\/economie\/les-chefs-dentreprises-du-cameroun-ont-le-moral-bas-alerte-la-chambre-de-commerce\"]}]},{\"@type\":\"ImageObject\",\"inLanguage\":\"fr-FR\",\"@id\":\"https:\/\/www.africa-press.net\/cameroun\/economie\/les-chefs-dentreprises-du-cameroun-ont-le-moral-bas-alerte-la-chambre-de-commerce#primaryimage\",\"url\":\"https:\/\/static.africa-press.net\/cameroun\/sites\/57\/2024\/02\/sm_1707385207.106721.jpg\",\"contentUrl\":\"https:\/\/static.africa-press.net\/cameroun\/sites\/57\/2024\/02\/sm_1707385207.106721.jpg\",\"width\":720,\"height\":479,\"caption\":\"Les Chefs D\u2019Entreprises du Cameroun Ont le Moral Bas, Alerte la Chambre de Commerce\"},{\"@type\":\"BreadcrumbList\",\"@id\":\"https:\/\/www.africa-press.net\/cameroun\/economie\/les-chefs-dentreprises-du-cameroun-ont-le-moral-bas-alerte-la-chambre-de-commerce#breadcrumb\",\"itemListElement\":[{\"@type\":\"ListItem\",\"position\":1,\"name\":\"Accueil\",\"item\":\"https:\/\/www.africa-press.net\/cameroun\/\"},{\"@type\":\"ListItem\",\"position\":2,\"name\":\"Les Chefs D\u2019Entreprises du Cameroun Ont le Moral Bas, Alerte la Chambre de Commerce\"}]},{\"@type\":\"WebSite\",\"@id\":\"https:\/\/www.africa-press.net\/cameroun\/#website\",\"url\":\"https:\/\/www.africa-press.net\/cameroun\/\",\"name\":\"Cameroun\",\"description\":\"Just another Africa News Agency Sites site\",\"potentialAction\":[{\"@type\":\"SearchAction\",\"target\":{\"@type\":\"EntryPoint\",\"urlTemplate\":\"https:\/\/www.africa-press.net\/cameroun\/?s={search_term_string}\"},\"query-input\":{\"@type\":\"PropertyValueSpecification\",\"valueRequired\":true,\"valueName\":\"search_term_string\"}}],\"inLanguage\":\"fr-FR\"},{\"@type\":\"Person\",\"@id\":\"https:\/\/www.africa-press.net\/cameroun\/#\/schema\/person\/2b1cf3cd81a31e3cd26889ca66d677f1\",\"name\":\"cfeditorfr\"}]}<\/script>\n<!-- \/ Yoast SEO Premium plugin. -->","yoast_head_json":{"title":"Les Chefs D\u2019Entreprises du Cameroun Ont le Moral Bas, Alerte la Chambre de Commerce - Cameroun","description":"Investir au Cameroun) - D\u2019apre\u0300s la note de conjoncture du premier semestre 2023, publie\u0301e le 25 janvier 2024 par la Cha ...","robots":{"index":"index","follow":"follow","max-snippet":"max-snippet:-1","max-image-preview":"max-image-preview:large","max-video-preview":"max-video-preview:-1"},"canonical":"https:\/\/www.africa-press.net\/cameroun\/economie\/les-chefs-dentreprises-du-cameroun-ont-le-moral-bas-alerte-la-chambre-de-commerce","og_locale":"fr_FR","og_type":"article","og_title":"Les Chefs D\u2019Entreprises du Cameroun Ont le Moral Bas, Alerte la Chambre de Commerce","og_description":"Investir au Cameroun) - D\u2019apre\u0300s la note de conjoncture du premier semestre 2023, publie\u0301e le 25 janvier 2024 par la Cha ...","og_url":"https:\/\/www.africa-press.net\/cameroun\/economie\/les-chefs-dentreprises-du-cameroun-ont-le-moral-bas-alerte-la-chambre-de-commerce","og_site_name":"Cameroun","article_published_time":"2024-02-07T12:49:34+00:00","article_modified_time":"2024-02-08T13:13:23+00:00","og_image":[{"width":720,"height":479,"url":"https:\/\/static.africa-press.net\/cameroun\/sites\/57\/2024\/02\/sm_1707385207.106721.jpg","type":"image\/jpeg"}],"author":"cfeditorfr","twitter_card":"summary_large_image","twitter_misc":{"\u00c9crit par":"cfeditorfr","Dur\u00e9e de lecture estim\u00e9e":"2 minutes"},"schema":{"@context":"https:\/\/schema.org","@graph":[{"@type":"Article","@id":"https:\/\/www.africa-press.net\/cameroun\/economie\/les-chefs-dentreprises-du-cameroun-ont-le-moral-bas-alerte-la-chambre-de-commerce#article","isPartOf":{"@id":"https:\/\/www.africa-press.net\/cameroun\/economie\/les-chefs-dentreprises-du-cameroun-ont-le-moral-bas-alerte-la-chambre-de-commerce"},"author":{"name":"cfeditorfr","@id":"https:\/\/www.africa-press.net\/cameroun\/#\/schema\/person\/2b1cf3cd81a31e3cd26889ca66d677f1"},"headline":"Les Chefs D\u2019Entreprises du Cameroun Ont le Moral Bas, Alerte la Chambre de Commerce","datePublished":"2024-02-07T12:49:34+00:00","dateModified":"2024-02-08T13:13:23+00:00","mainEntityOfPage":{"@id":"https:\/\/www.africa-press.net\/cameroun\/economie\/les-chefs-dentreprises-du-cameroun-ont-le-moral-bas-alerte-la-chambre-de-commerce"},"wordCount":400,"commentCount":0,"image":{"@id":"https:\/\/www.africa-press.net\/cameroun\/economie\/les-chefs-dentreprises-du-cameroun-ont-le-moral-bas-alerte-la-chambre-de-commerce#primaryimage"},"thumbnailUrl":"https:\/\/static.africa-press.net\/cameroun\/sites\/57\/2024\/02\/sm_1707385207.106721.jpg","keywords":["Africa Press","Africa Press-Cameroun","Cameroun"],"articleSection":["\u00c9conomie","Toutes les actualit\u00e9s"],"inLanguage":"fr-FR","potentialAction":[{"@type":"CommentAction","name":"Comment","target":["https:\/\/www.africa-press.net\/cameroun\/economie\/les-chefs-dentreprises-du-cameroun-ont-le-moral-bas-alerte-la-chambre-de-commerce#respond"]}]},{"@type":"WebPage","@id":"https:\/\/www.africa-press.net\/cameroun\/economie\/les-chefs-dentreprises-du-cameroun-ont-le-moral-bas-alerte-la-chambre-de-commerce","url":"https:\/\/www.africa-press.net\/cameroun\/economie\/les-chefs-dentreprises-du-cameroun-ont-le-moral-bas-alerte-la-chambre-de-commerce","name":"Les Chefs D\u2019Entreprises du Cameroun Ont le Moral Bas, Alerte la Chambre de Commerce - Cameroun","isPartOf":{"@id":"https:\/\/www.africa-press.net\/cameroun\/#website"},"primaryImageOfPage":{"@id":"https:\/\/www.africa-press.net\/cameroun\/economie\/les-chefs-dentreprises-du-cameroun-ont-le-moral-bas-alerte-la-chambre-de-commerce#primaryimage"},"image":{"@id":"https:\/\/www.africa-press.net\/cameroun\/economie\/les-chefs-dentreprises-du-cameroun-ont-le-moral-bas-alerte-la-chambre-de-commerce#primaryimage"},"thumbnailUrl":"https:\/\/static.africa-press.net\/cameroun\/sites\/57\/2024\/02\/sm_1707385207.106721.jpg","datePublished":"2024-02-07T12:49:34+00:00","dateModified":"2024-02-08T13:13:23+00:00","author":{"@id":"https:\/\/www.africa-press.net\/cameroun\/#\/schema\/person\/2b1cf3cd81a31e3cd26889ca66d677f1"},"description":"Investir au Cameroun) - D\u2019apre\u0300s la note de conjoncture du premier semestre 2023, publie\u0301e le 25 janvier 2024 par la Cha ...","breadcrumb":{"@id":"https:\/\/www.africa-press.net\/cameroun\/economie\/les-chefs-dentreprises-du-cameroun-ont-le-moral-bas-alerte-la-chambre-de-commerce#breadcrumb"},"inLanguage":"fr-FR","potentialAction":[{"@type":"ReadAction","target":["https:\/\/www.africa-press.net\/cameroun\/economie\/les-chefs-dentreprises-du-cameroun-ont-le-moral-bas-alerte-la-chambre-de-commerce"]}]},{"@type":"ImageObject","inLanguage":"fr-FR","@id":"https:\/\/www.africa-press.net\/cameroun\/economie\/les-chefs-dentreprises-du-cameroun-ont-le-moral-bas-alerte-la-chambre-de-commerce#primaryimage","url":"https:\/\/static.africa-press.net\/cameroun\/sites\/57\/2024\/02\/sm_1707385207.106721.jpg","contentUrl":"https:\/\/static.africa-press.net\/cameroun\/sites\/57\/2024\/02\/sm_1707385207.106721.jpg","width":720,"height":479,"caption":"Les Chefs D\u2019Entreprises du Cameroun Ont le Moral Bas, Alerte la Chambre de Commerce"},{"@type":"BreadcrumbList","@id":"https:\/\/www.africa-press.net\/cameroun\/economie\/les-chefs-dentreprises-du-cameroun-ont-le-moral-bas-alerte-la-chambre-de-commerce#breadcrumb","itemListElement":[{"@type":"ListItem","position":1,"name":"Accueil","item":"https:\/\/www.africa-press.net\/cameroun\/"},{"@type":"ListItem","position":2,"name":"Les Chefs D\u2019Entreprises du Cameroun Ont le Moral Bas, Alerte la Chambre de Commerce"}]},{"@type":"WebSite","@id":"https:\/\/www.africa-press.net\/cameroun\/#website","url":"https:\/\/www.africa-press.net\/cameroun\/","name":"Cameroun","description":"Just another Africa News Agency Sites site","potentialAction":[{"@type":"SearchAction","target":{"@type":"EntryPoint","urlTemplate":"https:\/\/www.africa-press.net\/cameroun\/?s={search_term_string}"},"query-input":{"@type":"PropertyValueSpecification","valueRequired":true,"valueName":"search_term_string"}}],"inLanguage":"fr-FR"},{"@type":"Person","@id":"https:\/\/www.africa-press.net\/cameroun\/#\/schema\/person\/2b1cf3cd81a31e3cd26889ca66d677f1","name":"cfeditorfr"}]}},"_links":{"self":[{"href":"https:\/\/www.africa-press.net\/cameroun\/wp-json\/wp\/v2\/posts\/61225","targetHints":{"allow":["GET"]}}],"collection":[{"href":"https:\/\/www.africa-press.net\/cameroun\/wp-json\/wp\/v2\/posts"}],"about":[{"href":"https:\/\/www.africa-press.net\/cameroun\/wp-json\/wp\/v2\/types\/post"}],"author":[{"embeddable":true,"href":"https:\/\/www.africa-press.net\/cameroun\/wp-json\/wp\/v2\/users\/82"}],"replies":[{"embeddable":true,"href":"https:\/\/www.africa-press.net\/cameroun\/wp-json\/wp\/v2\/comments?post=61225"}],"version-history":[{"count":0,"href":"https:\/\/www.africa-press.net\/cameroun\/wp-json\/wp\/v2\/posts\/61225\/revisions"}],"wp:featuredmedia":[{"embeddable":true,"href":"https:\/\/www.africa-press.net\/cameroun\/wp-json\/wp\/v2\/media\/61224"}],"wp:attachment":[{"href":"https:\/\/www.africa-press.net\/cameroun\/wp-json\/wp\/v2\/media?parent=61225"}],"wp:term":[{"taxonomy":"category","embeddable":true,"href":"https:\/\/www.africa-press.net\/cameroun\/wp-json\/wp\/v2\/categories?post=61225"},{"taxonomy":"post_tag","embeddable":true,"href":"https:\/\/www.africa-press.net\/cameroun\/wp-json\/wp\/v2\/tags?post=61225"}],"curies":[{"name":"wp","href":"https:\/\/api.w.org\/{rel}","templated":true}]}}