{"id":61264,"date":"2024-02-09T12:23:50","date_gmt":"2024-02-09T12:23:50","guid":{"rendered":"https:\/\/www.africa-press.net\/cameroun\/politique\/les-clarifications-de-sitrafer-sur-son-litige-avec-camrail"},"modified":"2024-02-09T13:45:01","modified_gmt":"2024-02-09T13:45:01","slug":"les-clarifications-de-sitrafer-sur-son-litige-avec-camrail","status":"publish","type":"post","link":"https:\/\/www.africa-press.net\/cameroun\/economie\/les-clarifications-de-sitrafer-sur-son-litige-avec-camrail","title":{"rendered":"Les clarifications de Sitrafer sur son litige avec Camrail"},"content":{"rendered":"<p><span style=\"color: #ff6600\"><strong>Africa-Press &#8211; Cameroun. <\/strong><\/span>Investir au Cameroun) &#8211; Apre\u0300s la publication de notre article intitule\u0301 \u00ab Sitrafer perd son proce\u0300s contre Camrail a\u0300 qui il re\u0301clamait un de\u0301dommagement de 20,8 milliards de FCFA \u00bb, l\u2019administrateur directeur ge\u0301ne\u0301ral de Sitrafer, Jacques Bimai\u0308, nous fait parvenir le droit de re\u0301ponse ci-dessous:<\/p>\n<p>Conforme\u0301ment aux dispositions de la loi re\u0301gissant la communication sociale au Cameroun, nous venons par la pre\u0301sente exercer notre droit de re\u0301ponse sous la forme d\u2019une mise au point, en rapport avec la publication par votre organe de presse, en date du 5 fe\u0301vrier 2024, d\u2019un article intitule\u0301: \u00ab <b>Sitrafer perd son proce\u0300s contre Camrail a\u0300 qui il re\u0301clamait un de\u0301dommagement de 20,8 milliards de FCFA<\/b> \u00bb.<\/p>\n<p>Au sujet de cette affaire toujours pendante devant les juridictions camerounaises, et dont nous nous abstenons de tout commentaire pour des raisons e\u0301videntes, nous souhaiterions cependant faire les clarifications suivantes:<\/p>\n<p>Le mandataire du consortium n\u2019e\u0301tait autre que la socie\u0301te\u0301 tunisienne Sotrafer, qui n\u2019a jamais rec\u0327u de notification d\u2019attribution du contrat de la part de Camrail, au sujet de ce marche\u0301 finance par la Banque Mondiale.<\/p>\n<p>Il apparai\u0302t qu\u2019en tant qu\u2019entreprise d\u2019e\u0301conomie mixte, comme Camrail d\u2019ailleurs, Sitrafer obe\u0301it aux crite\u0300res de ce fameux article 1.8 c. Il se trouve simplement qu\u2019en lieu et place du ministe\u0300re des Finances (MINFI), a\u0300 qui revient la pre\u0301rogative du classement des entreprises au Cameroun, Camrail, fort de sa position de mai\u0302tre d \u0301ouvrage de\u0301le\u0301gue\u0301, s\u2019est substitue\u0301 au MINFI. Comme en te\u0301moigne la lettre de la Banque mondiale date\u0301e du 8 novembre 2011, dont voici un extrait: \u00ab Camrail, dans le cadre de la Convention de concession et de l \u0301accord subsidiaire signe\u0301 avec le gouvernement du Cameroun, a re\u0301pondu a\u0300 notre courrier du 03 aou\u0302t 2011 acceptant la de\u0301cision que Sitrafer n \u0301est pas e\u0301ligible a\u0300 l \u0301attribution d \u0301un marche\u0301 sous financement de l \u0301IDA \u00bb. Il apparait ici clairement que Camrail a de\u0301cide\u0301 du statut juridique de Sitrafer aupre\u0300s de la Banque mondiale, en lieu et place du MINFI, entrainant de fait sa mise a\u0300 l \u0301e\u0301cart dans l \u0301attribution du marche\u0301 concerne\u0301 et des marche\u0301s suivants.<\/p>\n<p>Quant aux alle\u0301gations de mauvaise gestion souleve\u0301es par Camrail, comment une entreprise en plein essor pouvait-elle entrer dans les turbulences avec des remous sociaux apre\u0300s plus de dix ans de sa cre\u0301ation dans un secteur aussi sensible et strate\u0301gique ? Dix ans marque\u0301s par une reconnaissance nationale et internationale (par exemple: le prix spe\u0301cial de Ernst &amp; Young Cameroun en 2005 attribue\u0301 a\u0300 Sitrafer apre\u0300s audit sur la gouvernance des entreprises en Afrique Centrale ; Reportage Sitrafer a\u0300 RFI (Afrique Plus d\u2019Alain Foka en 2006), nombreuses autres distinctions manage\u0301riales&#8230;).<\/p>\n<p>Enfin, il est a\u0300 pre\u0301ciser, que contrairement aux dires de Camrail, ses sous-traitants non jamais e\u0301te\u0301 choisis par appel d\u2019offres.<\/p>\n<p>Monsieur le directeur de publication,<\/p>\n<p>Compte tenu de l\u2019importance de ces clarifications pour une meilleure compre\u0301hension de cette affaire par vos lecteurs et le grand public, nous vous prions de bien vouloir publier cette mise au point dans les de\u0301lais et les formes pre\u0301vus par la loi re\u0301gissant la communication sociale au Cameroun.<\/p>\n<p>(e\u0301) Dipl.-Ing. Jacques Bimai (ADG Sitrafer)<\/p>\n<p><strong>Pour plus d&rsquo;informations et d&rsquo;analyses sur la <a href=\"https:\/\/www.africa-press.net\/cameroun\">Cameroun<\/a>, suivez <a href=\"https:\/\/www.africa-press.net\/\">Africa-Press<\/a><\/strong><\/p>\n","protected":false},"excerpt":{"rendered":"<p>Africa-Press &#8211; Cameroun. Investir au Cameroun) &#8211; Apre\u0300s la publication de notre article intitule\u0301 \u00ab Sitrafer perd son proce\u0300s contre Camrail a\u0300 qui il re\u0301clamait un de\u0301dommagement de 20,8 milliards de FCFA \u00bb, l\u2019administrateur directeur ge\u0301ne\u0301ral de Sitrafer, Jacques Bimai\u0308, nous fait parvenir le droit de re\u0301ponse ci-dessous: Conforme\u0301ment aux dispositions de la loi re\u0301gissant [&hellip;]<\/p>\n","protected":false},"author":82,"featured_media":61263,"comment_status":"open","ping_status":"closed","sticky":false,"template":"","format":"standard","meta":{"footnotes":""},"categories":[3,10],"tags":[36,50,49],"class_list":["post-61264","post","type-post","status-publish","format-standard","has-post-thumbnail","hentry","category-economie","category-toutes-les-actualites","tag-africa-press","tag-africa-press-cameroun","tag-cameroun"],"yoast_head":"<!-- This site is optimized with the Yoast SEO Premium plugin v26.1 (Yoast SEO v27.0) - https:\/\/yoast.com\/product\/yoast-seo-premium-wordpress\/ -->\n<title>Les clarifications de Sitrafer sur son litige avec Camrail - Cameroun<\/title>\n<meta name=\"description\" content=\"Investir au Cameroun) - Apre\u0300s la publication de notre article intitule\u0301 \u00ab Sitrafer perd son proce\u0300s contre Camrail a\u0300 q ...\" \/>\n<meta name=\"robots\" content=\"index, follow, max-snippet:-1, max-image-preview:large, max-video-preview:-1\" \/>\n<link rel=\"canonical\" href=\"https:\/\/www.africa-press.net\/cameroun\/economie\/les-clarifications-de-sitrafer-sur-son-litige-avec-camrail\" \/>\n<meta property=\"og:locale\" content=\"fr_FR\" \/>\n<meta property=\"og:type\" content=\"article\" \/>\n<meta property=\"og:title\" content=\"Les clarifications de Sitrafer sur son litige avec Camrail\" \/>\n<meta property=\"og:description\" content=\"Investir au Cameroun) - Apre\u0300s la publication de notre article intitule\u0301 \u00ab Sitrafer perd son proce\u0300s contre Camrail a\u0300 q ...\" \/>\n<meta property=\"og:url\" content=\"https:\/\/www.africa-press.net\/cameroun\/economie\/les-clarifications-de-sitrafer-sur-son-litige-avec-camrail\" \/>\n<meta property=\"og:site_name\" content=\"Cameroun\" \/>\n<meta property=\"article:published_time\" content=\"2024-02-09T12:23:50+00:00\" \/>\n<meta property=\"article:modified_time\" content=\"2024-02-09T13:45:01+00:00\" \/>\n<meta property=\"og:image\" content=\"https:\/\/static.africa-press.net\/cameroun\/sites\/57\/2024\/02\/sm_1707472476.415952.jpg\" \/>\n\t<meta property=\"og:image:width\" content=\"720\" \/>\n\t<meta property=\"og:image:height\" content=\"479\" \/>\n\t<meta property=\"og:image:type\" content=\"image\/jpeg\" \/>\n<meta name=\"author\" content=\"cfeditorfr\" \/>\n<meta name=\"twitter:card\" content=\"summary_large_image\" \/>\n<meta name=\"twitter:label1\" content=\"\u00c9crit par\" \/>\n\t<meta name=\"twitter:data1\" content=\"cfeditorfr\" \/>\n\t<meta name=\"twitter:label2\" content=\"Dur\u00e9e de lecture estim\u00e9e\" \/>\n\t<meta name=\"twitter:data2\" content=\"3 minutes\" \/>\n<script type=\"application\/ld+json\" class=\"yoast-schema-graph\">{\"@context\":\"https:\/\/schema.org\",\"@graph\":[{\"@type\":\"Article\",\"@id\":\"https:\/\/www.africa-press.net\/cameroun\/economie\/les-clarifications-de-sitrafer-sur-son-litige-avec-camrail#article\",\"isPartOf\":{\"@id\":\"https:\/\/www.africa-press.net\/cameroun\/economie\/les-clarifications-de-sitrafer-sur-son-litige-avec-camrail\"},\"author\":{\"name\":\"cfeditorfr\",\"@id\":\"https:\/\/www.africa-press.net\/cameroun\/#\/schema\/person\/2b1cf3cd81a31e3cd26889ca66d677f1\"},\"headline\":\"Les clarifications de Sitrafer sur son litige avec Camrail\",\"datePublished\":\"2024-02-09T12:23:50+00:00\",\"dateModified\":\"2024-02-09T13:45:01+00:00\",\"mainEntityOfPage\":{\"@id\":\"https:\/\/www.africa-press.net\/cameroun\/economie\/les-clarifications-de-sitrafer-sur-son-litige-avec-camrail\"},\"wordCount\":588,\"commentCount\":0,\"image\":{\"@id\":\"https:\/\/www.africa-press.net\/cameroun\/economie\/les-clarifications-de-sitrafer-sur-son-litige-avec-camrail#primaryimage\"},\"thumbnailUrl\":\"https:\/\/static.africa-press.net\/cameroun\/sites\/57\/2024\/02\/sm_1707472476.415952.jpg\",\"keywords\":[\"Africa Press\",\"Africa Press-Cameroun\",\"Cameroun\"],\"articleSection\":[\"\u00c9conomie\",\"Toutes les actualit\u00e9s\"],\"inLanguage\":\"fr-FR\",\"potentialAction\":[{\"@type\":\"CommentAction\",\"name\":\"Comment\",\"target\":[\"https:\/\/www.africa-press.net\/cameroun\/economie\/les-clarifications-de-sitrafer-sur-son-litige-avec-camrail#respond\"]}]},{\"@type\":\"WebPage\",\"@id\":\"https:\/\/www.africa-press.net\/cameroun\/economie\/les-clarifications-de-sitrafer-sur-son-litige-avec-camrail\",\"url\":\"https:\/\/www.africa-press.net\/cameroun\/economie\/les-clarifications-de-sitrafer-sur-son-litige-avec-camrail\",\"name\":\"Les clarifications de Sitrafer sur son litige avec Camrail - Cameroun\",\"isPartOf\":{\"@id\":\"https:\/\/www.africa-press.net\/cameroun\/#website\"},\"primaryImageOfPage\":{\"@id\":\"https:\/\/www.africa-press.net\/cameroun\/economie\/les-clarifications-de-sitrafer-sur-son-litige-avec-camrail#primaryimage\"},\"image\":{\"@id\":\"https:\/\/www.africa-press.net\/cameroun\/economie\/les-clarifications-de-sitrafer-sur-son-litige-avec-camrail#primaryimage\"},\"thumbnailUrl\":\"https:\/\/static.africa-press.net\/cameroun\/sites\/57\/2024\/02\/sm_1707472476.415952.jpg\",\"datePublished\":\"2024-02-09T12:23:50+00:00\",\"dateModified\":\"2024-02-09T13:45:01+00:00\",\"author\":{\"@id\":\"https:\/\/www.africa-press.net\/cameroun\/#\/schema\/person\/2b1cf3cd81a31e3cd26889ca66d677f1\"},\"description\":\"Investir au Cameroun) - Apre\u0300s la publication de notre article intitule\u0301 \u00ab Sitrafer perd son proce\u0300s contre Camrail a\u0300 q ...\",\"breadcrumb\":{\"@id\":\"https:\/\/www.africa-press.net\/cameroun\/economie\/les-clarifications-de-sitrafer-sur-son-litige-avec-camrail#breadcrumb\"},\"inLanguage\":\"fr-FR\",\"potentialAction\":[{\"@type\":\"ReadAction\",\"target\":[\"https:\/\/www.africa-press.net\/cameroun\/economie\/les-clarifications-de-sitrafer-sur-son-litige-avec-camrail\"]}]},{\"@type\":\"ImageObject\",\"inLanguage\":\"fr-FR\",\"@id\":\"https:\/\/www.africa-press.net\/cameroun\/economie\/les-clarifications-de-sitrafer-sur-son-litige-avec-camrail#primaryimage\",\"url\":\"https:\/\/static.africa-press.net\/cameroun\/sites\/57\/2024\/02\/sm_1707472476.415952.jpg\",\"contentUrl\":\"https:\/\/static.africa-press.net\/cameroun\/sites\/57\/2024\/02\/sm_1707472476.415952.jpg\",\"width\":720,\"height\":479,\"caption\":\"Les clarifications de Sitrafer sur son litige avec Camrail\"},{\"@type\":\"BreadcrumbList\",\"@id\":\"https:\/\/www.africa-press.net\/cameroun\/economie\/les-clarifications-de-sitrafer-sur-son-litige-avec-camrail#breadcrumb\",\"itemListElement\":[{\"@type\":\"ListItem\",\"position\":1,\"name\":\"Accueil\",\"item\":\"https:\/\/www.africa-press.net\/cameroun\/\"},{\"@type\":\"ListItem\",\"position\":2,\"name\":\"Les clarifications de Sitrafer sur son litige avec Camrail\"}]},{\"@type\":\"WebSite\",\"@id\":\"https:\/\/www.africa-press.net\/cameroun\/#website\",\"url\":\"https:\/\/www.africa-press.net\/cameroun\/\",\"name\":\"Cameroun\",\"description\":\"Just another Africa News Agency Sites site\",\"potentialAction\":[{\"@type\":\"SearchAction\",\"target\":{\"@type\":\"EntryPoint\",\"urlTemplate\":\"https:\/\/www.africa-press.net\/cameroun\/?s={search_term_string}\"},\"query-input\":{\"@type\":\"PropertyValueSpecification\",\"valueRequired\":true,\"valueName\":\"search_term_string\"}}],\"inLanguage\":\"fr-FR\"},{\"@type\":\"Person\",\"@id\":\"https:\/\/www.africa-press.net\/cameroun\/#\/schema\/person\/2b1cf3cd81a31e3cd26889ca66d677f1\",\"name\":\"cfeditorfr\"}]}<\/script>\n<!-- \/ Yoast SEO Premium plugin. -->","yoast_head_json":{"title":"Les clarifications de Sitrafer sur son litige avec Camrail - Cameroun","description":"Investir au Cameroun) - Apre\u0300s la publication de notre article intitule\u0301 \u00ab Sitrafer perd son proce\u0300s contre Camrail a\u0300 q ...","robots":{"index":"index","follow":"follow","max-snippet":"max-snippet:-1","max-image-preview":"max-image-preview:large","max-video-preview":"max-video-preview:-1"},"canonical":"https:\/\/www.africa-press.net\/cameroun\/economie\/les-clarifications-de-sitrafer-sur-son-litige-avec-camrail","og_locale":"fr_FR","og_type":"article","og_title":"Les clarifications de Sitrafer sur son litige avec Camrail","og_description":"Investir au Cameroun) - Apre\u0300s la publication de notre article intitule\u0301 \u00ab Sitrafer perd son proce\u0300s contre Camrail a\u0300 q ...","og_url":"https:\/\/www.africa-press.net\/cameroun\/economie\/les-clarifications-de-sitrafer-sur-son-litige-avec-camrail","og_site_name":"Cameroun","article_published_time":"2024-02-09T12:23:50+00:00","article_modified_time":"2024-02-09T13:45:01+00:00","og_image":[{"width":720,"height":479,"url":"https:\/\/static.africa-press.net\/cameroun\/sites\/57\/2024\/02\/sm_1707472476.415952.jpg","type":"image\/jpeg"}],"author":"cfeditorfr","twitter_card":"summary_large_image","twitter_misc":{"\u00c9crit par":"cfeditorfr","Dur\u00e9e de lecture estim\u00e9e":"3 minutes"},"schema":{"@context":"https:\/\/schema.org","@graph":[{"@type":"Article","@id":"https:\/\/www.africa-press.net\/cameroun\/economie\/les-clarifications-de-sitrafer-sur-son-litige-avec-camrail#article","isPartOf":{"@id":"https:\/\/www.africa-press.net\/cameroun\/economie\/les-clarifications-de-sitrafer-sur-son-litige-avec-camrail"},"author":{"name":"cfeditorfr","@id":"https:\/\/www.africa-press.net\/cameroun\/#\/schema\/person\/2b1cf3cd81a31e3cd26889ca66d677f1"},"headline":"Les clarifications de Sitrafer sur son litige avec Camrail","datePublished":"2024-02-09T12:23:50+00:00","dateModified":"2024-02-09T13:45:01+00:00","mainEntityOfPage":{"@id":"https:\/\/www.africa-press.net\/cameroun\/economie\/les-clarifications-de-sitrafer-sur-son-litige-avec-camrail"},"wordCount":588,"commentCount":0,"image":{"@id":"https:\/\/www.africa-press.net\/cameroun\/economie\/les-clarifications-de-sitrafer-sur-son-litige-avec-camrail#primaryimage"},"thumbnailUrl":"https:\/\/static.africa-press.net\/cameroun\/sites\/57\/2024\/02\/sm_1707472476.415952.jpg","keywords":["Africa Press","Africa Press-Cameroun","Cameroun"],"articleSection":["\u00c9conomie","Toutes les actualit\u00e9s"],"inLanguage":"fr-FR","potentialAction":[{"@type":"CommentAction","name":"Comment","target":["https:\/\/www.africa-press.net\/cameroun\/economie\/les-clarifications-de-sitrafer-sur-son-litige-avec-camrail#respond"]}]},{"@type":"WebPage","@id":"https:\/\/www.africa-press.net\/cameroun\/economie\/les-clarifications-de-sitrafer-sur-son-litige-avec-camrail","url":"https:\/\/www.africa-press.net\/cameroun\/economie\/les-clarifications-de-sitrafer-sur-son-litige-avec-camrail","name":"Les clarifications de Sitrafer sur son litige avec Camrail - Cameroun","isPartOf":{"@id":"https:\/\/www.africa-press.net\/cameroun\/#website"},"primaryImageOfPage":{"@id":"https:\/\/www.africa-press.net\/cameroun\/economie\/les-clarifications-de-sitrafer-sur-son-litige-avec-camrail#primaryimage"},"image":{"@id":"https:\/\/www.africa-press.net\/cameroun\/economie\/les-clarifications-de-sitrafer-sur-son-litige-avec-camrail#primaryimage"},"thumbnailUrl":"https:\/\/static.africa-press.net\/cameroun\/sites\/57\/2024\/02\/sm_1707472476.415952.jpg","datePublished":"2024-02-09T12:23:50+00:00","dateModified":"2024-02-09T13:45:01+00:00","author":{"@id":"https:\/\/www.africa-press.net\/cameroun\/#\/schema\/person\/2b1cf3cd81a31e3cd26889ca66d677f1"},"description":"Investir au Cameroun) - Apre\u0300s la publication de notre article intitule\u0301 \u00ab Sitrafer perd son proce\u0300s contre Camrail a\u0300 q ...","breadcrumb":{"@id":"https:\/\/www.africa-press.net\/cameroun\/economie\/les-clarifications-de-sitrafer-sur-son-litige-avec-camrail#breadcrumb"},"inLanguage":"fr-FR","potentialAction":[{"@type":"ReadAction","target":["https:\/\/www.africa-press.net\/cameroun\/economie\/les-clarifications-de-sitrafer-sur-son-litige-avec-camrail"]}]},{"@type":"ImageObject","inLanguage":"fr-FR","@id":"https:\/\/www.africa-press.net\/cameroun\/economie\/les-clarifications-de-sitrafer-sur-son-litige-avec-camrail#primaryimage","url":"https:\/\/static.africa-press.net\/cameroun\/sites\/57\/2024\/02\/sm_1707472476.415952.jpg","contentUrl":"https:\/\/static.africa-press.net\/cameroun\/sites\/57\/2024\/02\/sm_1707472476.415952.jpg","width":720,"height":479,"caption":"Les clarifications de Sitrafer sur son litige avec Camrail"},{"@type":"BreadcrumbList","@id":"https:\/\/www.africa-press.net\/cameroun\/economie\/les-clarifications-de-sitrafer-sur-son-litige-avec-camrail#breadcrumb","itemListElement":[{"@type":"ListItem","position":1,"name":"Accueil","item":"https:\/\/www.africa-press.net\/cameroun\/"},{"@type":"ListItem","position":2,"name":"Les clarifications de Sitrafer sur son litige avec Camrail"}]},{"@type":"WebSite","@id":"https:\/\/www.africa-press.net\/cameroun\/#website","url":"https:\/\/www.africa-press.net\/cameroun\/","name":"Cameroun","description":"Just another Africa News Agency Sites site","potentialAction":[{"@type":"SearchAction","target":{"@type":"EntryPoint","urlTemplate":"https:\/\/www.africa-press.net\/cameroun\/?s={search_term_string}"},"query-input":{"@type":"PropertyValueSpecification","valueRequired":true,"valueName":"search_term_string"}}],"inLanguage":"fr-FR"},{"@type":"Person","@id":"https:\/\/www.africa-press.net\/cameroun\/#\/schema\/person\/2b1cf3cd81a31e3cd26889ca66d677f1","name":"cfeditorfr"}]}},"_links":{"self":[{"href":"https:\/\/www.africa-press.net\/cameroun\/wp-json\/wp\/v2\/posts\/61264","targetHints":{"allow":["GET"]}}],"collection":[{"href":"https:\/\/www.africa-press.net\/cameroun\/wp-json\/wp\/v2\/posts"}],"about":[{"href":"https:\/\/www.africa-press.net\/cameroun\/wp-json\/wp\/v2\/types\/post"}],"author":[{"embeddable":true,"href":"https:\/\/www.africa-press.net\/cameroun\/wp-json\/wp\/v2\/users\/82"}],"replies":[{"embeddable":true,"href":"https:\/\/www.africa-press.net\/cameroun\/wp-json\/wp\/v2\/comments?post=61264"}],"version-history":[{"count":0,"href":"https:\/\/www.africa-press.net\/cameroun\/wp-json\/wp\/v2\/posts\/61264\/revisions"}],"wp:featuredmedia":[{"embeddable":true,"href":"https:\/\/www.africa-press.net\/cameroun\/wp-json\/wp\/v2\/media\/61263"}],"wp:attachment":[{"href":"https:\/\/www.africa-press.net\/cameroun\/wp-json\/wp\/v2\/media?parent=61264"}],"wp:term":[{"taxonomy":"category","embeddable":true,"href":"https:\/\/www.africa-press.net\/cameroun\/wp-json\/wp\/v2\/categories?post=61264"},{"taxonomy":"post_tag","embeddable":true,"href":"https:\/\/www.africa-press.net\/cameroun\/wp-json\/wp\/v2\/tags?post=61264"}],"curies":[{"name":"wp","href":"https:\/\/api.w.org\/{rel}","templated":true}]}}