{"id":61266,"date":"2024-02-09T12:23:59","date_gmt":"2024-02-09T12:23:59","guid":{"rendered":"https:\/\/www.africa-press.net\/cameroun\/politique\/cooperation-des-operateurs-economiques-luxembourgeois-prospectent-au-cameroun"},"modified":"2024-02-09T13:46:06","modified_gmt":"2024-02-09T13:46:06","slug":"cooperation-des-operateurs-economiques-luxembourgeois-prospectent-au-cameroun","status":"publish","type":"post","link":"https:\/\/www.africa-press.net\/cameroun\/economie\/cooperation-des-operateurs-economiques-luxembourgeois-prospectent-au-cameroun","title":{"rendered":"Coop\u00e9ration : des op\u00e9rateurs \u00e9conomiques luxembourgeois prospectent au Cameroun"},"content":{"rendered":"<p><span style=\"color: #ff6600\"><strong>Africa-Press &#8211; Cameroun. <\/strong><\/span>Investir au Cameroun) &#8211; Depuis le 8 fe\u0301vrier 2024, une de\u0301le\u0301gation d\u2019ope\u0301rateurs e\u0301conomiques luxembourgeois prospecte des opportunite\u0301s d\u2019affaires au Cameroun. Selon les informations re\u0301ve\u0301le\u0301es a\u0300 ce sujet par le ministre camerounais de la Communication, Rene\u0301 Emmanuel Sadi, ce se\u0301jour d\u2019affaires s\u2019ache\u0300ve le 19 fe\u0301vrier 2024.<\/p>\n<p>A\u0300 en croire la me\u0302me source, les investisseurs luxembourgeois s\u2019inte\u0301ressent a\u0300 des secteurs tels que le digital et les TIC, la microfinance, les transports et la logistique, l\u2019industrie maritime et la finance verte. Au cours de leur se\u0301jour, ces ope\u0301rateurs e\u0301conomiques, apprend-on, rencontreront certains responsables de collectivite\u0301s territoriales de\u0301centralise\u0301es du Cameroun, apprend-on.<\/p>\n<p>Cette mission e\u0301conomique pourrait permettre aux deux pays de dynamiser davantage leur coope\u0301ration au plan e\u0301conomique, qui est pour l\u2019instant des plus timides. En effet, les rares investissements luxembourgeois connus au Cameroun sont dans l\u2019exploitation du palmier a\u0300 huile, a\u0300 travers la Socapalm et Safacam, deux entreprises contro\u0302le\u0301es par le groupe Socfin, incorpore\u0301 au Luxembourg.<\/p>\n<p><strong>Pour plus d&rsquo;informations et d&rsquo;analyses sur la <a href=\"https:\/\/www.africa-press.net\/cameroun\">Cameroun<\/a>, suivez <a href=\"https:\/\/www.africa-press.net\/\">Africa-Press<\/a><\/strong><\/p>\n","protected":false},"excerpt":{"rendered":"<p>Africa-Press &#8211; Cameroun. Investir au Cameroun) &#8211; Depuis le 8 fe\u0301vrier 2024, une de\u0301le\u0301gation d\u2019ope\u0301rateurs e\u0301conomiques luxembourgeois prospecte des opportunite\u0301s d\u2019affaires au Cameroun. Selon les informations re\u0301ve\u0301le\u0301es a\u0300 ce sujet par le ministre camerounais de la Communication, Rene\u0301 Emmanuel Sadi, ce se\u0301jour d\u2019affaires s\u2019ache\u0300ve le 19 fe\u0301vrier 2024. A\u0300 en croire la me\u0302me source, les [&hellip;]<\/p>\n","protected":false},"author":82,"featured_media":61265,"comment_status":"open","ping_status":"closed","sticky":false,"template":"","format":"standard","meta":{"footnotes":""},"categories":[3,10],"tags":[36,50,49],"class_list":["post-61266","post","type-post","status-publish","format-standard","has-post-thumbnail","hentry","category-economie","category-toutes-les-actualites","tag-africa-press","tag-africa-press-cameroun","tag-cameroun"],"yoast_head":"<!-- This site is optimized with the Yoast SEO Premium plugin v26.1 (Yoast SEO v27.0) - https:\/\/yoast.com\/product\/yoast-seo-premium-wordpress\/ -->\n<title>Coop\u00e9ration : des op\u00e9rateurs \u00e9conomiques luxembourgeois prospectent au Cameroun - Cameroun<\/title>\n<meta name=\"description\" content=\"Investir au Cameroun) - Depuis le 8 fe\u0301vrier 2024, une de\u0301le\u0301gation d\u2019ope\u0301rateurs e\u0301conomiques luxembourgeois prospecte ...\" \/>\n<meta name=\"robots\" content=\"index, follow, max-snippet:-1, max-image-preview:large, max-video-preview:-1\" \/>\n<link rel=\"canonical\" href=\"https:\/\/www.africa-press.net\/cameroun\/economie\/cooperation-des-operateurs-economiques-luxembourgeois-prospectent-au-cameroun\" \/>\n<meta property=\"og:locale\" content=\"fr_FR\" \/>\n<meta property=\"og:type\" content=\"article\" \/>\n<meta property=\"og:title\" content=\"Coop\u00e9ration : des op\u00e9rateurs \u00e9conomiques luxembourgeois prospectent au Cameroun\" \/>\n<meta property=\"og:description\" content=\"Investir au Cameroun) - Depuis le 8 fe\u0301vrier 2024, une de\u0301le\u0301gation d\u2019ope\u0301rateurs e\u0301conomiques luxembourgeois prospecte ...\" \/>\n<meta property=\"og:url\" content=\"https:\/\/www.africa-press.net\/cameroun\/economie\/cooperation-des-operateurs-economiques-luxembourgeois-prospectent-au-cameroun\" \/>\n<meta property=\"og:site_name\" content=\"Cameroun\" \/>\n<meta property=\"article:published_time\" content=\"2024-02-09T12:23:59+00:00\" \/>\n<meta property=\"article:modified_time\" content=\"2024-02-09T13:46:06+00:00\" \/>\n<meta property=\"og:image\" content=\"https:\/\/static.africa-press.net\/cameroun\/sites\/57\/2024\/02\/sm_1707472535.66265.jpg\" \/>\n\t<meta property=\"og:image:width\" content=\"720\" \/>\n\t<meta property=\"og:image:height\" content=\"479\" \/>\n\t<meta property=\"og:image:type\" content=\"image\/jpeg\" \/>\n<meta name=\"author\" content=\"cfeditorfr\" \/>\n<meta name=\"twitter:card\" content=\"summary_large_image\" \/>\n<meta name=\"twitter:label1\" content=\"\u00c9crit par\" \/>\n\t<meta name=\"twitter:data1\" content=\"cfeditorfr\" \/>\n\t<meta name=\"twitter:label2\" content=\"Dur\u00e9e de lecture estim\u00e9e\" \/>\n\t<meta name=\"twitter:data2\" content=\"1 minute\" \/>\n<script type=\"application\/ld+json\" class=\"yoast-schema-graph\">{\"@context\":\"https:\/\/schema.org\",\"@graph\":[{\"@type\":\"Article\",\"@id\":\"https:\/\/www.africa-press.net\/cameroun\/economie\/cooperation-des-operateurs-economiques-luxembourgeois-prospectent-au-cameroun#article\",\"isPartOf\":{\"@id\":\"https:\/\/www.africa-press.net\/cameroun\/economie\/cooperation-des-operateurs-economiques-luxembourgeois-prospectent-au-cameroun\"},\"author\":{\"name\":\"cfeditorfr\",\"@id\":\"https:\/\/www.africa-press.net\/cameroun\/#\/schema\/person\/2b1cf3cd81a31e3cd26889ca66d677f1\"},\"headline\":\"Coop\u00e9ration : des op\u00e9rateurs \u00e9conomiques luxembourgeois prospectent au Cameroun\",\"datePublished\":\"2024-02-09T12:23:59+00:00\",\"dateModified\":\"2024-02-09T13:46:06+00:00\",\"mainEntityOfPage\":{\"@id\":\"https:\/\/www.africa-press.net\/cameroun\/economie\/cooperation-des-operateurs-economiques-luxembourgeois-prospectent-au-cameroun\"},\"wordCount\":206,\"commentCount\":0,\"image\":{\"@id\":\"https:\/\/www.africa-press.net\/cameroun\/economie\/cooperation-des-operateurs-economiques-luxembourgeois-prospectent-au-cameroun#primaryimage\"},\"thumbnailUrl\":\"https:\/\/static.africa-press.net\/cameroun\/sites\/57\/2024\/02\/sm_1707472535.66265.jpg\",\"keywords\":[\"Africa Press\",\"Africa Press-Cameroun\",\"Cameroun\"],\"articleSection\":[\"\u00c9conomie\",\"Toutes les actualit\u00e9s\"],\"inLanguage\":\"fr-FR\",\"potentialAction\":[{\"@type\":\"CommentAction\",\"name\":\"Comment\",\"target\":[\"https:\/\/www.africa-press.net\/cameroun\/economie\/cooperation-des-operateurs-economiques-luxembourgeois-prospectent-au-cameroun#respond\"]}]},{\"@type\":\"WebPage\",\"@id\":\"https:\/\/www.africa-press.net\/cameroun\/economie\/cooperation-des-operateurs-economiques-luxembourgeois-prospectent-au-cameroun\",\"url\":\"https:\/\/www.africa-press.net\/cameroun\/economie\/cooperation-des-operateurs-economiques-luxembourgeois-prospectent-au-cameroun\",\"name\":\"Coop\u00e9ration : des op\u00e9rateurs \u00e9conomiques luxembourgeois prospectent au Cameroun - Cameroun\",\"isPartOf\":{\"@id\":\"https:\/\/www.africa-press.net\/cameroun\/#website\"},\"primaryImageOfPage\":{\"@id\":\"https:\/\/www.africa-press.net\/cameroun\/economie\/cooperation-des-operateurs-economiques-luxembourgeois-prospectent-au-cameroun#primaryimage\"},\"image\":{\"@id\":\"https:\/\/www.africa-press.net\/cameroun\/economie\/cooperation-des-operateurs-economiques-luxembourgeois-prospectent-au-cameroun#primaryimage\"},\"thumbnailUrl\":\"https:\/\/static.africa-press.net\/cameroun\/sites\/57\/2024\/02\/sm_1707472535.66265.jpg\",\"datePublished\":\"2024-02-09T12:23:59+00:00\",\"dateModified\":\"2024-02-09T13:46:06+00:00\",\"author\":{\"@id\":\"https:\/\/www.africa-press.net\/cameroun\/#\/schema\/person\/2b1cf3cd81a31e3cd26889ca66d677f1\"},\"description\":\"Investir au Cameroun) - Depuis le 8 fe\u0301vrier 2024, une de\u0301le\u0301gation d\u2019ope\u0301rateurs e\u0301conomiques luxembourgeois prospecte ...\",\"breadcrumb\":{\"@id\":\"https:\/\/www.africa-press.net\/cameroun\/economie\/cooperation-des-operateurs-economiques-luxembourgeois-prospectent-au-cameroun#breadcrumb\"},\"inLanguage\":\"fr-FR\",\"potentialAction\":[{\"@type\":\"ReadAction\",\"target\":[\"https:\/\/www.africa-press.net\/cameroun\/economie\/cooperation-des-operateurs-economiques-luxembourgeois-prospectent-au-cameroun\"]}]},{\"@type\":\"ImageObject\",\"inLanguage\":\"fr-FR\",\"@id\":\"https:\/\/www.africa-press.net\/cameroun\/economie\/cooperation-des-operateurs-economiques-luxembourgeois-prospectent-au-cameroun#primaryimage\",\"url\":\"https:\/\/static.africa-press.net\/cameroun\/sites\/57\/2024\/02\/sm_1707472535.66265.jpg\",\"contentUrl\":\"https:\/\/static.africa-press.net\/cameroun\/sites\/57\/2024\/02\/sm_1707472535.66265.jpg\",\"width\":720,\"height\":479,\"caption\":\"Coop\u00e9ration : des op\u00e9rateurs \u00e9conomiques luxembourgeois prospectent au Cameroun\"},{\"@type\":\"BreadcrumbList\",\"@id\":\"https:\/\/www.africa-press.net\/cameroun\/economie\/cooperation-des-operateurs-economiques-luxembourgeois-prospectent-au-cameroun#breadcrumb\",\"itemListElement\":[{\"@type\":\"ListItem\",\"position\":1,\"name\":\"Accueil\",\"item\":\"https:\/\/www.africa-press.net\/cameroun\/\"},{\"@type\":\"ListItem\",\"position\":2,\"name\":\"Coop\u00e9ration : des op\u00e9rateurs \u00e9conomiques luxembourgeois prospectent au Cameroun\"}]},{\"@type\":\"WebSite\",\"@id\":\"https:\/\/www.africa-press.net\/cameroun\/#website\",\"url\":\"https:\/\/www.africa-press.net\/cameroun\/\",\"name\":\"Cameroun\",\"description\":\"Just another Africa News Agency Sites site\",\"potentialAction\":[{\"@type\":\"SearchAction\",\"target\":{\"@type\":\"EntryPoint\",\"urlTemplate\":\"https:\/\/www.africa-press.net\/cameroun\/?s={search_term_string}\"},\"query-input\":{\"@type\":\"PropertyValueSpecification\",\"valueRequired\":true,\"valueName\":\"search_term_string\"}}],\"inLanguage\":\"fr-FR\"},{\"@type\":\"Person\",\"@id\":\"https:\/\/www.africa-press.net\/cameroun\/#\/schema\/person\/2b1cf3cd81a31e3cd26889ca66d677f1\",\"name\":\"cfeditorfr\"}]}<\/script>\n<!-- \/ Yoast SEO Premium plugin. -->","yoast_head_json":{"title":"Coop\u00e9ration : des op\u00e9rateurs \u00e9conomiques luxembourgeois prospectent au Cameroun - Cameroun","description":"Investir au Cameroun) - Depuis le 8 fe\u0301vrier 2024, une de\u0301le\u0301gation d\u2019ope\u0301rateurs e\u0301conomiques luxembourgeois prospecte ...","robots":{"index":"index","follow":"follow","max-snippet":"max-snippet:-1","max-image-preview":"max-image-preview:large","max-video-preview":"max-video-preview:-1"},"canonical":"https:\/\/www.africa-press.net\/cameroun\/economie\/cooperation-des-operateurs-economiques-luxembourgeois-prospectent-au-cameroun","og_locale":"fr_FR","og_type":"article","og_title":"Coop\u00e9ration : des op\u00e9rateurs \u00e9conomiques luxembourgeois prospectent au Cameroun","og_description":"Investir au Cameroun) - Depuis le 8 fe\u0301vrier 2024, une de\u0301le\u0301gation d\u2019ope\u0301rateurs e\u0301conomiques luxembourgeois prospecte ...","og_url":"https:\/\/www.africa-press.net\/cameroun\/economie\/cooperation-des-operateurs-economiques-luxembourgeois-prospectent-au-cameroun","og_site_name":"Cameroun","article_published_time":"2024-02-09T12:23:59+00:00","article_modified_time":"2024-02-09T13:46:06+00:00","og_image":[{"width":720,"height":479,"url":"https:\/\/static.africa-press.net\/cameroun\/sites\/57\/2024\/02\/sm_1707472535.66265.jpg","type":"image\/jpeg"}],"author":"cfeditorfr","twitter_card":"summary_large_image","twitter_misc":{"\u00c9crit par":"cfeditorfr","Dur\u00e9e de lecture estim\u00e9e":"1 minute"},"schema":{"@context":"https:\/\/schema.org","@graph":[{"@type":"Article","@id":"https:\/\/www.africa-press.net\/cameroun\/economie\/cooperation-des-operateurs-economiques-luxembourgeois-prospectent-au-cameroun#article","isPartOf":{"@id":"https:\/\/www.africa-press.net\/cameroun\/economie\/cooperation-des-operateurs-economiques-luxembourgeois-prospectent-au-cameroun"},"author":{"name":"cfeditorfr","@id":"https:\/\/www.africa-press.net\/cameroun\/#\/schema\/person\/2b1cf3cd81a31e3cd26889ca66d677f1"},"headline":"Coop\u00e9ration : des op\u00e9rateurs \u00e9conomiques luxembourgeois prospectent au Cameroun","datePublished":"2024-02-09T12:23:59+00:00","dateModified":"2024-02-09T13:46:06+00:00","mainEntityOfPage":{"@id":"https:\/\/www.africa-press.net\/cameroun\/economie\/cooperation-des-operateurs-economiques-luxembourgeois-prospectent-au-cameroun"},"wordCount":206,"commentCount":0,"image":{"@id":"https:\/\/www.africa-press.net\/cameroun\/economie\/cooperation-des-operateurs-economiques-luxembourgeois-prospectent-au-cameroun#primaryimage"},"thumbnailUrl":"https:\/\/static.africa-press.net\/cameroun\/sites\/57\/2024\/02\/sm_1707472535.66265.jpg","keywords":["Africa Press","Africa Press-Cameroun","Cameroun"],"articleSection":["\u00c9conomie","Toutes les actualit\u00e9s"],"inLanguage":"fr-FR","potentialAction":[{"@type":"CommentAction","name":"Comment","target":["https:\/\/www.africa-press.net\/cameroun\/economie\/cooperation-des-operateurs-economiques-luxembourgeois-prospectent-au-cameroun#respond"]}]},{"@type":"WebPage","@id":"https:\/\/www.africa-press.net\/cameroun\/economie\/cooperation-des-operateurs-economiques-luxembourgeois-prospectent-au-cameroun","url":"https:\/\/www.africa-press.net\/cameroun\/economie\/cooperation-des-operateurs-economiques-luxembourgeois-prospectent-au-cameroun","name":"Coop\u00e9ration : des op\u00e9rateurs \u00e9conomiques luxembourgeois prospectent au Cameroun - Cameroun","isPartOf":{"@id":"https:\/\/www.africa-press.net\/cameroun\/#website"},"primaryImageOfPage":{"@id":"https:\/\/www.africa-press.net\/cameroun\/economie\/cooperation-des-operateurs-economiques-luxembourgeois-prospectent-au-cameroun#primaryimage"},"image":{"@id":"https:\/\/www.africa-press.net\/cameroun\/economie\/cooperation-des-operateurs-economiques-luxembourgeois-prospectent-au-cameroun#primaryimage"},"thumbnailUrl":"https:\/\/static.africa-press.net\/cameroun\/sites\/57\/2024\/02\/sm_1707472535.66265.jpg","datePublished":"2024-02-09T12:23:59+00:00","dateModified":"2024-02-09T13:46:06+00:00","author":{"@id":"https:\/\/www.africa-press.net\/cameroun\/#\/schema\/person\/2b1cf3cd81a31e3cd26889ca66d677f1"},"description":"Investir au Cameroun) - Depuis le 8 fe\u0301vrier 2024, une de\u0301le\u0301gation d\u2019ope\u0301rateurs e\u0301conomiques luxembourgeois prospecte ...","breadcrumb":{"@id":"https:\/\/www.africa-press.net\/cameroun\/economie\/cooperation-des-operateurs-economiques-luxembourgeois-prospectent-au-cameroun#breadcrumb"},"inLanguage":"fr-FR","potentialAction":[{"@type":"ReadAction","target":["https:\/\/www.africa-press.net\/cameroun\/economie\/cooperation-des-operateurs-economiques-luxembourgeois-prospectent-au-cameroun"]}]},{"@type":"ImageObject","inLanguage":"fr-FR","@id":"https:\/\/www.africa-press.net\/cameroun\/economie\/cooperation-des-operateurs-economiques-luxembourgeois-prospectent-au-cameroun#primaryimage","url":"https:\/\/static.africa-press.net\/cameroun\/sites\/57\/2024\/02\/sm_1707472535.66265.jpg","contentUrl":"https:\/\/static.africa-press.net\/cameroun\/sites\/57\/2024\/02\/sm_1707472535.66265.jpg","width":720,"height":479,"caption":"Coop\u00e9ration : des op\u00e9rateurs \u00e9conomiques luxembourgeois prospectent au Cameroun"},{"@type":"BreadcrumbList","@id":"https:\/\/www.africa-press.net\/cameroun\/economie\/cooperation-des-operateurs-economiques-luxembourgeois-prospectent-au-cameroun#breadcrumb","itemListElement":[{"@type":"ListItem","position":1,"name":"Accueil","item":"https:\/\/www.africa-press.net\/cameroun\/"},{"@type":"ListItem","position":2,"name":"Coop\u00e9ration : des op\u00e9rateurs \u00e9conomiques luxembourgeois prospectent au Cameroun"}]},{"@type":"WebSite","@id":"https:\/\/www.africa-press.net\/cameroun\/#website","url":"https:\/\/www.africa-press.net\/cameroun\/","name":"Cameroun","description":"Just another Africa News Agency Sites site","potentialAction":[{"@type":"SearchAction","target":{"@type":"EntryPoint","urlTemplate":"https:\/\/www.africa-press.net\/cameroun\/?s={search_term_string}"},"query-input":{"@type":"PropertyValueSpecification","valueRequired":true,"valueName":"search_term_string"}}],"inLanguage":"fr-FR"},{"@type":"Person","@id":"https:\/\/www.africa-press.net\/cameroun\/#\/schema\/person\/2b1cf3cd81a31e3cd26889ca66d677f1","name":"cfeditorfr"}]}},"_links":{"self":[{"href":"https:\/\/www.africa-press.net\/cameroun\/wp-json\/wp\/v2\/posts\/61266","targetHints":{"allow":["GET"]}}],"collection":[{"href":"https:\/\/www.africa-press.net\/cameroun\/wp-json\/wp\/v2\/posts"}],"about":[{"href":"https:\/\/www.africa-press.net\/cameroun\/wp-json\/wp\/v2\/types\/post"}],"author":[{"embeddable":true,"href":"https:\/\/www.africa-press.net\/cameroun\/wp-json\/wp\/v2\/users\/82"}],"replies":[{"embeddable":true,"href":"https:\/\/www.africa-press.net\/cameroun\/wp-json\/wp\/v2\/comments?post=61266"}],"version-history":[{"count":0,"href":"https:\/\/www.africa-press.net\/cameroun\/wp-json\/wp\/v2\/posts\/61266\/revisions"}],"wp:featuredmedia":[{"embeddable":true,"href":"https:\/\/www.africa-press.net\/cameroun\/wp-json\/wp\/v2\/media\/61265"}],"wp:attachment":[{"href":"https:\/\/www.africa-press.net\/cameroun\/wp-json\/wp\/v2\/media?parent=61266"}],"wp:term":[{"taxonomy":"category","embeddable":true,"href":"https:\/\/www.africa-press.net\/cameroun\/wp-json\/wp\/v2\/categories?post=61266"},{"taxonomy":"post_tag","embeddable":true,"href":"https:\/\/www.africa-press.net\/cameroun\/wp-json\/wp\/v2\/tags?post=61266"}],"curies":[{"name":"wp","href":"https:\/\/api.w.org\/{rel}","templated":true}]}}