{"id":61272,"date":"2024-02-09T12:24:31","date_gmt":"2024-02-09T12:24:31","guid":{"rendered":"https:\/\/www.africa-press.net\/cameroun\/politique\/joel-embiid-ecarte-des-parquets-pour-au-moins-un-mois"},"modified":"2024-02-09T13:49:39","modified_gmt":"2024-02-09T13:49:39","slug":"joel-embiid-ecarte-des-parquets-pour-au-moins-un-mois","status":"publish","type":"post","link":"https:\/\/www.africa-press.net\/cameroun\/sports\/joel-embiid-ecarte-des-parquets-pour-au-moins-un-mois","title":{"rendered":"Jo\u00ebl Embiid ecart\u00e9 des parquets pour au moins un mois"},"content":{"rendered":"<p><span style=\"color: #ff6600\"><strong>Africa-Press &#8211; Cameroun. <\/strong><\/span><b>Le basketteur d\u2019origine camerounaise vient d\u2019e\u0302tre ope\u0301re\u0301 du me\u0301nisque apre\u0300s une blessure contracte\u0301e mardi dernier.<\/b><\/p>\n<p>La <b>NBA<\/b> sera prive\u0301e du meilleur joueur de la saison dernie\u0300re, <b>Joel Embiid<\/b>, pendant un a\u0300 deux mois au maximum. Le joueur de 29 ans a e\u0301te\u0301 ope\u0301re\u0301 au genou gauche mardi dernier. Une information confirme\u0301e par son club, <b>Philadelphie Sixers<\/b>, \u00ab Joel Embiid a e\u0301te\u0301 ope\u0301re\u0301 (mardi) avec succe\u0300s d\u2019une le\u0301sion du me\u0301nisque late\u0301ral du genou gauche. Il sera re\u0301e\u0301value\u0301 dans environ quatre semaines \u00bb. Il s\u2019agit d\u2019une blessure qu\u2019il a contracte\u0301e contre <b>Golden State<\/b> lorsque l\u2019ailier des Warriors, <b>Jonathan Kuminga<\/b>, lui est tombe\u0301 sur la jambe gauche alors qu\u2019il se battait pour un ballon perdu.<\/p>\n<p>Un ve\u0301ritable un coup dur pour le basketteur d\u2019origine camerounaise, qui ne pourra pas re\u0301pe\u0301ter ses exploits de la saison dernie\u0300re et remporter un deuxie\u0300me titre conse\u0301cutif de meilleur joueur de la saison. Car, il a de\u0301ja\u0300 manque\u0301 15 matchs cette saison et selon les nouvelles re\u0300gles de la <b>NBA, <\/b>un joueur doit jouer 65 matchs de saison re\u0301gulie\u0300re pour e\u0302tre e\u0301ligible a\u0300 une re\u0301compense individuelle.<\/p>\n<p>L\u2019autre coup dur pour l\u2019Ame\u0301ricain naturalise\u0301 est qu\u2019il manquera le <b>All-Stars game<\/b> a\u0300 Indianapolis pre\u0301vu pour le 19 fe\u0301vrier. Si son club peut avoir des frayeurs, ayant perdu deux de ses trois derniers matches sans lui et occupant la cinquie\u0300me place de la Confe\u0301rence Est, il n\u2019en va pas de me\u0302me pour l\u2019e\u0301quipe nationale ame\u0301ricaine, avec laquelle Embiid pourrait participer aux prochains Jeux olympiques de 2024 a\u0300 Paris.<\/p>\n<p>Joel Embiid est actuellement le meilleur marqueur de la ligue nord-ame\u0301ricaine, avec une moyenne de 35,3 points, 11,3 rebonds et 5,7 passes.<\/p>\n<p><strong>Pour plus d&rsquo;informations et d&rsquo;analyses sur la <a href=\"https:\/\/www.africa-press.net\/cameroun\">Cameroun<\/a>, suivez <a href=\"https:\/\/www.africa-press.net\/\">Africa-Press<\/a><\/strong><\/p>\n","protected":false},"excerpt":{"rendered":"<p>Africa-Press &#8211; Cameroun. Le basketteur d\u2019origine camerounaise vient d\u2019e\u0302tre ope\u0301re\u0301 du me\u0301nisque apre\u0300s une blessure contracte\u0301e mardi dernier. La NBA sera prive\u0301e du meilleur joueur de la saison dernie\u0300re, Joel Embiid, pendant un a\u0300 deux mois au maximum. Le joueur de 29 ans a e\u0301te\u0301 ope\u0301re\u0301 au genou gauche mardi dernier. Une information confirme\u0301e par [&hellip;]<\/p>\n","protected":false},"author":82,"featured_media":61271,"comment_status":"open","ping_status":"closed","sticky":false,"template":"","format":"standard","meta":{"footnotes":""},"categories":[6,10],"tags":[36,50,49],"class_list":["post-61272","post","type-post","status-publish","format-standard","has-post-thumbnail","hentry","category-sports","category-toutes-les-actualites","tag-africa-press","tag-africa-press-cameroun","tag-cameroun"],"yoast_head":"<!-- This site is optimized with the Yoast SEO Premium plugin v26.1 (Yoast SEO v27.0) - https:\/\/yoast.com\/product\/yoast-seo-premium-wordpress\/ -->\n<title>Jo\u00ebl Embiid ecart\u00e9 des parquets pour au moins un mois - Cameroun<\/title>\n<meta name=\"description\" content=\"Le basketteur d\u2019origine camerounaise vient d\u2019e\u0302tre ope\u0301re\u0301 du me\u0301nisque apre\u0300s une blessure contracte\u0301e mardi dernier ...\" \/>\n<meta name=\"robots\" content=\"index, follow, max-snippet:-1, max-image-preview:large, max-video-preview:-1\" \/>\n<link rel=\"canonical\" href=\"https:\/\/www.africa-press.net\/cameroun\/sports\/joel-embiid-ecarte-des-parquets-pour-au-moins-un-mois\" \/>\n<meta property=\"og:locale\" content=\"fr_FR\" \/>\n<meta property=\"og:type\" content=\"article\" \/>\n<meta property=\"og:title\" content=\"Jo\u00ebl Embiid ecart\u00e9 des parquets pour au moins un mois\" \/>\n<meta property=\"og:description\" content=\"Le basketteur d\u2019origine camerounaise vient d\u2019e\u0302tre ope\u0301re\u0301 du me\u0301nisque apre\u0300s une blessure contracte\u0301e mardi dernier ...\" \/>\n<meta property=\"og:url\" content=\"https:\/\/www.africa-press.net\/cameroun\/sports\/joel-embiid-ecarte-des-parquets-pour-au-moins-un-mois\" \/>\n<meta property=\"og:site_name\" content=\"Cameroun\" \/>\n<meta property=\"article:published_time\" content=\"2024-02-09T12:24:31+00:00\" \/>\n<meta property=\"article:modified_time\" content=\"2024-02-09T13:49:39+00:00\" \/>\n<meta property=\"og:image\" content=\"https:\/\/static.africa-press.net\/cameroun\/sites\/57\/2024\/02\/sm_1707472706.997488.jpg\" \/>\n\t<meta property=\"og:image:width\" content=\"780\" \/>\n\t<meta property=\"og:image:height\" content=\"440\" \/>\n\t<meta property=\"og:image:type\" content=\"image\/jpeg\" \/>\n<meta name=\"author\" content=\"cfeditorfr\" \/>\n<meta name=\"twitter:card\" content=\"summary_large_image\" \/>\n<meta name=\"twitter:label1\" content=\"\u00c9crit par\" \/>\n\t<meta name=\"twitter:data1\" content=\"cfeditorfr\" \/>\n\t<meta name=\"twitter:label2\" content=\"Dur\u00e9e de lecture estim\u00e9e\" \/>\n\t<meta name=\"twitter:data2\" content=\"2 minutes\" \/>\n<script type=\"application\/ld+json\" class=\"yoast-schema-graph\">{\"@context\":\"https:\/\/schema.org\",\"@graph\":[{\"@type\":\"Article\",\"@id\":\"https:\/\/www.africa-press.net\/cameroun\/sports\/joel-embiid-ecarte-des-parquets-pour-au-moins-un-mois#article\",\"isPartOf\":{\"@id\":\"https:\/\/www.africa-press.net\/cameroun\/sports\/joel-embiid-ecarte-des-parquets-pour-au-moins-un-mois\"},\"author\":{\"name\":\"cfeditorfr\",\"@id\":\"https:\/\/www.africa-press.net\/cameroun\/#\/schema\/person\/2b1cf3cd81a31e3cd26889ca66d677f1\"},\"headline\":\"Jo\u00ebl Embiid ecart\u00e9 des parquets pour au moins un mois\",\"datePublished\":\"2024-02-09T12:24:31+00:00\",\"dateModified\":\"2024-02-09T13:49:39+00:00\",\"mainEntityOfPage\":{\"@id\":\"https:\/\/www.africa-press.net\/cameroun\/sports\/joel-embiid-ecarte-des-parquets-pour-au-moins-un-mois\"},\"wordCount\":339,\"commentCount\":0,\"image\":{\"@id\":\"https:\/\/www.africa-press.net\/cameroun\/sports\/joel-embiid-ecarte-des-parquets-pour-au-moins-un-mois#primaryimage\"},\"thumbnailUrl\":\"https:\/\/static.africa-press.net\/cameroun\/sites\/57\/2024\/02\/sm_1707472706.997488.jpg\",\"keywords\":[\"Africa Press\",\"Africa Press-Cameroun\",\"Cameroun\"],\"articleSection\":[\"Sports\",\"Toutes les actualit\u00e9s\"],\"inLanguage\":\"fr-FR\",\"potentialAction\":[{\"@type\":\"CommentAction\",\"name\":\"Comment\",\"target\":[\"https:\/\/www.africa-press.net\/cameroun\/sports\/joel-embiid-ecarte-des-parquets-pour-au-moins-un-mois#respond\"]}]},{\"@type\":\"WebPage\",\"@id\":\"https:\/\/www.africa-press.net\/cameroun\/sports\/joel-embiid-ecarte-des-parquets-pour-au-moins-un-mois\",\"url\":\"https:\/\/www.africa-press.net\/cameroun\/sports\/joel-embiid-ecarte-des-parquets-pour-au-moins-un-mois\",\"name\":\"Jo\u00ebl Embiid ecart\u00e9 des parquets pour au moins un mois - Cameroun\",\"isPartOf\":{\"@id\":\"https:\/\/www.africa-press.net\/cameroun\/#website\"},\"primaryImageOfPage\":{\"@id\":\"https:\/\/www.africa-press.net\/cameroun\/sports\/joel-embiid-ecarte-des-parquets-pour-au-moins-un-mois#primaryimage\"},\"image\":{\"@id\":\"https:\/\/www.africa-press.net\/cameroun\/sports\/joel-embiid-ecarte-des-parquets-pour-au-moins-un-mois#primaryimage\"},\"thumbnailUrl\":\"https:\/\/static.africa-press.net\/cameroun\/sites\/57\/2024\/02\/sm_1707472706.997488.jpg\",\"datePublished\":\"2024-02-09T12:24:31+00:00\",\"dateModified\":\"2024-02-09T13:49:39+00:00\",\"author\":{\"@id\":\"https:\/\/www.africa-press.net\/cameroun\/#\/schema\/person\/2b1cf3cd81a31e3cd26889ca66d677f1\"},\"description\":\"Le basketteur d\u2019origine camerounaise vient d\u2019e\u0302tre ope\u0301re\u0301 du me\u0301nisque apre\u0300s une blessure contracte\u0301e mardi dernier ...\",\"breadcrumb\":{\"@id\":\"https:\/\/www.africa-press.net\/cameroun\/sports\/joel-embiid-ecarte-des-parquets-pour-au-moins-un-mois#breadcrumb\"},\"inLanguage\":\"fr-FR\",\"potentialAction\":[{\"@type\":\"ReadAction\",\"target\":[\"https:\/\/www.africa-press.net\/cameroun\/sports\/joel-embiid-ecarte-des-parquets-pour-au-moins-un-mois\"]}]},{\"@type\":\"ImageObject\",\"inLanguage\":\"fr-FR\",\"@id\":\"https:\/\/www.africa-press.net\/cameroun\/sports\/joel-embiid-ecarte-des-parquets-pour-au-moins-un-mois#primaryimage\",\"url\":\"https:\/\/static.africa-press.net\/cameroun\/sites\/57\/2024\/02\/sm_1707472706.997488.jpg\",\"contentUrl\":\"https:\/\/static.africa-press.net\/cameroun\/sites\/57\/2024\/02\/sm_1707472706.997488.jpg\",\"width\":780,\"height\":440,\"caption\":\"Jo\u00ebl Embiid ecart\u00e9 des parquets pour au moins un mois\"},{\"@type\":\"BreadcrumbList\",\"@id\":\"https:\/\/www.africa-press.net\/cameroun\/sports\/joel-embiid-ecarte-des-parquets-pour-au-moins-un-mois#breadcrumb\",\"itemListElement\":[{\"@type\":\"ListItem\",\"position\":1,\"name\":\"Accueil\",\"item\":\"https:\/\/www.africa-press.net\/cameroun\/\"},{\"@type\":\"ListItem\",\"position\":2,\"name\":\"Jo\u00ebl Embiid ecart\u00e9 des parquets pour au moins un mois\"}]},{\"@type\":\"WebSite\",\"@id\":\"https:\/\/www.africa-press.net\/cameroun\/#website\",\"url\":\"https:\/\/www.africa-press.net\/cameroun\/\",\"name\":\"Cameroun\",\"description\":\"Just another Africa News Agency Sites site\",\"potentialAction\":[{\"@type\":\"SearchAction\",\"target\":{\"@type\":\"EntryPoint\",\"urlTemplate\":\"https:\/\/www.africa-press.net\/cameroun\/?s={search_term_string}\"},\"query-input\":{\"@type\":\"PropertyValueSpecification\",\"valueRequired\":true,\"valueName\":\"search_term_string\"}}],\"inLanguage\":\"fr-FR\"},{\"@type\":\"Person\",\"@id\":\"https:\/\/www.africa-press.net\/cameroun\/#\/schema\/person\/2b1cf3cd81a31e3cd26889ca66d677f1\",\"name\":\"cfeditorfr\"}]}<\/script>\n<!-- \/ Yoast SEO Premium plugin. -->","yoast_head_json":{"title":"Jo\u00ebl Embiid ecart\u00e9 des parquets pour au moins un mois - Cameroun","description":"Le basketteur d\u2019origine camerounaise vient d\u2019e\u0302tre ope\u0301re\u0301 du me\u0301nisque apre\u0300s une blessure contracte\u0301e mardi dernier ...","robots":{"index":"index","follow":"follow","max-snippet":"max-snippet:-1","max-image-preview":"max-image-preview:large","max-video-preview":"max-video-preview:-1"},"canonical":"https:\/\/www.africa-press.net\/cameroun\/sports\/joel-embiid-ecarte-des-parquets-pour-au-moins-un-mois","og_locale":"fr_FR","og_type":"article","og_title":"Jo\u00ebl Embiid ecart\u00e9 des parquets pour au moins un mois","og_description":"Le basketteur d\u2019origine camerounaise vient d\u2019e\u0302tre ope\u0301re\u0301 du me\u0301nisque apre\u0300s une blessure contracte\u0301e mardi dernier ...","og_url":"https:\/\/www.africa-press.net\/cameroun\/sports\/joel-embiid-ecarte-des-parquets-pour-au-moins-un-mois","og_site_name":"Cameroun","article_published_time":"2024-02-09T12:24:31+00:00","article_modified_time":"2024-02-09T13:49:39+00:00","og_image":[{"width":780,"height":440,"url":"https:\/\/static.africa-press.net\/cameroun\/sites\/57\/2024\/02\/sm_1707472706.997488.jpg","type":"image\/jpeg"}],"author":"cfeditorfr","twitter_card":"summary_large_image","twitter_misc":{"\u00c9crit par":"cfeditorfr","Dur\u00e9e de lecture estim\u00e9e":"2 minutes"},"schema":{"@context":"https:\/\/schema.org","@graph":[{"@type":"Article","@id":"https:\/\/www.africa-press.net\/cameroun\/sports\/joel-embiid-ecarte-des-parquets-pour-au-moins-un-mois#article","isPartOf":{"@id":"https:\/\/www.africa-press.net\/cameroun\/sports\/joel-embiid-ecarte-des-parquets-pour-au-moins-un-mois"},"author":{"name":"cfeditorfr","@id":"https:\/\/www.africa-press.net\/cameroun\/#\/schema\/person\/2b1cf3cd81a31e3cd26889ca66d677f1"},"headline":"Jo\u00ebl Embiid ecart\u00e9 des parquets pour au moins un mois","datePublished":"2024-02-09T12:24:31+00:00","dateModified":"2024-02-09T13:49:39+00:00","mainEntityOfPage":{"@id":"https:\/\/www.africa-press.net\/cameroun\/sports\/joel-embiid-ecarte-des-parquets-pour-au-moins-un-mois"},"wordCount":339,"commentCount":0,"image":{"@id":"https:\/\/www.africa-press.net\/cameroun\/sports\/joel-embiid-ecarte-des-parquets-pour-au-moins-un-mois#primaryimage"},"thumbnailUrl":"https:\/\/static.africa-press.net\/cameroun\/sites\/57\/2024\/02\/sm_1707472706.997488.jpg","keywords":["Africa Press","Africa Press-Cameroun","Cameroun"],"articleSection":["Sports","Toutes les actualit\u00e9s"],"inLanguage":"fr-FR","potentialAction":[{"@type":"CommentAction","name":"Comment","target":["https:\/\/www.africa-press.net\/cameroun\/sports\/joel-embiid-ecarte-des-parquets-pour-au-moins-un-mois#respond"]}]},{"@type":"WebPage","@id":"https:\/\/www.africa-press.net\/cameroun\/sports\/joel-embiid-ecarte-des-parquets-pour-au-moins-un-mois","url":"https:\/\/www.africa-press.net\/cameroun\/sports\/joel-embiid-ecarte-des-parquets-pour-au-moins-un-mois","name":"Jo\u00ebl Embiid ecart\u00e9 des parquets pour au moins un mois - Cameroun","isPartOf":{"@id":"https:\/\/www.africa-press.net\/cameroun\/#website"},"primaryImageOfPage":{"@id":"https:\/\/www.africa-press.net\/cameroun\/sports\/joel-embiid-ecarte-des-parquets-pour-au-moins-un-mois#primaryimage"},"image":{"@id":"https:\/\/www.africa-press.net\/cameroun\/sports\/joel-embiid-ecarte-des-parquets-pour-au-moins-un-mois#primaryimage"},"thumbnailUrl":"https:\/\/static.africa-press.net\/cameroun\/sites\/57\/2024\/02\/sm_1707472706.997488.jpg","datePublished":"2024-02-09T12:24:31+00:00","dateModified":"2024-02-09T13:49:39+00:00","author":{"@id":"https:\/\/www.africa-press.net\/cameroun\/#\/schema\/person\/2b1cf3cd81a31e3cd26889ca66d677f1"},"description":"Le basketteur d\u2019origine camerounaise vient d\u2019e\u0302tre ope\u0301re\u0301 du me\u0301nisque apre\u0300s une blessure contracte\u0301e mardi dernier ...","breadcrumb":{"@id":"https:\/\/www.africa-press.net\/cameroun\/sports\/joel-embiid-ecarte-des-parquets-pour-au-moins-un-mois#breadcrumb"},"inLanguage":"fr-FR","potentialAction":[{"@type":"ReadAction","target":["https:\/\/www.africa-press.net\/cameroun\/sports\/joel-embiid-ecarte-des-parquets-pour-au-moins-un-mois"]}]},{"@type":"ImageObject","inLanguage":"fr-FR","@id":"https:\/\/www.africa-press.net\/cameroun\/sports\/joel-embiid-ecarte-des-parquets-pour-au-moins-un-mois#primaryimage","url":"https:\/\/static.africa-press.net\/cameroun\/sites\/57\/2024\/02\/sm_1707472706.997488.jpg","contentUrl":"https:\/\/static.africa-press.net\/cameroun\/sites\/57\/2024\/02\/sm_1707472706.997488.jpg","width":780,"height":440,"caption":"Jo\u00ebl Embiid ecart\u00e9 des parquets pour au moins un mois"},{"@type":"BreadcrumbList","@id":"https:\/\/www.africa-press.net\/cameroun\/sports\/joel-embiid-ecarte-des-parquets-pour-au-moins-un-mois#breadcrumb","itemListElement":[{"@type":"ListItem","position":1,"name":"Accueil","item":"https:\/\/www.africa-press.net\/cameroun\/"},{"@type":"ListItem","position":2,"name":"Jo\u00ebl Embiid ecart\u00e9 des parquets pour au moins un mois"}]},{"@type":"WebSite","@id":"https:\/\/www.africa-press.net\/cameroun\/#website","url":"https:\/\/www.africa-press.net\/cameroun\/","name":"Cameroun","description":"Just another Africa News Agency Sites site","potentialAction":[{"@type":"SearchAction","target":{"@type":"EntryPoint","urlTemplate":"https:\/\/www.africa-press.net\/cameroun\/?s={search_term_string}"},"query-input":{"@type":"PropertyValueSpecification","valueRequired":true,"valueName":"search_term_string"}}],"inLanguage":"fr-FR"},{"@type":"Person","@id":"https:\/\/www.africa-press.net\/cameroun\/#\/schema\/person\/2b1cf3cd81a31e3cd26889ca66d677f1","name":"cfeditorfr"}]}},"_links":{"self":[{"href":"https:\/\/www.africa-press.net\/cameroun\/wp-json\/wp\/v2\/posts\/61272","targetHints":{"allow":["GET"]}}],"collection":[{"href":"https:\/\/www.africa-press.net\/cameroun\/wp-json\/wp\/v2\/posts"}],"about":[{"href":"https:\/\/www.africa-press.net\/cameroun\/wp-json\/wp\/v2\/types\/post"}],"author":[{"embeddable":true,"href":"https:\/\/www.africa-press.net\/cameroun\/wp-json\/wp\/v2\/users\/82"}],"replies":[{"embeddable":true,"href":"https:\/\/www.africa-press.net\/cameroun\/wp-json\/wp\/v2\/comments?post=61272"}],"version-history":[{"count":0,"href":"https:\/\/www.africa-press.net\/cameroun\/wp-json\/wp\/v2\/posts\/61272\/revisions"}],"wp:featuredmedia":[{"embeddable":true,"href":"https:\/\/www.africa-press.net\/cameroun\/wp-json\/wp\/v2\/media\/61271"}],"wp:attachment":[{"href":"https:\/\/www.africa-press.net\/cameroun\/wp-json\/wp\/v2\/media?parent=61272"}],"wp:term":[{"taxonomy":"category","embeddable":true,"href":"https:\/\/www.africa-press.net\/cameroun\/wp-json\/wp\/v2\/categories?post=61272"},{"taxonomy":"post_tag","embeddable":true,"href":"https:\/\/www.africa-press.net\/cameroun\/wp-json\/wp\/v2\/tags?post=61272"}],"curies":[{"name":"wp","href":"https:\/\/api.w.org\/{rel}","templated":true}]}}