{"id":61300,"date":"2024-02-12T12:45:25","date_gmt":"2024-02-12T12:45:25","guid":{"rendered":"https:\/\/www.africa-press.net\/cameroun\/politique\/un-mort-dans-une-explosion-a-la-place-des-fetes-de-nkambe"},"modified":"2024-02-12T13:02:39","modified_gmt":"2024-02-12T13:02:39","slug":"un-mort-dans-une-explosion-a-la-place-des-fetes-de-nkambe","status":"publish","type":"post","link":"https:\/\/www.africa-press.net\/cameroun\/toutes-les-actualites\/un-mort-dans-une-explosion-a-la-place-des-fetes-de-nkambe","title":{"rendered":"Un Mort dans une Explosion \u00e0 la Place des F\u00eates de Nkambe"},"content":{"rendered":"<p><span style=\"color: #ff6600\"><strong>Africa-Press &#8211; Cameroun. <\/strong><\/span><b>La de\u0301tonation a eu lieu le 11 fe\u0301vrier 2024 apre\u0300s le de\u0301file\u0301 marquant la 58e\u0300 e\u0301dition de la fe\u0302te de la jeunesse.<\/b><\/p>\n<p>Environ deux heures apre\u0300s la parade de la fe\u0302te de la jeunesse, une bombe artisanale a explose\u0301 au centre de Nkambe\u0300. C\u2019est le chef-lieu du de\u0301partement de Ndonga-Mantung, dans la re\u0301gion du Nord-Ouest en crise se\u0301paratiste. Selon les autorite\u0301s administratives de la re\u0301gion, l\u2019explosif e\u0301tait dissimule\u0301 dans un point de vente des denre\u0301es alimentaires situe\u0301 a\u0300 proximite\u0301 de la place des fe\u0302tes.<\/p>\n<p>Le bilan dresse\u0301 par le gouverneur de la re\u0301gion, Adolphe LELE Lafrique fait e\u0301tait d\u2019un mort, d\u2019une quarantaine de blesse\u0301s dont quatre graves. Les blesse\u0301s ont e\u0301te\u0301 admis a\u0300 l\u2019ho\u0302pital re\u0301gional annexe de Nkambe\u0300. A la suite de cette explosion, le pre\u0301fet du de\u0301partement, Georges Emmanuel Bassilekin a pre\u0301side\u0301 une re\u0301union de crise. Au cours de cette rencontre, l\u2019autorite\u0301 administrative a appele\u0301 les populations a\u0300 plus de vigilance et de collaboration avec les Forces de de\u0301fense et de se\u0301curite\u0301. Et de de\u0301noncer toute personne suspecte.<\/p>\n<p>Dans la recherche des auteurs de cette incident mortel, les forces de de\u0301fense et de se\u0301curite\u0301 ont interpelle\u0301 trois suspects qui sont en exploitation.<\/p>\n<p><strong>Pour plus d&rsquo;informations et d&rsquo;analyses sur la <a href=\"https:\/\/www.africa-press.net\/cameroun\">Cameroun<\/a>, suivez <a href=\"https:\/\/www.africa-press.net\/\">Africa-Press<\/a><\/strong><\/p>\n","protected":false},"excerpt":{"rendered":"<p>Africa-Press &#8211; Cameroun. La de\u0301tonation a eu lieu le 11 fe\u0301vrier 2024 apre\u0300s le de\u0301file\u0301 marquant la 58e\u0300 e\u0301dition de la fe\u0302te de la jeunesse. Environ deux heures apre\u0300s la parade de la fe\u0302te de la jeunesse, une bombe artisanale a explose\u0301 au centre de Nkambe\u0300. C\u2019est le chef-lieu du de\u0301partement de Ndonga-Mantung, dans la [&hellip;]<\/p>\n","protected":false},"author":82,"featured_media":61299,"comment_status":"open","ping_status":"closed","sticky":false,"template":"","format":"standard","meta":{"footnotes":""},"categories":[21,20,10],"tags":[36,50,49],"class_list":["post-61300","post","type-post","status-publish","format-standard","has-post-thumbnail","hentry","category-communaute","category-top-nouvelles","category-toutes-les-actualites","tag-africa-press","tag-africa-press-cameroun","tag-cameroun"],"yoast_head":"<!-- This site is optimized with the Yoast SEO Premium plugin v26.1 (Yoast SEO v27.0) - https:\/\/yoast.com\/product\/yoast-seo-premium-wordpress\/ -->\n<title>Un Mort dans une Explosion \u00e0 la Place des F\u00eates de Nkambe - Cameroun<\/title>\n<meta name=\"description\" content=\"La de\u0301tonation a eu lieu le 11 fe\u0301vrier 2024 apre\u0300s le de\u0301file\u0301 marquant la 58e\u0300 e\u0301dition de la fe\u0302te de la jeunesse. ...\" \/>\n<meta name=\"robots\" content=\"index, follow, max-snippet:-1, max-image-preview:large, max-video-preview:-1\" \/>\n<link rel=\"canonical\" href=\"https:\/\/www.africa-press.net\/cameroun\/toutes-les-actualites\/un-mort-dans-une-explosion-a-la-place-des-fetes-de-nkambe\" \/>\n<meta property=\"og:locale\" content=\"fr_FR\" \/>\n<meta property=\"og:type\" content=\"article\" \/>\n<meta property=\"og:title\" content=\"Un Mort dans une Explosion \u00e0 la Place des F\u00eates de Nkambe\" \/>\n<meta property=\"og:description\" content=\"La de\u0301tonation a eu lieu le 11 fe\u0301vrier 2024 apre\u0300s le de\u0301file\u0301 marquant la 58e\u0300 e\u0301dition de la fe\u0302te de la jeunesse. ...\" \/>\n<meta property=\"og:url\" content=\"https:\/\/www.africa-press.net\/cameroun\/toutes-les-actualites\/un-mort-dans-une-explosion-a-la-place-des-fetes-de-nkambe\" \/>\n<meta property=\"og:site_name\" content=\"Cameroun\" \/>\n<meta property=\"article:published_time\" content=\"2024-02-12T12:45:25+00:00\" \/>\n<meta property=\"article:modified_time\" content=\"2024-02-12T13:02:39+00:00\" \/>\n<meta property=\"og:image\" content=\"https:\/\/static.africa-press.net\/cameroun\/sites\/57\/2024\/02\/sm_1707730276.06279.jpg\" \/>\n\t<meta property=\"og:image:width\" content=\"780\" \/>\n\t<meta property=\"og:image:height\" content=\"440\" \/>\n\t<meta property=\"og:image:type\" content=\"image\/jpeg\" \/>\n<meta name=\"author\" content=\"cfeditorfr\" \/>\n<meta name=\"twitter:card\" content=\"summary_large_image\" \/>\n<meta name=\"twitter:label1\" content=\"\u00c9crit par\" \/>\n\t<meta name=\"twitter:data1\" content=\"cfeditorfr\" \/>\n\t<meta name=\"twitter:label2\" content=\"Dur\u00e9e de lecture estim\u00e9e\" \/>\n\t<meta name=\"twitter:data2\" content=\"2 minutes\" \/>\n<script type=\"application\/ld+json\" class=\"yoast-schema-graph\">{\"@context\":\"https:\/\/schema.org\",\"@graph\":[{\"@type\":\"Article\",\"@id\":\"https:\/\/www.africa-press.net\/cameroun\/toutes-les-actualites\/un-mort-dans-une-explosion-a-la-place-des-fetes-de-nkambe#article\",\"isPartOf\":{\"@id\":\"https:\/\/www.africa-press.net\/cameroun\/toutes-les-actualites\/un-mort-dans-une-explosion-a-la-place-des-fetes-de-nkambe\"},\"author\":{\"name\":\"cfeditorfr\",\"@id\":\"https:\/\/www.africa-press.net\/cameroun\/#\/schema\/person\/2b1cf3cd81a31e3cd26889ca66d677f1\"},\"headline\":\"Un Mort dans une Explosion \u00e0 la Place des F\u00eates de Nkambe\",\"datePublished\":\"2024-02-12T12:45:25+00:00\",\"dateModified\":\"2024-02-12T13:02:39+00:00\",\"mainEntityOfPage\":{\"@id\":\"https:\/\/www.africa-press.net\/cameroun\/toutes-les-actualites\/un-mort-dans-une-explosion-a-la-place-des-fetes-de-nkambe\"},\"wordCount\":256,\"commentCount\":0,\"image\":{\"@id\":\"https:\/\/www.africa-press.net\/cameroun\/toutes-les-actualites\/un-mort-dans-une-explosion-a-la-place-des-fetes-de-nkambe#primaryimage\"},\"thumbnailUrl\":\"https:\/\/static.africa-press.net\/cameroun\/sites\/57\/2024\/02\/sm_1707730276.06279.jpg\",\"keywords\":[\"Africa Press\",\"Africa Press-Cameroun\",\"Cameroun\"],\"articleSection\":[\"Communaut\u00e9\",\"Top Nouvelles\",\"Toutes les actualit\u00e9s\"],\"inLanguage\":\"fr-FR\",\"potentialAction\":[{\"@type\":\"CommentAction\",\"name\":\"Comment\",\"target\":[\"https:\/\/www.africa-press.net\/cameroun\/toutes-les-actualites\/un-mort-dans-une-explosion-a-la-place-des-fetes-de-nkambe#respond\"]}]},{\"@type\":\"WebPage\",\"@id\":\"https:\/\/www.africa-press.net\/cameroun\/toutes-les-actualites\/un-mort-dans-une-explosion-a-la-place-des-fetes-de-nkambe\",\"url\":\"https:\/\/www.africa-press.net\/cameroun\/toutes-les-actualites\/un-mort-dans-une-explosion-a-la-place-des-fetes-de-nkambe\",\"name\":\"Un Mort dans une Explosion \u00e0 la Place des F\u00eates de Nkambe - Cameroun\",\"isPartOf\":{\"@id\":\"https:\/\/www.africa-press.net\/cameroun\/#website\"},\"primaryImageOfPage\":{\"@id\":\"https:\/\/www.africa-press.net\/cameroun\/toutes-les-actualites\/un-mort-dans-une-explosion-a-la-place-des-fetes-de-nkambe#primaryimage\"},\"image\":{\"@id\":\"https:\/\/www.africa-press.net\/cameroun\/toutes-les-actualites\/un-mort-dans-une-explosion-a-la-place-des-fetes-de-nkambe#primaryimage\"},\"thumbnailUrl\":\"https:\/\/static.africa-press.net\/cameroun\/sites\/57\/2024\/02\/sm_1707730276.06279.jpg\",\"datePublished\":\"2024-02-12T12:45:25+00:00\",\"dateModified\":\"2024-02-12T13:02:39+00:00\",\"author\":{\"@id\":\"https:\/\/www.africa-press.net\/cameroun\/#\/schema\/person\/2b1cf3cd81a31e3cd26889ca66d677f1\"},\"description\":\"La de\u0301tonation a eu lieu le 11 fe\u0301vrier 2024 apre\u0300s le de\u0301file\u0301 marquant la 58e\u0300 e\u0301dition de la fe\u0302te de la jeunesse. ...\",\"breadcrumb\":{\"@id\":\"https:\/\/www.africa-press.net\/cameroun\/toutes-les-actualites\/un-mort-dans-une-explosion-a-la-place-des-fetes-de-nkambe#breadcrumb\"},\"inLanguage\":\"fr-FR\",\"potentialAction\":[{\"@type\":\"ReadAction\",\"target\":[\"https:\/\/www.africa-press.net\/cameroun\/toutes-les-actualites\/un-mort-dans-une-explosion-a-la-place-des-fetes-de-nkambe\"]}]},{\"@type\":\"ImageObject\",\"inLanguage\":\"fr-FR\",\"@id\":\"https:\/\/www.africa-press.net\/cameroun\/toutes-les-actualites\/un-mort-dans-une-explosion-a-la-place-des-fetes-de-nkambe#primaryimage\",\"url\":\"https:\/\/static.africa-press.net\/cameroun\/sites\/57\/2024\/02\/sm_1707730276.06279.jpg\",\"contentUrl\":\"https:\/\/static.africa-press.net\/cameroun\/sites\/57\/2024\/02\/sm_1707730276.06279.jpg\",\"width\":780,\"height\":440,\"caption\":\"Un Mort dans une Explosion \u00e0 la Place des F\u00eates de Nkambe\"},{\"@type\":\"BreadcrumbList\",\"@id\":\"https:\/\/www.africa-press.net\/cameroun\/toutes-les-actualites\/un-mort-dans-une-explosion-a-la-place-des-fetes-de-nkambe#breadcrumb\",\"itemListElement\":[{\"@type\":\"ListItem\",\"position\":1,\"name\":\"Accueil\",\"item\":\"https:\/\/www.africa-press.net\/cameroun\/\"},{\"@type\":\"ListItem\",\"position\":2,\"name\":\"Un Mort dans une Explosion \u00e0 la Place des F\u00eates de Nkambe\"}]},{\"@type\":\"WebSite\",\"@id\":\"https:\/\/www.africa-press.net\/cameroun\/#website\",\"url\":\"https:\/\/www.africa-press.net\/cameroun\/\",\"name\":\"Cameroun\",\"description\":\"Just another Africa News Agency Sites site\",\"potentialAction\":[{\"@type\":\"SearchAction\",\"target\":{\"@type\":\"EntryPoint\",\"urlTemplate\":\"https:\/\/www.africa-press.net\/cameroun\/?s={search_term_string}\"},\"query-input\":{\"@type\":\"PropertyValueSpecification\",\"valueRequired\":true,\"valueName\":\"search_term_string\"}}],\"inLanguage\":\"fr-FR\"},{\"@type\":\"Person\",\"@id\":\"https:\/\/www.africa-press.net\/cameroun\/#\/schema\/person\/2b1cf3cd81a31e3cd26889ca66d677f1\",\"name\":\"cfeditorfr\"}]}<\/script>\n<!-- \/ Yoast SEO Premium plugin. -->","yoast_head_json":{"title":"Un Mort dans une Explosion \u00e0 la Place des F\u00eates de Nkambe - Cameroun","description":"La de\u0301tonation a eu lieu le 11 fe\u0301vrier 2024 apre\u0300s le de\u0301file\u0301 marquant la 58e\u0300 e\u0301dition de la fe\u0302te de la jeunesse. ...","robots":{"index":"index","follow":"follow","max-snippet":"max-snippet:-1","max-image-preview":"max-image-preview:large","max-video-preview":"max-video-preview:-1"},"canonical":"https:\/\/www.africa-press.net\/cameroun\/toutes-les-actualites\/un-mort-dans-une-explosion-a-la-place-des-fetes-de-nkambe","og_locale":"fr_FR","og_type":"article","og_title":"Un Mort dans une Explosion \u00e0 la Place des F\u00eates de Nkambe","og_description":"La de\u0301tonation a eu lieu le 11 fe\u0301vrier 2024 apre\u0300s le de\u0301file\u0301 marquant la 58e\u0300 e\u0301dition de la fe\u0302te de la jeunesse. ...","og_url":"https:\/\/www.africa-press.net\/cameroun\/toutes-les-actualites\/un-mort-dans-une-explosion-a-la-place-des-fetes-de-nkambe","og_site_name":"Cameroun","article_published_time":"2024-02-12T12:45:25+00:00","article_modified_time":"2024-02-12T13:02:39+00:00","og_image":[{"width":780,"height":440,"url":"https:\/\/static.africa-press.net\/cameroun\/sites\/57\/2024\/02\/sm_1707730276.06279.jpg","type":"image\/jpeg"}],"author":"cfeditorfr","twitter_card":"summary_large_image","twitter_misc":{"\u00c9crit par":"cfeditorfr","Dur\u00e9e de lecture estim\u00e9e":"2 minutes"},"schema":{"@context":"https:\/\/schema.org","@graph":[{"@type":"Article","@id":"https:\/\/www.africa-press.net\/cameroun\/toutes-les-actualites\/un-mort-dans-une-explosion-a-la-place-des-fetes-de-nkambe#article","isPartOf":{"@id":"https:\/\/www.africa-press.net\/cameroun\/toutes-les-actualites\/un-mort-dans-une-explosion-a-la-place-des-fetes-de-nkambe"},"author":{"name":"cfeditorfr","@id":"https:\/\/www.africa-press.net\/cameroun\/#\/schema\/person\/2b1cf3cd81a31e3cd26889ca66d677f1"},"headline":"Un Mort dans une Explosion \u00e0 la Place des F\u00eates de Nkambe","datePublished":"2024-02-12T12:45:25+00:00","dateModified":"2024-02-12T13:02:39+00:00","mainEntityOfPage":{"@id":"https:\/\/www.africa-press.net\/cameroun\/toutes-les-actualites\/un-mort-dans-une-explosion-a-la-place-des-fetes-de-nkambe"},"wordCount":256,"commentCount":0,"image":{"@id":"https:\/\/www.africa-press.net\/cameroun\/toutes-les-actualites\/un-mort-dans-une-explosion-a-la-place-des-fetes-de-nkambe#primaryimage"},"thumbnailUrl":"https:\/\/static.africa-press.net\/cameroun\/sites\/57\/2024\/02\/sm_1707730276.06279.jpg","keywords":["Africa Press","Africa Press-Cameroun","Cameroun"],"articleSection":["Communaut\u00e9","Top Nouvelles","Toutes les actualit\u00e9s"],"inLanguage":"fr-FR","potentialAction":[{"@type":"CommentAction","name":"Comment","target":["https:\/\/www.africa-press.net\/cameroun\/toutes-les-actualites\/un-mort-dans-une-explosion-a-la-place-des-fetes-de-nkambe#respond"]}]},{"@type":"WebPage","@id":"https:\/\/www.africa-press.net\/cameroun\/toutes-les-actualites\/un-mort-dans-une-explosion-a-la-place-des-fetes-de-nkambe","url":"https:\/\/www.africa-press.net\/cameroun\/toutes-les-actualites\/un-mort-dans-une-explosion-a-la-place-des-fetes-de-nkambe","name":"Un Mort dans une Explosion \u00e0 la Place des F\u00eates de Nkambe - Cameroun","isPartOf":{"@id":"https:\/\/www.africa-press.net\/cameroun\/#website"},"primaryImageOfPage":{"@id":"https:\/\/www.africa-press.net\/cameroun\/toutes-les-actualites\/un-mort-dans-une-explosion-a-la-place-des-fetes-de-nkambe#primaryimage"},"image":{"@id":"https:\/\/www.africa-press.net\/cameroun\/toutes-les-actualites\/un-mort-dans-une-explosion-a-la-place-des-fetes-de-nkambe#primaryimage"},"thumbnailUrl":"https:\/\/static.africa-press.net\/cameroun\/sites\/57\/2024\/02\/sm_1707730276.06279.jpg","datePublished":"2024-02-12T12:45:25+00:00","dateModified":"2024-02-12T13:02:39+00:00","author":{"@id":"https:\/\/www.africa-press.net\/cameroun\/#\/schema\/person\/2b1cf3cd81a31e3cd26889ca66d677f1"},"description":"La de\u0301tonation a eu lieu le 11 fe\u0301vrier 2024 apre\u0300s le de\u0301file\u0301 marquant la 58e\u0300 e\u0301dition de la fe\u0302te de la jeunesse. ...","breadcrumb":{"@id":"https:\/\/www.africa-press.net\/cameroun\/toutes-les-actualites\/un-mort-dans-une-explosion-a-la-place-des-fetes-de-nkambe#breadcrumb"},"inLanguage":"fr-FR","potentialAction":[{"@type":"ReadAction","target":["https:\/\/www.africa-press.net\/cameroun\/toutes-les-actualites\/un-mort-dans-une-explosion-a-la-place-des-fetes-de-nkambe"]}]},{"@type":"ImageObject","inLanguage":"fr-FR","@id":"https:\/\/www.africa-press.net\/cameroun\/toutes-les-actualites\/un-mort-dans-une-explosion-a-la-place-des-fetes-de-nkambe#primaryimage","url":"https:\/\/static.africa-press.net\/cameroun\/sites\/57\/2024\/02\/sm_1707730276.06279.jpg","contentUrl":"https:\/\/static.africa-press.net\/cameroun\/sites\/57\/2024\/02\/sm_1707730276.06279.jpg","width":780,"height":440,"caption":"Un Mort dans une Explosion \u00e0 la Place des F\u00eates de Nkambe"},{"@type":"BreadcrumbList","@id":"https:\/\/www.africa-press.net\/cameroun\/toutes-les-actualites\/un-mort-dans-une-explosion-a-la-place-des-fetes-de-nkambe#breadcrumb","itemListElement":[{"@type":"ListItem","position":1,"name":"Accueil","item":"https:\/\/www.africa-press.net\/cameroun\/"},{"@type":"ListItem","position":2,"name":"Un Mort dans une Explosion \u00e0 la Place des F\u00eates de Nkambe"}]},{"@type":"WebSite","@id":"https:\/\/www.africa-press.net\/cameroun\/#website","url":"https:\/\/www.africa-press.net\/cameroun\/","name":"Cameroun","description":"Just another Africa News Agency Sites site","potentialAction":[{"@type":"SearchAction","target":{"@type":"EntryPoint","urlTemplate":"https:\/\/www.africa-press.net\/cameroun\/?s={search_term_string}"},"query-input":{"@type":"PropertyValueSpecification","valueRequired":true,"valueName":"search_term_string"}}],"inLanguage":"fr-FR"},{"@type":"Person","@id":"https:\/\/www.africa-press.net\/cameroun\/#\/schema\/person\/2b1cf3cd81a31e3cd26889ca66d677f1","name":"cfeditorfr"}]}},"_links":{"self":[{"href":"https:\/\/www.africa-press.net\/cameroun\/wp-json\/wp\/v2\/posts\/61300","targetHints":{"allow":["GET"]}}],"collection":[{"href":"https:\/\/www.africa-press.net\/cameroun\/wp-json\/wp\/v2\/posts"}],"about":[{"href":"https:\/\/www.africa-press.net\/cameroun\/wp-json\/wp\/v2\/types\/post"}],"author":[{"embeddable":true,"href":"https:\/\/www.africa-press.net\/cameroun\/wp-json\/wp\/v2\/users\/82"}],"replies":[{"embeddable":true,"href":"https:\/\/www.africa-press.net\/cameroun\/wp-json\/wp\/v2\/comments?post=61300"}],"version-history":[{"count":0,"href":"https:\/\/www.africa-press.net\/cameroun\/wp-json\/wp\/v2\/posts\/61300\/revisions"}],"wp:featuredmedia":[{"embeddable":true,"href":"https:\/\/www.africa-press.net\/cameroun\/wp-json\/wp\/v2\/media\/61299"}],"wp:attachment":[{"href":"https:\/\/www.africa-press.net\/cameroun\/wp-json\/wp\/v2\/media?parent=61300"}],"wp:term":[{"taxonomy":"category","embeddable":true,"href":"https:\/\/www.africa-press.net\/cameroun\/wp-json\/wp\/v2\/categories?post=61300"},{"taxonomy":"post_tag","embeddable":true,"href":"https:\/\/www.africa-press.net\/cameroun\/wp-json\/wp\/v2\/tags?post=61300"}],"curies":[{"name":"wp","href":"https:\/\/api.w.org\/{rel}","templated":true}]}}