{"id":61306,"date":"2024-02-11T12:45:54","date_gmt":"2024-02-11T12:45:54","guid":{"rendered":"https:\/\/www.africa-press.net\/cameroun\/politique\/paul-biya-presente-les-actions-entreprises-pour-linsertion-sociale-des-jeunes-camerounais"},"modified":"2024-02-12T13:03:40","modified_gmt":"2024-02-12T13:03:40","slug":"paul-biya-presente-les-actions-entreprises-pour-linsertion-sociale-des-jeunes-camerounais","status":"publish","type":"post","link":"https:\/\/www.africa-press.net\/cameroun\/politique\/paul-biya-presente-les-actions-entreprises-pour-linsertion-sociale-des-jeunes-camerounais","title":{"rendered":"Paul Biya pr\u00e9sente les actions entreprises pour l\u2019insertion sociale des jeunes camerounais"},"content":{"rendered":"<p><span style=\"color: #ff6600\"><strong>Africa-Press &#8211; Cameroun. <\/strong><\/span><b>Le chef de l\u2019Etat dans son message a\u0300 la jeunesse du 10 fe\u0301vrier 2024 aborde la performance des Lions a\u0300 la Can, les strate\u0301gies de l\u2019Etat en faveur de l\u2019insertion sociale des jeunes, l\u2019e\u0301ducation, l\u2019e\u0301migration.<\/b><\/p>\n<p>Voici l\u2019inte\u0301gralite\u0301 du message du pre\u0301sident Paul Biya a\u0300 l\u2019occasion de la 58e\u0300 fe\u0302te de la jeunesse du 11 fe\u0301vrier 2024.<\/p>\n<p>\u00ab Mes chers jeunes compatriotes, j\u2019e\u0301prouve toujours le me\u0302me plaisir, la me\u0302me e\u0301motion, en m\u2019adressant a\u0300 vous, comme il est de tradition, en cette veille de ce\u0301le\u0301bration de la fe\u0302te de la jeunesse.<\/p>\n<p>Cette occasion a toujours e\u0301te\u0301 pour moi, un moment important. Un moment privile\u0301gie\u0301. L\u2019occasion ide\u0301ale pour re\u0301fle\u0301chir avec vous, sur des questions qui sont au c\u0153ur de vos pre\u0301occupations et de vos aspirations. Elles ont trait, comme chez tous les autres jeunes du monde, a\u0300 votre e\u0301ducation, a\u0300 votre insertion sur le marche\u0301 de l\u2019emploi, a\u0300 votre participation a\u0300 la construction de notre pays, ou tout simplement a\u0300 votre avenir. Ces questions, je puis vous l\u2019assurer, ont toujours e\u0301te\u0301 et continueront d\u2019e\u0302tre au centre de mes priorite\u0301s et, partant, de l\u2019action gouvernementale.<\/p>\n<p>Mes chers jeunes compatriotes, avant d\u2019aborder ces questions structurelles, je voudrais e\u0301voquer deux sujets relatifs a\u0300 l\u2019actualite\u0301 re\u0301cente et qui je le sais, vous tiennent particulie\u0300rement a\u0300 c\u0153ur.<\/p>\n<p>Comme moi, vous avez e\u0301te\u0301 certainement de\u0301c\u0327us par l\u2019e\u0301limination pre\u0301coce de nos Lions Indomptables lors de la Coupe d\u2019Afrique des Nations, qui se de\u0301roule actuellement en Co\u0302te d\u2019Ivoire. Je vous fe\u0301licite d\u2019e\u0302tre reste\u0301s dignes dans la de\u0301faite, comme vous l\u2019avez e\u0301te\u0301 tant de fois par le passe\u0301, dans la victoire.<\/p>\n<p>Je puis vous assurer que nous reprendrons le combat et que nous vaincrons encore. Apre\u0300s tout, comme vous le dites si bien, dans une formule dont vous seuls avez le secret, nous sommes Le Continent.<\/p>\n<p>La victoire n\u2019est toutefois pas le fait du hasard. Elle exige certes du talent, mais aussi du courage, de la discipline, de l\u2019organisation et un travail acharne\u0301. Voila\u0300 certainement le secret de notre compatriote Francis Ngannou, qui a e\u0301merveille\u0301 le monde entier lors de son premier combat de boxe anglaise. Je sais l\u2019importance que vous accordez au football. L\u2019Etat, dans le contexte difficile qui est le no\u0302tre, consent de lourds sacrifices financiers a\u0300 cet e\u0301gard. Il est donc en droit d\u2019exiger une meilleure organisation et de meilleurs re\u0301sultats. Nous allons y veiller. Le Gouvernement et tout particulie\u0300rement le Ministe\u0300re en charge des sports ont rec\u0327u des instructions claires sur le sujet.<\/p>\n<p>Mes chers jeunes compatriotes,<\/p>\n<p>Je sais que, comme vos parents, vous e\u0302tes pre\u0301occupe\u0301s par la re\u0301cente augmentation des prix des carburants a\u0300 la pompe. Vous e\u0302tes e\u0301galement, sans doute inquiets, des re\u0301percussions qu\u2019elle pourrait avoir sur vos conditions de vie. Je tiens a\u0300 vous assurer que les efforts ne\u0301cessaires ont e\u0301te\u0301 faits, pour maintenir dans des proportions raisonnables ce re\u0301ajustement. Afin de pre\u0301server le pouvoir d\u2019achat des me\u0301nages, j\u2019ai e\u0301galement donne\u0301 des instructions pour geler les prix du gaz domestique et du pe\u0301trole lampant.<\/p>\n<p>Vous devez savoir que cette ope\u0301ration s\u2019est ave\u0301re\u0301e ine\u0301vitable, en raison des contraintes budge\u0301taires actuelles et de notre souci d\u2019e\u0301viter les pe\u0301nuries. En dehors des diffe\u0301rentes mesures d\u2019accompagnement que j\u2019ai de\u0301cide\u0301es, des discussions constructives se poursuivent entre le Gouvernement et ses partenaires sociaux. Elles visent a\u0300 pre\u0301server la viabilite\u0301 des activite\u0301s des secteurs concerne\u0301s et les inte\u0301re\u0302ts des usagers et des consommateurs.<\/p>\n<p>Mes chers jeunes compatriotes,<\/p>\n<p>Le secteur de l\u2019e\u0301ducation repre\u0301sente, depuis des anne\u0301es, la plus grande part du budget de l\u2019Etat. C\u2019est dire l\u2019importance que les pouvoirs publics attachent a\u0300 votre e\u0301ducation. Au fil des anne\u0301es, et a\u0300 tous les niveaux de notre syste\u0300me e\u0301ducatif, de nouvelles infrastructures sont construites, de nouveaux enseignants forme\u0301s et de\u0301ploye\u0301s.<\/p>\n<p>Les programmes sont re\u0301gulie\u0300rement re\u0301vise\u0301s, afin d\u2019aller toujours plus loin dans la professionnalisation des enseignements. Notre objectif e\u0301tant en effet, de parvenir a\u0300 une meilleure ade\u0301quation formation-emploi. J\u2019ai instruit le Gouvernement a\u0300 cet e\u0301gard, de mettre en place un me\u0301canisme compe\u0301titif de de\u0301veloppement des compe\u0301tences.<\/p>\n<p>C\u2019est le sens du Projet d\u2019Appui au De\u0301veloppement des Enseignements Secondaires et des Compe\u0301tences pour la Croissance et l\u2019Emploi. Il permet de financer la formation initiale et continue des travailleurs. Il vise e\u0301galement a\u0300 renforcer les capacite\u0301s des acteurs de l\u2019e\u0301conomie sociale et du secteur informel ou\u0300 se concentrent de nombreux jeunes.<\/p>\n<p>J\u2019ai e\u0301galement prescrit la re\u0301duction des frais de scolarite\u0301 dans les Centres de Formation Professionnelle d\u2019Excellence. Ces frais sont passe\u0301s de 500 mille FCFA a\u0300 50 mille FCFA, dans l\u2019optique de permettre au plus grand nombre de jeunes d\u2019acce\u0301der a\u0300 une formation de qualite\u0301. Outre l\u2019entre\u0301e en service du tout nouveau Centre National de Formation des Formateurs et de De\u0301veloppement des Programmes, il me plai\u0302t de noter celle des Centres d\u2019Information et d\u2019Orientation Professionnelles a\u0300 Maroua, Ngaounde\u0301re\u0301, Yaounde\u0301, Douala, Bamenda et Bafoussam. De\u0301sormais, les jeunes en que\u0302te d\u2019emploi pourront y e\u0302tre e\u0301difie\u0301s sur les opportunite\u0301s diverses qu\u2019offre le marche\u0301 du travail.<\/p>\n<p>Mes chers jeunes compatriotes,<\/p>\n<p>En plus du recrutement chaque anne\u0301e d\u2019un nombre significatif de jeunes dans la Fonction publique, l\u2019Etat multiplie les initiatives visant a\u0300 stimuler la cre\u0301ation d\u2019emplois dans le secteur prive\u0301 et a\u0300 encourager l\u2019auto-emploi.<\/p>\n<p>Je ne le dirai jamais assez. L\u2019auto-emploi constitue l\u2019une des meilleures voies d\u2019insertion socioprofessionnelle, face a\u0300 l\u2019impossibilite\u0301 pour l\u2019Etat et le secteur prive\u0301, d\u2019absorber le volume, sans cesse croissant, de jeunes qui arrivent chaque anne\u0301e sur le marche\u0301 de l\u2019emploi.<\/p>\n<p>Le Plan Triennal Spe\u0301cial Jeunes, lance\u0301 en 2016, s\u2019inscrit dans cette logique. Il a de\u0301ja\u0300 permis de financer des milliers de projets en faveur des jeunes. Dans la me\u0302me lance\u0301e, le Programme de Promotion de l\u2019Entreprenariat a contribue\u0301 a\u0300 la cre\u0301ation de plus de 12 mille nouvelles entreprises en 2023. Celles-ci ont ge\u0301ne\u0301re\u0301 pre\u0300s de 22 mille emplois directs. Ces progre\u0300s sont certes encourageants. Mais, j\u2019en suis bien conscient, ils demeurent insuffisants par rapport au nombre de jeunes qui sont en que\u0302te d\u2019emploi.<\/p>\n<p>C\u2019est pourquoi je vous invite a\u0300 saisir les opportunite\u0301s qu\u2019offre la mise en \u0153uvre du Plan Triennal Inte\u0301gre\u0301 d\u2019Import-Substitution 2024-2026, pour vous engager dans des activite\u0301s de production. Elles vous permettront, non seulement de vous rendre utiles a\u0300 votre pays, mais aussi de trouver les moyens de subvenir a\u0300 vos besoins.<\/p>\n<p>Mes chers jeunes compatriotes,<\/p>\n<p>Je voudrais saisir la pre\u0301sente occasion pour saluer l\u2019action des diffe\u0301rents organes mis en place pour faciliter l\u2019insertion sociale des jeunes. Tel est le cas du Conseil National de la Jeunesse, qui compte a\u0300 ce jour 14 mille organisations de jeunes et structures de\u0301concentre\u0301es. Tel est e\u0301galement le cas des Conseils Municipaux et des Conseils Re\u0301gionaux des jeunes. Ils ont permis d\u2019engager volontairement pre\u0300s de huit mille jeunes dans l\u2019apprentissage de la gestion des affaires publiques et des chantiers de de\u0301veloppement de leurs communaute\u0301s de base.<\/p>\n<p>Mes chers jeunes compatriotes,<\/p>\n<p>Re\u0301pondre aux pre\u0301occupations de la jeunesse a toujours e\u0301te\u0301 au c\u0153ur de mon engagement politique. Sous ma direction, le Gouvernement s\u2019y emploie avec constance et de\u0301termination. Je tiens toutefois a\u0300 dire, que notre jeunesse ne saurait tirer pleinement avantage des opportunite\u0301s qui lui sont offertes, si elle ne s\u2019approprie pas pleinement les valeurs civiques et morales qui sont le socle de la vie en socie\u0301te\u0301. Le gou\u0302t de l\u2019effort, l\u2019inte\u0301grite\u0301, le patriotisme, la tole\u0301rance, le civisme, le respect des lois et du bien public en font partie.<\/p>\n<p>Nous sommes tous aujourd\u2019hui te\u0301moins de la de\u0301te\u0301rioration progressive de ces valeurs dans notre socie\u0301te\u0301 et, malheureusement, aussi parmi les jeunes. La de\u0301pravation des m\u0153urs, les comportements inciviques et de\u0301viants, la violence, l\u2019indiscipline, la consommation de l\u2019alcool et des stupe\u0301fiants, l\u2019intole\u0301rance, progressent dans notre socie\u0301te\u0301. Le milieu scolaire n\u2019y e\u0301chappe pas. Les re\u0301seaux sociaux, qui sont de\u0301sormais le terrain d\u2019expression favori des jeunes, sont de\u0301voye\u0301s et deviennent le the\u0301a\u0302tre de toutes sortes d\u2019extre\u0301mismes.<\/p>\n<p>Je vous exhorte une fois de plus a\u0300 une ve\u0301ritable prise de conscience en la matie\u0300re. J\u2019en appelle e\u0301galement aux parents et plus ge\u0301ne\u0301ralement a\u0300 tous les e\u0301ducateurs, pour qu\u2019ils assument pleinement leurs responsabilite\u0301s. Malgre\u0301 l\u2019e\u0301volution inexorable des mentalite\u0301s et des comportements, ils ne doivent pas baisser les bras et doivent continuer a\u0300 e\u0301duquer et a\u0300 encadrer notre jeunesse. Ils doivent continuer a\u0300 inculquer a\u0300 nos jeunes les valeurs ne\u0301cessaires a\u0300 un cheminement fructueux a\u0300 travers les e\u0301preuves de la vie.<\/p>\n<p>Mes chers jeunes compatriotes,<\/p>\n<p>La volonte\u0301 croissante d\u2019une frange de notre jeunesse, d\u2019e\u0301migrer vers d\u2019autres cieux, est de plus en plus pre\u0301occupante. Surtout lorsqu\u2019elle tourne a\u0300 l\u2019obsession et concerne me\u0302me des personnes qui ont re\u0301ussi localement leur insertion sociale. Certes, notre pays, comme bien d\u2019autres dans le monde, connai\u0302t une conjoncture difficile. Cependant, la solution n\u2019est pas toujours de s\u2019en aller. Partir, oui, mais pas a\u0300 n\u2019importe quel prix. De plus, sachez que pendant que vous aspirez a\u0300 partir, de nombreux e\u0301trangers essaient de s\u2019installer au Cameroun, confirmant en cela qu\u2019il s\u2019agit d\u2019une terre accueillante et d\u2019un pays d\u2019opportunite\u0301s. En le disant, je ne perds pas de vue les aspirations le\u0301gitimes qui sont les vo\u0302tres. Ni les inquie\u0301tudes qui sont celles de tous les jeunes de votre ge\u0301ne\u0301ration, ou\u0300 qu\u2019ils soient.<\/p>\n<p>Il est toutefois de mon devoir de vous rappeler, anne\u0301e apre\u0300s anne\u0301e, de faire attention aux mirages et aux dangers de l\u2019e\u0301migration a\u0300 tout prix. Ne perdez surtout pas de vue, mes chers jeunes compatriotes, que vous e\u0302tes le pre\u0301sent et l\u2019avenir du Cameroun.<\/p>\n<p>Vous avez la noble responsabilite\u0301 de poursuivre, avec foi et de\u0301termination, l\u2019\u0153uvre exaltante de construction de cette nation forte et prospe\u0300re. Vous savez que vous pouvez compter sur moi. En tout temps. Je sais aussi pouvoir compter sur vous. Vous l\u2019avez prouve\u0301 par le passe\u0301. Vous le prouvez dans le pre\u0301sent. Et je sais que vous le prouverez dans le futur. Gra\u0302ce a\u0300 votre vitalite\u0301, votre inge\u0301niosite\u0301 et votre maturite\u0301, vous pouvez contribuer efficacement a\u0300 la construction de cet avenir radieux auquel aspire notre pays.<\/p>\n<p>Bonne Fe\u0302te de la Jeunesse a\u0300 toutes et a\u0300 tous.<\/p>\n<p>Je vous remercie \u00bb.<\/p>\n<p><strong>Pour plus d&rsquo;informations et d&rsquo;analyses sur la <a href=\"https:\/\/www.africa-press.net\/cameroun\">Cameroun<\/a>, suivez <a href=\"https:\/\/www.africa-press.net\/\">Africa-Press<\/a><\/strong><\/p>\n","protected":false},"excerpt":{"rendered":"<p>Africa-Press &#8211; Cameroun. Le chef de l\u2019Etat dans son message a\u0300 la jeunesse du 10 fe\u0301vrier 2024 aborde la performance des Lions a\u0300 la Can, les strate\u0301gies de l\u2019Etat en faveur de l\u2019insertion sociale des jeunes, l\u2019e\u0301ducation, l\u2019e\u0301migration. Voici l\u2019inte\u0301gralite\u0301 du message du pre\u0301sident Paul Biya a\u0300 l\u2019occasion de la 58e\u0300 fe\u0302te de la jeunesse [&hellip;]<\/p>\n","protected":false},"author":82,"featured_media":61305,"comment_status":"open","ping_status":"closed","sticky":false,"template":"","format":"standard","meta":{"footnotes":""},"categories":[2,20,10],"tags":[36,50,49],"class_list":["post-61306","post","type-post","status-publish","format-standard","has-post-thumbnail","hentry","category-politique","category-top-nouvelles","category-toutes-les-actualites","tag-africa-press","tag-africa-press-cameroun","tag-cameroun"],"yoast_head":"<!-- This site is optimized with the Yoast SEO Premium plugin v26.1 (Yoast SEO v27.0) - https:\/\/yoast.com\/product\/yoast-seo-premium-wordpress\/ -->\n<title>Paul Biya pr\u00e9sente les actions entreprises pour l\u2019insertion sociale des jeunes camerounais - Cameroun<\/title>\n<meta name=\"description\" content=\"Le chef de l\u2019Etat dans son message a\u0300 la jeunesse du 10 fe\u0301vrier 2024 aborde la performance des Lions a\u0300 la Can, les ...\" \/>\n<meta name=\"robots\" content=\"index, follow, max-snippet:-1, max-image-preview:large, max-video-preview:-1\" \/>\n<link rel=\"canonical\" href=\"https:\/\/www.africa-press.net\/cameroun\/politique\/paul-biya-presente-les-actions-entreprises-pour-linsertion-sociale-des-jeunes-camerounais\" \/>\n<meta property=\"og:locale\" content=\"fr_FR\" \/>\n<meta property=\"og:type\" content=\"article\" \/>\n<meta property=\"og:title\" content=\"Paul Biya pr\u00e9sente les actions entreprises pour l\u2019insertion sociale des jeunes camerounais\" \/>\n<meta property=\"og:description\" content=\"Le chef de l\u2019Etat dans son message a\u0300 la jeunesse du 10 fe\u0301vrier 2024 aborde la performance des Lions a\u0300 la Can, les ...\" \/>\n<meta property=\"og:url\" content=\"https:\/\/www.africa-press.net\/cameroun\/politique\/paul-biya-presente-les-actions-entreprises-pour-linsertion-sociale-des-jeunes-camerounais\" \/>\n<meta property=\"og:site_name\" content=\"Cameroun\" \/>\n<meta property=\"article:published_time\" content=\"2024-02-11T12:45:54+00:00\" \/>\n<meta property=\"article:modified_time\" content=\"2024-02-12T13:03:40+00:00\" \/>\n<meta property=\"og:image\" content=\"https:\/\/static.africa-press.net\/cameroun\/sites\/57\/2024\/02\/sm_1707730333.472967.jpg\" \/>\n\t<meta property=\"og:image:width\" content=\"780\" \/>\n\t<meta property=\"og:image:height\" content=\"440\" \/>\n\t<meta property=\"og:image:type\" content=\"image\/jpeg\" \/>\n<meta name=\"author\" content=\"cfeditorfr\" \/>\n<meta name=\"twitter:card\" content=\"summary_large_image\" \/>\n<meta name=\"twitter:label1\" content=\"\u00c9crit par\" \/>\n\t<meta name=\"twitter:data1\" content=\"cfeditorfr\" \/>\n\t<meta name=\"twitter:label2\" content=\"Dur\u00e9e de lecture estim\u00e9e\" \/>\n\t<meta name=\"twitter:data2\" content=\"9 minutes\" \/>\n<script type=\"application\/ld+json\" class=\"yoast-schema-graph\">{\"@context\":\"https:\/\/schema.org\",\"@graph\":[{\"@type\":\"Article\",\"@id\":\"https:\/\/www.africa-press.net\/cameroun\/politique\/paul-biya-presente-les-actions-entreprises-pour-linsertion-sociale-des-jeunes-camerounais#article\",\"isPartOf\":{\"@id\":\"https:\/\/www.africa-press.net\/cameroun\/politique\/paul-biya-presente-les-actions-entreprises-pour-linsertion-sociale-des-jeunes-camerounais\"},\"author\":{\"name\":\"cfeditorfr\",\"@id\":\"https:\/\/www.africa-press.net\/cameroun\/#\/schema\/person\/2b1cf3cd81a31e3cd26889ca66d677f1\"},\"headline\":\"Paul Biya pr\u00e9sente les actions entreprises pour l\u2019insertion sociale des jeunes camerounais\",\"datePublished\":\"2024-02-11T12:45:54+00:00\",\"dateModified\":\"2024-02-12T13:03:40+00:00\",\"mainEntityOfPage\":{\"@id\":\"https:\/\/www.africa-press.net\/cameroun\/politique\/paul-biya-presente-les-actions-entreprises-pour-linsertion-sociale-des-jeunes-camerounais\"},\"wordCount\":1956,\"commentCount\":0,\"image\":{\"@id\":\"https:\/\/www.africa-press.net\/cameroun\/politique\/paul-biya-presente-les-actions-entreprises-pour-linsertion-sociale-des-jeunes-camerounais#primaryimage\"},\"thumbnailUrl\":\"https:\/\/static.africa-press.net\/cameroun\/sites\/57\/2024\/02\/sm_1707730333.472967.jpg\",\"keywords\":[\"Africa Press\",\"Africa Press-Cameroun\",\"Cameroun\"],\"articleSection\":[\"Politique\",\"Top Nouvelles\",\"Toutes les actualit\u00e9s\"],\"inLanguage\":\"fr-FR\",\"potentialAction\":[{\"@type\":\"CommentAction\",\"name\":\"Comment\",\"target\":[\"https:\/\/www.africa-press.net\/cameroun\/politique\/paul-biya-presente-les-actions-entreprises-pour-linsertion-sociale-des-jeunes-camerounais#respond\"]}]},{\"@type\":\"WebPage\",\"@id\":\"https:\/\/www.africa-press.net\/cameroun\/politique\/paul-biya-presente-les-actions-entreprises-pour-linsertion-sociale-des-jeunes-camerounais\",\"url\":\"https:\/\/www.africa-press.net\/cameroun\/politique\/paul-biya-presente-les-actions-entreprises-pour-linsertion-sociale-des-jeunes-camerounais\",\"name\":\"Paul Biya pr\u00e9sente les actions entreprises pour l\u2019insertion sociale des jeunes camerounais - Cameroun\",\"isPartOf\":{\"@id\":\"https:\/\/www.africa-press.net\/cameroun\/#website\"},\"primaryImageOfPage\":{\"@id\":\"https:\/\/www.africa-press.net\/cameroun\/politique\/paul-biya-presente-les-actions-entreprises-pour-linsertion-sociale-des-jeunes-camerounais#primaryimage\"},\"image\":{\"@id\":\"https:\/\/www.africa-press.net\/cameroun\/politique\/paul-biya-presente-les-actions-entreprises-pour-linsertion-sociale-des-jeunes-camerounais#primaryimage\"},\"thumbnailUrl\":\"https:\/\/static.africa-press.net\/cameroun\/sites\/57\/2024\/02\/sm_1707730333.472967.jpg\",\"datePublished\":\"2024-02-11T12:45:54+00:00\",\"dateModified\":\"2024-02-12T13:03:40+00:00\",\"author\":{\"@id\":\"https:\/\/www.africa-press.net\/cameroun\/#\/schema\/person\/2b1cf3cd81a31e3cd26889ca66d677f1\"},\"description\":\"Le chef de l\u2019Etat dans son message a\u0300 la jeunesse du 10 fe\u0301vrier 2024 aborde la performance des Lions a\u0300 la Can, les ...\",\"breadcrumb\":{\"@id\":\"https:\/\/www.africa-press.net\/cameroun\/politique\/paul-biya-presente-les-actions-entreprises-pour-linsertion-sociale-des-jeunes-camerounais#breadcrumb\"},\"inLanguage\":\"fr-FR\",\"potentialAction\":[{\"@type\":\"ReadAction\",\"target\":[\"https:\/\/www.africa-press.net\/cameroun\/politique\/paul-biya-presente-les-actions-entreprises-pour-linsertion-sociale-des-jeunes-camerounais\"]}]},{\"@type\":\"ImageObject\",\"inLanguage\":\"fr-FR\",\"@id\":\"https:\/\/www.africa-press.net\/cameroun\/politique\/paul-biya-presente-les-actions-entreprises-pour-linsertion-sociale-des-jeunes-camerounais#primaryimage\",\"url\":\"https:\/\/static.africa-press.net\/cameroun\/sites\/57\/2024\/02\/sm_1707730333.472967.jpg\",\"contentUrl\":\"https:\/\/static.africa-press.net\/cameroun\/sites\/57\/2024\/02\/sm_1707730333.472967.jpg\",\"width\":780,\"height\":440,\"caption\":\"Paul Biya pr\u00e9sente les actions entreprises pour l\u2019insertion sociale des jeunes camerounais\"},{\"@type\":\"BreadcrumbList\",\"@id\":\"https:\/\/www.africa-press.net\/cameroun\/politique\/paul-biya-presente-les-actions-entreprises-pour-linsertion-sociale-des-jeunes-camerounais#breadcrumb\",\"itemListElement\":[{\"@type\":\"ListItem\",\"position\":1,\"name\":\"Accueil\",\"item\":\"https:\/\/www.africa-press.net\/cameroun\/\"},{\"@type\":\"ListItem\",\"position\":2,\"name\":\"Paul Biya pr\u00e9sente les actions entreprises pour l\u2019insertion sociale des jeunes camerounais\"}]},{\"@type\":\"WebSite\",\"@id\":\"https:\/\/www.africa-press.net\/cameroun\/#website\",\"url\":\"https:\/\/www.africa-press.net\/cameroun\/\",\"name\":\"Cameroun\",\"description\":\"Just another Africa News Agency Sites site\",\"potentialAction\":[{\"@type\":\"SearchAction\",\"target\":{\"@type\":\"EntryPoint\",\"urlTemplate\":\"https:\/\/www.africa-press.net\/cameroun\/?s={search_term_string}\"},\"query-input\":{\"@type\":\"PropertyValueSpecification\",\"valueRequired\":true,\"valueName\":\"search_term_string\"}}],\"inLanguage\":\"fr-FR\"},{\"@type\":\"Person\",\"@id\":\"https:\/\/www.africa-press.net\/cameroun\/#\/schema\/person\/2b1cf3cd81a31e3cd26889ca66d677f1\",\"name\":\"cfeditorfr\"}]}<\/script>\n<!-- \/ Yoast SEO Premium plugin. -->","yoast_head_json":{"title":"Paul Biya pr\u00e9sente les actions entreprises pour l\u2019insertion sociale des jeunes camerounais - Cameroun","description":"Le chef de l\u2019Etat dans son message a\u0300 la jeunesse du 10 fe\u0301vrier 2024 aborde la performance des Lions a\u0300 la Can, les ...","robots":{"index":"index","follow":"follow","max-snippet":"max-snippet:-1","max-image-preview":"max-image-preview:large","max-video-preview":"max-video-preview:-1"},"canonical":"https:\/\/www.africa-press.net\/cameroun\/politique\/paul-biya-presente-les-actions-entreprises-pour-linsertion-sociale-des-jeunes-camerounais","og_locale":"fr_FR","og_type":"article","og_title":"Paul Biya pr\u00e9sente les actions entreprises pour l\u2019insertion sociale des jeunes camerounais","og_description":"Le chef de l\u2019Etat dans son message a\u0300 la jeunesse du 10 fe\u0301vrier 2024 aborde la performance des Lions a\u0300 la Can, les ...","og_url":"https:\/\/www.africa-press.net\/cameroun\/politique\/paul-biya-presente-les-actions-entreprises-pour-linsertion-sociale-des-jeunes-camerounais","og_site_name":"Cameroun","article_published_time":"2024-02-11T12:45:54+00:00","article_modified_time":"2024-02-12T13:03:40+00:00","og_image":[{"width":780,"height":440,"url":"https:\/\/static.africa-press.net\/cameroun\/sites\/57\/2024\/02\/sm_1707730333.472967.jpg","type":"image\/jpeg"}],"author":"cfeditorfr","twitter_card":"summary_large_image","twitter_misc":{"\u00c9crit par":"cfeditorfr","Dur\u00e9e de lecture estim\u00e9e":"9 minutes"},"schema":{"@context":"https:\/\/schema.org","@graph":[{"@type":"Article","@id":"https:\/\/www.africa-press.net\/cameroun\/politique\/paul-biya-presente-les-actions-entreprises-pour-linsertion-sociale-des-jeunes-camerounais#article","isPartOf":{"@id":"https:\/\/www.africa-press.net\/cameroun\/politique\/paul-biya-presente-les-actions-entreprises-pour-linsertion-sociale-des-jeunes-camerounais"},"author":{"name":"cfeditorfr","@id":"https:\/\/www.africa-press.net\/cameroun\/#\/schema\/person\/2b1cf3cd81a31e3cd26889ca66d677f1"},"headline":"Paul Biya pr\u00e9sente les actions entreprises pour l\u2019insertion sociale des jeunes camerounais","datePublished":"2024-02-11T12:45:54+00:00","dateModified":"2024-02-12T13:03:40+00:00","mainEntityOfPage":{"@id":"https:\/\/www.africa-press.net\/cameroun\/politique\/paul-biya-presente-les-actions-entreprises-pour-linsertion-sociale-des-jeunes-camerounais"},"wordCount":1956,"commentCount":0,"image":{"@id":"https:\/\/www.africa-press.net\/cameroun\/politique\/paul-biya-presente-les-actions-entreprises-pour-linsertion-sociale-des-jeunes-camerounais#primaryimage"},"thumbnailUrl":"https:\/\/static.africa-press.net\/cameroun\/sites\/57\/2024\/02\/sm_1707730333.472967.jpg","keywords":["Africa Press","Africa Press-Cameroun","Cameroun"],"articleSection":["Politique","Top Nouvelles","Toutes les actualit\u00e9s"],"inLanguage":"fr-FR","potentialAction":[{"@type":"CommentAction","name":"Comment","target":["https:\/\/www.africa-press.net\/cameroun\/politique\/paul-biya-presente-les-actions-entreprises-pour-linsertion-sociale-des-jeunes-camerounais#respond"]}]},{"@type":"WebPage","@id":"https:\/\/www.africa-press.net\/cameroun\/politique\/paul-biya-presente-les-actions-entreprises-pour-linsertion-sociale-des-jeunes-camerounais","url":"https:\/\/www.africa-press.net\/cameroun\/politique\/paul-biya-presente-les-actions-entreprises-pour-linsertion-sociale-des-jeunes-camerounais","name":"Paul Biya pr\u00e9sente les actions entreprises pour l\u2019insertion sociale des jeunes camerounais - Cameroun","isPartOf":{"@id":"https:\/\/www.africa-press.net\/cameroun\/#website"},"primaryImageOfPage":{"@id":"https:\/\/www.africa-press.net\/cameroun\/politique\/paul-biya-presente-les-actions-entreprises-pour-linsertion-sociale-des-jeunes-camerounais#primaryimage"},"image":{"@id":"https:\/\/www.africa-press.net\/cameroun\/politique\/paul-biya-presente-les-actions-entreprises-pour-linsertion-sociale-des-jeunes-camerounais#primaryimage"},"thumbnailUrl":"https:\/\/static.africa-press.net\/cameroun\/sites\/57\/2024\/02\/sm_1707730333.472967.jpg","datePublished":"2024-02-11T12:45:54+00:00","dateModified":"2024-02-12T13:03:40+00:00","author":{"@id":"https:\/\/www.africa-press.net\/cameroun\/#\/schema\/person\/2b1cf3cd81a31e3cd26889ca66d677f1"},"description":"Le chef de l\u2019Etat dans son message a\u0300 la jeunesse du 10 fe\u0301vrier 2024 aborde la performance des Lions a\u0300 la Can, les ...","breadcrumb":{"@id":"https:\/\/www.africa-press.net\/cameroun\/politique\/paul-biya-presente-les-actions-entreprises-pour-linsertion-sociale-des-jeunes-camerounais#breadcrumb"},"inLanguage":"fr-FR","potentialAction":[{"@type":"ReadAction","target":["https:\/\/www.africa-press.net\/cameroun\/politique\/paul-biya-presente-les-actions-entreprises-pour-linsertion-sociale-des-jeunes-camerounais"]}]},{"@type":"ImageObject","inLanguage":"fr-FR","@id":"https:\/\/www.africa-press.net\/cameroun\/politique\/paul-biya-presente-les-actions-entreprises-pour-linsertion-sociale-des-jeunes-camerounais#primaryimage","url":"https:\/\/static.africa-press.net\/cameroun\/sites\/57\/2024\/02\/sm_1707730333.472967.jpg","contentUrl":"https:\/\/static.africa-press.net\/cameroun\/sites\/57\/2024\/02\/sm_1707730333.472967.jpg","width":780,"height":440,"caption":"Paul Biya pr\u00e9sente les actions entreprises pour l\u2019insertion sociale des jeunes camerounais"},{"@type":"BreadcrumbList","@id":"https:\/\/www.africa-press.net\/cameroun\/politique\/paul-biya-presente-les-actions-entreprises-pour-linsertion-sociale-des-jeunes-camerounais#breadcrumb","itemListElement":[{"@type":"ListItem","position":1,"name":"Accueil","item":"https:\/\/www.africa-press.net\/cameroun\/"},{"@type":"ListItem","position":2,"name":"Paul Biya pr\u00e9sente les actions entreprises pour l\u2019insertion sociale des jeunes camerounais"}]},{"@type":"WebSite","@id":"https:\/\/www.africa-press.net\/cameroun\/#website","url":"https:\/\/www.africa-press.net\/cameroun\/","name":"Cameroun","description":"Just another Africa News Agency Sites site","potentialAction":[{"@type":"SearchAction","target":{"@type":"EntryPoint","urlTemplate":"https:\/\/www.africa-press.net\/cameroun\/?s={search_term_string}"},"query-input":{"@type":"PropertyValueSpecification","valueRequired":true,"valueName":"search_term_string"}}],"inLanguage":"fr-FR"},{"@type":"Person","@id":"https:\/\/www.africa-press.net\/cameroun\/#\/schema\/person\/2b1cf3cd81a31e3cd26889ca66d677f1","name":"cfeditorfr"}]}},"_links":{"self":[{"href":"https:\/\/www.africa-press.net\/cameroun\/wp-json\/wp\/v2\/posts\/61306","targetHints":{"allow":["GET"]}}],"collection":[{"href":"https:\/\/www.africa-press.net\/cameroun\/wp-json\/wp\/v2\/posts"}],"about":[{"href":"https:\/\/www.africa-press.net\/cameroun\/wp-json\/wp\/v2\/types\/post"}],"author":[{"embeddable":true,"href":"https:\/\/www.africa-press.net\/cameroun\/wp-json\/wp\/v2\/users\/82"}],"replies":[{"embeddable":true,"href":"https:\/\/www.africa-press.net\/cameroun\/wp-json\/wp\/v2\/comments?post=61306"}],"version-history":[{"count":0,"href":"https:\/\/www.africa-press.net\/cameroun\/wp-json\/wp\/v2\/posts\/61306\/revisions"}],"wp:featuredmedia":[{"embeddable":true,"href":"https:\/\/www.africa-press.net\/cameroun\/wp-json\/wp\/v2\/media\/61305"}],"wp:attachment":[{"href":"https:\/\/www.africa-press.net\/cameroun\/wp-json\/wp\/v2\/media?parent=61306"}],"wp:term":[{"taxonomy":"category","embeddable":true,"href":"https:\/\/www.africa-press.net\/cameroun\/wp-json\/wp\/v2\/categories?post=61306"},{"taxonomy":"post_tag","embeddable":true,"href":"https:\/\/www.africa-press.net\/cameroun\/wp-json\/wp\/v2\/tags?post=61306"}],"curies":[{"name":"wp","href":"https:\/\/api.w.org\/{rel}","templated":true}]}}